{"id":1604,"date":"2009-12-29T20:20:27","date_gmt":"2009-12-29T19:20:27","guid":{"rendered":"https:\/\/bruxelles-pantheres.be\/?p=1604"},"modified":"2013-11-30T20:23:35","modified_gmt":"2013-11-30T19:23:35","slug":"compte-rendu-de-lentrevue-a-lambassade-degypte","status":"publish","type":"post","link":"https:\/\/bruxelles-pantheres.be\/?p=1604","title":{"rendered":"Compte-rendu de l\u2019entrevue \u00e0 l\u2019ambassade d\u2019Egypte"},"content":{"rendered":"<div class=\"entry-content\">\n<div><a href=\"http:\/\/www.egalite.be\/wp-content\/uploads\/2009\/12\/Hosni_Mubarak_facing_the_Tunisia_domino_effect1.png\"><img decoding=\"async\" class=\"size-medium wp-image-890 alignleft\" title=\"Hosni_Mubarak_facing_the_Tunisia_domino_effect1\" alt=\"\" src=\"http:\/\/www.egalite.be\/wp-content\/uploads\/2009\/12\/Hosni_Mubarak_facing_the_Tunisia_domino_effect1-300x211.png\" width=\"300\" height=\"211\" \/><\/a><\/div>\n<p>Mardi 29 d\u00e9cembre, \u00e0 13h30, une d\u00e9l\u00e9gation d\u2019une vingtaine de personnes, dirig\u00e9e par Nordine Sa\u00efdi, s\u2019est rendue \u00e0 l\u2019ambassade d\u2019Egypte \u00e0 Bruxelles.<\/p>\n<p>Apr\u00e8s une courte discussion, l\u2019ambassadeur a autoris\u00e9 la d\u00e9l\u00e9gation \u00e0 entrer dans les b\u00e2timents. Deux personnes, Nordine Sa\u00efdi et Luk Vervaet, ont pu s\u2019entretenir avec l\u2019ambassadeur, son conseiller en mati\u00e8re politique ainsi que le premier secr\u00e9taire. Voici le r\u00e9cit de cette entrevue.<!--more--><\/p>\n<p>Nordine Sa\u00efdi : \u00abPour commencer, nous avons signal\u00e9 que nous n\u2019avons aucun doute sur la solidarit\u00e9 que porte le peuple \u00e9gyptien au peuple palestinien. Nous avons fait part de notre indignation face au mur allant jusqu\u2019\u00e0 20 \u00e0 30 m\u00e8tres sous terre, tout au long de la fronti\u00e8re \u00e9gyptienne avec Gaza. Nous avons expliqu\u00e9 que nous ne comprenons pas le refus des autorit\u00e9s \u00e9gyptiennes de laisser passer le convoi \u00abViva Palestina\u00bb, ainsi que les d\u00e9l\u00e9gations internationales de marcheurs bloqu\u00e9s au Caire.<\/p>\n<p>L\u2019ambassadeur a tenu \u00e0 nous dire que, ce n\u2019est pas uniquement le peuple \u00e9gyptien qui est solidaire du peuple palestinien, mais que le gouvernement \u00e9gyptien est lui-m\u00eame solidaire et que les milliers d\u2019Egyptiens qui ont perdu la vie dans les cinq guerres en sont la preuve.<br \/>\nIl nous rappelle que le peuple palestinien est le plus proche, que ce soit au niveau g\u00e9ographique, de la langue ou de la religion.<br \/>\nIl nous a aussi dit que l\u2019Egypte est le pays arabe le plus courageux sur cette question !<\/p>\n<p>L\u2019ambassadeur nous met en garde sur le fait que c\u2019est Isra\u00ebl qui est responsable, selon le Droit international, des territoires occup\u00e9s. Selon lui, Isra\u00ebl a toujours comme option de se d\u00e9charger de Gaza via l\u2019Egypte et de n\u2019avoir de la sorte plus aucune responsabilit\u00e9 sur ce qui s\u2019y passe.<br \/>\nIl nous rappelle qu\u2019il n\u2019y a qu\u2019une seul fronti\u00e8re commune entre l\u2019Egypte et la Palestine, tandis qu\u2019Isra\u00ebl ferme les cinq autres points de passage.<\/p>\n<p>Le tourisme \u00e9tant la premi\u00e8re rentr\u00e9e financi\u00e8re du pays, il se doit d\u2019\u00eatre irr\u00e9prochable sur les questions li\u00e9es \u00e0 la s\u00e9curit\u00e9. Nous lui avons fait remarquer qu\u2019aujourd\u2019hui, c\u2019est l\u2019Egypte et non Isra\u00ebl qui a une mauvaise image dans le monde\u00bb.<\/p>\n<p>Luk Vervaet : \u00abConcernant les convois de \u00abViva Palestina\u00bb, il nous a \u00e9t\u00e9 signal\u00e9 que s\u2019il y avait tant de probl\u00e8mes, c\u2019est parce que ceux-ci n\u2019ont pas \u00e9cout\u00e9 les injonctions qui leur ont \u00e9t\u00e9 faites, c\u2019est-\u00e0-dire de passer par Al Arish et non via Aqaba. Pour ceux qui sont au Caire, nous trouverons une solution ! Il nous a \u00e9t\u00e9 demand\u00e9 de comprendre que l\u2019Egypte doit maintenir un certain \u00e9quilibre entre les Etats-Unis, l\u2019Europe et Isra\u00ebl. L\u2019ambassadeur nous a promis que nos demandes vont \u00eatre relay\u00e9es en Egypte\u00bb.<\/p>\n<p>Nous vous encourageons \u00e0 continuer \u00e0 \u00e9crire ou t\u00e9l\u00e9phoner \u00e0 l\u2019ambassade d\u2019Egypte et faire ainsi pression pour que la fronti\u00e8re s\u2019ouvre et que le mur ne soit pas construit .<\/p>\n<p>Coordonn\u00e9es utiles :<br \/>\nAmbassade de la R\u00e9publique arabe d\u2019Egypte, 19 avenue de l\u2019Uruguay, 1000 Bruxelles.<br \/>\neg.sec.be@hotmail.com T\u00e9l: 02.663.58.00 \u2013 02.663.58.08 \u2013 02.663.58.20 \u2013 02.663.58.<br \/>\nFax: 02.675.58.88<\/p>\n<p>Voici les derni\u00e8res nouvelles en provenance d\u2019Egypte :<br \/>\nLes participants fran\u00e7ais \u00e0 la MARCHE POUR GAZA, dont le but est de d\u00e9noncer le blocus inhumain impos\u00e9 aux Gazaouis sont encercl\u00e9s par la police \u00e9gyptienne devant l\u2019ambassade fran\u00e7aise au Caire! Ils ne peuvent pas se rendre comme pr\u00e9vu \u00e0 Gaza, ils ne peuvent m\u00eame pas bouger du trottoir devant l\u2019ambassade, car l\u2019\u00c9gypte ne les y autorise pas!<\/p>\n<p>Vid\u00e9o : <a href=\"http:\/\/www.dailymotion.com\/video\/xbo88p_marche-pour-gaza_news\">http:\/\/www.dailymotion.com\/video\/xbo88p_marche-pour-gaza_news<\/a><\/p>\n<p>Nous relayons ci-dessous, les nouvelles post\u00e9es par l\u2019une des marcheuses du groupe fran\u00e7ais, envoy\u00e9es au fur et \u00e0 mesure par sms.<\/p>\n<p>Bras de fer entre les Marcheurs et le gouvernement \u00e9gyptien<br \/>\nLe statu quo se poursuit sur place. La police \u00e9gyptienne tente de faire renoncer les Marcheurs, parqu\u00e9s sur le trottoir devant l\u2019ambassade de France, \u00e0 leur projet de rejoindre la fronti\u00e8re avec la bande de Gaza. Il \u00e9tait pr\u00e9vu initialement d\u2019y parvenir pour le 31 d\u00e9cembre mais leur d\u00e9termination demeure intacte.<\/p>\n<p>Nouveaux messages de Le\u00efla ce soir :<br \/>\nA 20h<br \/>\n\u00ab\u00a0Les Egyptiens nous ont propos\u00e9 trois solutions :<br \/>\n1 \u2013 Nous transf\u00e9rer au lyc\u00e9e fran\u00e7ais o\u00f9 on sera boucl\u00e9 sans possibilit\u00e9 de se d\u00e9placer jusqu\u2019\u00e0 vendredi et isol\u00e9s de tous m\u00e9dias ou autre ;<br \/>\n2 \u2013 Nous mettre dans des avions demain ;<br \/>\n3 \u2013 Rester sur le trottoir jusqu\u2019\u00e0 vendredi dans des conditions de merde c\u2019est-\u00e0-dire avec un rationnement de nourriture et d\u2019eau (il y a 1h30 d\u2019attente pour acc\u00e9der \u00e0 l\u2019unique WC).<br \/>\nAucune sortie individuelle n\u2019est autoris\u00e9e pour le moment.<\/p>\n<p>La majorit\u00e9 a vot\u00e9 pour la solution 3 car c\u2019est la seule chance qu\u2019il nous reste, en comptant sur la mobilisation internationale pour mettre la pression sur les ambassades et les consulats \u00e9gyptiens partout dans le monde. Un autre rassemblement a lieu devant le si\u00e8ge de l\u2019ONU au Caire mais c\u2019est impossible dans ces conditions que nous nous unissions.\u00a0\u00bb<\/p>\n<p>Le\u00efla ajoute que \u00ab\u00a0le premier ministre isra\u00e9lien est en visite officielle au Caire demain donc pas question de se taire et de baisser les bras. Des gazaouis nous ont appel\u00e9 hier pour nous confier que leur situation empire de jour en jour\u00a0\u00bb.<\/p>\n<p>A 21h30<br \/>\n\u00ab\u00a0Les autorit\u00e9s \u00e9gyptiennes nous rendent les conditions de vie sur la bande de trottoir de pire en pire. Ils emp\u00eachent \u00e9galement les journalistes de venir nous voir! Ils resserrent la vis pour nous faire craquer alors que le deal incluait des conditions potables. On avale le CO2 \u00e0 pleine bouche\u00a0\u00bb.<\/p>\n<p>Nordine Sa\u00efdi<br \/>\nMouvement Citoyen Palestine<br \/>\n30.12.09<\/p>\n<\/div>\n","protected":false},"excerpt":{"rendered":"<p>Mardi 29 d\u00e9cembre, \u00e0 13h30, une d\u00e9l\u00e9gation d\u2019une vingtaine de personnes, dirig\u00e9e par Nordine Sa\u00efdi, s\u2019est rendue \u00e0 l\u2019ambassade d\u2019Egypte \u00e0 Bruxelles. Apr\u00e8s une courte discussion, l\u2019ambassadeur a autoris\u00e9 la d\u00e9l\u00e9gation \u00e0 entrer dans les b\u00e2timents. Deux personnes, Nordine Sa\u00efdi et Luk Vervaet, ont pu s\u2019entretenir avec l\u2019ambassadeur, son conseiller en mati\u00e8re politique ainsi que &#8230; <a title=\"Compte-rendu de l\u2019entrevue \u00e0 l\u2019ambassade d\u2019Egypte\" class=\"read-more\" href=\"https:\/\/bruxelles-pantheres.be\/?p=1604\" aria-label=\"En savoir plus sur Compte-rendu de l\u2019entrevue \u00e0 l\u2019ambassade d\u2019Egypte\">Lire la suite<\/a><\/p>\n","protected":false},"author":1,"featured_media":225,"comment_status":"open","ping_status":"open","sticky":false,"template":"","format":"standard","meta":{"footnotes":""},"categories":[1,21,36,18],"tags":[31,14,77,13,15],"class_list":["post-1604","post","type-post","status-publish","format-standard","has-post-thumbnail","hentry","category-non-classe","category-anti-imperialisme","category-europe","category-resistance-bruxelles","tag-belgique","tag-bruxelles","tag-egypte","tag-nordine-saidi","tag-resistance"],"_links":{"self":[{"href":"https:\/\/bruxelles-pantheres.be\/index.php?rest_route=\/wp\/v2\/posts\/1604","targetHints":{"allow":["GET"]}}],"collection":[{"href":"https:\/\/bruxelles-pantheres.be\/index.php?rest_route=\/wp\/v2\/posts"}],"about":[{"href":"https:\/\/bruxelles-pantheres.be\/index.php?rest_route=\/wp\/v2\/types\/post"}],"author":[{"embeddable":true,"href":"https:\/\/bruxelles-pantheres.be\/index.php?rest_route=\/wp\/v2\/users\/1"}],"replies":[{"embeddable":true,"href":"https:\/\/bruxelles-pantheres.be\/index.php?rest_route=%2Fwp%2Fv2%2Fcomments&post=1604"}],"version-history":[{"count":1,"href":"https:\/\/bruxelles-pantheres.be\/index.php?rest_route=\/wp\/v2\/posts\/1604\/revisions"}],"predecessor-version":[{"id":1605,"href":"https:\/\/bruxelles-pantheres.be\/index.php?rest_route=\/wp\/v2\/posts\/1604\/revisions\/1605"}],"wp:featuredmedia":[{"embeddable":true,"href":"https:\/\/bruxelles-pantheres.be\/index.php?rest_route=\/wp\/v2\/media\/225"}],"wp:attachment":[{"href":"https:\/\/bruxelles-pantheres.be\/index.php?rest_route=%2Fwp%2Fv2%2Fmedia&parent=1604"}],"wp:term":[{"taxonomy":"category","embeddable":true,"href":"https:\/\/bruxelles-pantheres.be\/index.php?rest_route=%2Fwp%2Fv2%2Fcategories&post=1604"},{"taxonomy":"post_tag","embeddable":true,"href":"https:\/\/bruxelles-pantheres.be\/index.php?rest_route=%2Fwp%2Fv2%2Ftags&post=1604"}],"curies":[{"name":"wp","href":"https:\/\/api.w.org\/{rel}","templated":true}]}}