{"id":1608,"date":"2010-01-18T20:28:39","date_gmt":"2010-01-18T19:28:39","guid":{"rendered":"https:\/\/bruxelles-pantheres.be\/?p=1608"},"modified":"2013-11-30T20:30:42","modified_gmt":"2013-11-30T19:30:42","slug":"decriminaliser-la-resistance-pour-mieux-la-soutenir","status":"publish","type":"post","link":"https:\/\/bruxelles-pantheres.be\/?p=1608","title":{"rendered":"D\u00e9criminaliser la r\u00e9sistance pour mieux la soutenir"},"content":{"rendered":"<div class=\"entry-content\">\n<div><img decoding=\"async\" alt=\"\" src=\"http:\/\/www.legrandsoir.info\/local\/cache-vignettes\/L201xH250\/arton9880-7a981.jpg\" width=\"201\" height=\"250\" align=\"left\" \/><\/p>\n<div id=\"font-variable\">\n<p>L\u2019agression sioniste contre Gaza de l\u2019hiver 2008-2009 est la continuation de la guerre de colonisation commenc\u00e9e en 1947. Cette derni\u00e8re guerre a \u00e9t\u00e9 pr\u00e9par\u00e9e politiquement, particuli\u00e8rement pour le public occidental, par le placement, par les USA et l\u2019Union europ\u00e9enne, du Hamas, du Jihad Islamique, du FPLP et de cinq autres organisations de r\u00e9sistance palestinienne sur la liste des organisations terroristes.<\/p>\n<p>Or pour Dirk Marty, rapporteur au Conseil de l\u2019Europe, \u00ab\u00a0<em>se trouver sur cette liste \u00e9quivaut \u00e0 une condamnation \u00e0 mort<\/em>\u00a0\u00bb. L\u2019offensive contre GAZA avait pour but clair d\u2019ex\u00e9cuter cette peine de mort\u00a0: liquider la r\u00e9sistance palestinienne \u00e0 travers la destruction du gouvernement palestinien d\u00e9mocratiquement \u00e9lu, dirig\u00e9.<!--more--><\/p>\n<p>Ce que l\u2019arm\u00e9e sioniste r\u00e9alise avec ses soldats, ses avions, ses chars, ses bombes, les gouvernements europ\u00e9ens le r\u00e9alisent avec des lois qui criminalisent la r\u00e9sistance et ceux qui la soutiennent. Lutter contre l\u2019agression et la colonisation signifie donc aussi aujourd\u2019hui concr\u00e8tement en Europe lutter pour le retrait des organisations de r\u00e9sistance palestiniennes de la liste des organisations terroristes.<\/p>\n<p>C\u2019est pour cette raison que j\u2019ai lanc\u00e9 un appel le 1er f\u00e9vrier 2009 au retrait du Hamas et des autres organisations palestiniennes de la liste europ\u00e9enne des organisations terroristes.<\/p>\n<p>Nous partons du point de vue que la question palestinienne n\u2019est ni une question religieuse, ni une question humanitaire. C\u2019est une question \u00e9minemment politique. Elle consiste \u00e0 d\u00e9noncer le caract\u00e8re colonial d\u2019Isra\u00ebl et de toute sa politique et \u00e0 reconna\u00eetre et soutenir comme l\u00e9gitime toute la r\u00e9sistance du peuple palestinien et de ses organisations de r\u00e9sistance.<\/p>\n<p>Cet appel a re\u00e7u le soutien de centaines de personnalit\u00e9s europ\u00e9ennes, am\u00e9ricaines et canadiennes. Leur argumentation en faveur de l\u2019appel fait appara\u00eetre cinq justifications politiques essentielles\u00a0:<\/p>\n<p>1. L\u2019Union europ\u00e9enne, comme les Etats Unis, oblige toujours les peuples \u00e0 organiser des \u00e9lections sous haute surveillance occidentale. Mais quand le r\u00e9sultat des \u00e9lections ne lui plait pas, elle organise le blocus, participe \u00e0 la guerre, directement ou indirectement, soutient les agresseurs afin de renverser les repr\u00e9sentants \u00e9lus.<\/p>\n<p>2. L\u2019Union europ\u00e9enne doit admettre que le temps des colonies est termin\u00e9 et qu\u2019il ne reviendra plus. Elle doit renoncer \u00e0 sa politique imp\u00e9rialiste et adopter des relations post-coloniales avec le reste du monde, qui respectent inconditionnellement sa souverainet\u00e9 et sa dignit\u00e9. Cela implique de renoncer \u00e0 une politique internationale raciste qui traite les peuples du tiers monde comme incapables de choisir leur syst\u00e8me politique de fa\u00e7on responsable. Il est grand temps de respecter enfin la R\u00e9solution 2621 XXV, du 12.10.1970 des Nations Unies qui affirme \u00ab\u00a0<em>le droit inh\u00e9rent des peuples coloniaux de lutter par tous les moyens n\u00e9cessaires contre les puissances coloniales qui r\u00e9priment leur aspiration \u00e0 la libert\u00e9 et \u00e0 l\u2019ind\u00e9pendance.<\/em>\u00a0\u00bb<\/p>\n<p>3. L\u2019Union europ\u00e9enne doit s\u2019autod\u00e9terminer par rapport aux USA et cesser de suivre aveugl\u00e9ment toutes les aventures militaires des USA dans leur politique imp\u00e9riale. Retirer le Hamas de la liste des organisations terroristes peut \u00eatre un pas dans ce sens, car cette liste est une liste am\u00e9ricaine, \u00e9tablie en 1995 apr\u00e8s les accords d\u2019Oslo pour contraindre le peuple palestinien \u00e0 renoncer \u00e0 ses droits l\u00e9gitimes. Cette l\u00e9gitimation du droit \u00e0 la r\u00e9sistance est confort\u00e9e par l\u2019article 1er \u00a74 du premier protocole additionnel de Gen\u00e8ve du 08.06.1977 aux termes duquel, parmi les conflits arm\u00e9s internationaux, figurent ceux \u00ab\u00a0<em>dans lesquels les peuples luttent contre la domination coloniale et l\u2019occupation \u00e9trang\u00e8re et contre les r\u00e9gimes racistes dans l\u2019exercice du droit des peuples \u00e0 disposer d\u2019eux-m\u00eames,<\/em>\u2026\u00a0\u00bb<\/p>\n<p>4. Retirer les organisations palestiniennes de la liste des terroristes, c\u2019est reconna\u00eetre la l\u00e9gitimit\u00e9 de la r\u00e9sistance. Toutes les r\u00e9sistances dans le monde ont \u00e9t\u00e9 \u00e9tiquet\u00e9es de terroristes. Au si\u00e8cle pass\u00e9, les r\u00e9sistances au fascisme \u00e9taient trait\u00e9s de terroristes par les nazis. Les dirigeants nationalistes comme Nelson Mandela ont pass\u00e9 des dizaines d\u2019ann\u00e9es en prison sous l\u2019accusation de terrorisme. Et c\u2019est seulement en juillet 2008, quinze ans apr\u00e8s \u00eatre devenu prix Nobel de la Paix et quatorze ans apr\u00e8s \u00eatre devenu pr\u00e9sident de l\u2019Afrique du Sud que les \u00c9tat-Unis se sont d\u00e9cid\u00e9s \u00e0 le retirer de leur \u00ab\u00a0<em>Terror list<\/em>\u00a0\u00bb\u00a0! Et en ce jour, nous comm\u00e9morons la mort du dirigeant nationaliste congolais, Patrice Lumumba, assassin\u00e9 pour avoir revendiqu\u00e9 une v\u00e9ritable politique d\u2019ind\u00e9pendance. Les c\u00e9l\u00e9brations en France et en Belgique du cinquanti\u00e8me anniversaire de l\u2019ind\u00e9pendance de nombreux Etats africains pourraient \u00eatre l\u2019occasion de d\u00e9noncer cette politique assassine.<\/p>\n<p>5. Et enfin, c\u2019est aussi reconna\u00eetre le droit \u00e0 notre r\u00e9sistance, dans les pays de l\u2019Union europ\u00e9enne et mettre fin \u00e0 la politique de criminalisation des activistes, des combattants antiguerre et anti-imp\u00e9rialistes. Politique de criminalisation qui touche particuli\u00e8rement cette partie des peuples qui est issue de l\u2019immigration, en particulier les masses arabophones et musulmanes d\u2019Europe, d\u00e9j\u00e0 soup\u00e7onn\u00e9es de vouloir recouvrir nos pays de minarets et de foulards.<\/p>\n<p>Les r\u00e9actions \u00e0 l\u2019Appel ont montr\u00e9 que malgr\u00e9 les difficult\u00e9s qui restent grandes, il est possible de construire en Europe, mais aussi en Am\u00e9rique du Nord, le d\u00e9but d\u2019un front de soutien aux r\u00e9sistances anticoloniales et antimp\u00e9rialistes dans le monde.<\/p>\n<p>La premi\u00e8re condition pour renforcer ce front est de ne pas se laisser intimider par les mesures de criminalisation, comme l\u2019interdiction r\u00e9cente en Grande Bretagne de s\u2019exprimer contre la pr\u00e9sence des soldats britanniques en Afghanistan. Les d\u00e9mocrates europ\u00e9ens dignes de ce nom ne peuvent en aucun cas accepter ces glissements vers des Etats fascisants.<\/p>\n<p>La deuxi\u00e8me condition est d\u2019imposer chez nous les points de vue mais aussi la pr\u00e9sence physique des repr\u00e9sentants de la r\u00e9sistance afin de nouer des liens directs entre les peuples en lutte de par le monde.<\/p>\n<p>Le monde est en train de changer mais la plupart des forces politiques traditionnelles, en particulier dans la gauche, se refusent \u00e0 l\u2019admettre. L\u2019\u00e9poque o\u00f9 l\u2019Occident dictait sa politique est termin\u00e9e. Les rapports de force \u00e9conomiques changent aussi avec la mont\u00e9e en puissance de nations comme la Chine, l\u2019Inde, le Br\u00e9sil ou la Russie. Sur le plan politique, tout le continent latino-am\u00e9ricain bouge. Comme le d\u00e9clarait le pr\u00e9sident du Venezuela Hugo Chavez \u00e0 Copenhague\u00a0: \u00ab\u00a0<em>Si le capitalisme s\u2019oppose (aux changements), nous sommes dans l\u2019obligation de livrer bataille contre le capitalisme et d\u2019ouvrir les voies du salut de l\u2019esp\u00e8ce humaine. Cette t\u00e2che nous incombe \u00e0 tous, sous les banni\u00e8res du Christ, de Mahomet, de l\u2019\u00e9galit\u00e9, de l\u2019amour, de la justice et de l\u2019humanisme v\u00e9ritable le plus profond<\/em>\u00a0\u00bb.<\/p>\n<p>Les peuples en lutte ont la possibilit\u00e9 aujourd\u2019hui d\u2019unir leurs r\u00e9sistances face \u00e0 leurs gouvernements et \u00e0 un imp\u00e9rialisme de plus en plus affaibli et d\u00e9cadent. S\u2019ils s\u2019unissent, au-del\u00e0 de leurs diff\u00e9rences, ce si\u00e8cle ne sera pas celui du choc des civilisations, mais celui du choc et de la victoire des r\u00e9sistances contre l\u2019imp\u00e9rialisme.<\/p>\n<p>Nadine Rosa-Rosso<br \/>\nBruxelles \u2013 Belgique<\/p>\n<\/div>\n<\/div>\n<\/div>\n","protected":false},"excerpt":{"rendered":"<p>L\u2019agression sioniste contre Gaza de l\u2019hiver 2008-2009 est la continuation de la guerre de colonisation commenc\u00e9e en 1947. Cette derni\u00e8re guerre a \u00e9t\u00e9 pr\u00e9par\u00e9e politiquement, particuli\u00e8rement pour le public occidental, par le placement, par les USA et l\u2019Union europ\u00e9enne, du Hamas, du Jihad Islamique, du FPLP et de cinq autres organisations de r\u00e9sistance palestinienne sur &#8230; <a title=\"D\u00e9criminaliser la r\u00e9sistance pour mieux la soutenir\" class=\"read-more\" href=\"https:\/\/bruxelles-pantheres.be\/?p=1608\" aria-label=\"En savoir plus sur D\u00e9criminaliser la r\u00e9sistance pour mieux la soutenir\">Lire la suite<\/a><\/p>\n","protected":false},"author":1,"featured_media":413,"comment_status":"open","ping_status":"open","sticky":false,"template":"","format":"standard","meta":{"footnotes":""},"categories":[21,6],"tags":[31,14,12,15],"class_list":["post-1608","post","type-post","status-publish","format-standard","has-post-thumbnail","hentry","category-anti-imperialisme","category-palestine-moyen-orient","tag-belgique","tag-bruxelles","tag-gaza","tag-resistance"],"_links":{"self":[{"href":"https:\/\/bruxelles-pantheres.be\/index.php?rest_route=\/wp\/v2\/posts\/1608","targetHints":{"allow":["GET"]}}],"collection":[{"href":"https:\/\/bruxelles-pantheres.be\/index.php?rest_route=\/wp\/v2\/posts"}],"about":[{"href":"https:\/\/bruxelles-pantheres.be\/index.php?rest_route=\/wp\/v2\/types\/post"}],"author":[{"embeddable":true,"href":"https:\/\/bruxelles-pantheres.be\/index.php?rest_route=\/wp\/v2\/users\/1"}],"replies":[{"embeddable":true,"href":"https:\/\/bruxelles-pantheres.be\/index.php?rest_route=%2Fwp%2Fv2%2Fcomments&post=1608"}],"version-history":[{"count":1,"href":"https:\/\/bruxelles-pantheres.be\/index.php?rest_route=\/wp\/v2\/posts\/1608\/revisions"}],"predecessor-version":[{"id":1609,"href":"https:\/\/bruxelles-pantheres.be\/index.php?rest_route=\/wp\/v2\/posts\/1608\/revisions\/1609"}],"wp:featuredmedia":[{"embeddable":true,"href":"https:\/\/bruxelles-pantheres.be\/index.php?rest_route=\/wp\/v2\/media\/413"}],"wp:attachment":[{"href":"https:\/\/bruxelles-pantheres.be\/index.php?rest_route=%2Fwp%2Fv2%2Fmedia&parent=1608"}],"wp:term":[{"taxonomy":"category","embeddable":true,"href":"https:\/\/bruxelles-pantheres.be\/index.php?rest_route=%2Fwp%2Fv2%2Fcategories&post=1608"},{"taxonomy":"post_tag","embeddable":true,"href":"https:\/\/bruxelles-pantheres.be\/index.php?rest_route=%2Fwp%2Fv2%2Ftags&post=1608"}],"curies":[{"name":"wp","href":"https:\/\/api.w.org\/{rel}","templated":true}]}}