{"id":1633,"date":"2013-03-20T21:20:35","date_gmt":"2013-03-20T20:20:35","guid":{"rendered":"https:\/\/bruxelles-pantheres.be\/?p=1633"},"modified":"2013-11-30T21:24:21","modified_gmt":"2013-11-30T20:24:21","slug":"islamophobie-croissante-en-belgique","status":"publish","type":"post","link":"https:\/\/bruxelles-pantheres.be\/?p=1633","title":{"rendered":"Islamophobie croissante en Belgique"},"content":{"rendered":"<p>&nbsp;<\/p>\n<p><strong><a href=\"https:\/\/bruxelles-pantheres.be\/wp-content\/uploads\/2013\/11\/islamophobie.jpg\"><img decoding=\"async\" class=\"size-full wp-image-222 alignleft\" alt=\"islamophobie\" src=\"https:\/\/bruxelles-pantheres.be\/wp-content\/uploads\/2013\/11\/islamophobie.jpg\" width=\"367\" height=\"180\" srcset=\"https:\/\/bruxelles-pantheres.be\/wp-content\/uploads\/2013\/11\/islamophobie.jpg 610w, https:\/\/bruxelles-pantheres.be\/wp-content\/uploads\/2013\/11\/islamophobie-300x148.jpg 300w\" sizes=\"(max-width: 367px) 100vw, 367px\" \/><\/a>Un rapport europ\u00e9en constate la hausse des discriminations \u00e0 l\u2019\u00e9gard des musulmans. Notamment en Belgique.<\/strong><\/p>\n<p>&nbsp;<\/p>\n<p>Le racisme, en Belgique, se manifeste de plus en plus sous les traits de l\u2019islamophobie. C\u2019est le constat que vient de poser, ce matin, la f\u00e9d\u00e9ration europ\u00e9enne des organisations antiracistes, <a title=\"The European Network Against Racism (ENAR) is an EU-wide network of vibrant NGOs in all EU Member States, as well as in Croatia and Iceland. ENAR combats racism, racial discrimination, xenophobia and related intolerance, and promotes equality of treatment between European Union citizens and third country nationals.\" href=\"http:\/\/www.enar-eu.org\/\" target=\"_blank\">ENAR<\/a>. Le constat est en tous points conforme\u00a0<a href=\"http:\/\/www.amnestyinternational.be\/doc\/agir-2099\/nos-campagnes\/exigeons-la-dignite\/lutter-contre-les-discriminations\/article\/les-musulmans-victimes-de\">au rapport<\/a>\u00a0que pr\u00e9sentait Amnesty International, voici un peu moins d\u2019un an, sur les discriminations \u00e0 l\u2019\u00e9gard des musulmans.<!--more--><\/p>\n<p>Les 600.000 musulmans de Belgique font l\u2019objet de discriminations persistantes, dans le domaine de l\u2019emploi, de l\u2019\u00e9ducation et de l\u2019acc\u00e8s aux services publics et priv\u00e9s. Les chiffres cit\u00e9s par ENAR sont \u00e9difiants\u00a0: sur l\u2019ensemble des dossiers de discrimination \u00ab\u00a0religieuse\u00a0\u00bb, pr\u00e8s de 80\u00a0% visent les musulmans ou les communaut\u00e9s musulmanes. En cause, principalement\u00a0: les m\u00e9dias (51\u00a0% des plaintes), le monde professionnel (19\u00a0%) et l\u2019enseignement (11\u00a0%).<\/p>\n<p>Sur l\u2019ensemble des nouveaux dossiers concernant des musulmans trait\u00e9s par le Centre pour l\u2019Egalit\u00e9 des Chances, 58\u00a0% pr\u00e9sentent des signes d\u2019islamophobie et 23\u00a0% contreviennent aux lois antidiscriminations. Comme Amnesty, ENAR pointe l\u2019exclusion de l\u2019enseignement pour les \u00e9tudiantes qui portent le foulard, alors m\u00eame qu\u2019aucun d\u00e9cret n\u2019appuie ces r\u00e9glementations.<\/p>\n<p>Pour l\u2019organisation europ\u00e9enne, les pouvoirs publics belges devraient s\u2019employer \u00e0 \u00ab\u00a0rendre effectives les libert\u00e9s fondamentales, dont celle de religion, des \u00e9l\u00e8ves, en abrogeant toutes les dispositions interdisant le port du foulard et autres pratiques ou signes convictionnels \u00e0 l\u2019\u00e9cole\u00a0\u00bb.<\/p>\n<p>Ricardo Guti\u00e9rrez<br \/>\nMercredi 20 Mars 2013, 11h35<\/p>\n<p>\u2014\u2014\u2014\u2014\u2014\u2014\u2014\u2014\u2014\u2014\u2014\u2014\u2014\u2014<\/p>\n<p>T\u00e9l\u00e9chargez le rapport de l\u2019ENAR (<a href=\"http:\/\/www.enar-eu.org\/Page_Generale.asp?DocID=15294&amp;la=1&amp;langue=EN\" target=\"_blank\">source<\/a>) :<\/p>\n<p align=\"justify\"><a href=\"http:\/\/cms.horus.be\/files\/99935\/MediaArchive\/publications\/shadow%20report%202011-12\/shadowReport_EN_LR%20%283%29.pdf\" target=\"_blank\">Racism in Europe \u2013 ENAR Shadow Report 2011-12<\/a><\/p>\n<p align=\"justify\">ENAR published a European and\u00a026 country-specific Shadow Reports in March 2013, with the support of PROGRESS (2007-2013), the Open Society Foundations and\u00a0ENAR Foundation<\/p>\n<div align=\"justify\">To order a hard copy in English or French of the Racism in Europe report 2011-12, contact:\u00a0<a href=\"mailto:info@enar-eu.org\">info@enar-eu.org<\/a><\/div>\n<p>&nbsp;<\/p>\n<div align=\"justify\"><a href=\"http:\/\/cms.horus.be\/files\/99935\/MediaArchive\/publications\/shadow%20report%202011-12\/Fact%20sheet%20on%20Muslims%20and%20Islamophobia.pdf\" target=\"_blank\"><strong>Key findings on Muslim communities and Islamophobia<\/strong><\/a><\/div>\n<p>&nbsp;<\/p>\n<p align=\"justify\"><img decoding=\"async\" class=\"alignright\" alt=\"\" src=\"http:\/\/cms.horus.be\/files\/99935\/MediaArchive\/shadow%20report%202011-12.jpg\" width=\"480\" height=\"678\" \/><\/p>\n<p align=\"justify\">source : <a href=\"http:\/\/www.lesoir.be\/211238\/article\/actualite\/belgique\/2013-03-20\/islamophobie-croissante-en-belgique\" target=\"_blank\">lesoir.be<\/a>, le 20 mars 2013<\/p>\n","protected":false},"excerpt":{"rendered":"<p>&nbsp; Un rapport europ\u00e9en constate la hausse des discriminations \u00e0 l\u2019\u00e9gard des musulmans. Notamment en Belgique. &nbsp; Le racisme, en Belgique, se manifeste de plus en plus sous les traits de l\u2019islamophobie. C\u2019est le constat que vient de poser, ce matin, la f\u00e9d\u00e9ration europ\u00e9enne des organisations antiracistes, ENAR. Le constat est en tous points conforme\u00a0au &#8230; <a title=\"Islamophobie croissante en Belgique\" class=\"read-more\" href=\"https:\/\/bruxelles-pantheres.be\/?p=1633\" aria-label=\"En savoir plus sur Islamophobie croissante en Belgique\">Lire la suite<\/a><\/p>\n","protected":false},"author":1,"featured_media":742,"comment_status":"open","ping_status":"open","sticky":false,"template":"","format":"standard","meta":{"footnotes":""},"categories":[22,25,36,4,20,28],"tags":[31,14,23],"class_list":["post-1633","post","type-post","status-publish","format-standard","has-post-thumbnail","hentry","category-emploi","category-enseignement","category-europe","category-islamophobie","category-logement","category-racismes","tag-belgique","tag-bruxelles","tag-discrimination"],"_links":{"self":[{"href":"https:\/\/bruxelles-pantheres.be\/index.php?rest_route=\/wp\/v2\/posts\/1633","targetHints":{"allow":["GET"]}}],"collection":[{"href":"https:\/\/bruxelles-pantheres.be\/index.php?rest_route=\/wp\/v2\/posts"}],"about":[{"href":"https:\/\/bruxelles-pantheres.be\/index.php?rest_route=\/wp\/v2\/types\/post"}],"author":[{"embeddable":true,"href":"https:\/\/bruxelles-pantheres.be\/index.php?rest_route=\/wp\/v2\/users\/1"}],"replies":[{"embeddable":true,"href":"https:\/\/bruxelles-pantheres.be\/index.php?rest_route=%2Fwp%2Fv2%2Fcomments&post=1633"}],"version-history":[{"count":3,"href":"https:\/\/bruxelles-pantheres.be\/index.php?rest_route=\/wp\/v2\/posts\/1633\/revisions"}],"predecessor-version":[{"id":1636,"href":"https:\/\/bruxelles-pantheres.be\/index.php?rest_route=\/wp\/v2\/posts\/1633\/revisions\/1636"}],"wp:featuredmedia":[{"embeddable":true,"href":"https:\/\/bruxelles-pantheres.be\/index.php?rest_route=\/wp\/v2\/media\/742"}],"wp:attachment":[{"href":"https:\/\/bruxelles-pantheres.be\/index.php?rest_route=%2Fwp%2Fv2%2Fmedia&parent=1633"}],"wp:term":[{"taxonomy":"category","embeddable":true,"href":"https:\/\/bruxelles-pantheres.be\/index.php?rest_route=%2Fwp%2Fv2%2Fcategories&post=1633"},{"taxonomy":"post_tag","embeddable":true,"href":"https:\/\/bruxelles-pantheres.be\/index.php?rest_route=%2Fwp%2Fv2%2Ftags&post=1633"}],"curies":[{"name":"wp","href":"https:\/\/api.w.org\/{rel}","templated":true}]}}