{"id":1637,"date":"2013-04-24T21:25:05","date_gmt":"2013-04-24T20:25:05","guid":{"rendered":"https:\/\/bruxelles-pantheres.be\/?p=1637"},"modified":"2013-11-30T21:27:04","modified_gmt":"2013-11-30T20:27:04","slug":"ai-denonce-les-discriminations-envers-les-musulmans-en-europe","status":"publish","type":"post","link":"https:\/\/bruxelles-pantheres.be\/?p=1637","title":{"rendered":"AI d\u00e9nonce les discriminations envers les musulmans en Europe"},"content":{"rendered":"<p><img decoding=\"async\" class=\"alignleft\" alt=\"\" src=\"http:\/\/images11.levif.be\/images\/resized\/400\/008\/524\/147\/1\/500_0_KEEP_RATIO_SCALE_CENTER_FFFFFF\/image\/4000085241471.jpg\" width=\"415\" height=\"303\" \/><\/p>\n<p style=\"text-align: left;\">Dans un rapport publi\u00e9 ce mardi, Amnesty International d\u00e9nonce les discriminations dont sont victimes les musulmans en Europe. Deux jours apr\u00e8s le r\u00e9sultat historique de l\u2019extr\u00eame droite en France, Amnesty pointe du doigt l\u2019exploitation politique des pr\u00e9jug\u00e9s.<\/p>\n<p>\u00a9 Image Globe<\/p>\n<p><!--more--><\/p>\n<p>Licenci\u00e9s \u00e0 cause de leurs barbes, exclues des classes pour ports du foulard, pri\u00e8res de rues par manque de lieux de culte\u2026 Amnesty International a d\u00e9nonc\u00e9 ce mardi dans un rapport les \u00ab\u00a0discriminations\u00a0\u00bb envers les musulmans dans des pays europ\u00e9ens comme la France et la Belgique, et l\u2019exploitation politique des \u00ab\u00a0pr\u00e9jug\u00e9s\u00a0\u00bb.<\/p>\n<p>Dans son rapport qui se concentre sur la France, la Belgique, les Pays-Bas, l\u2019Espagne et la Suisse, Amnesty International appelle les gouvernements europ\u00e9ens \u00ab\u00a0\u00e0 faire plus pour s\u2019en prendre aux st\u00e9r\u00e9otypes n\u00e9gatifs (\u2026) contre les musulmans, qui attisent les discriminations, essentiellement dans l\u2019\u00e9ducation et le monde du travail\u00a0\u00bb.<\/p>\n<p>\u00ab\u00a0Plut\u00f4t que de riposter \u00e0 ces pr\u00e9jug\u00e9s, les partis politiques\u00a0\u00bb les \u00ab\u00a0encouragent bassement dans leur qu\u00eate de voix \u00e9lectorales\u00a0\u00bb, a estim\u00e9 Marco Perolini d\u2019Amnesty.<\/p>\n<p>Symboles religieux ou culturels<\/p>\n<p>\u00ab\u00a0Des femmes musulmanes se voient refuser des emplois et des jeunes filles sont emp\u00each\u00e9es d\u2019aller en classe simplement parce qu\u2019elles portent des v\u00eatements traditionnels comme le foulard\u00a0\u00bb, a-t-il relev\u00e9. \u00ab\u00a0Des hommes peuvent \u00eatre licenci\u00e9s pour porter des barbes associ\u00e9es \u00e0 l\u2019islam.\u00a0\u00bb<\/p>\n<p>En France, en Belgique et aux Pays-Bas, les employeurs sont autoris\u00e9s, en violation de la l\u00e9gislation europ\u00e9enne, \u00e0 discriminer des musulmans sous pr\u00e9texte que \u00ab\u00a0les symboles religieux ou culturels agaceront les clients ou les coll\u00e8gues\u00a0\u00bb, note l\u2019organisation de d\u00e9fense des droits de l\u2019Homme.<\/p>\n<p>La l\u00e9gislation europ\u00e9enne en la mati\u00e8re \u00ab\u00a0semble \u00eatre inefficace (\u2026), car nous observons un taux plus \u00e9lev\u00e9 de ch\u00f4mage parmi les musulmans, en particulier chez les musulmanes d\u2019origine \u00e9trang\u00e8re\u00a0\u00bb, poursuit Marco Perolini.<\/p>\n<p>\u00ab\u00a0L\u2019interdiction n\u2019est pas la bonne approche\u00a0\u00bb<\/p>\n<p>Dans son rapport intitul\u00e9 \u00ab\u00a0<a href=\"http:\/\/www.amnesty.org\/fr\/library\/asset\/EUR01\/002\/2012\/fr\/7e03b713-89d0-4134-818a-0cb003d42422\/eur010022012fr.pdf\" target=\"_blank\">Choix et pr\u00e9judice: les discriminations contre les musulmans en Europe<\/a>\u00a0\u00bb et publi\u00e9 deux jours apr\u00e8s le r\u00e9sultat historique de l\u2019extr\u00eame droite en France, Amnesty insiste sur le fait que \u00ab\u00a0porter des symboles ou des v\u00eatements religieux ou culturels fait partie du droit de libert\u00e9 d\u2019expression\u00a0\u00bb.<\/p>\n<p>\u00ab\u00a0L\u2019interdiction de porter des v\u00eatements (\u2026) n\u2019est pas la bonne approche\u00a0\u00bb, estime l\u2019organisation.\u00a0\u00bbUne interdiction g\u00e9n\u00e9rale risque de porter pr\u00e9judice \u00e0 l\u2019acc\u00e8s des filles \u00e0 l\u2019\u00e9ducation et de violer leur droit de libert\u00e9 d\u2019expression\u00a0\u00bb, poursuit Amnesty.<\/p>\n<p>L\u2019organisation d\u00e9nonce aussi l\u2019acc\u00e8s limit\u00e9 fait aux musulmans pour prier, notamment en Suisse o\u00f9 la population a vot\u00e9 en 2009 contre la construction de nouveaux minarets, et en Catalogne (est de l\u2019Espagne) o\u00f9 certains doivent prier dehors faute de lieux de pri\u00e8re ad\u00e9quats.<\/p>\n<p>Le Vif.be, avec Belga<\/p>\n<p>source : <a href=\"http:\/\/www.levif.be\/info\/actualite\/international\/amnesty-denonce-les-discriminations-envers-les-musulmans-en-europe\/article-4000085241789.htm\" target=\"_blank\">levif.be<\/a>, le 24 avril 2012<\/p>\n","protected":false},"excerpt":{"rendered":"<p>Dans un rapport publi\u00e9 ce mardi, Amnesty International d\u00e9nonce les discriminations dont sont victimes les musulmans en Europe. Deux jours apr\u00e8s le r\u00e9sultat historique de l\u2019extr\u00eame droite en France, Amnesty pointe du doigt l\u2019exploitation politique des pr\u00e9jug\u00e9s. \u00a9 Image Globe<\/p>\n","protected":false},"author":1,"featured_media":222,"comment_status":"open","ping_status":"open","sticky":false,"template":"","format":"standard","meta":{"footnotes":""},"categories":[22,25,36,4,20,28],"tags":[31,14,23,15],"class_list":["post-1637","post","type-post","status-publish","format-standard","has-post-thumbnail","hentry","category-emploi","category-enseignement","category-europe","category-islamophobie","category-logement","category-racismes","tag-belgique","tag-bruxelles","tag-discrimination","tag-resistance"],"_links":{"self":[{"href":"https:\/\/bruxelles-pantheres.be\/index.php?rest_route=\/wp\/v2\/posts\/1637","targetHints":{"allow":["GET"]}}],"collection":[{"href":"https:\/\/bruxelles-pantheres.be\/index.php?rest_route=\/wp\/v2\/posts"}],"about":[{"href":"https:\/\/bruxelles-pantheres.be\/index.php?rest_route=\/wp\/v2\/types\/post"}],"author":[{"embeddable":true,"href":"https:\/\/bruxelles-pantheres.be\/index.php?rest_route=\/wp\/v2\/users\/1"}],"replies":[{"embeddable":true,"href":"https:\/\/bruxelles-pantheres.be\/index.php?rest_route=%2Fwp%2Fv2%2Fcomments&post=1637"}],"version-history":[{"count":1,"href":"https:\/\/bruxelles-pantheres.be\/index.php?rest_route=\/wp\/v2\/posts\/1637\/revisions"}],"predecessor-version":[{"id":1638,"href":"https:\/\/bruxelles-pantheres.be\/index.php?rest_route=\/wp\/v2\/posts\/1637\/revisions\/1638"}],"wp:featuredmedia":[{"embeddable":true,"href":"https:\/\/bruxelles-pantheres.be\/index.php?rest_route=\/wp\/v2\/media\/222"}],"wp:attachment":[{"href":"https:\/\/bruxelles-pantheres.be\/index.php?rest_route=%2Fwp%2Fv2%2Fmedia&parent=1637"}],"wp:term":[{"taxonomy":"category","embeddable":true,"href":"https:\/\/bruxelles-pantheres.be\/index.php?rest_route=%2Fwp%2Fv2%2Fcategories&post=1637"},{"taxonomy":"post_tag","embeddable":true,"href":"https:\/\/bruxelles-pantheres.be\/index.php?rest_route=%2Fwp%2Fv2%2Ftags&post=1637"}],"curies":[{"name":"wp","href":"https:\/\/api.w.org\/{rel}","templated":true}]}}