{"id":1641,"date":"2011-12-09T21:29:14","date_gmt":"2011-12-09T20:29:14","guid":{"rendered":"https:\/\/bruxelles-pantheres.be\/?p=1641"},"modified":"2013-11-30T21:31:34","modified_gmt":"2013-11-30T20:31:34","slug":"violences-policieres-matonge-05122011","status":"publish","type":"post","link":"https:\/\/bruxelles-pantheres.be\/?p=1641","title":{"rendered":"Violences polici\u00e8res \u2013 Matong\u00e9 05\/12\/2011"},"content":{"rendered":"<p>source : <a title=\"Un jeune Angolais travaillant dans un th\u00e9\u00e2tre de la r\u00e9gion de Porte de Namur, Bruxelles, se fait agresser au sein m\u00eame de son lieu de travail par des policiers et des chiens. Une bavure polici\u00e8re qui fait l'objet d'une plainte d\u00e9pos\u00e9e au parquet. Faites tourner.\" href=\"http:\/\/www.youtube.com\/watch?v=HUejQgXTwrU\" target=\"_blank\">ddimax<\/a>, Youtube, le 9 d\u00e9cembre<span> 2011<\/span><\/p>\n<p>Un jeune Angolais travaillant dans un th\u00e9\u00e2tre de la r\u00e9gion de Porte de Namur, Bruxelles, se fait agresser au sein m\u00eame de son lieu de travail par des policiers et des chiens. Une bavure polici\u00e8re qui fait l\u2019objet d\u2019une plainte d\u00e9pos\u00e9e au parquet. Faites tourner.<!--more--><\/p>\n<p>vid\u00e9o : <a href=\"http:\/\/www.youtube.com\/watch?v=HUejQgXTwrU\" target=\"_blank\">http:\/\/www.youtube.com\/watch?v=HUejQgXTwrU<\/a><iframe src=\"\/\/www.youtube.com\/embed\/HUejQgXTwrU\" height=\"315\" width=\"560\" allowfullscreen=\"\" frameborder=\"0\"><\/iframe><\/p>\n<h3><strong>Article \u00e0 lire :<\/strong><\/h3>\n<p>Matonge: des plaintes et des vid\u00e9os accablantes pour la police (source:\u00a0<a href=\"http:\/\/www.lavenir.net\/article\/detail.aspx?articleid=DMF20111212_001\" target=\"_blank\">www.lavenir.net<\/a>)<\/p>\n","protected":false},"excerpt":{"rendered":"<p>source : ddimax, Youtube, le 9 d\u00e9cembre 2011 Un jeune Angolais travaillant dans un th\u00e9\u00e2tre de la r\u00e9gion de Porte de Namur, Bruxelles, se fait agresser au sein m\u00eame de son lieu de travail par des policiers et des chiens. Une bavure polici\u00e8re qui fait l\u2019objet d\u2019une plainte d\u00e9pos\u00e9e au parquet. Faites tourner.<\/p>\n","protected":false},"author":1,"featured_media":1059,"comment_status":"open","ping_status":"open","sticky":false,"template":"","format":"standard","meta":{"footnotes":""},"categories":[7,18,28,17,5],"tags":[31,14,23,54],"class_list":["post-1641","post","type-post","status-publish","format-standard","has-post-thumbnail","hentry","category-negrophobie","category-resistance-bruxelles","category-racismes","category-video","category-violence-policiere","tag-belgique","tag-bruxelles","tag-discrimination","tag-police"],"_links":{"self":[{"href":"https:\/\/bruxelles-pantheres.be\/index.php?rest_route=\/wp\/v2\/posts\/1641","targetHints":{"allow":["GET"]}}],"collection":[{"href":"https:\/\/bruxelles-pantheres.be\/index.php?rest_route=\/wp\/v2\/posts"}],"about":[{"href":"https:\/\/bruxelles-pantheres.be\/index.php?rest_route=\/wp\/v2\/types\/post"}],"author":[{"embeddable":true,"href":"https:\/\/bruxelles-pantheres.be\/index.php?rest_route=\/wp\/v2\/users\/1"}],"replies":[{"embeddable":true,"href":"https:\/\/bruxelles-pantheres.be\/index.php?rest_route=%2Fwp%2Fv2%2Fcomments&post=1641"}],"version-history":[{"count":1,"href":"https:\/\/bruxelles-pantheres.be\/index.php?rest_route=\/wp\/v2\/posts\/1641\/revisions"}],"predecessor-version":[{"id":1642,"href":"https:\/\/bruxelles-pantheres.be\/index.php?rest_route=\/wp\/v2\/posts\/1641\/revisions\/1642"}],"wp:featuredmedia":[{"embeddable":true,"href":"https:\/\/bruxelles-pantheres.be\/index.php?rest_route=\/wp\/v2\/media\/1059"}],"wp:attachment":[{"href":"https:\/\/bruxelles-pantheres.be\/index.php?rest_route=%2Fwp%2Fv2%2Fmedia&parent=1641"}],"wp:term":[{"taxonomy":"category","embeddable":true,"href":"https:\/\/bruxelles-pantheres.be\/index.php?rest_route=%2Fwp%2Fv2%2Fcategories&post=1641"},{"taxonomy":"post_tag","embeddable":true,"href":"https:\/\/bruxelles-pantheres.be\/index.php?rest_route=%2Fwp%2Fv2%2Ftags&post=1641"}],"curies":[{"name":"wp","href":"https:\/\/api.w.org\/{rel}","templated":true}]}}