{"id":165,"date":"2013-07-29T23:06:24","date_gmt":"2013-07-29T22:06:24","guid":{"rendered":"https:\/\/bruxelles-pantheres.be\/?p=165"},"modified":"2013-11-09T23:08:48","modified_gmt":"2013-11-09T22:08:48","slug":"les-black-panthers-au-panaf-dalger-en-69","status":"publish","type":"post","link":"https:\/\/bruxelles-pantheres.be\/?p=165","title":{"rendered":"Les Black Panthers au Panaf d\u2019Alger en 69"},"content":{"rendered":"<p><img decoding=\"async\" class=\"attachment-post-thumbnail wp-post-image aligncenter\" alt=\"Emory-Douglas-Black-Panther_05\" src=\"http:\/\/www.egalite.be\/wp-content\/uploads\/2013\/07\/Emory-Douglas-Black-Panther_05.jpg\" width=\"400\" height=\"261\" \/><\/p>\n<p>Les Black Panthers au Panaf d\u2019Alger en 69<!--more--><br \/>\n<iframe src=\"\/\/www.youtube.com\/embed\/NfJGZgraqOE\" height=\"315\" width=\"420\" allowfullscreen=\"\" frameborder=\"0\"><\/iframe><\/p>\n<p>Nos amis des <a href=\"https:\/\/www.facebook.com\/LesMysteresDalger\">Myst\u00e8res d\u2019Alger<\/a> ont publi\u00e9 sur leur page Facebook une photo des Black Panthers se baladant dans la casbah qui a retenu toute notre attention !<\/p>\n<p>Voici la photo :<\/p>\n<p><a href=\"http:\/\/www.chouf-chouf.com\/histoire\/les-black-panthers-au-panaf-dalger-en-69\/attachment\/panthers2\/\" rel=\"attachment wp-att-9865\"><img decoding=\"async\" title=\"panthers2\" alt=\"\" src=\"http:\/\/www.chouf-chouf.com\/wp-content\/uploads\/2013\/07\/panthers2.jpg\" width=\"720\" height=\"678\" \/><\/a><\/p>\n<p>&nbsp;<\/p>\n<p>C\u2019est en nous plongeant dans le contexte de cette photo que nous avons trouv\u00e9 un autre tr\u00e9sor : la vid\u00e9o ci-dessus. Il s\u2019agit d\u2019un film (sans aucun commentaire) tourn\u00e9, cam\u00e9ra \u00e0 l\u2019\u00e9paule, durant le mythique Festival Panafricain qui s\u2019est d\u00e9roul\u00e9 \u00e0 Alger en juillet 1969.<\/p>\n<p>Quel lien avec la photo des Blacks Panthers \u00e0 Alger ? Nous y venons. En 1969, l\u2019organisation du premier \u00ab Panaf \u00bb \u2013 pour Festival Panafricain \u2013 \u00e0 Alger, dans l\u2019enceinte du tout nouveau Club des Pins, s\u2019ins\u00e9rait dans le cadre plus large de la lutte anticoloniale et du soutien de l\u2019Alg\u00e9rie aux mouvements de lib\u00e9ration \u00e0 l\u2019\u0153uvre dans de nombreux pays africains. Lors de son <a href=\"http:\/\/www.chouf-chouf.com\/histoire\/discours-de-boumediene-au-panaf-dalger-1969\/\">discours d\u2019ouverture, le pr\u00e9sident Houari Boumediene<\/a> donna d\u2019ailleurs le la en d\u00e9clarant que l\u2019union, ou \u00ab unit\u00e9 \u00bb, africaine proc\u00e9dait d\u2019un \u00ab z\u00e8le anticolonialiste \u00bb. Nous n\u2019\u00e9tions pas encore tr\u00e8s loin de l\u2019ind\u00e9pendance et, \u00e0 ce moment-l\u00e0, l\u2019Alg\u00e9rie jouissait dans ce qu\u2019on appelait alors le \u00ab Tiers-monde \u00bb et aupr\u00e8s des mouvements de lib\u00e9ration d\u2019une position extr\u00eamement prestigieuse.<\/p>\n<p>Le festival panafricain de juillet 1969 devait ainsi illustrer, sur le plan culturel, \u00e0 la fois la dynamique de l\u2019unit\u00e9 africaine et le soutien de l\u2019Alg\u00e9rie \u00e0 la lutte anticoloniale partout o\u00f9 celle-ci se d\u00e9roulait encore. Des artistes du monde entier particip\u00e8rent \u00e0 cette premi\u00e8re \u00e9dition et de grandes figures, du jazz notamment, se rendirent \u00e0 Alger pour c\u00e9l\u00e9brer le panafricanisme : Archie Shepp, Myriam Makeba, Manu Dibango, Nina Simone, Barry <a id=\"_GPLITA_0\" title=\"Click to Continue &gt; by safesaver\" href=\"http:\/\/www.chouf-chouf.com\/histoire\/les-black-panthers-au-panaf-dalger-en-69\/#\">White<\/a>, Andr\u00e9 Salifou\u2026<\/p>\n<p>Mais le Panaf ne fut pas qu\u2019un \u00e9v\u00e9nement culturel. De nombreux leaders africains des mouvements de lib\u00e9ration \u00e9taient invit\u00e9s et pr\u00e9sents \u00e0 Alger. D\u2019autres organisations r\u00e9volutionnaires \u00e9taient repr\u00e9sent\u00e9es. Dont les Blacks Panthers ! La photo ci-dessus les immortalise ainsi d\u00e9ambulant dans la casbah \u00e0 cette occasion.<\/p>\n<p>Mohamed Benyahia, qui \u00e9tait alors ministre de l\u2019Information, autorisa les Panthers \u00e0 installer dans un bureau du centre-ville un \u00ab centre d\u2019information Afro-Am\u00e9ricain \u00bb durant le Festival, tout pr\u00e8s du bureau du Fatah, le mouvement palestinien dirig\u00e9 par Yasser Arafat. Cette proximit\u00e9 g\u00e9ographique \u00e0 Alger cr\u00e9a d\u2019ailleurs entre les deux mouvements des liens \u00e9troits.<\/p>\n<p>La vid\u00e9o ci-dessus permet de capter un peu de l\u2019atmosph\u00e8re du Festival de 69. D\u2019apr\u00e8s de nombreux t\u00e9moins, ce fut un \u00e9v\u00e9nement extraordinaire, organis\u00e9 en pleine chaleur dans une ville qui \u00e9tait alors \u00ab l<a href=\"http:\/\/www.chouf-chouf.com\/histoire\/che-guevara-a-alger-1963\/\">a Mecque des r\u00e9volutionnaires<\/a> du monde entier \u00bb.<\/p>\n<p><b>Source :\u00a0 <a href=\"http:\/\/www.chouf-chouf.com\/histoire\/les-black-panthers-au-panaf-dalger-en-69\/\">Chouf-Chouf.com <\/a><\/b><\/p>\n","protected":false},"excerpt":{"rendered":"<p>Les Black Panthers au Panaf d\u2019Alger en 69<\/p>\n","protected":false},"author":1,"featured_media":28,"comment_status":"open","ping_status":"open","sticky":false,"template":"","format":"standard","meta":{"footnotes":""},"categories":[1,21,17],"tags":[15],"class_list":["post-165","post","type-post","status-publish","format-standard","has-post-thumbnail","hentry","category-non-classe","category-anti-imperialisme","category-video","tag-resistance"],"_links":{"self":[{"href":"https:\/\/bruxelles-pantheres.be\/index.php?rest_route=\/wp\/v2\/posts\/165","targetHints":{"allow":["GET"]}}],"collection":[{"href":"https:\/\/bruxelles-pantheres.be\/index.php?rest_route=\/wp\/v2\/posts"}],"about":[{"href":"https:\/\/bruxelles-pantheres.be\/index.php?rest_route=\/wp\/v2\/types\/post"}],"author":[{"embeddable":true,"href":"https:\/\/bruxelles-pantheres.be\/index.php?rest_route=\/wp\/v2\/users\/1"}],"replies":[{"embeddable":true,"href":"https:\/\/bruxelles-pantheres.be\/index.php?rest_route=%2Fwp%2Fv2%2Fcomments&post=165"}],"version-history":[{"count":1,"href":"https:\/\/bruxelles-pantheres.be\/index.php?rest_route=\/wp\/v2\/posts\/165\/revisions"}],"predecessor-version":[{"id":166,"href":"https:\/\/bruxelles-pantheres.be\/index.php?rest_route=\/wp\/v2\/posts\/165\/revisions\/166"}],"wp:featuredmedia":[{"embeddable":true,"href":"https:\/\/bruxelles-pantheres.be\/index.php?rest_route=\/wp\/v2\/media\/28"}],"wp:attachment":[{"href":"https:\/\/bruxelles-pantheres.be\/index.php?rest_route=%2Fwp%2Fv2%2Fmedia&parent=165"}],"wp:term":[{"taxonomy":"category","embeddable":true,"href":"https:\/\/bruxelles-pantheres.be\/index.php?rest_route=%2Fwp%2Fv2%2Fcategories&post=165"},{"taxonomy":"post_tag","embeddable":true,"href":"https:\/\/bruxelles-pantheres.be\/index.php?rest_route=%2Fwp%2Fv2%2Ftags&post=165"}],"curies":[{"name":"wp","href":"https:\/\/api.w.org\/{rel}","templated":true}]}}