{"id":1657,"date":"2013-12-01T12:22:11","date_gmt":"2013-12-01T11:22:11","guid":{"rendered":"https:\/\/bruxelles-pantheres.be\/?p=1657"},"modified":"2013-12-01T12:22:11","modified_gmt":"2013-12-01T11:22:11","slug":"le-massacre-du-camp-de-thiaroye","status":"publish","type":"post","link":"https:\/\/bruxelles-pantheres.be\/?p=1657","title":{"rendered":"Le massacre du camp de Thiaroye"},"content":{"rendered":"<p style=\"text-align: justify;\">Le 1er d\u00e9cembre 1944, des tirailleurs s\u00e9n\u00e9galais furent massacr\u00e9s par l\u2019arm\u00e9e fran\u00e7aise pour avoir r\u00e9clam\u00e9 leur solde.<\/p>\n<p>Cela montre bien que pour la France ne flatte les colonis\u00e9s que quand elle a besoin d\u2019eux.<!--more--><\/p>\n<p>la bande annonce du film d\u2019Ousmane Semb\u00e8ne:<iframe src=\"http:\/\/www.dailymotion.com\/embed\/video\/xcm9tp\" height=\"270\" width=\"480\" frameborder=\"0\"><\/iframe><br \/>\n<a href=\"http:\/\/www.dailymotion.com\/video\/xcm9tp_camp-de-thiaroye-bande-annonce_shortfilms\" target=\"_blank\">Camp de Thiaroye. Bande annonce<\/a> <i>par <a href=\"http:\/\/www.dailymotion.com\/blogbreil\" target=\"_blank\">blogbreil<\/a><\/i><\/p>\n<p>En images anim\u00e9es par Rachid Bouchareb:<iframe src=\"\/\/www.youtube.com\/embed\/HUMW78b0kLE\" height=\"315\" width=\"420\" allowfullscreen=\"\" frameborder=\"0\"><\/iframe><\/p>\n<p style=\"text-align: right;\"><a href=\"http:\/\/nonaumuseefasciste.wordpress.com\/2013\/12\/01\/le-massacre-du-camp-de-thiaroye\/\">Source<\/a><\/p>\n","protected":false},"excerpt":{"rendered":"<p>Le 1er d\u00e9cembre 1944, des tirailleurs s\u00e9n\u00e9galais furent massacr\u00e9s par l\u2019arm\u00e9e fran\u00e7aise pour avoir r\u00e9clam\u00e9 leur solde. Cela montre bien que pour la France ne flatte les colonis\u00e9s que quand elle a besoin d\u2019eux.<\/p>\n","protected":false},"author":1,"featured_media":1658,"comment_status":"open","ping_status":"open","sticky":false,"template":"","format":"video","meta":{"footnotes":""},"categories":[1,36,7,28,17],"tags":[23,46,38,15],"class_list":["post-1657","post","type-post","status-publish","format-video","has-post-thumbnail","hentry","category-non-classe","category-europe","category-negrophobie","category-racismes","category-video","tag-discrimination","tag-esclavage","tag-guerre","tag-resistance","post_format-post-format-video"],"_links":{"self":[{"href":"https:\/\/bruxelles-pantheres.be\/index.php?rest_route=\/wp\/v2\/posts\/1657","targetHints":{"allow":["GET"]}}],"collection":[{"href":"https:\/\/bruxelles-pantheres.be\/index.php?rest_route=\/wp\/v2\/posts"}],"about":[{"href":"https:\/\/bruxelles-pantheres.be\/index.php?rest_route=\/wp\/v2\/types\/post"}],"author":[{"embeddable":true,"href":"https:\/\/bruxelles-pantheres.be\/index.php?rest_route=\/wp\/v2\/users\/1"}],"replies":[{"embeddable":true,"href":"https:\/\/bruxelles-pantheres.be\/index.php?rest_route=%2Fwp%2Fv2%2Fcomments&post=1657"}],"version-history":[{"count":1,"href":"https:\/\/bruxelles-pantheres.be\/index.php?rest_route=\/wp\/v2\/posts\/1657\/revisions"}],"predecessor-version":[{"id":1659,"href":"https:\/\/bruxelles-pantheres.be\/index.php?rest_route=\/wp\/v2\/posts\/1657\/revisions\/1659"}],"wp:featuredmedia":[{"embeddable":true,"href":"https:\/\/bruxelles-pantheres.be\/index.php?rest_route=\/wp\/v2\/media\/1658"}],"wp:attachment":[{"href":"https:\/\/bruxelles-pantheres.be\/index.php?rest_route=%2Fwp%2Fv2%2Fmedia&parent=1657"}],"wp:term":[{"taxonomy":"category","embeddable":true,"href":"https:\/\/bruxelles-pantheres.be\/index.php?rest_route=%2Fwp%2Fv2%2Fcategories&post=1657"},{"taxonomy":"post_tag","embeddable":true,"href":"https:\/\/bruxelles-pantheres.be\/index.php?rest_route=%2Fwp%2Fv2%2Ftags&post=1657"}],"curies":[{"name":"wp","href":"https:\/\/api.w.org\/{rel}","templated":true}]}}