{"id":1675,"date":"2013-12-24T14:40:50","date_gmt":"2013-12-24T13:40:50","guid":{"rendered":"https:\/\/bruxelles-pantheres.be\/?p=1675"},"modified":"2013-12-02T14:43:23","modified_gmt":"2013-12-02T13:43:23","slug":"sombres-vestiges-balade-coloniale-a-bruxelles","status":"publish","type":"post","link":"https:\/\/bruxelles-pantheres.be\/?p=1675","title":{"rendered":"Sombres Vestiges &#8211; Balade coloniale \u00e0 Bruxelles"},"content":{"rendered":"<p>D\u00e9couvrez certains vestiges du colonialisme belge en visitant plusieurs monuments bruxellois datant de cette \u00e9poque, souvenirs d&rsquo;une p\u00e9riode particuli\u00e8rement sombre de l&rsquo;histoire humaine.<br \/>\nAujourd&rsquo;hui, l&rsquo;excuse de la mission civilisatrice ne r\u00e9siste pas \u00e0 l&rsquo;analyse des faits, l&rsquo;heure est aux r\u00e9parations pour les peuples spoli\u00e9s, battus, m\u00e9pris\u00e9s, bless\u00e9s&#8230;<br \/>\nEmbarquez pour une visite r\u00e9solument iconoclaste et donc, furieusement n\u00e9cessaire.<!--more--><\/p>\n<p><iframe src=\"\/\/player.vimeo.com\/video\/58282901\" height=\"281\" width=\"500\" allowfullscreen=\"\" frameborder=\"0\"><\/iframe><\/p>\n<p><a href=\"http:\/\/vimeo.com\/58282901\">Sombres Vestiges &#8211; Balade coloniale \u00e0 Bruxelles<\/a> from <a href=\"http:\/\/vimeo.com\/user5523893\">nardeus<\/a> on <a href=\"https:\/\/vimeo.com\">Vimeo<\/a>.<\/p>\n","protected":false},"excerpt":{"rendered":"<p>D\u00e9couvrez certains vestiges du colonialisme belge en visitant plusieurs monuments bruxellois datant de cette \u00e9poque, souvenirs d&rsquo;une p\u00e9riode particuli\u00e8rement sombre de l&rsquo;histoire humaine. Aujourd&rsquo;hui, l&rsquo;excuse de la mission civilisatrice ne r\u00e9siste pas \u00e0 l&rsquo;analyse des faits, l&rsquo;heure est aux r\u00e9parations pour les peuples spoli\u00e9s, battus, m\u00e9pris\u00e9s, bless\u00e9s&#8230; Embarquez pour une visite r\u00e9solument iconoclaste et donc, &#8230; <a title=\"Sombres Vestiges &#8211; Balade coloniale \u00e0 Bruxelles\" class=\"read-more\" href=\"https:\/\/bruxelles-pantheres.be\/?p=1675\" aria-label=\"En savoir plus sur Sombres Vestiges &#8211; Balade coloniale \u00e0 Bruxelles\">Lire la suite<\/a><\/p>\n","protected":false},"author":1,"featured_media":1438,"comment_status":"open","ping_status":"open","sticky":false,"template":"","format":"video","meta":{"footnotes":""},"categories":[21,36,7,28,17],"tags":[31,82,80,45,72,15],"class_list":["post-1675","post","type-post","status-publish","format-video","has-post-thumbnail","hentry","category-anti-imperialisme","category-europe","category-negrophobie","category-racismes","category-video","tag-belgique","tag-colonisation","tag-congo","tag-lumumba","tag-patrice-lumumba","tag-resistance","post_format-post-format-video"],"_links":{"self":[{"href":"https:\/\/bruxelles-pantheres.be\/index.php?rest_route=\/wp\/v2\/posts\/1675","targetHints":{"allow":["GET"]}}],"collection":[{"href":"https:\/\/bruxelles-pantheres.be\/index.php?rest_route=\/wp\/v2\/posts"}],"about":[{"href":"https:\/\/bruxelles-pantheres.be\/index.php?rest_route=\/wp\/v2\/types\/post"}],"author":[{"embeddable":true,"href":"https:\/\/bruxelles-pantheres.be\/index.php?rest_route=\/wp\/v2\/users\/1"}],"replies":[{"embeddable":true,"href":"https:\/\/bruxelles-pantheres.be\/index.php?rest_route=%2Fwp%2Fv2%2Fcomments&post=1675"}],"version-history":[{"count":1,"href":"https:\/\/bruxelles-pantheres.be\/index.php?rest_route=\/wp\/v2\/posts\/1675\/revisions"}],"predecessor-version":[{"id":1676,"href":"https:\/\/bruxelles-pantheres.be\/index.php?rest_route=\/wp\/v2\/posts\/1675\/revisions\/1676"}],"wp:featuredmedia":[{"embeddable":true,"href":"https:\/\/bruxelles-pantheres.be\/index.php?rest_route=\/wp\/v2\/media\/1438"}],"wp:attachment":[{"href":"https:\/\/bruxelles-pantheres.be\/index.php?rest_route=%2Fwp%2Fv2%2Fmedia&parent=1675"}],"wp:term":[{"taxonomy":"category","embeddable":true,"href":"https:\/\/bruxelles-pantheres.be\/index.php?rest_route=%2Fwp%2Fv2%2Fcategories&post=1675"},{"taxonomy":"post_tag","embeddable":true,"href":"https:\/\/bruxelles-pantheres.be\/index.php?rest_route=%2Fwp%2Fv2%2Ftags&post=1675"}],"curies":[{"name":"wp","href":"https:\/\/api.w.org\/{rel}","templated":true}]}}