{"id":1684,"date":"2013-12-05T19:15:17","date_gmt":"2013-12-05T18:15:17","guid":{"rendered":"https:\/\/bruxelles-pantheres.be\/?p=1684"},"modified":"2013-12-05T19:15:17","modified_gmt":"2013-12-05T18:15:17","slug":"le-racisme-anti-blancs-deconstruit-en-un-sketch","status":"publish","type":"post","link":"https:\/\/bruxelles-pantheres.be\/?p=1684","title":{"rendered":"Le \u00ab racisme anti-Blancs \u00bb d\u00e9construit en un sketch"},"content":{"rendered":"<h3 class=\"chapo\">Le racisme anti-blancs, ou \u00ab racisme invers\u00e9 \u00bb, est au coeur de ce g\u00e9nial sketch par l\u2019humoriste Aamer Rahman. Un must-see.<\/h3>\n<p>Aamer Rahman, com\u00e9dien de stand-up australien originaire du Bangladesh, fait partie du duo <a class=\"ext-link\" href=\"http:\/\/www.youtube.com\/user\/foabrownplanet?feature=watch\" target=\"_blank\" rel=\"external nofollow\"><em>Fear of a Brown Planet<\/em><\/a> aux c\u00f4t\u00e9s de Nazeem Hussain. Dans un sketch mis en ligne le 28 novembre, intitul\u00e9\u00a0<em>Reverse Racism<\/em> (le racisme invers\u00e9), il aborde ce qu\u2019on appelle en France le \u00ab racisme anti-blancs \u00bb. Et c\u2019est une petite p\u00e9pite.<\/p>\n<p>Le voici, avec sa traduction :<!--more--><\/p>\n<p><iframe src=\"\/\/www.youtube.com\/embed\/dw_mRaIHb-M\" height=\"315\" width=\"560\" allowfullscreen=\"\" frameborder=\"0\"><\/iframe><\/p>\n<p><em>eaucoup de gens n\u2019aiment pas mon humour. Enfin\u2026 beaucoup de gens BLANCS n\u2019aiment pas mon humour. Beaucoup de gens blancs me disent :<\/em><\/p>\n<p>\u2014 Hey, Aamer. Tu montes sur sc\u00e8ne, tu fais des blagues sur les Blancs. Tu dis \u00ab les Blancs ceci, les Blancs cela \u00bb. Et si je faisais pareil, hein ? Et si je montais sur sc\u00e8ne pour dire \u00ab les Noirs sont comme ci, les musulmans sont comme \u00e7a \u00bb ? Tu dirais que je suis raciste, pas vrai ?<\/p>\n<p><em>Et je r\u00e9ponds\u2026 oui. Oui, je dirais \u00e7a. Vous ne devriez pas faire \u00e7a, c\u2019est mauvais pour votre sant\u00e9. Et ils me disent\u2026<\/em><\/p>\n<p>\u2014 Ouais mais toi tu le fais Aamer ! Tu montes sur sc\u00e8ne, tu dis tes blagues sur les Blancs. Tu trouves pas que c\u2019est un peu raciste aussi ? Tu penses pas que c\u2019est\u2026<\/p>\n<p><em>TINTINTINNNN !<\/em><\/p>\n<p>\u2014 Du racisme invers\u00e9 ?<\/p>\n<p><em>Non. Je ne pense pas que ce soit du racisme invers\u00e9. Pas parce que je pense que le racisme invers\u00e9 n\u2019existe pas, hein ; certaines personnes sont 100% convaincues que le racisme invers\u00e9 n\u2019existe pas, mais je ne suis pas d\u2019accord. Je pense que le racisme invers\u00e9 existe. Et je pourrais \u00eatre un \u00ab raciste invers\u00e9 \u00bb, si je le voulais.<\/em><\/p>\n<p><em>J\u2019aurais juste besoin d\u2019une machine \u00e0 remonter le temps. Je monterais dans ma machine \u00e0 remonter le temps, et je reviendrais dans le pass\u00e9, avant que les Blancs ne colonisent le monde.\u00a0<\/em><\/p>\n<p><em>Je convaincrais les peuples d\u2019Afrique, d\u2019Asie, du Moyen-Orient, d\u2019Am\u00e9rique Centrale et d\u2019Am\u00e9rique du Sud de les coloniser, d\u2019occuper leurs pays, de voler leurs terres et leurs ressources.\u00a0<\/em><\/p>\n<p><em>Je mettrais en place un genre de, je sais pas\u2026 de commerce bas\u00e9 sur l\u2019esclavage, o\u00f9 par exemple on exporterait des Blancs pour les faire travailler sur des rizi\u00e8res g\u00e9antes en Chine.\u00a0<\/em><\/p>\n<p><span style=\"font-style: normal;\">En gros, je les d\u00e9truirais pendant quelques si\u00e8cles, assez pour que leurs descendants veuillent \u00e9migrer dans les pays d\u2019o\u00f9 viennent les gens noirs et basan\u00e9s. Mais bon, bien s\u00fbr, \u00e0 ce moment-l\u00e0, j\u2019aurais d\u00e9j\u00e0 mis en place des syst\u00e8mes qui privil\u00e9gieraient les gens noirs et basan\u00e9s \u00e0 tous les niveaux \u00e9conomiques et sociaux, pour que les Blancs n\u2019aient jamais l\u2019opportunit\u00e9 de construire leur avenir.<\/span><\/p>\n<p><em>Tous les vingt ou trente ans, je mettrais en place une guerre bidon, histoire d\u2019avoir une excuse pour les bombarder jusqu\u2019\u00e0 les faire revenir \u00e0 l\u2019\u00e2ge de pierre, en disant que c\u2019est pour leur bien parce que leurs cultures sont inf\u00e9rieures.\u00a0<\/em><\/p>\n<p><em>Oh, et juste pour le fun, je soumettrais les Blancs aux crit\u00e8res de beaut\u00e9 noirs, histoire qu\u2019ils finissent par ha\u00efr la couleur de leur peau, de leurs cheveux, de leurs yeux.\u00a0<\/em><\/p>\n<p><em>Si j\u2019avais des centaines et des centaines d\u2019ann\u00e9es de \u00e7a derri\u00e8re moi, et que je montais sur sc\u00e8ne pour dire \u00ab<\/em>\u00a0Hey ! C\u2019est quoi leur souci aux Blancs ? Pourquoi ils savent pas danser ?\u00a0<em>\u00bb, l\u00e0, ce serait du racisme invers\u00e9.<\/em><\/p>\n<p><strong>EDIT<\/strong> \u2014 Puisque ce sketch en laisse certain-e-s perplexes, voire agac\u00e9-e-s, voici une petite explication que j\u2019ai donn\u00e9e sur le forum et qui pourra peut-\u00eatre enrichir le propos d\u2019Aamer Rahman :<\/p>\n<p>Pour moi ce que ce sketch veut montrer, c\u2019est que le racisme est une construction sociale qui va bien plus loin que \u00ab Les Noirs sont bons danseurs \u00bb ou autres clich\u00e9s. C\u2019est un syst\u00e8me global qui ne donne pas les m\u00eames chances aux gens selon leur couleur de peau et\/ou leur origine et\/ou leur religion.<\/p>\n<p>Selon moi on ne peut pas mettre sur le m\u00eame plan le racisme et le \u00ab racisme anti-Blancs \u00bb, parce qu\u2019on vit dans un pays r\u00e9gi par des Blancs, o\u00f9 les Blancs ont acc\u00e8s \u00e0 tout sans \u00eatre discrimin\u00e9s sur la couleur de leur peau, alors que le racisme en g\u00e9n\u00e9ral touche tous les gens non-Blancs peu importe leur parcours, leur personnalit\u00e9, leurs aptitudes, leur fa\u00e7on d\u2019agir.<\/p>\n<p>Donc on ne peut pas dire qu\u2019un Noir qui fait des blagues sur les Blancs c\u2019est aussi grave qu\u2019un Blanc qui fait des blagues sur les Noirs. Les deux sont des blagues faciles et franchement d\u00e9cevantes mais le poids global n\u2019est pas le m\u00eame.<\/p>\n<p>Pour moi c\u2019est un peu pareil que \u00ab l\u2019h\u00e9t\u00e9rophobie \u00bb critiqu\u00e9e par certaines personnes, je vois pas comment on peut dire qu\u2019on vit dans un monde h\u00e9t\u00e9rophobe ou raciste envers les Blancs, faudrait avoir de sacr\u00e9es oeill\u00e8res !<\/p>\n<p>Je pense que c\u2019est pas une question de payer pour le pass\u00e9, puisqu\u2019on ne peut pas le changer, c\u2019est plus le souci de reconna\u00eetre que le racisme est quelque chose qui fait partie int\u00e9grante du syst\u00e8me r\u00e9gissant le monde dans lequel on vit, monde dans lequel les Blancs sont privil\u00e9gi\u00e9s dans quasiment TOUS les domaines, et que donc les blagues sur un groupe de gens oppress\u00e9s (les gens non-Blancs) n\u2019ont absolument pas la m\u00eame port\u00e9e que des blagues sur le groupe dominant (les Blancs).<\/p>\n<p><a href=\"http:\/\/www.madmoizelle.com\/racisme-anti-blanc-stand-up-215102\">SOURCE<\/a><\/p>\n","protected":false},"excerpt":{"rendered":"<p>Le racisme anti-blancs, ou \u00ab racisme invers\u00e9 \u00bb, est au coeur de ce g\u00e9nial sketch par l\u2019humoriste Aamer Rahman. Un must-see. Aamer Rahman, com\u00e9dien de stand-up australien originaire du Bangladesh, fait partie du duo Fear of a Brown Planet aux c\u00f4t\u00e9s de Nazeem Hussain. Dans un sketch mis en ligne le 28 novembre, intitul\u00e9\u00a0Reverse Racism &#8230; <a title=\"Le \u00ab racisme anti-Blancs \u00bb d\u00e9construit en un sketch\" class=\"read-more\" href=\"https:\/\/bruxelles-pantheres.be\/?p=1684\" aria-label=\"En savoir plus sur Le \u00ab racisme anti-Blancs \u00bb d\u00e9construit en un sketch\">Lire la suite<\/a><\/p>\n","protected":false},"author":1,"featured_media":1686,"comment_status":"open","ping_status":"open","sticky":false,"template":"","format":"video","meta":{"footnotes":""},"categories":[28,17],"tags":[],"class_list":["post-1684","post","type-post","status-publish","format-video","has-post-thumbnail","hentry","category-racismes","category-video","post_format-post-format-video"],"_links":{"self":[{"href":"https:\/\/bruxelles-pantheres.be\/index.php?rest_route=\/wp\/v2\/posts\/1684","targetHints":{"allow":["GET"]}}],"collection":[{"href":"https:\/\/bruxelles-pantheres.be\/index.php?rest_route=\/wp\/v2\/posts"}],"about":[{"href":"https:\/\/bruxelles-pantheres.be\/index.php?rest_route=\/wp\/v2\/types\/post"}],"author":[{"embeddable":true,"href":"https:\/\/bruxelles-pantheres.be\/index.php?rest_route=\/wp\/v2\/users\/1"}],"replies":[{"embeddable":true,"href":"https:\/\/bruxelles-pantheres.be\/index.php?rest_route=%2Fwp%2Fv2%2Fcomments&post=1684"}],"version-history":[{"count":1,"href":"https:\/\/bruxelles-pantheres.be\/index.php?rest_route=\/wp\/v2\/posts\/1684\/revisions"}],"predecessor-version":[{"id":1687,"href":"https:\/\/bruxelles-pantheres.be\/index.php?rest_route=\/wp\/v2\/posts\/1684\/revisions\/1687"}],"wp:featuredmedia":[{"embeddable":true,"href":"https:\/\/bruxelles-pantheres.be\/index.php?rest_route=\/wp\/v2\/media\/1686"}],"wp:attachment":[{"href":"https:\/\/bruxelles-pantheres.be\/index.php?rest_route=%2Fwp%2Fv2%2Fmedia&parent=1684"}],"wp:term":[{"taxonomy":"category","embeddable":true,"href":"https:\/\/bruxelles-pantheres.be\/index.php?rest_route=%2Fwp%2Fv2%2Fcategories&post=1684"},{"taxonomy":"post_tag","embeddable":true,"href":"https:\/\/bruxelles-pantheres.be\/index.php?rest_route=%2Fwp%2Fv2%2Ftags&post=1684"}],"curies":[{"name":"wp","href":"https:\/\/api.w.org\/{rel}","templated":true}]}}