{"id":1691,"date":"2013-12-06T19:23:45","date_gmt":"2013-12-06T18:23:45","guid":{"rendered":"https:\/\/bruxelles-pantheres.be\/?p=1691"},"modified":"2013-12-20T10:56:00","modified_gmt":"2013-12-20T09:56:00","slug":"charlie-hebdo-pas-raciste-si-vous-le-dites","status":"publish","type":"post","link":"https:\/\/bruxelles-pantheres.be\/?p=1691","title":{"rendered":"\u00ab Charlie Hebdo \u00bb, pas raciste ? Si vous le dites\u2026"},"content":{"rendered":"<div style=\"width: 783px;\">\n<div id=\"chapo\">\n<p>Il y a travaill\u00e9 de 1992 \u00e0 2001, avant de claquer la porte, \u00e9chaud\u00e9 par \u00ab\u00a0<i>la conduite despotique et l\u2019affairisme ascensionnel<\/i>\u00a0\u00bb d\u2019un certain Philippe Val. Depuis, Olivier Cyran observe de loin, hors les murs, l\u2019\u00e9volution de <i>Charlie Hebdo<\/i> et sa grandissante obsession pour l\u2019islam. Il revient sur cette longue d\u00e9rive \u00e0 l\u2019occasion d\u2019une tribune r\u00e9cemment publi\u00e9e dans <i>Le Monde<\/i>, sign\u00e9e Charb et Fabrice Nicolino.<\/p>\n<\/div>\n<div id=\"texte\">\n<p>Cher Charb, cher Fabrice Nicolino,<!--more--><\/p>\n<p>\u00ab\u00a0<i>Et que ceux qui pr\u00e9tendent et pr\u00e9tendront demain que \u201cCharlie\u201d est raciste aient au moins le courage de le dire \u00e0 voix haute, et sous leur nom. Nous saurons quoi leur r\u00e9pondre.<\/i>\u00a0\u00bb En lisant cette rodomontade \u00e0 la fin de votre tribune dans <i>Le Monde<\/i><a class=\"spip_note\" id=\"nh1\" title=\"\u00ab Non, Charlie Hebdo n\u2019est pas raciste ! \u00bb, Le Monde, 20 novembre\u00a0(...)\" href=\"http:\/\/www.article11.info\/?Charlie-Hebdo-pas-raciste-Si-vous#nb1\" rel=\"footnote\">1<\/a>, fa\u00e7on \u00ab\u00a0<i>viens nous le dire en face si t\u2019es un homme<\/i>\u00a0\u00bb, j\u2019ai senti monter comme une envie de rejoindre mon poste de combat dans la cour de r\u00e9cr\u00e9. La sommation ne m\u2019\u00e9tait pourtant pas destin\u00e9e. Quelles bonnes \u00e2mes vous esp\u00e9rez convaincre, d\u2019ailleurs, myst\u00e8re. Cela fait belle lurette que quantit\u00e9 de gens disent \u00e0 \u00ab\u00a0<i>voix haute<\/i>\u00a0\u00bb et \u00ab\u00a0<i>sous leur nom<\/i>\u00a0\u00bb ce qu\u2019ils pensent de votre journal et du fonds de sauce qui s\u2019en \u00e9coule, sans que personne chez vous ne se soit souci\u00e9 de leur r\u00e9pondre ou d\u2019agiter ses petits poings.<\/p>\n<p>Ainsi donc <i>Le Monde<\/i> vous a charitablement ouvert son rayon blanchisserie, pour un repassage express de votre honneur tout chiffonn\u00e9. \u00c0 vous entendre, il y avait urgence\u00a0: m\u00eame plus moyen de sortir dans Paris sans qu\u2019un chauffeur de taxi vous traite de racistes et vous abandonne les bras ballants sur le bord du trottoir. On comprend la vexation, mais pourquoi ce besoin d\u2019aller vous refaire une beaut\u00e9 dans un autre journal que le v\u00f4tre\u00a0? <i>Charlie Hebdo<\/i>, son site internet et sa maison d\u2019\u00e9dition ne vous offrent donc pas un espace d\u2019expression \u00e0 la hauteur\u00a0? Vous invoquez le glorieux h\u00e9ritage du \u00ab\u00a0Charlie\u00a0\u00bb des ann\u00e9es 1960 et 70, quand c\u2019\u00e9tait la censure du pouvoir politique et non la hantise du discr\u00e9dit qui donnait du fil \u00e0 retordre au journal. Mais je doute qu\u2019\u00e0 l\u2019\u00e9poque un Cavanna ou un Choron eussent qu\u00e9mand\u00e9 l\u2019aide de la presse en redingote pour se fa\u00e7onner une respectabilit\u00e9.<\/p>\n<p>S\u2019il m\u2019est arriv\u00e9 \u00e0 moi aussi, par le pass\u00e9, de griffonner quelques lignes fumasses en r\u00e9action \u00e0 tel ou tel de vos exploits, je ne me suis jamais appesanti sur le sujet. Sans doute n\u2019avais-je ni la patience ni le c\u0153ur assez bien accroch\u00e9 pour suivre semaine apr\u00e8s semaine la navrante mutation qui s\u2019est op\u00e9r\u00e9e dans votre \u00e9quipe apr\u00e8s le tournant du 11 septembre 2001. Je ne faisais d\u00e9j\u00e0 plus partie de <i>Charlie Hebdo<\/i> quand les avions suicide ont percut\u00e9 votre ligne \u00e9ditoriale, mais la n\u00e9vrose islamophobe qui s\u2019est peu \u00e0 peu empar\u00e9e de vos pages \u00e0 compter de ce jour-l\u00e0 m\u2019affectait personnellement, car elle salopait le souvenir des bons moments que j\u2019avais pass\u00e9s dans ce journal au cours des ann\u00e9es 1990. Le rire d\u00e9vastateur du \u00ab\u00a0Charlie\u00a0\u00bb que j\u2019avais aim\u00e9 sonnait d\u00e9sormais \u00e0 mes oreilles comme le rire de l\u2019imb\u00e9cile heureux qui se d\u00e9boutonne au comptoir du commerce, ou du cochon qui se roule dans sa merde. Pour autant je n\u2019ai jamais qualifi\u00e9 votre journal de raciste. Mais puisque aujourd\u2019hui vous proclamez haut et fort votre antiracisme inoxydable et sans reproches, le moment est peut-\u00eatre venu de consid\u00e9rer s\u00e9rieusement la question.<\/p>\n<p>Raciste, <i>Charlie Hebdo<\/i> ne l\u2019\u00e9tait assur\u00e9ment pas du temps o\u00f9 j\u2019y ai travaill\u00e9. En tout cas, l\u2019id\u00e9e qu\u2019un jour le canard s\u2019exposerait \u00e0 pareil soup\u00e7on ne m\u2019a jamais effleur\u00e9. Il y a avait bien quelques franchouillardises et les \u00e9ditos de Philippe Val, sujets \u00e0 une fixette inqui\u00e9tante et s\u2019aggravant au fil des ans sur le \u00ab\u00a0<i>monde arabo-musulman<\/i>\u00a0\u00bb, consid\u00e9r\u00e9 comme un oc\u00e9an de barbarie mena\u00e7ant de submerger \u00e0 tout instant cet \u00eelot de haute culture et de raffinement d\u00e9mocratique qu\u2019\u00e9tait pour lui Isra\u00ebl. Mais les d\u00e9lires du taulier restaient confin\u00e9s \u00e0 sa page 3 et ne d\u00e9bordaient que rarement sur le c\u0153ur du journal qui, dans ces ann\u00e9es-l\u00e0, me semblait-il, battait d\u2019un sang plut\u00f4t bien oxyg\u00e9n\u00e9.<\/p>\n<p>\u00c0 peine avais-je pris mes cliques et mes claques, lass\u00e9 par la conduite despotique et l\u2019affairisme ascensionnel du patron, que les tours jumelles s\u2019effondr\u00e8rent et que Caroline Fourest d\u00e9barqua dans votre r\u00e9daction. Cette double catastrophe mit en branle un processus de reformatage id\u00e9ologique qui allait faire fuir vos anciens lecteurs et vous en attirer d\u2019autres, plus propres sur eux, et plus sensibles \u00e0 la \u00ab\u00a0<i>war on terror<\/i>\u00a0\u00bb version Rires &amp; Chansons qu\u2019\u00e0 l\u2019anarchie douce d\u2019un G\u00e9b\u00e9. Petit \u00e0 petit, la d\u00e9nonciation en vrac des \u00ab\u00a0barbus\u00a0\u00bb, des femmes voil\u00e9es et de leurs complices imaginaires s\u2019imposa comme un axe central de votre production journalistique et satirique. Des \u00ab\u00a0enqu\u00eates\u00a0\u00bb se mirent \u00e0 fleurir qui accr\u00e9ditaient les rumeurs les plus extravagantes, comme la pr\u00e9tendue infiltration de la Ligue des droits de l\u2019homme (LDH) ou du Forum social europ\u00e9en (FSE) par une horde de salafistes assoiff\u00e9s de sang<a class=\"spip_note\" id=\"nh2\" title=\"Fiammetta Venner, \u00ab Forum social europ\u00e9en : un autre jihad est possible \u00bb,\u00a0(...)\" href=\"http:\/\/www.article11.info\/?Charlie-Hebdo-pas-raciste-Si-vous#nb2\" rel=\"footnote\">2<\/a>. Le nouveau tropisme en vigueur imposa d\u2019abjurer le temp\u00e9rament indocile qui structurait le journal jusqu\u2019alors et de nouer des alliances avec les figures les plus corrompues de la jet-set intellectuelle, telles que Bernard-Henri L\u00e9vy ou Antoine Sfeir, cosignataires dans <i>Charlie Hebdo<\/i> d\u2019un guignolesque \u00ab\u00a0<a class=\"spip_out\" href=\"http:\/\/www.lexpress.fr\/actualite\/societe\/le-manifeste-des-douze-ensemble-contre-le-nouveau-totalitarisme_482860.html\" target=\"_blank\" rel=\"external\">Manifeste des douze contre le nouveau totalitarisme islamique<\/a><a class=\"spip_note\" id=\"nh3\" title=\"Publi\u00e9 le 1er mars 2006 dans Charlie Hebdo en partenariat avec L\u2019Express,\u00a0(...)\" href=\"http:\/\/www.article11.info\/?Charlie-Hebdo-pas-raciste-Si-vous#nb3\" rel=\"footnote\">3<\/a>\u00a0\u00bb. Quiconque ne se reconnaissait pas dans une lecture du monde opposant les civilis\u00e9s (europ\u00e9ens) aux obscurantistes (musulmans) se voyait illico presto renvoy\u00e9 dans les cordes des \u00ab\u00a0<i>idiots utiles<\/i>\u00a0\u00bb ou des \u00ab\u00a0<i>islamo-gauchistes<\/i>\u00a0\u00bb.<\/p>\n<dl class=\"spip_document_6224 spip_documents spip_documents_left 1\">\n<dt><img decoding=\"async\" alt=\"JPEG - 512.1 ko\" src=\"http:\/\/www.article11.info\/local\/cache-vignettes\/L680xH840\/5-22-eeca0.jpg\" width=\"680\" height=\"840\" \/><\/dt>\n<\/dl>\n<p>\u00c0 <i>Charlie Hebdo<\/i>, il a toujours \u00e9t\u00e9 de bon ton de railler les \u00ab\u00a0<i>gros cons<\/i>\u00a0\u00bb qui aiment le foot et regardent TF1. Pente glissante. La conviction d\u2019\u00eatre d\u2019une essence sup\u00e9rieure, habilit\u00e9e \u00e0 regarder de tr\u00e8s haut le commun des mortels, constitue le plus s\u00fbr moyen de saboter ses propres d\u00e9fenses intellectuelles et de les laisser bailler au moindre courant d\u2019air. Les v\u00f4tres, pourtant arrim\u00e9es \u00e0 une bonne \u00e9ducation, \u00e0 des revenus confortables et \u00e0 l\u2019entre-soi gratifiant de la \u00ab\u00a0bande \u00e0 Charlie\u00a0\u00bb, ont d\u00e9gringol\u00e9 \u00e0 une vitesse ahurissante. Je me souviens de cette pleine page de Caroline Fourest parue le 11 juin 2008. Elle y racontait son amicale rencontre avec le dessinateur n\u00e9erlandais Gregorius Nekschot, qui s\u2019\u00e9tait attir\u00e9 quelques ennuis pour avoir repr\u00e9sent\u00e9 ses concitoyens musulmans sous un jour particuli\u00e8rement drolatique. Qu\u2019on en juge\u00a0: un imam habill\u00e9 en P\u00e8re No\u00ebl en train d\u2019enculer une ch\u00e8vre, avec pour l\u00e9gende\u00a0: \u00ab\u00a0<i>Il faut savoir partager les traditions<\/i>\u00a0\u00bb.\u00a0Ou un Arabe affal\u00e9 sur un pouf et perdu dans ses pens\u00e9es\u00a0: \u00ab\u00a0<i>Le Coran ne dit pas s\u2019il faut faire quelque chose pour avoir trente ans de ch\u00f4mage et d\u2019allocs<\/i>\u00a0\u00bb. Ou encore ce \u00ab\u00a0<i>monument \u00e0 l\u2019esclavage du contribuable autochtone blanc<\/i>\u00a0\u00bb\u00a0: un N\u00e9erlandais, cha\u00eenes au pied, portant sur son dos un Noir, bras crois\u00e9s et t\u00e9tine \u00e0 la bouche. Racisme f\u00e9tide\u00a0? Allons donc, libert\u00e9 d\u2019expression\u00a0! Certes, conc\u00e8de Fourest, l\u2019humour un peu cors\u00e9 de son ami \u00ab\u00a0<i>ne voyage pas toujours bien<\/i>\u00a0\u00bb, mais il doit \u00eatre compris \u00ab\u00a0<i>dans un contexte n\u00e9erlandais ultratol\u00e9rant, voire ang\u00e9lique, envers l\u2019int\u00e9grisme<\/i>\u00a0\u00bb. La faute \u00e0 qui si les musulmans pr\u00eatent le flanc \u00e0 des gags difficilement exportables\u00a0? Aux musulmans eux-m\u00eames et \u00e0 leurs alli\u00e9s trop ang\u00e9liques, \u00e7a va de soi. Comme l\u2019enseigne Nekschot aux lecteurs de Charlie Hebdo, \u00ab\u00a0<i>les musulmans doivent comprendre que l\u2019humour fait partie de nos traditions depuis des si\u00e8cles<\/i>\u00a0\u00bb.<\/p>\n<p>Personne chez vous n\u2019a claqu\u00e9 sa d\u00e9mission apr\u00e8s cette page insuffisamment remarqu\u00e9e, qui apr\u00e8s tout ne faisait que consacrer le processus entam\u00e9 six ou sept ans plus t\u00f4t. Vos sortes de tol\u00e9rances vous regardent. Mais quand je lis dans votre tribune du <i>Monde<\/i>\u00a0: \u00ab\u00a0<i>Nous avons presque honte de rappeler que l\u2019antiracisme et la passion de l\u2019\u00e9galit\u00e9 entre tous les humains sont et resteront le pacte fondateur de<\/i> Charlie Hebdo\u00a0\u00bb, la seule information que je retiens, c\u2019est que votre \u00e9quipe ne serait donc pas totalement inaccessible \u00e0 la honte. Vraiment\u00a0?<\/p>\n<p>Apr\u00e8s le d\u00e9part en 2009 de Val et de Fourest, appel\u00e9s \u00e0 de plus hautes destin\u00e9es, l\u2019un \u00e0 la t\u00eate d\u2019une radio publique, l\u2019autre sur les podiums de l\u2019antiracisme gouvernemental, on se demandait si vous continueriez \u00e0 faire du Val sans lui et de la Fourest sans elle. Le moins que l\u2019on puisse dire, c\u2019est que vous \u00eates rest\u00e9s fid\u00e8les \u00e0 la ligne. Impr\u00e9gn\u00e9s jusqu\u2019au trognon, faut croire.<\/p>\n<p>Aujourd\u2019hui, les mouches qu\u2019un Tignous n\u2019omet jamais de faire tourner autour de la t\u00eate de ses \u00ab\u00a0<i>barbus<\/i>\u00a0\u00bb se collent plus que jamais \u00e0 votre imaginaire d\u00e8s que vous \u00ab\u00a0<i>riez<\/i>\u00a0\u00bb des musulmans. Dans une vid\u00e9o post\u00e9e fin 2011 sur le site de <i>Charlie Hebdo<\/i>, on te voyait, Charb, imiter l\u2019appel du muezzin sous les hoquets hilares de tes petits camarades. Tordant, le num\u00e9ro de la psalmodie coranique \u00e0 l\u2019heure du bouclage, Michel Leeb n\u2019aurait pas fait mieux. Dans quelle marinade collective faut-il mac\u00e9rer pour en arriver l\u00e0\u00a0? Dans quelles crevasses psychologiques puisez-vous mati\u00e8re \u00e0 \u00ab\u00a0rire\u00a0\u00bb d\u2019un dessin repr\u00e9sentant des femmes voil\u00e9es qui exhibent leurs fesses pendant qu\u2019elles font leur pri\u00e8re \u00e0 la \u00ab\u00a0<i>m\u00e8re Mecquerelle<\/i>\u00a0\u00bb\u00a0? Minable vanne m\u00eame pas honteuse, embarrassante d\u2019imb\u00e9cilit\u00e9 avant m\u00eame que d\u2019\u00eatre r\u00e9v\u00e9latrice d\u2019un \u00e9tat d\u2019esprit, d\u2019une vision du monde.<\/p>\n<dl class=\"spip_document_6227 spip_documents spip_documents_left 1\">\n<dt><img decoding=\"async\" alt=\"JPEG - 133.8 ko\" src=\"http:\/\/www.article11.info\/local\/cache-vignettes\/L346xH259\/a-36-0396f.jpg\" width=\"346\" height=\"259\" \/><\/dt>\n<\/dl>\n<p>C\u2019est ce dessin de Catherine qui me vient \u00e0 l\u2019esprit, mais je pourrais en citer tant d\u2019autres parmi les \u00e9panchements de gaudriole islamophobe que vous autres, fabricants d\u2019humour gonfl\u00e9 aux vents du temps, d\u00e9gazez \u00e0 longueur de semaines. Ce dessin-l\u00e0 accompagnait une pseudo-enqu\u00eate sur les \u00ab\u00a0djihadistes du sexe\u00a0\u00bb en Syrie<a class=\"spip_note\" id=\"nh4\" title=\"Zineb El Rhazoui, \u00ab Sexe and the Syrie \u00bb, Charlie Hebdo, 25 septembre\u00a0(...)\" href=\"http:\/\/www.article11.info\/?Charlie-Hebdo-pas-raciste-Si-vous#nb4\" rel=\"footnote\">4<\/a>. Un \u00ab\u00a0scoop\u00a0\u00bb dont on apprenait peu de temps apr\u00e8s \u2013\u00a0il est vrai qu\u2019on s\u2019en doutait un peu \u00e0 la lecture\u00a0\u2013 que c\u2019\u00e9tait un tissu d\u2019\u00e2neries bidonn\u00e9 \u00e0 des fins de propagande<a class=\"spip_note\" id=\"nh5\" title=\"Ignace Leverrier, \u00ab Vous allez \u00eatre d\u00e9\u00e7us : le \u201cdjihad du sexe\u201d en Syrie n\u2019a\u00a0(...)\" href=\"http:\/\/www.article11.info\/?Charlie-Hebdo-pas-raciste-Si-vous#nb5\" rel=\"footnote\">5<\/a>. \u00c0 noter que vous n\u2019avez m\u00eame pas retir\u00e9 cette daube de votre site web\u00a0: apparemment, certains sujets se pr\u00eatent mieux que d\u2019autres au rel\u00e2chement. Quand on rigole avec la femme voil\u00e9e, on peut bien se laisser aller, s\u2019autoriser un peu de confusion entre info croustillante en papier m\u00e2ch\u00e9 et poilade de salle de garde.<\/p>\n<p>Mais je ne vous \u00e9cris pas pour vous parler de bon go\u00fbt, plut\u00f4t de ce pays que vous avez contribu\u00e9 \u00e0 rendre plus insalubre. Un pays qui d\u00e9sormais interdit \u00e0 une femme de travailler dans une cr\u00e8che au motif que le bout de tissu qu\u2019elle porte sur la t\u00eate traumatiserait les bambins. O\u00f9 une \u00e9l\u00e8ve de troisi\u00e8me coiff\u00e9e d\u2019un bandana jug\u00e9 trop large se fait exclure de son coll\u00e8ge avec la b\u00e9n\u00e9diction d\u2019un maire UMP, du ministre socialiste de l\u2019\u00c9ducation nationale et de la presse \u00e9cumante<a class=\"spip_note\" id=\"nh6\" title=\"Pour un d\u00e9corticage de cette affaire hallucinante, lire Abdellali Hajjat et\u00a0(...)\" href=\"http:\/\/www.article11.info\/?Charlie-Hebdo-pas-raciste-Si-vous#nb6\" rel=\"footnote\">6<\/a>. O\u00f9 l\u2019on peine \u00e0 trouver un comptoir de bistrot ou une table de fins lettr\u00e9s sans qu\u2019\u00e0 un moment ne se d\u00e9verse le genre de blagues qui, \u00e0 \u00ab\u00a0Charlie\u00a0\u00bb, vous font p\u00e9ter les boyaux le jour du bouclage. O\u00f9 l\u2019on consid\u00e8re comme une avant-garde de la cinqui\u00e8me colonne toute femme qui se couvre les cheveux, au point qu\u2019on lui interdit de participer \u00e0 une sortie scolaire ou de faire du b\u00e9n\u00e9volat aux Restos du c\u0153ur<a class=\"spip_note\" id=\"nh7\" title=\"\u00ab Pas de femmes voil\u00e9es aux Restos du c\u0153ur \u00bb, www.islamophobie.net, 6 d\u00e9cembre\u00a0(...)\" href=\"http:\/\/www.article11.info\/?Charlie-Hebdo-pas-raciste-Si-vous#nb7\" rel=\"footnote\">7<\/a>.<\/p>\n<p>Je sais qu\u2019\u00e0 vos yeux ces vigoureuses dispositions sont cruciales pour la survie de la r\u00e9publique et de la la\u00efcit\u00e9. R\u00e9cemment, vous avez jug\u00e9 utile de publier une interview de votre avocat, Richard Malka, le valeureux d\u00e9fenseur de Clearstream, de DSK et de l\u2019esprit des Lumi\u00e8res. \u00ab\u00a0<i>Le voile, c\u2019est l\u2019an\u00e9antissement, l\u2019ensevelissement du triptyque r\u00e9publicain \u201cLibert\u00e9, \u00c9galit\u00e9, Fraternit\u00e9\u201d<\/i><a class=\"spip_note\" id=\"nh8\" title=\"Les majuscules sont fournies par la r\u00e9daction de Charlie Hebdo.\" href=\"http:\/\/www.article11.info\/?Charlie-Hebdo-pas-raciste-Si-vous#nb8\" rel=\"footnote\">8<\/a>\u00a0\u00bb, p\u00e9rorait votre bavard comme \u00e0 un concours d\u2019\u00e9loquence pour vendeurs d\u2019aspirateurs<a class=\"spip_note\" id=\"nh9\" title=\"\u00ab Affaire Baby-Loup : la la\u00efcit\u00e9 \u00e0 la barre \u00bb, interview de Richard Malka par\u00a0(...)\" href=\"http:\/\/www.article11.info\/?Charlie-Hebdo-pas-raciste-Si-vous#nb9\" rel=\"footnote\">9<\/a>. Faudrait d\u00e9j\u00e0 qu\u2019il nous explique en quoi ce fameux triptyque a une existence concr\u00e8te et au b\u00e9n\u00e9fice de qui, mais passons. Ce qu\u2019il enfonce dans la t\u00eate de vos lecteurs, pourtant d\u00e9j\u00e0 abondamment instruits en la mati\u00e8re, c\u2019est que quelques centim\u00e8tres carr\u00e9s de coton \u00e9ventuellement m\u00eal\u00e9 de polyester menacent de r\u00e9pandre la peste sur notre beau pays. Que ce voile est si dangereusement infect\u00e9 qu\u2019il ne serait pas sage de pr\u00eater attention \u00e0 l\u2019individu qui le porte.<\/p>\n<p>Je dois pr\u00e9ciser \u00e0 ce stade que, personnellement, je n\u2019ai aucun \u00ab\u00a0probl\u00e8me\u00a0\u00bb avec le bonnet de ma tante ou les dreadlocks de mon cousin, et que je n\u2019en ai pas davantage avec le voile de ma voisine. Si cette derni\u00e8re me confiait qu\u2019elle le porte contre son gr\u00e9, j\u2019aurais certainement le r\u00e9flexe de l\u2019encourager \u00e0 trouver les moyens de vivre comme elle l\u2019entend. Je r\u00e9agirais de m\u00eame si on l\u2019obligeait \u00e0 porter des bas r\u00e9sille ou le kilt \u00e9cossais. En dehors d\u2019un tel sc\u00e9nario, qu\u2019une femme d\u00e9cide ou non de porter telle ou telle liquette ne me regarde pas. Que ce soit pour des motifs personnels, religieux, esth\u00e9tiques ou autres, c\u2019est son affaire. \u00c9tonnante, cette manie qu\u2019ont les gens dans ce pays de projeter leurs fantasmes sur un carr\u00e9 d\u2019\u00e9toffe, qui l\u2019ali\u00e9nation de la femme, qui la peur de l\u2019invasion islamique, qui la d\u00e9fense du droit masculin \u00e0 la drague capillaire, etc. Peu m\u2019importent le voile, les talons hauts ou m\u00eame le t-shirt Cama\u00efeu made in Bangladesh, du moment que la personne dessous, dessus ou dedans m\u00e9rite le respect. O\u00f9 en sommes-nous rendus pour qu\u2019il faille r\u00e9habiliter un principe aussi \u00e9vident\u00a0? Essayez-le, vous verrez\u00a0: c\u2019est le meilleur pr\u00e9ventif contre l\u2019ulc\u00e8re \u00e0 l\u2019estomac et la sauce blanche dans la t\u00eate.<\/p>\n<dl class=\"spip_document_6221 spip_documents spip_documents_left 1\">\n<dt><img decoding=\"async\" alt=\"JPEG - 69.1 ko\" src=\"http:\/\/www.article11.info\/local\/cache-vignettes\/L450xH448\/2-51-114ff.jpg\" width=\"450\" height=\"448\" \/><\/dt>\n<\/dl>\n<p>Le pilonnage obsessionnel des musulmans auquel votre hebdomadaire se livre depuis une grosse dizaine d\u2019ann\u00e9es a des effets tout \u00e0 fait concrets. Il a puissamment contribu\u00e9 \u00e0 r\u00e9pandre dans l\u2019opinion \u00ab\u00a0de gauche\u00a0\u00bb l\u2019id\u00e9e que l\u2019islam est un \u00ab\u00a0probl\u00e8me\u00a0\u00bb majeur de la soci\u00e9t\u00e9 fran\u00e7aise. Que rabaisser les musulmans n\u2019est plus un privil\u00e8ge de l\u2019extr\u00eame droite, mais un droit \u00e0 l\u2019impertinence sanctifi\u00e9 par la la\u00efcit\u00e9, la r\u00e9publique, le \u00ab\u00a0vivre ensemble\u00a0\u00bb. Et m\u00eame, ne soyons pas pingres sur les alibis, par le droit des femmes \u2013 \u00e9tant largement admis aujourd\u2019hui que l\u2019exclusion d\u2019une gamine voil\u00e9e rel\u00e8ve non d\u2019une discrimination stupide, mais d\u2019un f\u00e9minisme de bon aloi consistant \u00e0 s\u2019acharner sur celle que l\u2019on pr\u00e9tend lib\u00e9rer. Drap\u00e9s dans ces nobles intentions qui flattent leur ignorance et les exon\u00e8rent de tout scrupule, voil\u00e0 que des gens qui nous \u00e9taient proches et que l\u2019on croyait sains d\u2019esprit se mettent brusquement \u00e0 d\u00e9bonder des cr\u00e9tineries racistes. \u00c0 chacun sa r\u00e9f\u00e9rence\u00a0: <i>La journ\u00e9e de la jupe<\/i>, Elisabeth Badinter, Alain Finkielkraut, Caroline Fourest, Pascal Bruckner, Manuel Valls, Marine Le Pen ou combien d\u2019autres, il y en a pour tous les go\u00fbts et toutes les \u00ab\u00a0sensibilit\u00e9s\u00a0\u00bb. Mais il est rare que <i>Charlie Hebdo<\/i> ne soit pas cit\u00e9 \u00e0 l\u2019appui de la r\u00e8gle d\u2019or qui autorise \u00e0 d\u00e9gueuler sur les musulmans. Et comme vos disciples ont bien retenu la le\u00e7on, ils ne manquent jamais de se r\u00e9crier quand on les chope en flag\u2019\u00a0: mais enfin, on a bien le droit de se moquer des religions\u00a0! Pas d\u2019amalgame entre la critique l\u00e9gitime de l\u2019islam et le racisme anti-arabe\u00a0!<\/p>\n<p>C\u2019est \u00e9videmment ce m\u00eame sillon que vous labourez dans votre tribune du <i>Monde<\/i>. \u00ab\u00a0<i>Passe encore<\/i>, vous lamentez-vous, <i>que Charlie consacre tant de ses dessins de couverture aux papistes. Mais la religion musulmane, drapeau impos\u00e9 \u00e0 d\u2019innombrables peuples de la plan\u00e8te, jusqu\u2019en Indon\u00e9sie, devrait, elle, \u00eatre \u00e9pargn\u00e9e. Pourquoi diable\u00a0? Quel est le rapport, autre qu\u2019id\u00e9ologique, essentialiste au fond, entre le fait d\u2019\u00eatre arabe par exemple et l\u2019appartenance \u00e0 l\u2019islam\u00a0?<\/i>\u00a0\u00bb<\/p>\n<p>Je veux bien t\u00e2cher d\u2019\u00e9clairer vos lanternes sur ce point, mais permettez-moi d\u2019abord d\u2019appr\u00e9cier la vicieuse petite incise dans laquelle vous resservez en louced\u00e9 le vieux plat sur l\u2019islam-religion-conqu\u00e9rante qui fait rien qu\u2019\u00e0 croquer la plan\u00e8te. L\u2019islamisation de l\u2019archipel indon\u00e9sien a commenc\u00e9 au XIII<sup class=\"typo_exposants\">e<\/sup> si\u00e8cle, quand des princes de Sumatra se sont convertis \u00e0 la religion des marchands perses et indiens qui faisaient bombance dans leurs ports \u2013 non sous la contrainte, mais par d\u00e9sir d\u2019int\u00e9grer un r\u00e9seau commercial prosp\u00e8re. Plus tard, au XVIII<sup class=\"typo_exposants\">e<\/sup> si\u00e8cle, ce sont les colons hollandais, chr\u00e9tiens irr\u00e9prochables, qui se sont arrang\u00e9s pour imposer l\u2019islam \u00e0 Java, en vue de soustraire sa population \u00e0 l\u2019influence s\u00e9ditieuse des Balinais hindouistes. On est loin de l\u2019imagerie du farouche b\u00e9douin r\u00e9duisant \u00e0 sa merci des peuples exotiques, \u00e0 laquelle se r\u00e9sume apparemment votre connaissance du monde musulman.<\/p>\n<p>Mais revenons \u00e0 la question du \u00ab\u00a0rapport\u00a0\u00bb entre Arabes et musulmans, racisme et islamophobie. La d\u00e9marcation que vous tracez avec une belle assurance entre les deux cat\u00e9gories est-elle vraiment si claire dans vos esprits\u00a0? \u00c0 lire le d\u00e9but de votre tribune, il est permis d\u2019en douter. L\u2019\u00e9difiante anecdote du \u00ab\u00a0<i>chauffeur de taxi arabe<\/i>\u00a0\u00bb, qui refuse de conduire \u00e0 bon port un collaborateur du journal \u00ab\u00a0<i>au motif de dessins moquant la religion musulmane<\/i>\u00a0\u00bb, r\u00e9v\u00e8le \u00e0 cet \u00e9gard une certaine confusion. En quoi la qualit\u00e9 d\u2019\u00ab\u00a0<i>arabe<\/i>\u00a0\u00bb pr\u00eat\u00e9e au chauffeur \u2013\u00a0qui d\u2019apr\u00e8s vous ne saurait donc \u00eatre simplement fran\u00e7ais\u00a0\u2013 nous renseigne-t-elle sur l\u2019affront subi par votre infortun\u00e9 coll\u00e8gue\u00a0? Croyez-vous qu\u2019il faille \u00eatre \u00ab\u00a0<i>arabe<\/i>\u00a0\u00bb pour froncer le nez devant vos beaufitudes de fin de banquet\u00a0? Moi qui ne suis ni arabe ni chauffeur de taxi, pas s\u00fbr que je d\u00e9pannerais votre collaborateur d\u2019un ticket de m\u00e9tro. J\u2019esp\u00e8re n\u00e9anmoins qu\u2019il aura surmont\u00e9 son choc des civilisations en se d\u00e9gotant un chauffeur blanc qui l\u2019accepte sur sa banquette arri\u00e8re.<\/p>\n<p>Vous avez raison, arabe et musulman, ce n\u2019est pas la m\u00eame chose. Mais vous savez quoi\u00a0? Musulman et musulman, ce n\u2019est pas pareil non plus. Sachez qu\u2019il y en a de toutes sortes, riches ou pauvres, petits ou grands, sympathiques ou rev\u00eaches, g\u00e9n\u00e9reux ou rapiats, d\u00e9sireux d\u2019un monde meilleur, r\u00e9actionnaires ou m\u00eame, oui, int\u00e9gristes. Or, dans <i>Charlie Hebdo<\/i>, rien ne ressemble davantage \u00e0 un musulman qu\u2019un autre musulman. Toujours repr\u00e9sent\u00e9 sous les traits d\u2019un faible d\u2019esprit, d\u2019un fanatique, d\u2019un terroriste, d\u2019un assist\u00e9. La musulmane\u00a0? Toujours une pauvre cloche r\u00e9ductible \u00e0 son foulard, et qui n\u2019a d\u2019autre fonction sociale que d\u2019\u00e9moustiller la libido de vos humoristes.<\/p>\n<p>Parlant de cela, il y aurait beaucoup \u00e0 dire sur la composante graveleuse de votre inspiration. L\u2019euphorie avec laquelle <i>Charlie Hebdo<\/i> a acclam\u00e9 les militantes topless des Femen sugg\u00e8re que le graillon islamophobe s\u2019agr\u00e8ge parfaitement aux \u00e9claboussures de testost\u00e9rone. L\u2019ode de Bernard Maris \u00e0 Amina Sboui, une Femen tunisienne qui avait pos\u00e9 torse nu sur Internet, offre un bon \u00e9chantillon de la mayonnaise hormonale qui colle \u00e0 vos pages\u00a0: \u00ab\u00a0<i>Montre tes seins, Amina, montre ton sexe \u00e0 tous les cr\u00e9tins barbus habitu\u00e9s des sites pornos, \u00e0 tous les cochons du d\u00e9sert qui pr\u00eachent la morale \u00e0 domicile et se payent des escorts dans les palaces \u00e9trangers, et r\u00eavent de te voir lapid\u00e9e apr\u00e8s t\u2019avoir outrag\u00e9e&#8230; Ton corps nu est d\u2019une puret\u00e9 absolue en face des djellabas et des niqabs r\u00e9pugnants<\/i><a class=\"spip_note\" id=\"nh10\" title=\"Bernard Maris, \u00ab Cette jeunesse irresponsable \u00bb, Charlie Hebdo, 20 juin 2013.\u00a0(...)\" href=\"http:\/\/www.article11.info\/?Charlie-Hebdo-pas-raciste-Si-vous#nb10\" rel=\"footnote\">10<\/a>.\u00a0\u00bb Allo, docteur\u00a0?<\/p>\n<dl class=\"spip_document_6225 spip_documents spip_documents_center 1\">\n<dt><img decoding=\"async\" alt=\"JPEG - 24.9 ko\" src=\"http:\/\/www.article11.info\/local\/cache-vignettes\/L652xH284\/4-27-3eda4.jpg\" width=\"652\" height=\"284\" \/><\/dt>\n<\/dl>\n<p>Vous avez le toupet d\u2019accuser vos d\u00e9tracteurs d\u2019\u00ab\u00a0essentialisme\u00a0\u00bb, et sans doute les bulbes congestionn\u00e9s qui vous v\u00e9n\u00e8rent applaudiront-ils l\u2019acrobatie. Mais on n\u2019est pas au cirque. L\u2019essentialisme, vous vous y vautrez chaque semaine ou presque en racialisant le musulman sous les traits d\u2019une cr\u00e9ature constamment grotesque ou hideuse. Ce qui d\u00e9finit la vision dominante du \u00ab\u00a0racialis\u00e9\u00a0\u00bb, \u00ab\u00a0<i>c\u2019est qu\u2019il est tout entier contenu dans ce qui le racialise\u00a0; sa culture, sa religion, sa couleur de peau. Il serait comme incapable de s\u2019en sortir, incapable de voir plus loin que son taux de m\u00e9lanine ou le tissu qu\u2019il porte sur la t\u00eate<\/i>, observe sur son blog Val\u00e9rie CG, une f\u00e9ministe pas tr\u00e8s int\u00e9ressante puisqu\u2019elle ne vous a pas montr\u00e9 ses seins. <i>Musulman devient une sorte de nouvelle couleur de peau dont il est impossible de se d\u00e9tacher<\/i><a class=\"spip_note\" id=\"nh11\" title=\"\u00ab L\u2019islam, ce nouveau d\u00e9terminisme selon Eliacheff et Elle \u00bb, www.crepegeorgette.co\" href=\"http:\/\/www.article11.info\/?Charlie-Hebdo-pas-raciste-Si-vous#nb11\" rel=\"footnote\">11<\/a>.\u00a0\u00bb<\/p>\n<p>Cette remarque judicieuse se rapportait aux \u00e9lucubrations de la \u00ab\u00a0p\u00e9dopsychiatre\u00a0\u00bb Caroline Eliacheff, qui, dans le magazine <i>Elle<\/i>, venait de justifier ainsi le licenciement d\u2019une pu\u00e9ricultrice voil\u00e9e par la cr\u00e8che Baby-Loup\u00a0: \u00ab\u00a0<i>On peut s\u2019interroger sur les cons\u00e9quences pour un nourrisson de ne voir que le visage de face, une t\u00eate amput\u00e9e des oreilles, des cheveux et du cou<\/i><a class=\"spip_note\" id=\"nh12\" title=\"\u00ab Le conflit sur le voile touche aussi les enfants \u00bb, Elle, 13 novembre\u00a0(...)\" href=\"http:\/\/www.article11.info\/?Charlie-Hebdo-pas-raciste-Si-vous#nb12\" rel=\"footnote\">12<\/a>.\u00a0\u00bb Le voile est une arme de destruction massive, il ensevelit la r\u00e9publique aussi s\u00fbrement qu\u2019il ampute des organes vitaux. Inutile de pr\u00e9ciser que Caroline Eliacheff, tout comme vous, \u00ab\u00a0<i>lutte contre le racisme<\/i>\u00a0\u00bb, c\u2019est en tout cas ce qu\u2019elle d\u00e9clare dans son interview. Pour professer des inepties, et justifier le renvoi brutal d\u2019une employ\u00e9e reconnue comme comp\u00e9tente et que personne n\u2019a vu appeler les petits ch\u00e9ris au djihad, on n\u2019est jamais aussi confortablement juch\u00e9 qu\u2019au plus haut sommet des vertus civilis\u00e9es.<\/p>\n<p>Mais votre tr\u00f4ne surplombe un mar\u00e9cage. Toi, Charb, pour lequel j\u2019ai jadis \u00e9prouv\u00e9 de l\u2019estime, et toi, Fabrice, dont j\u2019appr\u00e9ciais la rigueur intellectuelle<a class=\"spip_note\" id=\"nh13\" title=\"\u00d7 Je suis surpris que tu accr\u00e9dites par ta signature la piteuse op\u00e9ration de\u00a0(...)\" href=\"http:\/\/www.article11.info\/?Charlie-Hebdo-pas-raciste-Si-vous#nb13\" rel=\"footnote\">13<\/a>, je vous tiens, vous et vos coll\u00e8gues, pour coresponsables du pourrissement ambiant. Apr\u00e8s le 11-Septembre, <i>Charlie Hebdo<\/i> a \u00e9t\u00e9 parmi les premiers, dans la presse dite de gauche, \u00e0 enfourcher le cheval du p\u00e9ril islamique. Ne vous privez donc pas de ramasser votre part du crottin au moment o\u00f9 le nombre d\u2019actes islamophobes bat des records\u00a0: +\u00a011,3\u00a0% sur les neuf premiers mois de 2013 par rapport \u00e0 la m\u00eame p\u00e9riode de 2012, selon l\u2019Observatoire national de l\u2019islamophobie. Lequel s\u2019inqui\u00e8te d\u2019un \u00ab\u00a0<i>nouveau ph\u00e9nom\u00e8ne<\/i>\u00a0\u00bb de violence, marqu\u00e9 par au moins quatorze agressions de femmes voil\u00e9es depuis le d\u00e9but de l\u2019ann\u00e9e.<\/p>\n<dl class=\"spip_document_6222 spip_documents spip_documents_left 1\">\n<dt><img decoding=\"async\" alt=\"JPEG - 127.2 ko\" src=\"http:\/\/www.article11.info\/local\/cache-vignettes\/L571xH398\/4-26-ce867.jpg\" width=\"571\" height=\"398\" \/><\/dt>\n<\/dl>\n<p>Rassurez-vous, je ne dis pas que la lecture de <i>Charlie Hebdo<\/i> d\u00e9clenche m\u00e9caniquement l\u2019envie de badigeonner une mosqu\u00e9e avec du sang de porc ou d\u2019arracher son voile \u00e0 une cliente de supermarch\u00e9, comme cela se produit ici et l\u00e0. Vous avez d\u00e9sign\u00e9 les cibles, mais vous ne voulez pas qu\u2019un pauvre type s\u2019attaque \u00e0 elles pour de vrai, car vous \u00eates contre la violence et contre le racisme. Vos lecteurs aussi, tr\u00e8s certainement. Ils n\u2019ont aucun pr\u00e9jug\u00e9 contre les musulmans, c\u2019est juste qu\u2019ils s\u2019esclaffent de bon c\u0153ur sur ce dessin de Charb o\u00f9 l\u2019on voit un Arabe \u00e0 grosse moustache en arr\u00eat devant une prostitu\u00e9e, tandis qu\u2019un pr\u00e9dicateur \u00e0 barbe le sermonne\u00a0: \u00ab\u00a0<i>Mon fr\u00e8re\u00a0! Tu vas pas payer 40 euros une passe alors que pour le m\u00eame prix tu peux acheter une \u00e9pouse\u00a0!<\/i>\u00a0\u00bb Dans les ann\u00e9es trente, le m\u00eame gag avec des juifs \u00e0 la place des musulmans aurait fait un tabac, sauf qu\u2019\u00e0 l\u2019\u00e9poque son auteur n\u2019aurait sans doute pas eu l\u2019id\u00e9e de venir brandir un brevet d\u2019antiracisme. Le dessin en question illustrait un article d\u00e9masquant les sombres desseins d\u2019un petit groupe de salafistes \u00e0 Bruxelles. Le sous-titre r\u00e9sumait bien l\u2019id\u00e9e\u00a0: \u00ab\u00a0<i>Les frites seront-elles bient\u00f4t toutes halal en Belgique\u00a0? Quelques barbus s\u2019y activent, et combattent la d\u00e9mocratie qui leur permet d\u2019exister<\/i><a class=\"spip_note\" id=\"nh14\" title=\"Zineb El Rhazoui, \u00ab Les salafistes ont leur roi des Belges \u00bb, Charlie Hebdo,\u00a0(...)\" href=\"http:\/\/www.article11.info\/?Charlie-Hebdo-pas-raciste-Si-vous#nb14\" rel=\"footnote\">14<\/a>.\u00a0\u00bb Quoi\u00a0? Islamisation des frites, d\u00e9mocratie en danger\u00a0? Dans sa t\u00eate, le lecteur commence d\u00e9j\u00e0 \u00e0 graisser son fusil de chasse. Dans sa t\u00eate seulement, car c\u2019est un antiraciste. \u00c0 moins qu\u2019il n\u2019aille se d\u00e9verser au bas de quelque site internet \u00e9voquant vos faits d\u2019armes, \u00e0 la mani\u00e8re de \u00ab\u00a0lulupipistrelle\u00a0\u00bb, auteur de ce commentaire sur Agoravox\u00a0: \u00ab\u00a0<i>Les caricatures\u00a0de leur proph\u00e8te ulc\u00e8rent les musulmans\u00a0? Et alors, moi j\u2019ai envie de baffer toutes les bonnes femmes voil\u00e9es que je croise, et je ne parlent [sic] pas des barbus&#8230; mais je me domine&#8230;<\/i><a class=\"spip_note\" id=\"nh15\" title=\"Commentaires de l\u2019article \u00ab La derni\u00e8re provocation de \u201cCharlie Hebdo\u201d contre\u00a0(...)\" href=\"http:\/\/www.article11.info\/?Charlie-Hebdo-pas-raciste-Si-vous#nb15\" rel=\"footnote\">15<\/a>\u00a0\u00bb<\/p>\n<p>Bien s\u00fbr que <i>Charlie Hebdo<\/i> ne se limite pas \u00e0 cela, qu\u2019on y \u00e9crit et dessine sur bien d\u2019autres sujets. On veut bien croire que nombre de lecteurs vous ach\u00e8tent par attachement \u00e0 la cause des animaux, ou pour Cavanna, ou pour Nicolino, ou pour les dessins dr\u00f4les, ou pour congratuler Bernard Maris apr\u00e8s sa nomination au conseil g\u00e9n\u00e9ral de la Banque de France, autre repaire de joyeux drilles. Mais je doute qu\u2019il y en ait beaucoup qui ne trouvent leur petit plaisir sale dans le ressassement de vos obsessions islamophobes \u2013 sans quoi le journal leur tomberait des mains. Il en est m\u00eame, vous ne pouvez l\u2019ignorer, qui l\u2019ach\u00e8tent principalement pour \u00e7a\u00a0: pour voir ce que \u00ab\u00a0Charlie\u00a0\u00bb va encore leur mettre dans les dents cette semaine. Faut avouer, c\u2019est une bonne affaire. Depuis l\u2019\u00e9pisode des caricatures danoises et votre h\u00e9ro\u00efque mont\u00e9e des marches en costumes de pingouins au festival de Cannes, bras dessus bras dessous avec Philippe Val, Daniel Leconte et BHL (mais h\u00e9las sans Carla Bruni, pourtant annonc\u00e9e), le \u00ab\u00a0<i>muslim bashing<\/i>\u00a0\u00bb ripolin\u00e9 en \u00ab\u00a0<i>d\u00e9fense intransigeante de la libert\u00e9 d\u2019expression<\/i>\u00a0\u00bb est devenu votre t\u00eate de gondole, que vous prenez soin de r\u00e9approvisionner r\u00e9guli\u00e8rement. Vous pouvez toujours certifier que les sans-papiers sont vos amis ou critiquer Manuel Valls pour ses rafles de Roms, c\u2019est l\u2019islamophobie votre marronnier, votre ligne de front.<\/p>\n<p>Vous me direz que vous n\u2019\u00eates pas les seuls. Votre positionnement sur ce terrain est en effet assez largement partag\u00e9 par vos confr\u00e8res de la presse \u00e9crite, de <i>L\u2019Express<\/i> \u00e0 <i>Valeurs Actuelles<\/i> en passant par <i>Le Point<\/i>, <i>Marianne<\/i>, <i>Le Nouvel Observateur<\/i> ou <i>Le Figaro<\/i>, pour s\u2019en tenir aux plus enthousiastes. Et je ne parle m\u00eame pas des t\u00e9l\u00e9s et des radios. Le march\u00e9 m\u00e9diatique de l\u2019islam \u00ab\u00a0<i>sans-g\u00eane<\/i>\u00a0\u00bb, \u00ab\u00a0<i>qui fait peur<\/i>\u00a0\u00bb et \u00ab\u00a0<i>qui d\u00e9range<\/i>\u00a0\u00bb rapporte gros, m\u00eame s\u2019il est quelque peu satur\u00e9. Toutefois, au sein de cette saine et fraternelle concurrence, votre canard parvient \u00e0 se distinguer par des produits qui n\u2019ont leur \u00e9quivalent nulle part ailleurs, et qui vous permettent d\u2019occuper un segment non n\u00e9gligeable de l\u2019opinion islamophobe d\u00e9complex\u00e9e de gauche.<\/p>\n<p>Vous connaissant, je m\u2019interroge cependant\u00a0: c\u2019est quoi, au juste, votre probl\u00e8me avec les musulmans de ce pays\u00a0? Dans votre texte du <i>Monde<\/i>, vous invoquez la salutaire remise en cause des \u00ab\u00a0<i>si grands pouvoirs des principaux clerg\u00e9s<\/i>\u00a0\u00bb, mais sans pr\u00e9ciser en quoi l\u2019islam\u00a0\u2013\u00a0qui n\u2019a pas de clerg\u00e9, mais on ne peut pas tout savoir, hein\u00a0\u2013\u00a0exerce en France un \u00ab\u00a0<i>si grand pouvoir<\/i>\u00a0\u00bb. Hors de la version hardcore qu\u2019en donnent quelques furieux, la religion musulmane ne me para\u00eet pas rev\u00eatir chez nous des formes extraordinairement intrusives ou belliqueuses. Sur le plan politique, son influence est nulle\u00a0: six millions de musulmans dans le pays, z\u00e9ro repr\u00e9sentant \u00e0 l\u2019Assembl\u00e9e nationale. Pour un parlementaire, il est plus prudent de plaider la cause des avocats d\u2019affaires et de voter des lois d\u2019invisibilit\u00e9 pour les femmes voil\u00e9es que de s\u2019inqui\u00e9ter de l\u2019explosion des violences islamophobes. Pas un seul musulman non plus chez les propri\u00e9taires de m\u00e9dias, les directeurs d\u2019information, les poids lourds du patronat, les grands banquiers, les gros \u00e9diteurs, les chefferies syndicales. Dans les partis politiques, de gauche comme de droite, seuls les musulmans qui savent r\u00e9citer par c\u0153ur les \u0153uvres compl\u00e8tes de Caroline Fourest ont une petite chance d\u2019acc\u00e9der \u00e0 un strapontin.<\/p>\n<dl class=\"spip_document_6223 spip_documents spip_documents_left 1\">\n<dt><img decoding=\"async\" alt=\"JPEG - 246.1 ko\" src=\"http:\/\/www.article11.info\/local\/cache-vignettes\/L491xH480\/3-38-d985f.jpg\" width=\"491\" height=\"480\" \/><\/dt>\n<\/dl>\n<p>Je n\u2019ignore pas, Charb, que tu as re\u00e7u des menaces de mort et qu\u2019il y a peut-\u00eatre des dingues quelque part qui en veulent \u00e0 ta peau. Cela me d\u00e9sole. Malgr\u00e9 tout ce que je vous reproche, \u00e0 toi et aux autres, je ne me r\u00e9jouis pas de t\u2019imaginer avec deux flics coll\u00e9s en permanence \u00e0 tes semelles et qui co\u00fbtent un bras \u00e0 votre r\u00e9publique ch\u00e9rie. Je crains aussi que tes molosses ne d\u00e9teignent sur toi comme Val a d\u00e9teint sur toute l\u2019\u00e9quipe. Mais si vraiment vous tremblez \u00e0 l\u2019id\u00e9e que les musulmans de France se m\u00e9tamorphosent en <i>serial killers<\/i> de la guerre sainte, peut-\u00eatre trouverez-vous un brin d\u2019apaisement en voyant la mani\u00e8re placide dont les int\u00e9ress\u00e9s r\u00e9agissent aux attaques r\u00e9elles ou symboliques qui sont leur lot quotidien. Quand une mosqu\u00e9e est recouverte de tags racistes, croyez-vous que ses responsables ou les fid\u00e8les du coin se r\u00e9pandent en cris de vengeance ou en promesses de mettre l\u2019\u00c9lys\u00e9e \u00e0 feu et \u00e0 sang\u00a0? Non, \u00e0 chaque fois ils d\u00e9clarent s\u2019en remettre tout simplement \u00e0 la \u00ab\u00a0<i>justice de leur pays<\/i>\u00a0\u00bb. Parmi ceux que je connais, l\u2019\u00e9cume m\u00e9diatique de vos prouesses ne fait qu\u2019ajouter une petite couche suppl\u00e9mentaire \u00e0 leur lassitude. Pas s\u00fbr que j\u2019aurais la m\u00eame patience.<\/p>\n<p>Bunk\u00e9ris\u00e9s derri\u00e8re vos zygomatiques, vous revendiquez le droit sacr\u00e9 de \u00ab\u00a0rire\u00a0\u00bb pareillement des imams, des cur\u00e9s et des rabbins. Pourquoi pas, si encore vous appliquiez vraiment ce principe. On oublie l\u2019\u00e9pisode Sin\u00e9 ou il faut vous faire un dessin\u00a0? Un constat av\u00e9r\u00e9 d\u2019islamophobie, et c\u2019est l\u2019\u00e9clat de rire. Une mensong\u00e8re accusation d\u2019antis\u00e9mitisme, et c\u2019est la porte. Cette affaire remonte aux ann\u00e9es Val, mais la pleutre approbation que votre patron d\u2019alors a recueilli aupr\u00e8s de \u00ab\u00a0<i>toute la bande<\/i>\u00a0\u00bb, et plus particuli\u00e8rement aupr\u00e8s de toi, Charb, d\u00e9montre que le deux poids deux mesures en vigueur \u00e0 cette \u00e9poque n\u2019\u00e9tait pas le fait d\u2019un seul homme. La m\u00eame r\u00e8gle a perdur\u00e9. \u00c0 ce jour, me dit-on, le num\u00e9ro sp\u00e9cial \u00ab\u00a0Charia Hebdo\u00a0\u00bb ne s\u2019est toujours pas d\u00e9doubl\u00e9 en un \u00ab\u00a0Talmud Hebdo\u00a0\u00bb. Croyez bien que je ne le regrette pas.<\/p>\n<p>Vous vous r\u00e9clamez de la tradition anticl\u00e9ricale, mais en feignant d\u2019ignorer en quoi elle se diff\u00e9rencie fondamentalement de l\u2019islamophobie\u00a0: la premi\u00e8re s\u2019est construite au cours d\u2019une lutte dure, longue et acharn\u00e9e contre un clerg\u00e9 catholique effectivement redoutable de puissance, qui avait \u2013 et a encore\u00a0\u2013 ses journaux, ses d\u00e9put\u00e9s, ses lobbies, ses salons et son immense patrimoine immobilier\u00a0; la seconde s\u2019attaque aux membres d\u2019une confession minoritaire d\u00e9pourvue de toute esp\u00e8ce d\u2019influence sur les sph\u00e8res de pouvoir. Elle consiste \u00e0 d\u00e9tourner l\u2019attention des int\u00e9r\u00eats bien nourris qui gouvernent ce pays pour exciter la meute contre des citoyens qui d\u00e9j\u00e0 ne sont pas \u00e0 la f\u00eate, si l\u2019on veut bien prendre la peine de consid\u00e9rer que, pour la plupart d\u2019entre eux, colonisation, immigration et discrimination ne leur ont pas assign\u00e9 la place la plus reluisante dans la soci\u00e9t\u00e9 fran\u00e7aise. Est-ce trop demander \u00e0 une \u00e9quipe qui, selon vos termes, \u00ab\u00a0<i>se partage entre tenants de la gauche, de l\u2019extr\u00eame gauche, de l\u2019anarchie et de l\u2019\u00e9cologie<\/i>\u00a0\u00bb, que de prendre un tantinet en compte l\u2019histoire du pays et sa r\u00e9alit\u00e9 sociale\u00a0?<\/p>\n<p>J\u2019aime bien les bouffeurs de cur\u00e9s, j\u2019ai grandi avec et ils m\u2019ont inculqu\u00e9 quelques solides d\u00e9fenses contre les contes de f\u00e9es et les abus de pouvoir. C\u2019est en partie cet h\u00e9ritage-l\u00e0 qui me fait dresser les poils devant l\u2019arrogante paresse intellectuelle du bouffeur de musulmans. La posture antireligieuse lui offre un moyen commode de se pr\u00e9lasser dans son ignorance, de faire passer pour insolents ses petits r\u00e9flexes de contraction mentale. Elle donne du lustre \u00e0 un manque b\u00e9ant d\u2019imagination et \u00e0 un conformisme corrod\u00e9 par les yeux doux de l\u2019extr\u00eame droite<a class=\"spip_note\" id=\"nh16\" title=\"Parmi vos sympathiques soutiens : Bruno M\u00e9gret, \u00ab D\u00e9sislamiser la France \u00bb,\u00a0(...)\" href=\"http:\/\/www.article11.info\/?Charlie-Hebdo-pas-raciste-Si-vous#nb16\" rel=\"footnote\">16<\/a>.<\/p>\n<p>\u00ab\u00a0<i>Encoder le racisme pour le rendre imperceptible, donc socialement acceptable<\/i>\u00a0\u00bb, c\u2019est ainsi que Thomas Deltombe d\u00e9finit la fonction de l\u2019islamophobie, d\u00e9crite aussi comme une \u00ab\u00a0<i>machine \u00e0 raffiner le racisme brut<\/i>\u00a0\u00bb<a class=\"spip_note\" id=\"nh17\" title=\"Lire Alain Gresh, \u00ab L\u2019islamophobie, \u201cLe Monde\u201d et une (petite) censure,\u00a0(...)\" href=\"http:\/\/www.article11.info\/?Charlie-Hebdo-pas-raciste-Si-vous#nb17\" rel=\"footnote\">17<\/a>. Les deux formules vous vont comme un gant. Ne montez donc pas sur vos grands chevaux quand vos d\u00e9tracteurs usent de mots durs contre vous. Ces derniers jours, vous avez hurl\u00e9 au scandale parce qu\u2019un rappeur pas tr\u00e8s fut\u00e9 r\u00e9clamait un \u00ab\u00a0<i>autodaf\u00e9 pour ces chiens de Charlie Hebdo<\/i>\u00a0\u00bb au d\u00e9tour d\u2019un titre collectif ins\u00e9r\u00e9 dans la BO du film <i>La Marche<\/i>. Comme si votre journal n\u2019\u00e9tait qu\u2019amour et po\u00e9sie, vous avez fait savoir \u00e0 la terre enti\u00e8re que vous \u00e9tiez \u00ab\u00a0<i>effar\u00e9s<\/i>\u00a0\u00bb par tant de \u00ab\u00a0<i>violence<\/i>\u00a0\u00bb. Pourtant, vous ne vous \u00eates pas offusqu\u00e9s lorsque le rappeur tunisien Weld El 15 a assimil\u00e9 les policiers de son pays \u00e0 des \u00ab\u00a0<i>chiens bons \u00e0 \u00e9gorger comme des moutons<\/i>\u00a0\u00bb. Au contraire, vous l\u2019avez interview\u00e9 avec tous les \u00e9gards dus \u00e0 un \u00ab\u00a0<i>combattant de la libert\u00e9 d\u2019expression<\/i><a class=\"spip_note\" id=\"nh18\" title=\"Zineb El Rhazoui, \u00ab Tunisie : l\u2019islamisme menac\u00e9 par du rap et des t\u00e9tons \u00bb,\u00a0(...)\" href=\"http:\/\/www.article11.info\/?Charlie-Hebdo-pas-raciste-Si-vous#nb18\" rel=\"footnote\">18<\/a>\u00a0\u00bb. Les violences verbales de Weld El 15 trouvent gr\u00e2ce \u00e0 vos yeux parce qu\u2019elles visent un r\u00e9gime \u00e0 dominante islamiste qui veut le renvoyer en prison. Mais quand la m\u00e9taphore canine se retourne contre vous, ce n\u2019est plus du tout la m\u00eame chanson. Envol\u00e9e, la libert\u00e9 d\u2019expression\u00a0: ralliement \u00e0 la rengaine n\u00e9oconservatrice sur le rap comme \u00ab\u00a0<i>appel \u00e0 la haine<\/i>\u00a0\u00bb et \u00ab\u00a0<i>chant religieux communautaire<\/i>\u00a0\u00bb<a class=\"spip_note\" id=\"nh19\" title=\"Lire S\u00e9bastien Fontenelle, \u00ab  Un int\u00e9ressant cas de foutage de gueule \u00bb,\u00a0(...)\" href=\"http:\/\/www.article11.info\/?Charlie-Hebdo-pas-raciste-Si-vous#nb19\" rel=\"footnote\">19<\/a>.<\/p>\n<p>La machine \u00e0 raffiner le racisme brut n\u2019est pas seulement lucrative, elle est aussi extr\u00eamement susceptible.<\/p>\n<p>Bien \u00e0 vous,<br \/>\n<strong>Olivier Cyran<\/strong><\/p>\n<\/div>\n<\/div>\n<div class=\"bloc_notes\">\n<hr \/>\n<div>\n<div class=\"notes\">\n<p><a class=\"spip_note\" id=\"nb1\" title=\"Notes 1\" href=\"http:\/\/www.article11.info\/?Charlie-Hebdo-pas-raciste-Si-vous#nh1\" rev=\"footnote\">1<\/a> \u00ab\u00a0<a class=\"spip_out\" href=\"http:\/\/www.lemonde.fr\/idees\/article\/2013\/11\/20\/non-charlie-hebdo-n-est-pas-raciste_3516646_3232.html\" target=\"_blank\" rel=\"external\">Non, Charlie Hebdo n\u2019est pas raciste\u00a0!<\/a>\u00a0\u00bb, <i>Le Monde<\/i>, 20 novembre 2013.<\/p>\n<p><a class=\"spip_note\" id=\"nb2\" title=\"Notes 2\" href=\"http:\/\/www.article11.info\/?Charlie-Hebdo-pas-raciste-Si-vous#nh2\" rev=\"footnote\">2<\/a> Fiammetta Venner, \u00ab\u00a0Forum social europ\u00e9en\u00a0: un autre jihad est possible\u00a0\u00bb, <i>Charlie Hebdo, <\/i> 29 septembre 2004. A lire <a class=\"spip_out\" href=\"http:\/\/www.prochoix.org\/cgi\/blog\/index.php\/2004\/09\/29\/13-forum-social-europeen-un-autre-jihad-est-possible\" target=\"_blank\" rel=\"external\">ICI<\/a>.<\/p>\n<p><a class=\"spip_note\" id=\"nb3\" title=\"Notes 3\" href=\"http:\/\/www.article11.info\/?Charlie-Hebdo-pas-raciste-Si-vous#nh3\" rev=\"footnote\">3<\/a> Publi\u00e9 le 1er mars 2006 dans <i>Charlie Hebdo<\/i> en partenariat avec <i>L\u2019Express<\/i>, RTL, RMC, Europe 1 et France Info.<\/p>\n<p><a class=\"spip_note\" id=\"nb4\" title=\"Notes 4\" href=\"http:\/\/www.article11.info\/?Charlie-Hebdo-pas-raciste-Si-vous#nh4\" rev=\"footnote\">4<\/a> Zineb El Rhazoui, \u00ab\u00a0<a class=\"spip_out\" href=\"http:\/\/www.charliehebdo.fr\/news\/sexe-and-the-syrie-979.html\" target=\"_blank\" rel=\"external\">Sexe and the Syrie<\/a>\u00a0\u00bb, <i>Charlie Hebdo<\/i>, 25 septembre 2013.<\/p>\n<p><a class=\"spip_note\" id=\"nb5\" title=\"Notes 5\" href=\"http:\/\/www.article11.info\/?Charlie-Hebdo-pas-raciste-Si-vous#nh5\" rev=\"footnote\">5<\/a> Ignace Leverrier, \u00ab\u00a0<a class=\"spip_out\" href=\"http:\/\/syrie.blog.lemonde.fr\/2013\/09\/29\/vous-allez-etre-decus-le-djihad-du-sexe-en-syrie-na-jamais-existe\/\" target=\"_blank\" rel=\"external\">Vous allez \u00eatre d\u00e9\u00e7us\u00a0: le \u201cdjihad du sexe\u201d en Syrie n\u2019a jamais exist\u00e9<\/a>\u00a0\u00bb, 29 septembre 2013.<\/p>\n<p><a class=\"spip_note\" id=\"nb6\" title=\"Notes 6\" href=\"http:\/\/www.article11.info\/?Charlie-Hebdo-pas-raciste-Si-vous#nh6\" rev=\"footnote\">6<\/a> Pour un d\u00e9corticage de cette affaire hallucinante, lire Abdellali Hajjat et Marwan Mohammed, <i>Islamophobie, comment les \u00e9lites fran\u00e7aises fabriquent le \u00ab\u00a0probl\u00e8me musulman\u00a0\u00bb<\/i>, La D\u00e9couverte, 2013.<\/p>\n<p><a class=\"spip_note\" id=\"nb7\" title=\"Notes 7\" href=\"http:\/\/www.article11.info\/?Charlie-Hebdo-pas-raciste-Si-vous#nh7\" rev=\"footnote\">7<\/a> \u00ab\u00a0<a class=\"spip_out\" href=\"http:\/\/www.islamophobie.net\/articles\/2012\/12\/06\/femme-voilee-islamophobie-restos-du-coeur-discrimination-benevole\" target=\"_blank\" rel=\"external\">Pas de femmes voil\u00e9es aux Restos du c\u0153ur<\/a>\u00a0\u00bb, <a class=\"spip_out\" href=\"http:\/\/www.islamophobie.net\" target=\"_blank\" rel=\"external\">www.islamophobie.net<\/a>, 6 d\u00e9cembre 2012.<\/p>\n<p><a class=\"spip_note\" id=\"nb8\" title=\"Notes 8\" href=\"http:\/\/www.article11.info\/?Charlie-Hebdo-pas-raciste-Si-vous#nh8\" rev=\"footnote\">8<\/a> Les majuscules sont fournies par la r\u00e9daction de <i>Charlie Hebdo<\/i>.<\/p>\n<p><a class=\"spip_note\" id=\"nb9\" title=\"Notes 9\" href=\"http:\/\/www.article11.info\/?Charlie-Hebdo-pas-raciste-Si-vous#nh9\" rev=\"footnote\">9<\/a> \u00ab\u00a0<a class=\"spip_out\" href=\"http:\/\/www.charliehebdo.fr\/news\/affaire-baby-loup-la-laicite-a-la-barre-1033.html\" target=\"_blank\" rel=\"external\">Affaire Baby-Loup\u00a0: la la\u00efcit\u00e9 \u00e0 la barre<\/a>\u00a0\u00bb, interview de Richard Malka par G\u00e9rard Biard, <i>Charlie Hebdo<\/i>, 6 novembre 2013.<\/p>\n<p><a class=\"spip_note\" id=\"nb10\" title=\"Notes 10\" href=\"http:\/\/www.article11.info\/?Charlie-Hebdo-pas-raciste-Si-vous#nh10\" rev=\"footnote\">10<\/a> Bernard Maris, \u00ab\u00a0<a class=\"spip_out\" href=\"http:\/\/www.charliehebdo.fr\/news\/jeunesse-irresponsable-880.html\" target=\"_blank\" rel=\"external\">Cette jeunesse irresponsable<\/a>\u00a0\u00bb, <i>Charlie Hebdo<\/i>, 20 juin 2013. Quelqu\u2019un peut-il expliquer \u00e0 l\u2019\u00e9ditorialiste de \u00ab\u00a0Charlie\u00a0\u00bb que la djellaba n\u2019est pas un attribut \u00ab\u00a0musulman\u00a0\u00bb mais un v\u00eatement \u00ab\u00a0arabe\u00a0? Un mois apr\u00e8s cet article, et \u00e0 la grande d\u00e9ception de son auteur, Amina Sboui claquait la porte des Femen en expliquant qu\u2019elle ne souhaitait pas que son nom \u00ab\u00a0<i>soit associ\u00e9 \u00e0 une organisation islamophobe<\/i>\u00a0\u00bb.<\/p>\n<p><a class=\"spip_note\" id=\"nb11\" title=\"Notes 11\" href=\"http:\/\/www.article11.info\/?Charlie-Hebdo-pas-raciste-Si-vous#nh11\" rev=\"footnote\">11<\/a> \u00ab\u00a0<a class=\"spip_out\" href=\"http:\/\/www.crepegeorgette.com\/2013\/11\/22\/lislam-ce-nouveau-determinisme-selon-eliacheff-et-elle\/\" target=\"_blank\" rel=\"external\">L\u2019islam, ce nouveau d\u00e9terminisme selon Eliacheff et <i>Elle<\/i><\/a>\u00a0\u00bb, <a class=\"spip_out\" href=\"http:\/\/www.crepegeorgette.com\" target=\"_blank\" rel=\"external\">www.crepegeorgette.com<\/a>, 22 novembre 2013.<\/p>\n<p><a class=\"spip_note\" id=\"nb12\" title=\"Notes 12\" href=\"http:\/\/www.article11.info\/?Charlie-Hebdo-pas-raciste-Si-vous#nh12\" rev=\"footnote\">12<\/a> \u00ab\u00a0<a class=\"spip_out\" href=\"http:\/\/www.elle.fr\/Societe\/Interviews\/Caroline-Eliacheff-Le-conflit-sur-le-voile-touche-aussi-les-enfants-2620696\" target=\"_blank\" rel=\"external\">Le conflit sur le voile touche aussi les enfants<\/a>\u00a0\u00bb, <i>Elle<\/i>, 13 novembre 2013.<\/p>\n<p><a class=\"spip_note\" id=\"nb13\" title=\"Notes 13\" href=\"http:\/\/www.article11.info\/?Charlie-Hebdo-pas-raciste-Si-vous#nh13\" rev=\"footnote\">13<\/a> &#8211; Je suis surpris que tu accr\u00e9dites par ta signature la piteuse op\u00e9ration de ravalement de fa\u00e7ade de tes employeurs. Je ne doute pas de la sinc\u00e9rit\u00e9 de ton ralliement, mais je vois dans celle-ci un mauvais signe.<\/p>\n<p><a class=\"spip_note\" id=\"nb14\" title=\"Notes 14\" href=\"http:\/\/www.article11.info\/?Charlie-Hebdo-pas-raciste-Si-vous#nh14\" rev=\"footnote\">14<\/a> Zineb El Rhazoui, \u00ab\u00a0<a class=\"spip_out\" href=\"http:\/\/www.charliehebdo.fr\/news\/salafistes-belges-966.html\" target=\"_blank\" rel=\"external\">Les salafistes ont leur roi des Belges<\/a>\u00a0\u00bb, <i>Charlie Hebdo<\/i>, 13 septembre 2013.<\/p>\n<p><a class=\"spip_note\" id=\"nb15\" title=\"Notes 15\" href=\"http:\/\/www.article11.info\/?Charlie-Hebdo-pas-raciste-Si-vous#nh15\" rev=\"footnote\">15<\/a> Commentaires de l\u2019article \u00ab\u00a0<a class=\"spip_out\" href=\"http:\/\/www.agoravox.fr\/tribune-libre\/article\/la-derniere-provocation-de-charlie-122916\" target=\"_blank\" rel=\"external\">La derni\u00e8re provocation de \u201cCharlie Hebdo\u201d contre les musulmans<\/a>\u00a0\u00bb, <a class=\"spip_out\" href=\"http:\/\/www.agoravox.fr\" target=\"_blank\" rel=\"external\">www.agoravox.fr<\/a>, 19 septembre 2012.<\/p>\n<p><a class=\"spip_note\" id=\"nb16\" title=\"Notes 16\" href=\"http:\/\/www.article11.info\/?Charlie-Hebdo-pas-raciste-Si-vous#nh16\" rev=\"footnote\">16<\/a> Parmi vos sympathiques soutiens\u00a0: Bruno M\u00e9gret, \u00ab\u00a0D\u00e9sislamiser la France\u00a0\u00bb, discours \u00e0 l\u2019universit\u00e9 d\u2019\u00e9t\u00e9 du MNR, 27 ao\u00fbt 2005\u00a0; Ivan Rioufol, \u00ab\u00a0Pourquoi \u201cCharlie Hebdo\u201d sauve l\u2019honneur\u00a0\u00bb, <i>Le Figaro<\/i>, 19 septembre 2012\u00a0; Beno\u00eet Rayski, \u00ab\u00a0Tombouctou-sur-Seine\u00a0: et si on tranchait les mains des dessinateurs de \u201cCharlie Hebdo\u201d\u00a0?\u00a0\u00bb, atlantico.fr, 28 novembre 2013.<\/p>\n<p><a class=\"spip_note\" id=\"nb17\" title=\"Notes 17\" href=\"http:\/\/www.article11.info\/?Charlie-Hebdo-pas-raciste-Si-vous#nh17\" rev=\"footnote\">17<\/a> Lire Alain Gresh, \u00ab\u00a0<a class=\"spip_out\" href=\"http:\/\/blog.mondediplo.net\/2013-11-05-L-islamophobie-Le-Monde-et-une-petite-censure\" target=\"_blank\" rel=\"external\">L\u2019islamophobie, \u201cLe Monde\u201d et une (petite) censure<\/a>, Nouvelles d\u2019Orient, 5 novembre 2013.<\/p>\n<p><a class=\"spip_note\" id=\"nb18\" title=\"Notes 18\" href=\"http:\/\/www.article11.info\/?Charlie-Hebdo-pas-raciste-Si-vous#nh18\" rev=\"footnote\">18<\/a> Zineb El Rhazoui, \u00ab\u00a0<a class=\"spip_out\" href=\"http:\/\/www.charliehebdo.fr\/news\/tunisie-903.html\" target=\"_blank\" rel=\"external\">Tunisie\u00a0: l\u2019islamisme menac\u00e9 par du rap et des t\u00e9tons<\/a>\u00a0\u00bb, <i>Charlie Hebdo<\/i>, 19 juillet 2013.<\/p>\n<p><a class=\"spip_note\" id=\"nb19\" title=\"Notes 19\" href=\"http:\/\/www.article11.info\/?Charlie-Hebdo-pas-raciste-Si-vous#nh19\" rev=\"footnote\">19<\/a> Lire S\u00e9bastien Fontenelle, \u00ab\u00a0<a class=\"spip_out\" href=\"http:\/\/www.bakchich.info\/blogs\/sebastien-fontenelle\/un-interessant-cas-de-foutage-de-gueule\" target=\"_blank\" rel=\"external\">\u00a0Un int\u00e9ressant cas de foutage de gueule<\/a>\u00a0\u00bb, Bakchich.info, 26 novembre 2013.<\/p>\n<\/div>\n<\/div>\n<\/div>\n<div style=\"clear: both;\"><a href=\"http:\/\/www.article11.info\/?Charlie-Hebdo-pas-raciste-Si-vous#nh1\">SOURCE<\/a><\/div>\n<hr \/>\n<p>Charlie Hebdo \u00e9trill\u00e9 par Olivier Cyran &#8211; lu par Protche &#8211; 5\/12\/2013<br \/>\nAncien membre de la r\u00e9daction de Charlie Hebdo, avant qu&rsquo;avec le 11 septembre 2001 celle-ci ne succombe au n\u00e9o-conservatisme, Olivier Cyran interpelle la direction de l&rsquo;ancien journal satirique&#8230;<br \/>\nLecture &#8211; Gr\u00e9gory Protche<br \/>\n<a href=\"http:\/\/www.dailymotion.com\/video\/x181ycv_islam-charlie-hebdo-etrille-par-olivier-cyran-lu-par-protche-5-12-2013_news\" target=\"_blank\">Islam \/ Charlie Hebdo \u00e9trill\u00e9 par Olivier Cyran&#8230;<\/a> <i>par <a href=\"http:\/\/www.dailymotion.com\/legrigriinternational\" target=\"_blank\">legrigriinternational<\/a><\/i><\/p>\n<p><iframe src=\"http:\/\/www.dailymotion.com\/embed\/video\/x181ycv\" height=\"270\" width=\"480\" frameborder=\"0\"><\/iframe><\/p>\n","protected":false},"excerpt":{"rendered":"<p>Il y a travaill\u00e9 de 1992 \u00e0 2001, avant de claquer la porte, \u00e9chaud\u00e9 par \u00ab\u00a0la conduite despotique et l\u2019affairisme ascensionnel\u00a0\u00bb d\u2019un certain Philippe Val. Depuis, Olivier Cyran observe de loin, hors les murs, l\u2019\u00e9volution de Charlie Hebdo et sa grandissante obsession pour l\u2019islam. Il revient sur cette longue d\u00e9rive \u00e0 l\u2019occasion d\u2019une tribune r\u00e9cemment &#8230; <a title=\"\u00ab Charlie Hebdo \u00bb, pas raciste ? Si vous le dites\u2026\" class=\"read-more\" href=\"https:\/\/bruxelles-pantheres.be\/?p=1691\" aria-label=\"En savoir plus sur \u00ab Charlie Hebdo \u00bb, pas raciste ? Si vous le dites\u2026\">Lire la suite<\/a><\/p>\n","protected":false},"author":1,"featured_media":1692,"comment_status":"open","ping_status":"open","sticky":false,"template":"","format":"standard","meta":{"footnotes":""},"categories":[36,4,28],"tags":[31,23,13],"class_list":["post-1691","post","type-post","status-publish","format-standard","has-post-thumbnail","hentry","category-europe","category-islamophobie","category-racismes","tag-belgique","tag-discrimination","tag-nordine-saidi"],"_links":{"self":[{"href":"https:\/\/bruxelles-pantheres.be\/index.php?rest_route=\/wp\/v2\/posts\/1691","targetHints":{"allow":["GET"]}}],"collection":[{"href":"https:\/\/bruxelles-pantheres.be\/index.php?rest_route=\/wp\/v2\/posts"}],"about":[{"href":"https:\/\/bruxelles-pantheres.be\/index.php?rest_route=\/wp\/v2\/types\/post"}],"author":[{"embeddable":true,"href":"https:\/\/bruxelles-pantheres.be\/index.php?rest_route=\/wp\/v2\/users\/1"}],"replies":[{"embeddable":true,"href":"https:\/\/bruxelles-pantheres.be\/index.php?rest_route=%2Fwp%2Fv2%2Fcomments&post=1691"}],"version-history":[{"count":4,"href":"https:\/\/bruxelles-pantheres.be\/index.php?rest_route=\/wp\/v2\/posts\/1691\/revisions"}],"predecessor-version":[{"id":1746,"href":"https:\/\/bruxelles-pantheres.be\/index.php?rest_route=\/wp\/v2\/posts\/1691\/revisions\/1746"}],"wp:featuredmedia":[{"embeddable":true,"href":"https:\/\/bruxelles-pantheres.be\/index.php?rest_route=\/wp\/v2\/media\/1692"}],"wp:attachment":[{"href":"https:\/\/bruxelles-pantheres.be\/index.php?rest_route=%2Fwp%2Fv2%2Fmedia&parent=1691"}],"wp:term":[{"taxonomy":"category","embeddable":true,"href":"https:\/\/bruxelles-pantheres.be\/index.php?rest_route=%2Fwp%2Fv2%2Fcategories&post=1691"},{"taxonomy":"post_tag","embeddable":true,"href":"https:\/\/bruxelles-pantheres.be\/index.php?rest_route=%2Fwp%2Fv2%2Ftags&post=1691"}],"curies":[{"name":"wp","href":"https:\/\/api.w.org\/{rel}","templated":true}]}}