{"id":1696,"date":"2014-01-05T19:32:05","date_gmt":"2014-01-05T18:32:05","guid":{"rendered":"https:\/\/bruxelles-pantheres.be\/?p=1696"},"modified":"2013-12-05T19:35:59","modified_gmt":"2013-12-05T18:35:59","slug":"les-feministes-blanches-et-lempire","status":"publish","type":"post","link":"https:\/\/bruxelles-pantheres.be\/?p=1696","title":{"rendered":"Les f\u00e9ministes blanches et l\u2019empire"},"content":{"rendered":"<p style=\"text-align: justify;\">Entretien avec Stella Magliani-Belkacem &amp; F\u00e9lix Boggio Ewanj\u00e9-Ep\u00e9e \u00e0 propos de l\u2019ouvrage <a href=\"http:\/\/www.lafabrique.fr\/catalogue.php?idArt=718\" target=\"_blank\">Les f\u00e9ministes blanches et l\u2019empire<\/a>, publi\u00e9 aux \u00e9ditions La Fabrique.<!--more--><\/p>\n<div id=\"TexteLivre\" style=\"text-align: justify;\"><img decoding=\"async\" class=\"alignleft\" alt=\"\" src=\"http:\/\/www.lelieudit.com\/IMG\/arton319.jpg\" width=\"203\" height=\"314\" \/>Depuis la loi dite \u00ab\u00a0sur le voile \u00e0 l\u2019\u00e9cole\u00a0\u00bb de r\u00e9elles fractures sont apparues entre les diff\u00e9rentes composantes du mouvement f\u00e9ministe pour aboutir \u00e0 des clivages profonds en termes de mots d\u2019ordre, d\u2019actions et de mobilisations. Dans le m\u00eame temps, l\u2019offensive raciste s\u2019est affermie, greffant \u00e0 sa rh\u00e9torique la question des \u00ab\u00a0droits des femmes\u00a0\u00bb. Il est de plus en plus courant d\u2019analyser ce virage en terme d\u2019\u00ab\u00a0instrumentalisation du f\u00e9minisme \u00e0 des fins racistes\u00a0\u00bb. Ce livre entend pr\u00e9cis\u00e9ment interroger et discuter cet \u00e9nonc\u00e9.<br \/>\nL\u2019id\u00e9e qu\u2019un mouvement social, une politique d\u2019\u00e9mancipation, puissent \u00eatre simplement utilis\u00e9s, ou r\u00e9cup\u00e9r\u00e9s par l\u2019ordre existant pour renforcer son discours rencontre bien des limites. Comment expliquer que la r\u00e9action ait pu soudainement se parer de vertus \u00ab\u00a0f\u00e9ministes\u00a0\u00bb, elle qui a toujours \u00e9t\u00e9 si hostile aux mouvements f\u00e9ministes, elle qui est si prompte \u00e0 d\u00e9fendre le patriarcat ? Pour comprendre ce tournant, il faut envisager la chose non comme une simple \u00ab\u00a0r\u00e9cup\u00e9ration\u00a0\u00bb ou \u00ab\u00a0instrumentalisation\u00a0\u00bb mais plut\u00f4t comme une convergence d\u2019int\u00e9r\u00eat, comme une affinit\u00e9 entre les objectifs, \u00e0 court ou moyen terme, de larges franges du f\u00e9minisme et du pouvoir raciste et imp\u00e9rialiste, \u00e0 des moments historiques pr\u00e9cis.<br \/>\nC\u2019est dans cette perspective que les auteur-e-s de ce court essai entreprennent une g\u00e9n\u00e9alogie des strat\u00e9gies f\u00e9ministes : non pas une histoire d\u00e9taill\u00e9e, mais plut\u00f4t un coup de projecteur sur des situations historiques o\u00f9 la question raciale et\/ou coloniale s\u2019est trouv\u00e9e au c\u0153ur du discours des f\u00e9ministes. Les suffragettes et \u00ab\u00a0la mission civilisatrice\u00a0\u00bb, le f\u00e9minisme de la deuxi\u00e8me vague et, plus pr\u00e8s de nous, l\u2019\u00e9pisode de la loi sur le voile \u00e0 l\u2019\u00e9cole ou encore celui de la solidarit\u00e9 internationale, constituent ces \u00ab\u00a0moments\u00a0\u00bb dont l\u2019\u00e9tude met \u00e0 jour les logiques qui ont conduit certaines f\u00e9ministes \u00e0 promouvoir leurs objectifs aux d\u00e9pens des colonis\u00e9-e-s et descendant-e-s de colonis\u00e9-e-s.<br \/>\nLe livre propose une discussion strat\u00e9gique sur le f\u00e9minisme et le racisme, un r\u00e9cit des occasions perdues et de certaines faiblesses h\u00e9rit\u00e9es que les mouvements progressistes doivent comprendre et d\u00e9passer pour inventer des futurs \u00e9mancipateurs.<\/div>\n<p><a href=\"http:\/\/laviemanifeste.com\/wp-content\/uploads\/2013\/11\/feministes%20blanches%20entretien.mp3\" target=\"_blank\">T\u00e9l\u00e9charger\u00a0 : Entretien avec Stella Magliani-Belkacem &amp; F\u00e9lix Boggio Ewanj\u00e9-Ep\u00e9e<\/a><br \/>\nR\u00e9alisation : Emmanuel Moreira<br \/>\n<a href=\"http:\/\/laviemanifeste.com\/wp-content\/uploads\/2013\/11\/feministes%20blanches%20entretien.mp3\">Dur\u00e9e : 58mn<\/a><\/p>\n<div><b>F\u00e9lix Boggio \u00c9wanj\u00e9-\u00c9p\u00e9e<\/b><br \/>\nF\u00e9lix Boggio \u00c9wanj\u00e9-\u00c9p\u00e9e est \u00e9tudiant en philosophie et participe aux comit\u00e9s \u00e9ditoriaux de <i>La Revue des livres<\/i> et de <i>ContreTemps<\/i>.<\/div>\n<p><b>Stella Magliani-Belkacem<\/b><br \/>\nStella Magliani-Belkacem travaille aux \u00e9ditions La fabrique. Ensemble, il et elle ont coordonn\u00e9 <i>Race et capitalisme<\/i> (2012) et contribu\u00e9 \u00e0 <i>Nous sommes les indig\u00e8nes de la r\u00e9publique<\/i> (2012).<\/p>\n<p><a href=\"http:\/\/laviemanifeste.com\/archives\/8564\">SOURCE<\/a><\/p>\n","protected":false},"excerpt":{"rendered":"<p>Entretien avec Stella Magliani-Belkacem &amp; F\u00e9lix Boggio Ewanj\u00e9-Ep\u00e9e \u00e0 propos de l\u2019ouvrage Les f\u00e9ministes blanches et l\u2019empire, publi\u00e9 aux \u00e9ditions La Fabrique.<\/p>\n","protected":false},"author":1,"featured_media":1697,"comment_status":"open","ping_status":"open","sticky":false,"template":"","format":"standard","meta":{"footnotes":""},"categories":[21,36,4,28,17],"tags":[31,23,75,15],"class_list":["post-1696","post","type-post","status-publish","format-standard","has-post-thumbnail","hentry","category-anti-imperialisme","category-europe","category-islamophobie","category-racismes","category-video","tag-belgique","tag-discrimination","tag-femmes","tag-resistance"],"_links":{"self":[{"href":"https:\/\/bruxelles-pantheres.be\/index.php?rest_route=\/wp\/v2\/posts\/1696","targetHints":{"allow":["GET"]}}],"collection":[{"href":"https:\/\/bruxelles-pantheres.be\/index.php?rest_route=\/wp\/v2\/posts"}],"about":[{"href":"https:\/\/bruxelles-pantheres.be\/index.php?rest_route=\/wp\/v2\/types\/post"}],"author":[{"embeddable":true,"href":"https:\/\/bruxelles-pantheres.be\/index.php?rest_route=\/wp\/v2\/users\/1"}],"replies":[{"embeddable":true,"href":"https:\/\/bruxelles-pantheres.be\/index.php?rest_route=%2Fwp%2Fv2%2Fcomments&post=1696"}],"version-history":[{"count":1,"href":"https:\/\/bruxelles-pantheres.be\/index.php?rest_route=\/wp\/v2\/posts\/1696\/revisions"}],"predecessor-version":[{"id":1698,"href":"https:\/\/bruxelles-pantheres.be\/index.php?rest_route=\/wp\/v2\/posts\/1696\/revisions\/1698"}],"wp:featuredmedia":[{"embeddable":true,"href":"https:\/\/bruxelles-pantheres.be\/index.php?rest_route=\/wp\/v2\/media\/1697"}],"wp:attachment":[{"href":"https:\/\/bruxelles-pantheres.be\/index.php?rest_route=%2Fwp%2Fv2%2Fmedia&parent=1696"}],"wp:term":[{"taxonomy":"category","embeddable":true,"href":"https:\/\/bruxelles-pantheres.be\/index.php?rest_route=%2Fwp%2Fv2%2Fcategories&post=1696"},{"taxonomy":"post_tag","embeddable":true,"href":"https:\/\/bruxelles-pantheres.be\/index.php?rest_route=%2Fwp%2Fv2%2Ftags&post=1696"}],"curies":[{"name":"wp","href":"https:\/\/api.w.org\/{rel}","templated":true}]}}