{"id":1739,"date":"2013-12-19T10:22:59","date_gmt":"2013-12-19T09:22:59","guid":{"rendered":"https:\/\/bruxelles-pantheres.be\/?p=1739"},"modified":"2013-12-20T10:30:49","modified_gmt":"2013-12-20T09:30:49","slug":"la-guerre-aux-drogues-une-guerre-raciale","status":"publish","type":"post","link":"https:\/\/bruxelles-pantheres.be\/?p=1739","title":{"rendered":"La guerre aux drogues : une guerre raciale ?"},"content":{"rendered":"<div class=\"article-body mod\" id=\"article-body\" itemprop=\"articleBody\">\n<div>\n<p><em><a href=\"https:\/\/bruxelles-pantheres.be\/wp-content\/uploads\/2013\/12\/ASUD52_Bdf_Page_24_Image_0001-624x338.png\"><img decoding=\"async\" class=\"size-full wp-image-1740 alignleft\" alt=\"ASUD52_Bdf_Page_24_Image_0001-624x338\" src=\"https:\/\/bruxelles-pantheres.be\/wp-content\/uploads\/2013\/12\/ASUD52_Bdf_Page_24_Image_0001-624x338.png\" width=\"624\" height=\"338\" srcset=\"https:\/\/bruxelles-pantheres.be\/wp-content\/uploads\/2013\/12\/ASUD52_Bdf_Page_24_Image_0001-624x338.png 624w, https:\/\/bruxelles-pantheres.be\/wp-content\/uploads\/2013\/12\/ASUD52_Bdf_Page_24_Image_0001-624x338-300x163.png 300w, https:\/\/bruxelles-pantheres.be\/wp-content\/uploads\/2013\/12\/ASUD52_Bdf_Page_24_Image_0001-624x338-540x292.png 540w\" sizes=\"(max-width: 624px) 100vw, 624px\" \/><\/a>\u00abLa plupart des trafiquants sont noirs et arabes, c\u2019est un fait\u00bb,<\/em> d\u00e9clarait Eric Zemmour le 6\u00a0mars 2010. D\u00e8s lors, si vraiment \u00ab<em>c\u2019est un fait\u00bb,<\/em> de deux choses l\u2019une, soit les Noirs et les Arabes sont pr\u00e9dispos\u00e9s \u00e0 la d\u00e9linquance, soit il y a un\u00a0biais racial dans le syst\u00e8me. Aujourd\u2019hui, trente\u00a0ans apr\u00e8s la fameuse \u00abMarche pour l\u2019\u00e9galit\u00e9\u00bb, la g\u00e9n\u00e9ration des marcheurs a subi une v\u00e9ritable h\u00e9catombe. Nombreux sont ceux qui sont morts \u00e0 cause de la drogue, ou plut\u00f4t \u00e0 cause de la mani\u00e8re dont est men\u00e9e cette croisade. La guerre aux drogues n\u2019est-elle pas en fait une guerre raciale ?<\/p>\n<p>&nbsp;<\/p>\n<p><!--more--><\/p>\n<p>Aux Etats-Unis, cette hypoth\u00e8se a \u00e9t\u00e9 confirm\u00e9e avec brio par plusieurs chercheurs, et notamment par Michelle Alexander. Dans son livre c\u00e9l\u00e8bre, <em>The New Jim Crow, Mass Incarceration in the Age of Colorblindness<\/em>, elle \u00e9voque la \u00abguerre aux drogues\u00bb lanc\u00e9e par Nixon dans les ann\u00e9es\u00a070. Con\u00e7ue \u00e0 une \u00e9poque o\u00f9 la consommation de drogue \u00e9tait plut\u00f4t en baisse, cette campagne massive permit de focaliser l\u2019attention des m\u00e9dias sur les toxicos et les dealers noirs, bien que toutes les statistiques montrent qu\u2019en mati\u00e8re de consommation et de trafic, les Noirs n\u2019en font pas plus que les\u00a0Blancs. Les m\u00e9dias, la police, la\u00a0justice, tout le syst\u00e8me a cibl\u00e9 non les circuits de la drogue en g\u00e9n\u00e9ral, mais les circuits noirs de la drogue. Ainsi, la d\u00e9tention de\u00a05\u00a0grammes de crack (drogue des Noirs pauvres) devint aussi grave p\u00e9nalement que la possession de 500\u00a0grammes de coca\u00efne (drogue des Blancs des classes moyennes). Des milliards ont \u00e9t\u00e9 investis dans cette guerre racialis\u00e9e, permettant de rallier au camp des \u00e9lites sociales les pauvres Blancs, soucieux de se d\u00e9marquer des pauvres Noirs. Ainsi, les progr\u00e8s relatifs engrang\u00e9s dans les\u00a0ann\u00e9es\u00a060 par les militants antiracistes purent \u00eatre stopp\u00e9s, voire effac\u00e9s par cette contre-offensive raciale, d\u2019autant plus efficace qu\u2019elle n\u2019\u00e9tait pas per\u00e7ue comme telle &#8211; elle \u00e9tait <em>colorblind<\/em> (indiff\u00e9rente \u00e0 la couleur, du moins en apparence).<\/p>\n<p>D\u00e8s lors, la population carc\u00e9rale des\u00a0Etats-Unis passa de 300 000\u00a0personnes environ \u00e0 la\u00a0fin des ann\u00e9es\u00a070 \u00e0 environ 2,3\u00a0millions en\u00a02011 &#8211; la moiti\u00e9 de ces prisonniers \u00e9tant desAfricains Am\u00e9ricains, le plus souvent \u00abtomb\u00e9s\u00bb du fait de la guerre antidrogue. D\u2019apr\u00e8s une enqu\u00eate men\u00e9e par des chercheurs de l\u2019universit\u00e9 de Seattle, dans l\u2019Etat de Washington, les Noirs et les Latinos ont 13\u00a0fois plus de \u00abchances\u00bb de se faire condamner pour usage de cannabis par rapport aux fumeurs blancs, pourtant majoritaires. A Chicago, 80% des Noirs en \u00e2ge de travailler ont un casier judiciaire, le plus souvent, du fait de la guerre antidrogue. Barack Obama a eu le courage de raconter son exp\u00e9rience des substances illicites dans sa jeunesse. S\u2019il\u00a0avait grandi dans le \u00abghetto\u00bb de cette ville (et non pas \u00e0 Hawa\u00ef, avec ses grands-parents blancs), selon toute vraisemblance il aurait \u00e9t\u00e9 arr\u00eat\u00e9, condamn\u00e9, il aurait perdu son droit de vote, et toute chance de devenir un\u00a0jour pr\u00e9sident des Etats-Unis.<\/p>\n<p>Par ailleurs, un travailleur en prison, que l\u2019on paye au lance-pierre, co\u00fbte beaucoup moins cher qu\u2019un travailleur en libert\u00e9. L\u2019industrie carc\u00e9rale l\u2019a bien compris, et c\u2019est aussi pourquoi il y a plus de Noirs derri\u00e8re les barreaux qu\u2019il n\u2019y avait d\u2019esclaves en\u00a01850. L\u2019augmentation du nombre de prisonniers, et de prisonniers noirs en particulier, n\u2019est donc pas le signe de la faillite du syst\u00e8me p\u00e9nal am\u00e9ricain, qui serait incapable de \u00abcontr\u00f4ler\u00bb le\u00a0crime, c\u2019est au contraire la preuve de l\u2019efficacit\u00e9 du syst\u00e8me capitaliste, qui a su inventer de nouveaux moyens de se procurer une main-d\u2019\u0153uvre \u00e0 bon march\u00e9 et sous contr\u00f4le. De fait, comme l\u2019explique la sociologue H\u00e9l\u00e8ne-Yvonne Meynaud, on est pass\u00e9 <em>\u00abdes prisons de l\u2019esclavage \u00e0 l\u2019esclavage des prisons\u00bb.<\/em> C\u2019est le \u00abmod\u00e8le \u00e9conomique\u00bb qui se d\u00e9veloppe aux Etats-Unis, int\u00e9r\u00eats capitalistes et logiques racialistes conjuguant leurs effets d\u00e9l\u00e9t\u00e8res, comme le\u00a0d\u00e9nonce r\u00e9guli\u00e8rement Angela Davis.<\/p>\n<p>Mais qu\u2019en est-il en France ? A l\u2019\u00e9vidence, les\u00a0minorit\u00e9s ethniques ont souffert de la\u00a0guerre aux drogues, telle qu\u2019elle est men\u00e9e, elles ont pay\u00e9 le prix fort. Mais il n\u2019est gu\u00e8re possible de savoir dans quelle mesure. Dans notre pays, les statistiques ethniques ne sont pas interdites, mais elles constituent un tabou, favorisant la politique de l\u2019autruche.<\/p>\n<p>Partant, le d\u00e9ni se maintient &#8211; les discriminations aussi. Rien ne prouve que soit vraie l\u2019affirmation p\u00e9remptoire de Zemmour, car si les trafiquants de rue sont souvent noirs et arabes, il n\u2019en va pas de m\u00eame pour les \u00abgros\u00bb trafiquants, qui ne sont pas dans la rue. Aux Etats-Unis, on a pu d\u00e9montrer que cette hypoth\u00e8se est fausse. Mais en France comme aux Etats-Unis, le profilage policier cible les minorit\u00e9s ethniques, d\u2019une part, et les pauvres d\u2019autre part, justice de race et de classe se renfor\u00e7ant mutuellement. Il ne serait pas si difficile de montrer en\u00a0France, chiffres \u00e0 l\u2019appui, que la guerre aux drogues, inefficace et co\u00fbteuse, est en outre une guerre racialis\u00e9e. Mais pourquoi cette dimension discriminatoire n\u2019est-elle pas d\u00e9nonc\u00e9e comme un argument suppl\u00e9mentaire, voire r\u00e9dhibitoire du caract\u00e8re inique de la loi de\u00a01970 sur les stup\u00e9fiants ? C\u2019est que si les\u00a0discriminations individuelles sont d\u00e9j\u00e0 difficiles \u00e0 combattre, il est tout \u00e0 fait p\u00e9rilleux de d\u00e9noncer le racisme d\u2019Etat, les institutions pouvant mobiliser \u00e0 l\u2019encontre des citoyens isol\u00e9s des ressources qui rendent le\u00a0rapport de force disproportionn\u00e9. Par ailleurs, les personnalit\u00e9s issues de la \u00abdiversit\u00e9\u00bb un peu en vue dans la soci\u00e9t\u00e9 fran\u00e7aise ont tout \u00e0 perdre \u00e0 \u00eatre assimil\u00e9es \u00e0 la d\u00e9fense des dealers et des drogu\u00e9s.<\/p>\n<p>A\u00a016\u00a0heures, au Comptoir g\u00e9n\u00e9ral, 80\u00a0quai de Jemmapes, Paris\u00a0X<sup>e<\/sup>, d\u00e9bat Carl Hart (Columbia University).<\/p>\n<\/div>\n<p><span class=\"author\" itemscope=\"\" itemtype=\"http:\/\/schema.org\/Person\"><a href=\"http:\/\/www.liberation.fr\/auteur\/9470-louis-georges-tin\"><span itemprop=\"author creator\">Louis-Georges TIN Pr\u00e9sident du Conseil repr\u00e9sentatif des associations noires (Cran)<\/span><\/a><\/span><span class=\"and\"> et <\/span><span class=\"author\" itemscope=\"\" itemtype=\"http:\/\/schema.org\/Person\"><a href=\"http:\/\/www.liberation.fr\/auteur\/14349-fabrice-olivet\"><span itemprop=\"author creator\">Fabrice OLIVET Secr\u00e9taire g\u00e9n\u00e9ral de l\u2019Association fran\u00e7aise pour la r\u00e9duction des risques (AFR)<\/span><\/a><\/span><\/p>\n<h5 style=\"font-size: 14px; font-weight: bold;\">16\/12\/2013, Paris<\/h5>\n<p style=\"margin-bottom: 0.35cm;\" align=\"CENTER\"><img decoding=\"async\" style=\"width: 230px; height: 53px;\" alt=\"\" src=\"http:\/\/a-f-r.org\/sites\/default\/files\/styles\/large\/public\/guerre_raciale_logos_web.png\" \/><\/p>\n<p style=\"margin-bottom: 0.35cm;\" align=\"CENTER\"><span style=\"font-family: Arial Narrow,serif;\"><span style=\"font-size: small;\"><b>Carl Hart, universitaire, auteur de <\/b><\/span><\/span><span style=\"font-family: Arial Narrow,serif;\"><span style=\"font-size: small;\"><i><b>High Price<\/b><\/i><\/span><\/span><span style=\"font-family: Arial Narrow,serif;\"><span style=\"font-size: small;\"><b> et Louis-Georges Tin, pr\u00e9sident du CRAN<\/b><\/span><\/span><\/p>\n<p style=\"margin-bottom: 0.35cm;\" align=\"CENTER\"><span style=\"font-family: Arial Narrow,serif;\"><span style=\"font-size: small;\"><b>Mod\u00e9ration\u00a0: Fabrice Olivet, directeur d\u2019ASUD, secr\u00e9taire g\u00e9n\u00e9ral de l\u2019AFR<\/b><\/span><\/span><\/p>\n<div style=\"text-align: center;\">16 d\u00e9cembre 2013\u00a0&#8211;\u00a0\u00a016h00-21h00\u00a0&#8211; Le Comptoir G\u00e9n\u00e9ral (80 quai de Jemmapes Paris 10e)<\/div>\n<\/div>\n<p><iframe src=\"\/\/www.youtube.com\/embed\/IBnDVzusctU\" height=\"315\" width=\"560\" allowfullscreen=\"\" frameborder=\"0\"><\/iframe><\/p>\n<div>\n<p style=\"text-align: justify;\">\u00ab\u00a0<em>La plupart des trafiquants sont noirs et arabes, c\u2019est un fait.<\/em>\u00a0\u00bb d\u00e9clarait Eric Zemmour le 6 mars 2010. D\u00e8s lors,\u00a0si \u00ab\u00a0<em>c&rsquo;est un fait<\/em>\u00a0\u00bb, de deux choses l&rsquo;une, soit les Noirs et les Arabes sont pr\u00e9dispos\u00e9s \u00e0 la d\u00e9linquance, soit il y a un biais racial dans le syst\u00e8me de police et de justice qui organise la \u00ab guerre \u00e0 la drogue \u00bb. Aujourd&rsquo;hui, trente ans apr\u00e8s la fameuse \u00ab\u00a0<em>Marche pour l&rsquo;\u00e9galit\u00e9<\/em>\u00a0\u00bb, la g\u00e9n\u00e9ration des marcheurs a pay\u00e9 le \u00ab\u00a0prix fort\u00a0\u00bb. Nombreux sont ceux qui sont morts \u00e0 cause de la drogue, ou plut\u00f4t \u00e0 cause de la guerre \u00e0 la drogue, telle qu&rsquo;elle est men\u00e9e en France.\u00a0<strong>La guerre \u00e0 la drogue n&rsquo;est-elle pas en fait une guerre raciale ?<\/strong><\/p>\n<p style=\"text-align: justify;\">C\u2019est cette question que nous souhaitons poser en examinant la situation en France et aux Etats-Unis. En effet, chiffres \u00e0 l&rsquo;appui, nous entendons mettre en \u00e9vidence la dimension raciale de la lutte antidrogues, qui semble frapper particuli\u00e8rement les \u00ab minorit\u00e9s ethniques\u00a0\u00bb.<\/p>\n<\/div>\n<p style=\"text-align: justify;\"><strong>Carl Hart<\/strong>, n\u00e9 en 1966, est un professeur associ\u00e9 de psychologie et de psychiatrie \u00e0 l\u2019Universit\u00e9 de Columbia. Il est reconnu pour ses recherches sur l\u2019usage de drogues et les addictions li\u00e9es \u00e0 l\u2019usage de drogues. Il est le premier professeur Africain-Am\u00e9ricain\u00a0\u00e0 la t\u00eate d\u2019une chaire scientifique de l\u2019Universit\u00e9 de Columbia. Il vient en France \u00e0 l\u2019occasion de la sortie de son livre \u00ab\u00a0<em>High Price<\/em>\u00a0\u00bb.<\/p>\n","protected":false},"excerpt":{"rendered":"<p>\u00abLa plupart des trafiquants sont noirs et arabes, c\u2019est un fait\u00bb, d\u00e9clarait Eric Zemmour le 6\u00a0mars 2010. D\u00e8s lors, si vraiment \u00abc\u2019est un fait\u00bb, de deux choses l\u2019une, soit les Noirs et les Arabes sont pr\u00e9dispos\u00e9s \u00e0 la d\u00e9linquance, soit il y a un\u00a0biais racial dans le syst\u00e8me. Aujourd\u2019hui, trente\u00a0ans apr\u00e8s la fameuse \u00abMarche pour &#8230; <a title=\"La guerre aux drogues : une guerre raciale ?\" class=\"read-more\" href=\"https:\/\/bruxelles-pantheres.be\/?p=1739\" aria-label=\"En savoir plus sur La guerre aux drogues : une guerre raciale ?\">Lire la suite<\/a><\/p>\n","protected":false},"author":1,"featured_media":1740,"comment_status":"open","ping_status":"open","sticky":false,"template":"","format":"standard","meta":{"footnotes":""},"categories":[7,28,17,5],"tags":[23,88,19,54,49],"class_list":["post-1739","post","type-post","status-publish","format-standard","has-post-thumbnail","hentry","category-negrophobie","category-racismes","category-video","category-violence-policiere","tag-discrimination","tag-drogues","tag-pauvrete","tag-police","tag-usa"],"_links":{"self":[{"href":"https:\/\/bruxelles-pantheres.be\/index.php?rest_route=\/wp\/v2\/posts\/1739","targetHints":{"allow":["GET"]}}],"collection":[{"href":"https:\/\/bruxelles-pantheres.be\/index.php?rest_route=\/wp\/v2\/posts"}],"about":[{"href":"https:\/\/bruxelles-pantheres.be\/index.php?rest_route=\/wp\/v2\/types\/post"}],"author":[{"embeddable":true,"href":"https:\/\/bruxelles-pantheres.be\/index.php?rest_route=\/wp\/v2\/users\/1"}],"replies":[{"embeddable":true,"href":"https:\/\/bruxelles-pantheres.be\/index.php?rest_route=%2Fwp%2Fv2%2Fcomments&post=1739"}],"version-history":[{"count":1,"href":"https:\/\/bruxelles-pantheres.be\/index.php?rest_route=\/wp\/v2\/posts\/1739\/revisions"}],"predecessor-version":[{"id":1741,"href":"https:\/\/bruxelles-pantheres.be\/index.php?rest_route=\/wp\/v2\/posts\/1739\/revisions\/1741"}],"wp:featuredmedia":[{"embeddable":true,"href":"https:\/\/bruxelles-pantheres.be\/index.php?rest_route=\/wp\/v2\/media\/1740"}],"wp:attachment":[{"href":"https:\/\/bruxelles-pantheres.be\/index.php?rest_route=%2Fwp%2Fv2%2Fmedia&parent=1739"}],"wp:term":[{"taxonomy":"category","embeddable":true,"href":"https:\/\/bruxelles-pantheres.be\/index.php?rest_route=%2Fwp%2Fv2%2Fcategories&post=1739"},{"taxonomy":"post_tag","embeddable":true,"href":"https:\/\/bruxelles-pantheres.be\/index.php?rest_route=%2Fwp%2Fv2%2Ftags&post=1739"}],"curies":[{"name":"wp","href":"https:\/\/api.w.org\/{rel}","templated":true}]}}