{"id":1754,"date":"2013-12-31T10:42:02","date_gmt":"2013-12-31T09:42:02","guid":{"rendered":"https:\/\/bruxelles-pantheres.be\/?p=1754"},"modified":"2013-12-31T10:42:20","modified_gmt":"2013-12-31T09:42:20","slug":"recit-de-la-marche-des-afghans-vers-mons","status":"publish","type":"post","link":"https:\/\/bruxelles-pantheres.be\/?p=1754","title":{"rendered":"R\u00e9cit de la marche des Afghans vers Mons"},"content":{"rendered":"<blockquote>\n<h2 class=\"chapo\"><em>\u201cIf you can&rsquo;t fly then run, if you can&rsquo;t run then walk, if you can&rsquo;t walk then crawl, but whatever you do you have to keep moving forward.\u201d (Martin Luther King Jr.) Traduction : \u00ab Si vous ne pouvez voler, courez. Si vous ne pouvez pas courir, marchez. Si vous ne pouvez pas marcher, nagez, mais quoi que vous faissiez, ne cessez pas d&rsquo;avancer \u00bb.<\/em><\/h2>\n<\/blockquote>\n<div style=\"text-align: justify;\"><img decoding=\"async\" style=\"margin: 5px; height: 281px; width: 500px;\" alt=\"\" src=\"http:\/\/www.michelcollon.info\/local\/cache-vignettes\/L500xH281\/c5e5aa77ec32f38e-dc527.jpg\" width=\"500\" height=\"281\" hspace=\"\" vspace=\"5\" \/><\/div>\n<div style=\"text-align: justify;\"><span style=\"font-size: 14px;\"><span style=\"font-family: arial, helvetica, sans-serif;\"><br \/>\n<\/span><\/span><\/div>\n<div style=\"text-align: justify;\"><span style=\"font-size: 14px;\"><span style=\"font-family: arial, helvetica, sans-serif;\"><span style=\"line-height: 115%;\">C\u2019est cette phrase de Martin Luther King qui a pouss\u00e9 les Afghan-E-s \u00e0 commencer leur Marche vers Mons.<!--more--><\/span><\/span><\/span><\/div>\n<div style=\"text-align: justify;\"><\/div>\n<div style=\"text-align: justify;\"><span style=\"font-size: 14px;\"><span style=\"font-family: arial, helvetica, sans-serif;\"><span style=\"line-height: 115%;\">Depuis des mois, le collectif des Afghans manifestent, revendiquent, occupent, sensibilisent. Ils sont all\u00e9s dans toutes les universit\u00e9s, dans toutes les associations, dans tous les partis politiques\u2026 Ils ont gagn\u00e9 le soutien de la soci\u00e9t\u00e9 civile. Les syndicats, les associations des Droits de l\u2019Homme, les d\u00e9fenseurs des r\u00e9fugi\u00e9s, Vie F\u00e9minine ou la Ligue des Familles, tout le monde reconnait la l\u00e9gitimit\u00e9 des revendications. Pourtant aucune ouverture politique. L\u2019approche des \u00e9lections paralyse le gouvernement. Aucune solution ne semblait se dessiner pour ces hommes, ces femmes et ces enfants, condamn\u00e9s \u00e0 la clandestinit\u00e9, chass\u00e9s de squat en squat, r\u00e9fugi\u00e9s dans l\u2019Eglise du B\u00e9guinage. Le gouvernement est sourd et muet. <\/span><\/span><\/span><\/div>\n<div style=\"text-align: justify;\"><span style=\"font-size: 14px;\"><span style=\"font-family: arial, helvetica, sans-serif;\"><span style=\"line-height: 115%;\">Le Premier ministre refuse de se saisir du probl\u00e8me, il soutient la politique de Maggie De Block envers et contre tous. Il sait qu\u2019elle a tort et que sa fa\u00e7on de camper sur sa position est absurde, mais il craint la droite flamande plus que tout. Il n\u2019ose rien dire, il n\u2019a pas d\u2019argument, il se cache.<\/span><\/span><\/span><\/div>\n<div style=\"text-align: justify;\"><span style=\"font-size: 14px;\"><span style=\"font-family: arial, helvetica, sans-serif;\"><span style=\"line-height: 115%;\">Depuis des mois, les Afghan-E-s r\u00e9p\u00e8tent que leur situation ne rel\u00e8ve pas de la seule politique migratoire. Ils sont des civils venus du seul pays o\u00f9 la Belgique est en guerre. Leur sort est une responsabilit\u00e9 de l\u2019ensemble du gouvernement. Pourtant le Premier reste sourd et muet.<\/span><\/span><\/span><\/div>\n<div style=\"text-align: justify;\"><span style=\"font-size: 14px;\"><span style=\"font-family: arial, helvetica, sans-serif;\"><span style=\"line-height: 115%;\">Alors, ils ont pris la d\u00e9cision d\u2019aller \u00e0 Mons. L\u2019id\u00e9e semblait un peu folle \u2013 certains ont m\u00eame dit compl\u00e8tement irresponsable. <\/span><\/span><\/span><\/div>\n<div style=\"text-align: justify; text-indent: -18.0pt;\"><span style=\"font-size: 14px;\"><span style=\"font-family: arial, helvetica, sans-serif;\"><span style=\"line-height: 115%;\">\u00a0\u00a0\u00a0&#8211;<span style=\"line-height: normal;\">\u00a0<\/span>On va marcher jusqu\u2019\u00e0 Mons.\u00a0<\/span><\/span><\/span><\/div>\n<div style=\"text-align: justify; text-indent: -18.0pt;\"><span style=\"font-size: 14px;\"><span style=\"font-family: arial, helvetica, sans-serif;\"><span style=\"line-height: 115%;\">\u00a0\u00a0\u00a0&#8211;<span style=\"line-height: normal;\">\u00a0<\/span>Quand\u00a0?<\/span><\/span><\/span><\/div>\n<div style=\"text-align: justify; text-indent: -18.0pt;\"><span style=\"font-size: 14px;\"><span style=\"font-family: arial, helvetica, sans-serif;\"><span style=\"line-height: 115%;\">\u00a0\u00a0\u00a0&#8211;<span style=\"line-height: normal;\">\u00a0<\/span>La semaine prochaine.<\/span><\/span><\/span><\/div>\n<div style=\"text-align: justify; text-indent: -18.0pt;\"><span style=\"font-size: 14px;\"><span style=\"font-family: arial, helvetica, sans-serif;\"><span style=\"line-height: 115%;\">\u00a0\u00a0\u00a0&#8211;<span style=\"line-height: normal;\">\u00a0<\/span>Impossible<\/span><\/span><\/span><\/div>\n<div style=\"text-align: justify; text-indent: -18.0pt;\"><span style=\"font-size: 14px;\"><span style=\"font-family: arial, helvetica, sans-serif;\"><span style=\"line-height: 115%;\">\u00a0\u00a0\u00a0&#8211;<span style=\"line-height: normal;\">\u00a0<\/span>On nous a dit impossible souvent, depuis le d\u00e9but. Ce n\u2019est pas grave si c\u2019est impossible, on ira quand m\u00eame.<\/span><\/span><\/span><\/div>\n<div style=\"text-align: justify;\"><span style=\"font-size: 14px;\"><span style=\"font-family: arial, helvetica, sans-serif;\"><span style=\"line-height: 115%;\">Les syndicats ont propos\u00e9 des bus, le collectif les a gentiment refus\u00e9s. Ils ont d\u00e9cid\u00e9 de tout faire\u00a0\u00e0 pied. Les associations, le comit\u00e9 de soutien, tous trouvent l\u2019id\u00e9e folle. Il faut du temps pour s\u2019organiser, de l\u2019argent, il faut pr\u00e9voir les \u00e9tapes\u2026 En une semaine, ce n\u2019est pas possible. Et pourtant, face \u00e0 la d\u00e9termination du groupe, le soutien s\u2019organise. Une page Facebook et les propositions d\u2019aide affluent.<\/span><\/span><\/span><\/div>\n<div style=\"text-align: justify;\"><span style=\"font-size: 14px;\"><span style=\"font-family: arial, helvetica, sans-serif;\"><span style=\"line-height: 115%;\">Vendredi 20, \u00e0 8h du matin, trois cents personnes partent de l\u2019Eglise du B\u00e9guinage.<\/span><\/span><\/span><\/div>\n<div style=\"text-align: justify;\"><span style=\"font-size: 14px;\"><span style=\"font-family: arial, helvetica, sans-serif;\"><span style=\"line-height: 115%;\">La police arr\u00eate la camionnette qui doit les accompagner sous un pr\u00e9texte que j\u2019ai oubli\u00e9. Toutes les affaires sont \u00e0 l\u2019int\u00e9rieur, les sacs de couchage, les vivres, \u2026 et la camionnette d\u2019Oscar est immobilis\u00e9e \u00e0 Bruxelles.<\/span><\/span><\/span><\/div>\n<div><span style=\"font-size: 14px;\"><span style=\"font-family: arial, helvetica, sans-serif;\"><span style=\"line-height: 115%;\">Les marcheurs ne s\u2019arr\u00eatent pas pour autant. On continue.<\/span><\/span><\/span><\/div>\n<div><span style=\"font-size: 14px;\"><span style=\"font-family: arial, helvetica, sans-serif;\"><span style=\"line-height: 115%;\">La voiture du MRAX nous rejoint avec de la musique. \u00ab\u00a0On l\u00e2che rien\u00a0\u00bb du groupe HK et les Saltimbanks tournent en boucle.<\/span><\/span><\/span><\/div>\n<div><span style=\"font-size: 14px;\"><span style=\"font-family: arial, helvetica, sans-serif;\"><span style=\"line-height: 115%;\">On passe par Rhodes St Gen\u00e8se. La police nous accompagne. Ils sont sympas, m\u00eame un peu admiratifs. <\/span><\/span><\/span><\/div>\n<div style=\"text-indent: -18.0pt;\"><span style=\"font-size: 14px;\"><span style=\"font-family: arial, helvetica, sans-serif;\"><span style=\"line-height: 115%;\">\u00a0\u00a0\u00a0&#8211;<span style=\"line-height: normal;\">\u00a0<\/span>Vous allez vraiment jusqu\u2019\u00e0 Mons \u00e0 pied\u00a0? Chapeau\u00a0!<\/span><\/span><\/span><\/div>\n<div style=\"text-align: justify;\"><span style=\"font-size: 14px;\"><span style=\"font-family: arial, helvetica, sans-serif;\"><span style=\"line-height: 115%;\">On arrive \u00e0 Waterloo. Des habitants nous accueillent avec des larmes, ils n\u2019ont jamais vu de manif comme celle-l\u00e0 \u00e0 Waterloo. Le CPAS a pr\u00e9vu un repas dans un centre sportif. Oscar arrive avec une nouvelle camionnette. Le cur\u00e9 du B\u00e9guinage a demand\u00e9 une camionnette \u00e0 pr\u00eater \u00e0 une autre paroisse. Ils ont directement accept\u00e9. <\/span><\/span><\/span><\/div>\n<div style=\"text-align: justify;\"><span style=\"font-size: 14px;\"><span style=\"font-family: arial, helvetica, sans-serif;\"><span style=\"line-height: 115%;\">Les Afghan-E-s semblent in\u00e9puisables, nous avons nettement plus difficile. <\/span><\/span><\/span><\/div>\n<div style=\"text-align: justify; text-indent: -18.0pt;\"><span style=\"font-size: 14px;\"><span style=\"font-family: arial, helvetica, sans-serif;\"><span style=\"line-height: 115%;\">\u00a0\u00a0\u00a0&#8211;<span style=\"line-height: normal;\">\u00a0<\/span>Vous allez y arriver\u00a0?<\/span><\/span><\/span><\/div>\n<div style=\"text-align: justify; text-indent: -18.0pt;\"><span style=\"font-size: 14px;\"><span style=\"font-family: arial, helvetica, sans-serif;\"><span style=\"line-height: 115%;\">\u00a0\u00a0\u00a0&#8211;<span style=\"line-height: normal;\">\u00a0<\/span>Oui je crois. Et toi, pas trop fatigu\u00e9\u00a0?<\/span><\/span><\/span><\/div>\n<div style=\"text-align: justify; text-indent: -18.0pt;\"><span style=\"font-size: 14px;\"><span style=\"font-family: arial, helvetica, sans-serif;\"><span style=\"line-height: 115%;\">\u00a0\u00a0\u00a0&#8211;<span style=\"line-height: normal;\">\u00a0<\/span>(rires) Quand je me suis \u00e9chapp\u00e9 du centre ferm\u00e9 en Ukraine, j\u2019ai couru pendant sept heures tandis que les policiers qui me poursuivaient. Alors Mons, c\u2019est rien.<\/span><\/span><\/span><\/div>\n<div style=\"text-align: justify;\"><span style=\"font-size: 14px;\"><span style=\"font-family: arial, helvetica, sans-serif;\"><span style=\"line-height: 115%;\">Les langues se d\u00e9lient, on se met aux confidences.<\/span><\/span><\/span><\/div>\n<div style=\"text-align: justify; text-indent: -18.0pt;\"><span style=\"font-size: 14px;\"><span style=\"font-family: arial, helvetica, sans-serif;\"><span style=\"line-height: 115%;\">\u00a0\u00a0\u00a0&#8211;<span style=\"line-height: normal;\">\u00a0<\/span>Pour traverser les montagnes entre l\u2019Iran et la Turquie, j\u2019ai d\u00fb porter ma femme pendant trois jours et notre b\u00e9b\u00e9 avait quatre mois.<\/span><\/span><\/span><\/div>\n<div style=\"text-align: justify;\"><span style=\"font-size: 14px;\"><span style=\"font-family: arial, helvetica, sans-serif;\"><span style=\"line-height: 115%;\">Leur v\u00e9cu est ahurissant. Et malgr\u00e9 tout, ils rient, ils chantent et dansent sur \u00ab\u00a0On l\u00e2che rien\u00a0\u00bb.<\/span><\/span><\/span><\/div>\n<div style=\"text-align: justify;\"><span style=\"font-size: 14px;\"><span style=\"font-family: arial, helvetica, sans-serif;\"><span style=\"line-height: 115%;\">Le soir on arrive \u00e0 Nivelles, on fait le tour du centre-ville, puis on marche sur une bretelle d\u2019autoroute pour aller jusqu\u2019au b\u00e2timent de la CNE.<\/span><\/span><\/span><\/div>\n<div style=\"text-align: justify;\"><span style=\"font-size: 14px;\"><span style=\"font-family: arial, helvetica, sans-serif;\"><span style=\"line-height: 115%;\">Le syndicat nous accueille \u00e0 bras ouverts, des \u00e9lus sont pr\u00e9sents aussi. On re\u00e7oit de la soupe. Il n\u2019y a pas de places pour tout le monde, mais ce n\u2019est pas un probl\u00e8me. En derni\u00e8re minute, de nouvelles solidarit\u00e9 se sont mises en place. Caritas accueille cinquante marcheurs et l\u2019\u00e9cole Ste Gertrude septante autres.<\/span><\/span><\/span><\/div>\n<div style=\"text-align: justify;\"><span style=\"font-size: 14px;\"><span style=\"font-family: arial, helvetica, sans-serif;\"><span style=\"line-height: 115%;\">Des syndicalistes sont \u00e9mus.<\/span><\/span><\/span><\/div>\n<div style=\"text-align: justify; text-indent: -18.0pt;\"><span style=\"font-size: 14px;\"><span style=\"font-family: arial, helvetica, sans-serif;\"><span style=\"line-height: 115%;\">\u00a0\u00a0\u00a0&#8211;<span style=\"line-height: normal;\">\u00a0<\/span>J\u2019assiste au renouveau du syndicat. C\u2019\u00e9tait comme \u00e7a au d\u00e9but un syndicat. Un lieu o\u00f9 donner de la soupe aux gr\u00e9vistes, un lieu o\u00f9 ceux qui luttent peuvent venir souffler. Je suis fier de mon syndicat.<\/span><\/span><\/span><\/div>\n<div style=\"text-align: justify;\"><span style=\"font-size: 14px;\"><span style=\"font-family: arial, helvetica, sans-serif;\"><span style=\"line-height: 115%;\">Samedi matin, petit d\u00e9jeuner et d\u00e9part \u00e0 11h (enfin 11h45).<\/span><\/span><\/span><\/div>\n<div style=\"text-align: justify;\"><span style=\"font-size: 14px;\"><span style=\"font-family: arial, helvetica, sans-serif;\"><span style=\"line-height: 115%;\">On a de nouvelles chansons. Les Afghans continuent de chanter \u00ab\u00a0on l\u00e2che rien\u00a0\u00bb, mais on a ajout\u00e9 Belle Chao, Motiv\u00e9s, Clandestino et la Ballade pour les Afghans du B\u00e9guinage de No\u00e9.<\/span><\/span><\/span><\/div>\n<p><iframe src=\"\/\/www.youtube.com\/embed\/gh0vkP4DxJs\" height=\"315\" width=\"420\" allowfullscreen=\"\" frameborder=\"0\"><\/iframe><\/p>\n<div style=\"text-align: justify;\"><span style=\"font-size: 14px;\"><span style=\"font-family: arial, helvetica, sans-serif;\"><span style=\"line-height: 115%;\">Comme No\u00e9 marche avec nous, tout le monde veut qu\u2019il la chante chaque fois qu\u2019elle passe.<\/span><\/span><\/span><\/div>\n<div style=\"text-align: justify;\"><span style=\"font-size: 14px;\"><span style=\"font-family: arial, helvetica, sans-serif;\"><span style=\"line-height: 115%;\">On passe par de villes beaucoup plus populaires, et l\u2019accueil en est d\u2019autant plus chaleureux. Les gens nous saluent et nous encouragent.<\/span><\/span><\/span><\/div>\n<div style=\"text-align: justify;\"><span style=\"font-size: 14px;\"><span style=\"font-family: arial, helvetica, sans-serif;\"><span style=\"line-height: 115%;\">Marwa, la porte-parole des femmes, avec son gilet fluo des responsables de la marche et sa casquette CSC sur la t\u00eate, distribue des tracts et explique inlassablement la situation des r\u00e9fugi\u00e9s afghans \u00e0 tous ceux qu\u2019elle rencontre.<\/span><\/span><\/span><\/div>\n<div style=\"text-align: justify;\"><span style=\"font-size: 14px;\"><span style=\"font-family: arial, helvetica, sans-serif;\"><span style=\"line-height: 115%;\">Les gens sortent de leur maison et nous offrent des bouteilles d\u2019eau et des biscuits.<\/span><\/span><\/span><\/div>\n<div style=\"text-align: justify;\"><span style=\"font-size: 14px;\"><span style=\"font-family: arial, helvetica, sans-serif;\"><span style=\"line-height: 115%;\">L\u2019arriv\u00e9e \u00e0 La Louvi\u00e8re, \u00e0 la tomb\u00e9e de la nuit, est magique. La Place communale est illumin\u00e9e pour No\u00ebl. Nous sommes re\u00e7us \u00e0 la maison communale par la pr\u00e9sidente du CPAS et une \u00e9chevine. Elles nous disent \u00eatre fi\u00e8res de nous accueillir \u00e0 La Louvi\u00e8re. Elle propose de soutenir nos revendications par une motion comme l\u2019a fait le Conseil communal d\u2019Ixelles.<\/span><\/span><\/span><\/div>\n<div style=\"text-align: justify;\"><span style=\"font-size: 14px;\"><span style=\"font-family: arial, helvetica, sans-serif;\"><span style=\"line-height: 115%;\">Ensuite nous sommes accueillis dans les locaux de M\u00e9decine pour le Peuple. Les Louvi\u00e9rois ont pr\u00e9par\u00e9 un festin de rois. Si un jour, vous d\u00e9cidez de faire une marche, un conseil, passez par La Louvi\u00e8re. C\u2019est la ville et les gens les plus accueillants du monde\u00a0!<\/span><\/span><\/span><\/div>\n<div style=\"text-align: justify;\"><span style=\"font-size: 14px;\"><span style=\"font-family: arial, helvetica, sans-serif;\"><span style=\"line-height: 115%;\">Une fois encore, les locaux sont trop petits. Ce n\u2019est rien, la CGSP propose de loger la moiti\u00e9 des marcheurs.<\/span><\/span><\/span><\/div>\n<div style=\"text-align: justify;\"><span style=\"font-size: 14px;\"><span style=\"font-family: arial, helvetica, sans-serif;\"><span style=\"line-height: 115%;\">Dimanche 22, il pleut. Heureusement la FGTB a distribu\u00e9 des cir\u00e9s. C\u2019est le dernier jour de marche. La Ligue des droits de l\u2019Homme nous rejoint. Des \u00e9lus Ecolo \u00e9galement. Et un grand nombre de citoyens, venus pour soutenir parce qu\u2019ils trouvent le combat l\u00e9gitime. Nous ignorons si le Premier ministre sera \u00e0 Mons ou pas. Tout le monde y va de son pronostic. <\/span><\/span><\/span><\/div>\n<div style=\"text-align: justify;\"><span style=\"font-size: 14px;\"><span style=\"font-family: arial, helvetica, sans-serif;\"><span style=\"line-height: 115%;\">Jean-Francois Tamellini, secr\u00e9taire f\u00e9d\u00e9ral de la FGTB, poste sur Facebook un message explicite.<\/span><\/span><\/span><\/div>\n<div style=\"text-align: justify;\"><span style=\"font-size: 14px;\"><span style=\"font-family: arial, helvetica, sans-serif;\"><br \/>\n<\/span><\/span><\/div>\n<div style=\"margin-left: 35.4pt;\">\n<p><span style=\"font-size: 14px;\"><span style=\"font-family: arial, helvetica, sans-serif;\"><i><span style=\"line-height: 115%; color: #37404e;\">\u00c0 cette heure (samedi 21h30), le bourgmestre ff de Mons n&rsquo;a toujours pas r\u00e9pondu \u00e0 la demande officielle introduite par la FGTB pour rencontrer les repr\u00e9sentants des Afghans demain \u00e0 l&rsquo;issue de leur marche&#8230;<\/span><\/i><\/span><\/span><\/p>\n<p>Selon nos informations, c&rsquo;est le Pr\u00e9sident du CPAS de Mons qui a \u00e9t\u00e9 sollicit\u00e9 pour repr\u00e9senter la ville demain&#8230;<\/p>\n<p>Nous lan\u00e7ons \u00e0 nouveau un appel au Premier ministre pour qu&rsquo;il se rende disponible. Au nom du Bureau f\u00e9d\u00e9ral de la FGTB.<\/p>\n<p>Les Afghans comptent sur cette rencontre.<\/p>\n<p>De plus en plus de citoyens comptent sur cette rencontre.<\/p>\n<p>La FGTB et la CSC, qui repr\u00e9sentent plus de 3 millions d&rsquo;affili\u00e9s, attendent une issue positive pour les Afghans\u00a0!<\/p>\n<p>Mr\u00a0Di Rupo, Mr\u00a0Martin, il est encore temps de changer les choses&#8230;<\/p>\n<\/div>\n<div><span style=\"font-size: 14px;\"><span style=\"font-family: arial, helvetica, sans-serif;\"><br \/>\n<\/span><\/span><\/div>\n<div><span style=\"font-size: 14px;\"><span style=\"font-family: arial, helvetica, sans-serif;\"><span style=\"line-height: 115%;\">Au-del\u00e0 de la question des Afghans, le choix politique est clairement pos\u00e9\u00a0: Di Rupo va-t-il opter pour la droite nationaliste flamande ou pour la gauche syndicaliste\u00a0?<\/span><\/span><\/span><\/div>\n<div><span style=\"font-size: 14px;\"><span style=\"font-family: arial, helvetica, sans-serif;\"><span style=\"line-height: 115%;\">Les enfants de la famille Jafari \u2013 qui avaient march\u00e9 depuis Geraardsbergen jusque Bruxelles \u2013\u00a0ont rejoint la marche. <\/span><\/span><\/span><\/div>\n<div><span style=\"font-size: 14px;\"><span style=\"font-family: arial, helvetica, sans-serif;\"><span style=\"line-height: 115%;\">On plaisante, on chante, on danse sous la pluie.<\/span><\/span><\/span><\/div>\n<div><span style=\"font-size: 14px;\"><span style=\"font-family: arial, helvetica, sans-serif;\"><span style=\"line-height: 115%;\">Axel Frakas, com\u00e9dien, prend le micro dans chaque village pour inviter les habitants \u00e0 nous rejoindre \u00e0 Mons.<\/span><\/span><\/span><\/div>\n<div><span style=\"font-size: 14px;\"><span style=\"font-family: arial, helvetica, sans-serif;\"><span style=\"line-height: 115%;\">Les marcheurs sont fatigu\u00e9s, mais heureux. Certains trichent un peu et montent dans les voitures (oui moi aussi j\u2019avoue).<\/span><\/span><\/span><\/div>\n<div style=\"text-align: justify;\"><span style=\"font-size: 14px;\"><span style=\"font-family: arial, helvetica, sans-serif;\"><span style=\"line-height: 115%;\">A Mons, nous sommes accueillis par une foule de deux cents personnes que nous ne connaissons pas et qui brandissent de petits cartons \u00ab\u00a0Welcome to Mons\u00a0\u00bb. Les Montois ont pr\u00e9par\u00e9 des cr\u00eapes et des gaufres pour accueillir les marcheurs.<\/span><\/span><\/span><\/div>\n<div style=\"text-align: justify;\"><span style=\"font-size: 14px;\"><span style=\"font-family: arial, helvetica, sans-serif;\"><span style=\"line-height: 115%;\">On nous dit que nous sommes attendus au CPAS pour recevoir des sandwichs. Les marcheurs r\u00e9pondent qu\u2019ils ne sont pas venus jusqu\u2019\u00e0 Mons pour des sandwichs et veulent aller \u00e0 la Grand Place.<\/span><\/span><\/span><\/div>\n<div style=\"text-align: justify; text-indent: -18.0pt;\"><span style=\"font-size: 14px;\"><span style=\"font-family: arial, helvetica, sans-serif;\"><span style=\"line-height: 115%;\">\u00a0\u00a0\u00a0&#8211;<span style=\"line-height: normal;\">\u00a0<\/span>Impossible<\/span><\/span><\/span><\/div>\n<div style=\"text-align: justify; text-indent: -18.0pt;\"><span style=\"font-size: 14px;\"><span style=\"font-family: arial, helvetica, sans-serif;\"><span style=\"line-height: 115%;\">\u00a0\u00a0\u00a0&#8211;<span style=\"line-height: normal;\">\u00a0<\/span>Oui oui, on sait. Mais on a d\u00e9j\u00e0 fait tellement de trucs impossibles, vous savez.<\/span><\/span><\/span><\/div>\n<div style=\"text-align: justify;\"><span style=\"font-size: 14px;\"><span style=\"font-family: arial, helvetica, sans-serif;\"><span style=\"line-height: 115%;\">Les marcheurs passent et arrivent Grand Place. La police semble un peu d\u00e9pass\u00e9e mais les agents restent sympas.<\/span><\/span><\/span><\/div>\n<div style=\"text-align: justify; text-indent: -18.0pt;\"><span style=\"font-size: 14px;\"><span style=\"font-family: arial, helvetica, sans-serif;\"><span style=\"line-height: 115%;\">\u00a0\u00a0\u00a0&#8211;<span style=\"line-height: normal;\">\u00a0<\/span>On n\u2019est pas \u00e0 Bruxelles ici, nous on aime bien les manifestants. On vous fera pas de mal, mais restez tranquilles, promis\u00a0?<\/span><\/span><\/span><\/div>\n<div style=\"text-align: justify; text-indent: -18.0pt;\"><span style=\"font-size: 14px;\"><span style=\"font-family: arial, helvetica, sans-serif;\"><span style=\"line-height: 115%;\">\u00a0\u00a0\u00a0&#8211;<span style=\"line-height: normal;\">\u00a0<\/span>Oui oui, ne vous inqui\u00e9tez pas.<\/span><\/span><\/span><\/div>\n<div style=\"text-align: justify;\"><span style=\"font-size: 14px;\"><span style=\"font-family: arial, helvetica, sans-serif;\"><span style=\"line-height: 115%;\">Une dame demande au policier ce qui se passe.<\/span><\/span><\/span><\/div>\n<div style=\"text-align: justify; text-indent: -18.0pt;\"><span style=\"font-size: 14px;\"><span style=\"font-family: arial, helvetica, sans-serif;\"><span style=\"line-height: 115%;\">\u00a0\u00a0\u00a0&#8211;<span style=\"line-height: normal;\">\u00a0<\/span>Des Afghans, une manifestation pacifique, ils ont march\u00e9 septante km depuis Bruxelles. Courageux, hein\u00a0?<\/span><\/span><\/span><\/div>\n<div style=\"text-align: justify;\"><span style=\"font-size: 14px;\"><span style=\"font-family: arial, helvetica, sans-serif;\"><span style=\"line-height: 115%;\">On s\u2019installe devant la maison communale. Des policiers bloquent l\u2019entr\u00e9e. Axel et une dizaine d\u2019Afghans entrent par une porte lat\u00e9rale. On entend \u00ab\u00a0We want justice\u00a0\u00bb de l\u2019int\u00e9rieur.<\/span><\/span><\/span><\/div>\n<div style=\"text-align: justify;\"><span style=\"font-size: 14px;\"><span style=\"font-family: arial, helvetica, sans-serif;\"><span style=\"line-height: 115%;\">Une d\u00e9l\u00e9gation\u00a0est re\u00e7ue. On nous dit qu\u2019Elio ne viendra pas, mais que la ville de Mons est heureuse de nous accueillir. Les pauvres \u00e9lus charg\u00e9s de nous recevoir ne semblent pas tr\u00e8s fiers de leur mission. Ils nous assurent de leur sympathie et tentent de t\u00e9l\u00e9phoner \u00e0 Elio en vain. Le Premier ministre a fait son choix politique. Il soutient la droite flamande, envers et contre toute logique.<\/span><\/span><\/span><\/div>\n<div style=\"text-align: justify;\"><span style=\"font-size: 14px;\"><span style=\"font-family: arial, helvetica, sans-serif;\"><span style=\"line-height: 115%;\">Le Bourgmestre faisant fonction n\u2019est m\u00eame pas pr\u00e9sent. Il ne viendra que plusieurs heures plus tard, quand la commune comprendra que les marcheurs ont bel et bien d\u00e9cid\u00e9 de camper devant la porte.<\/span><\/span><\/span><\/div>\n<div style=\"text-align: justify;\"><span style=\"font-size: 14px;\"><span style=\"font-family: arial, helvetica, sans-serif;\"><span style=\"line-height: 115%;\">Ils nous re\u00e7oivent \u00e0 nouveau. Le Bourgmestre essaie d\u2019expliquer que cette marche \u00e9tait une \u00ab\u00a0erreur de m\u00e9thodologie\u00a0\u00bb. L\u2019argument est tellement d\u00e9plac\u00e9 que personne n\u2019y r\u00e9pond. Il tente alors de convaincre les marcheurs d\u2019aller dans une salle chauff\u00e9e. Il insiste pour que la d\u00e9cision revienne aux seuls Afghans, sous-entendant aux Belges pr\u00e9sents qu\u2019ils ne doivent pas instrumentaliser les r\u00e9fugi\u00e9s (vous savez le vieil argument tout pourri qui revient tout le temps).<\/span><\/span><\/span><\/div>\n<div style=\"text-align: justify;\"><span style=\"font-size: 14px;\"><span style=\"font-family: arial, helvetica, sans-serif;\"><span style=\"line-height: 115%;\">Dommage, parce que les Belges pr\u00e9sents \u2013 dont moi \u2013 auraient \u00e9t\u00e9 bien contents d\u2019aller dans une salle chauff\u00e9e.\u00a0Les Afghans \u2013 eux \u2013 ont d\u00e9cid\u00e9 de ne pas bouger.<\/span><\/span><\/span><\/div>\n<div style=\"text-align: justify;\"><span style=\"font-size: 14px;\"><span style=\"font-family: arial, helvetica, sans-serif;\"><span style=\"line-height: 115%;\">Vers minuit, la Ville de Mons d\u00e9cide d\u2019enclencher un plan d\u2019urgence. La protection civile apporte des tentes et des sanitaires. Des tentes de la Croix Rouge devant l\u2019H\u00f4tel de Ville illumin\u00e9 pour les f\u00eates et l\u2019immense sapin de Noel, l\u2019image est surr\u00e9aliste.<\/span><\/span><\/span><\/div>\n<div style=\"text-align: justify;\"><span style=\"font-size: 14px;\"><span style=\"font-family: arial, helvetica, sans-serif;\"><span style=\"line-height: 115%;\">Surr\u00e9aliste comme tout ce que les Afghans vivent depuis des mois. <\/span><\/span><\/span><\/div>\n<div style=\"text-align: justify;\"><span style=\"font-size: 14px;\"><span style=\"font-family: arial, helvetica, sans-serif;\"><span style=\"line-height: 115%;\">Nous apprenons que Monseigneur L\u00e9onard a soutenu publiquement les Afghans et s\u2019est dit pr\u00eat \u00e0 marcher avec eux. <\/span><\/span><\/span><\/div>\n<div style=\"text-align: justify;\"><span style=\"font-size: 14px;\"><span style=\"font-family: arial, helvetica, sans-serif;\"><span style=\"line-height: 115%;\">Un inspecteur de police nous dit qu\u2019il n\u2019a jamais vu une situation pareille en 30 ans de carri\u00e8re. Les Montois sont super, ils apportent de la soupe, ils offrent du parac\u00e9tamol et des pansements aux marcheurs.<\/span><\/span><\/span><\/div>\n<div style=\"text-align: justify;\"><span style=\"font-size: 14px;\"><span style=\"font-family: arial, helvetica, sans-serif;\"><span style=\"line-height: 115%;\">Personne ne comprend l\u2019attitude du Premier ministre. C\u2019\u00e9tait tellement facile de venir nous rencontrer. Les Montois nous l\u2019ont dit, Elio \u00e9tait l\u00e0 la veille, dans ce m\u00eame march\u00e9 de No\u00ebl. Il aurait pu venir. <\/span><\/span><\/span><\/div>\n<div style=\"text-align: justify; text-indent: -18.0pt;\"><span style=\"font-size: 14px;\"><span style=\"font-family: arial, helvetica, sans-serif;\"><span style=\"line-height: 115%;\">\u00a0\u00a0\u00a0&#8211;<span style=\"line-height: normal;\">\u00a0<\/span>Bruxelles \u2013 Mons c\u2019est une heure de route et 5 minutes de courage politique.<\/span><\/span><\/span><\/div>\n<div style=\"text-align: justify;\"><span style=\"font-size: 14px;\"><span style=\"font-family: arial, helvetica, sans-serif;\"><span style=\"line-height: 115%;\">C\u2019est ces 5 minutes qui auront manqu\u00e9 \u00e0 Elio. Il ne sortira de son silence que le lendemain, apr\u00e8s avoir laiss\u00e9 des gens camper sur la Grand Place de Mons. Il ne sortira de son silence que pour enfin accepter de recevoir une d\u00e9l\u00e9gation\u2026 au cabinet de Maggie De Block.<\/span><\/span><\/span><\/div>\n<div style=\"text-align: justify;\"><span style=\"font-size: 14px;\"><span style=\"font-family: arial, helvetica, sans-serif;\"><span style=\"line-height: 115%;\">Ce n\u2019est pas le Premier ministre qui convoque sa secr\u00e9taire d\u2019Etat pour r\u00e9soudre une crise, c\u2019est lui qui se rend chez elle. C\u2019est r\u00e9v\u00e9lateur d\u2019un malaise profond, bien plus profond que l\u2019actuelle \u00ab\u00a0crise des Afghans\u00a0\u00bb. Le malaise d\u2019une fausse gauche tellement paralys\u00e9e par la crainte d\u2019une opinion publique &#8211; qui serait raciste et x\u00e9nophobe \u2013 qu\u2019elle prend toutes les d\u00e9cisions racistes et x\u00e9nophobes possibles.<\/span><\/span><\/span><\/div>\n<div style=\"text-align: justify;\"><span style=\"font-size: 14px;\"><span style=\"font-family: arial, helvetica, sans-serif;\"><span style=\"line-height: 115%;\">La Wallonie que nous avons travers\u00e9e n\u2019\u00e9tait pas raciste, elle \u00e9tait chaleureuse et accueillante, solidaire et militante. Tous ceux qui nous ont accueillis, soutenus, nourris, applaudis, encourag\u00e9s repr\u00e9sentent aussi l\u2019opinion publique. Il est temps que nos politiques entendent aussi le son de la voix de cette Belgique-l\u00e0.<\/span><\/span><\/span><\/div>\n<div style=\"text-align: right;\"><em><span class=\"hP\" id=\":yh\" tabindex=\"-1\"><br \/>\nPar Selma Benkhelif<\/span><\/em><\/div>\n<div style=\"text-align: justify;\"><\/div>\n<div style=\"text-align: justify;\"><span style=\"font-size: 14px;\"><span style=\"font-family: arial, helvetica, sans-serif;\">Source\u00a0: <a href=\"http:\/\/www.michelcollon.info\/La-marche-des-Afghans.html\">Investig&rsquo;Action<\/a><\/span><\/span><\/div>\n<div style=\"text-align: justify;\"><\/div>\n<div style=\"text-align: justify;\">\n<div><span style=\"font-size: 10pt; font-family: Arial; font-weight: bold;\">3 vid\u00e9os &#8211; Plein d&rsquo;humour ces Afghans!!!<\/span><\/div>\n<div><span style=\"font-size: 10pt; font-family: Arial;\">\u00a0<\/span><\/div>\n<h1 style=\"margin: 0cm 0cm 0.0001pt;\"><strong><span style=\"font-size: 10pt; font-family: Arial; border: 1pt none windowtext; padding: 0cm;\">&#8211; Dur ici, mou l\u00e0!<\/span><\/strong><\/h1>\n<\/div>\n<p><iframe src=\"\/\/www.youtube.com\/embed\/85tJGJ0n4t8\" height=\"315\" width=\"560\" allowfullscreen=\"\" frameborder=\"0\"><\/iframe><\/p>\n<h1 style=\"margin: 0cm 0cm 0.0001pt;\"><strong><span style=\"font-size: 10pt; font-family: Arial; color: #37404e;\">&#8211;\u00a0<\/span><span style=\"font-size: 10pt; font-family: Arial; border: 1pt none windowtext; padding: 0cm;\">Enfin des papiers!<\/span>\u00a0&#8211;<\/strong><\/h1>\n<p><iframe src=\"\/\/www.youtube.com\/embed\/yLtOIsx3y9o\" height=\"315\" width=\"560\" allowfullscreen=\"\" frameborder=\"0\"><\/iframe><\/p>\n<h1 style=\"margin: 0cm 0cm 0.0001pt;\"><strong><span lang=\"EN-GB\" style=\"font-size: 10pt; font-family: Arial;\">\u00a0<\/span><span lang=\"EN-GB\" style=\"font-size: 10pt; font-family: Arial; border: 1pt none windowtext; padding: 0cm;\">Sixteen Fifty<\/span>\u00a0&#8211;<\/strong><\/h1>\n<p><iframe src=\"\/\/www.youtube.com\/embed\/HVxXEySEZu0\" height=\"315\" width=\"560\" allowfullscreen=\"\" frameborder=\"0\"><\/iframe><\/p>\n","protected":false},"excerpt":{"rendered":"<p>\u201cIf you can&rsquo;t fly then run, if you can&rsquo;t run then walk, if you can&rsquo;t walk then crawl, but whatever you do you have to keep moving forward.\u201d (Martin Luther King Jr.) Traduction : \u00ab Si vous ne pouvez voler, courez. Si vous ne pouvez pas courir, marchez. Si vous ne pouvez pas marcher, nagez, &#8230; <a title=\"R\u00e9cit de la marche des Afghans vers Mons\" class=\"read-more\" href=\"https:\/\/bruxelles-pantheres.be\/?p=1754\" aria-label=\"En savoir plus sur R\u00e9cit de la marche des Afghans vers Mons\">Lire la suite<\/a><\/p>\n","protected":false},"author":1,"featured_media":1755,"comment_status":"open","ping_status":"open","sticky":false,"template":"","format":"standard","meta":{"footnotes":""},"categories":[21,28,39,17],"tags":[93,31,14,23,75,38,54,15],"class_list":["post-1754","post","type-post","status-publish","format-standard","has-post-thumbnail","hentry","category-anti-imperialisme","category-racismes","category-sans-papier","category-video","tag-afghanistan","tag-belgique","tag-bruxelles","tag-discrimination","tag-femmes","tag-guerre","tag-police","tag-resistance"],"_links":{"self":[{"href":"https:\/\/bruxelles-pantheres.be\/index.php?rest_route=\/wp\/v2\/posts\/1754","targetHints":{"allow":["GET"]}}],"collection":[{"href":"https:\/\/bruxelles-pantheres.be\/index.php?rest_route=\/wp\/v2\/posts"}],"about":[{"href":"https:\/\/bruxelles-pantheres.be\/index.php?rest_route=\/wp\/v2\/types\/post"}],"author":[{"embeddable":true,"href":"https:\/\/bruxelles-pantheres.be\/index.php?rest_route=\/wp\/v2\/users\/1"}],"replies":[{"embeddable":true,"href":"https:\/\/bruxelles-pantheres.be\/index.php?rest_route=%2Fwp%2Fv2%2Fcomments&post=1754"}],"version-history":[{"count":2,"href":"https:\/\/bruxelles-pantheres.be\/index.php?rest_route=\/wp\/v2\/posts\/1754\/revisions"}],"predecessor-version":[{"id":1757,"href":"https:\/\/bruxelles-pantheres.be\/index.php?rest_route=\/wp\/v2\/posts\/1754\/revisions\/1757"}],"wp:featuredmedia":[{"embeddable":true,"href":"https:\/\/bruxelles-pantheres.be\/index.php?rest_route=\/wp\/v2\/media\/1755"}],"wp:attachment":[{"href":"https:\/\/bruxelles-pantheres.be\/index.php?rest_route=%2Fwp%2Fv2%2Fmedia&parent=1754"}],"wp:term":[{"taxonomy":"category","embeddable":true,"href":"https:\/\/bruxelles-pantheres.be\/index.php?rest_route=%2Fwp%2Fv2%2Fcategories&post=1754"},{"taxonomy":"post_tag","embeddable":true,"href":"https:\/\/bruxelles-pantheres.be\/index.php?rest_route=%2Fwp%2Fv2%2Ftags&post=1754"}],"curies":[{"name":"wp","href":"https:\/\/api.w.org\/{rel}","templated":true}]}}