{"id":1758,"date":"2013-12-31T10:59:13","date_gmt":"2013-12-31T09:59:13","guid":{"rendered":"https:\/\/bruxelles-pantheres.be\/?p=1758"},"modified":"2013-12-31T10:59:13","modified_gmt":"2013-12-31T09:59:13","slug":"ces-programmes-teles-et-ces-jt-devenus-de-grandes-poubelles","status":"publish","type":"post","link":"https:\/\/bruxelles-pantheres.be\/?p=1758","title":{"rendered":"Ces programmes t\u00e9l\u00e9s et ces JT devenus de grandes poubelles\u2026"},"content":{"rendered":"<p><!--[if gte mso 9]><xml>\n<o:OfficeDocumentSettings>\n<o:RelyOnVML\/>\n<o:AllowPNG\/>\n<\/o:OfficeDocumentSettings>\n<\/xml><![endif]--><\/p>\n<p style=\"text-align: left;\"><a href=\"https:\/\/bruxelles-pantheres.be\/wp-content\/uploads\/2013\/11\/ne-pas-avaler-la-presse.jpg\"><img decoding=\"async\" class=\"wp-image-922 alignleft\" alt=\"ne-pas-avaler-la-presse\" src=\"https:\/\/bruxelles-pantheres.be\/wp-content\/uploads\/2013\/11\/ne-pas-avaler-la-presse.jpg\" width=\"386\" height=\"482\" srcset=\"https:\/\/bruxelles-pantheres.be\/wp-content\/uploads\/2013\/11\/ne-pas-avaler-la-presse.jpg 386w, https:\/\/bruxelles-pantheres.be\/wp-content\/uploads\/2013\/11\/ne-pas-avaler-la-presse-240x300.jpg 240w\" sizes=\"(max-width: 386px) 100vw, 386px\" \/><\/a>Si le m\u00e9tier de journaliste comporte toujours pour certains d\u2019entre eux, des risques \u00e0 exercer leur profession \u2013 voir \u00e0 ce sujet les statistiques disponibles sur le web pour l\u2019ann\u00e9e 2013<span style=\"mso-spacerun: yes;\">\u00a0 <\/span>\u2013 l\u2019on ne peut pas en dire autant de ceux qui nous pr\u00e9sentent certaines \u00e9missions, et particuli\u00e8rement les JT.De fait, quand on voit que certains journalistes paient de leur vie le sens aigu qu\u2019ils ont de nous informer au plus pr\u00e8s des sujets br\u00fblants qui font et d\u00e9font le monde, on peut se demander si ceux qui ont la charge de nous pr\u00e9senter les programmes et les infos en saisissent toute la port\u00e9e, en ont pleinement conscience!?&#8230;<\/p>\n<p class=\"MsoNormal\" style=\"line-height: normal;\">Ou alors, s\u2019agit-il de deux m\u00e9tiers diff\u00e9rents. Les premiers, souvent inconnus du grand public, <span style=\"mso-spacerun: yes;\">\u00a0<\/span>seraient de vrais journalistes, avec tout ce que cette profession comporte de prise de risques, de responsabilit\u00e9 assum\u00e9e et de recherche de la v\u00e9rit\u00e9\u00a0au plus pr\u00e8s des \u00e9v\u00e8nements ; quand les autres ne seraient que des fonctionnaires planqu\u00e9s en qu\u00eate insatiable de reconnaissance sous les feux de la rampe, quel que soit le sujet \u00e0 traiter\u2026 Mais, ces derniers prennent-ils vraiment la mesure de leur inanit\u00e9\u00a0voire de leur m\u00e9diocrit\u00e9? Comment se situent-ils par rapport \u00e0 leurs coll\u00e8gues payant de leur vie pour nous transmettre des situations de terrain, quand ils choisissent de nous abreuver de leurs anecdotes et faits-divers sans le moindre int\u00e9r\u00eat journalistique!? Que ce soit l\u2019accident \u00ab\u00a0\u00e9vit\u00e9 de justesse\u00a0\u00bb, mais alors pourquoi en parler parfois pendant plusieurs minutes!? Ou de la m\u00e9t\u00e9o qui non contente d\u2019avoir d\u00e9j\u00e0 sa place avant et apr\u00e8s le JT, se voit de plus en plus invit\u00e9e \u00e0 meubler l\u2019espace au c\u0153ur de l\u2019info!? Pour ne pas parler de toutes les conneries pour remplir le temps de parole\u2026 ni de bouffe!<\/p>\n<p class=\"MsoNormal\" style=\"text-align: justify; line-height: normal;\">Aujourd\u2019hui, dans ce monde o\u00f9 la pr\u00e9carit\u00e9 gagne du terrain partout, il n\u2019en est plus que pour les \u00e9missions tournant autour de la cuisine, m\u00eame sur Arte! Les restos du c\u0153ur pour les plus d\u00e9munis battent record sur record, mais on nous bassine sans arr\u00eat avec des \u00e9missions qui ne parlent que de bouffer! Chef p\u00e2tissier par-ci, Masterchef par-l\u00e0, en passant par Chef la recette, Miam, Top chef, A table, Un d\u00eener presque parfait, la Cuisine des Terroirs, etc, etc\u2026 et cela ne semble pas pr\u00eat de s\u2019arr\u00eater.<!--more--><\/p>\n<p class=\"MsoNormal\" style=\"text-align: justify; line-height: normal;\">En cette \u00e9poque de f\u00eates oblig\u00e9es, o\u00f9 r\u00e8gne en ma\u00eetre absolu le seul objectif de faire du fric, toujours plus de fric, les cha\u00eenes t\u00e9l\u00e9s en sont tellement \u00e0 ne plus rien avoir \u00e0 nous donner comme information digne de ce nom, que les quelques vedettes fard\u00e9es pour leur demi-heure de prestation nous gavent telles des oies de conneries qui ne tournent plus qu\u2019autour de la table. Recettes de r\u00e9veillon, table id\u00e9ale, entr\u00e9e parfaite, huitres ceci, homard cela, dessert insolite, avis des \u00ab\u00a0chefs\u00a0\u00bb, sans parler des statistiques dont tout le monde se fout de savoir \u00ab\u00a0qu\u2019en France, on aurait d\u00e9pens\u00e9 2% de plus que l\u2019an dernier pour la table\u00a0\u00bb\u2026 Et sans parler non plus du sapin, des derniers cadeaux, de la course effr\u00e9n\u00e9e dans les boutiques, des parfums, bijoux, tablettes, bref, de ce luxe \u00e9c\u0153urant tant il bafoue, outrage le commun des mortels, et j\u2019en passe\u2026<\/p>\n<p class=\"MsoNormal\" style=\"text-align: justify; line-height: normal;\">Non mais, de quoi nous parle-t-on dans ces JT cens\u00e9s nous informer de ce qui se passe dans le monde!? De celles et ceux qui grelottent, enfants compris, sous les couvertures \u00e9lim\u00e9es de l\u2019ONU parce que chass\u00e9s loin de chez eux et parqu\u00e9s dans des camps de r\u00e9fugi\u00e9s\u00a0; de celles et ceux qui ont tout perdu\u00a0par la folie dominatrice de quelques-uns qui se gaveront de foie gras et de champagne ; de celles et ceux qui n\u2019ont plus que de maigres rations de survie\u00a0; de celles et ceux qui dans des conflits aliment\u00e9s par notre commerce des armes florissant ont vu mourir leurs proches\u00a0et ont souvent tout perdu ; de celles et ceux qui tentent d\u2019\u00e9chapper \u00e0 leur destin en se noyant \u00e0 quelques encablures de nos c\u00f4tes\u00a0; de celles et ceux qui d\u00e9finitivement sont en marge d\u2019une soci\u00e9t\u00e9 malade d\u2019\u00e9go\u00efsme\u00a0; de celles et ceux qui dans nos villes \u00e9clair\u00e9es pour ces f\u00eates format\u00e9es n\u2019ont m\u00eame pas un toit pour dormir\u00a0; de toutes celles et de tous ceux que cet ignoble et naus\u00e9abond \u00e9talage de consum\u00e9risme tuent un peu plus encore\u00a0; sans oublier de parler de l\u2019environnement que nos pratiques et habitudes de nantis autour de tables richement achaland\u00e9es massacrent lentement mais s\u00fbrement\u2026<\/p>\n<p class=\"MsoNormal\" style=\"text-align: justify; line-height: normal;\">\u00d4 oui, je sais et j\u2019entends d\u00e9j\u00e0 les remarques offens\u00e9es\u00a0des l\u00e8vres pinc\u00e9es et des culs serr\u00e9s: le monde va tellement mal qu\u2019en cette p\u00e9riode, on peut bien passer un peu de temps \u00e0 parler de ce qui fait la joie, la f\u00eate, l\u2019insouciance\u2026 Mais la joie, la f\u00eate et l\u2019insouciance de qui!? Des quelques privil\u00e9gi\u00e9s qui de toutes fa\u00e7ons se contrefoutent toute l\u2019ann\u00e9e de ce qui peut bien arriver aux plus d\u00e9munis, aux d\u00e9laiss\u00e9s, aux oubli\u00e9s, aux parias d\u2019une soci\u00e9t\u00e9 de plus en plus malade de ses exc\u00e8s!?<\/p>\n<p class=\"MsoNormal\" style=\"text-align: justify; line-height: normal;\">Honte \u00e0 vous, journaleux, si vous ne comprenez pas l\u2019indignation que vos grands-messes m\u00e9diatiques provoquent! Honte \u00e0 vous pour balayer d\u2019un revers de main la plus grande part de l\u2019humanit\u00e9 pour c\u00e9l\u00e9brer les fastes de quelques fortun\u00e9s! Honte \u00e0 vous de ne pas \u00eatre plus solidaires de vos compagnons morts dans l\u2019exercice de leur fonction pour tenter de nous pr\u00e9senter autre chose que ce ramassis de mauvais go\u00fbt, v\u00e9ritables poubelles g\u00e9antes! Honte \u00e0 vous pour nous prendre pour des imb\u00e9ciles et croire que nous ne faisons pas la diff\u00e9rence! Honte \u00e0 vous du service public, pour agir ainsi avec notre argent et monopoliser notre temps de soir\u00e9e avec vos histoires et vos cancans insipides, inodores et incolores! Honte \u00e0 vous qui ne devriez plus avoir droit \u00e0 cette carte de journaliste dont vous \u00eates d\u00e9finitivement indignes!<\/p>\n<p class=\"MsoNormal\" style=\"text-align: justify; line-height: normal;\">Quand certains fustigent la classe politique pour son incomp\u00e9tence et ses nombreuses d\u00e9rives, ils feraient bien de ne pas oublier une grande part des m\u00e9dias\u00a0dominants et de leurs animateurs, qui assurent le service apr\u00e8s-<a name=\"_GoBack\"><\/a>vente de ce nivellement par le bas, toujours plus bas! Et si la conclusion devait \u00eatre que nous ne sommes plus capables de nous r\u00e9unir qu\u2019autour de ces tables fastes et rutilantes, nous ferions bien de regarder par-dessus notre \u00e9paule pour voir comment Rome et ses banquets pr\u00e9sageaient son inexorable d\u00e9cadence, avant son d\u00e9clin d\u00e9finitif\u2026<\/p>\n<p class=\"MsoNormal\" style=\"margin-bottom: .0001pt; text-align: justify; line-height: normal;\"><b style=\"mso-bidi-font-weight: normal;\"><span style=\"font-size: 12.0pt;\">Daniel Vanhove \u2013<\/span><\/b><\/p>\n<p class=\"MsoNormal\" style=\"margin-bottom: .0001pt; text-align: justify; line-height: normal;\">Observateur civil<\/p>\n<p class=\"MsoNormal\" style=\"margin-bottom: .0001pt; text-align: justify; line-height: normal;\">Auteur<\/p>\n<p class=\"MsoNormal\" style=\"margin-bottom: .0001pt; text-align: justify; line-height: normal;\">30.12.2013<\/p>\n","protected":false},"excerpt":{"rendered":"<p>Si le m\u00e9tier de journaliste comporte toujours pour certains d\u2019entre eux, des risques \u00e0 exercer leur profession \u2013 voir \u00e0 ce sujet les statistiques disponibles sur le web pour l\u2019ann\u00e9e 2013\u00a0 \u2013 l\u2019on ne peut pas en dire autant de ceux qui nous pr\u00e9sentent certaines \u00e9missions, et particuli\u00e8rement les JT.De fait, quand on voit que &#8230; <a title=\"Ces programmes t\u00e9l\u00e9s et ces JT devenus de grandes poubelles\u2026\" class=\"read-more\" href=\"https:\/\/bruxelles-pantheres.be\/?p=1758\" aria-label=\"En savoir plus sur Ces programmes t\u00e9l\u00e9s et ces JT devenus de grandes poubelles\u2026\">Lire la suite<\/a><\/p>\n","protected":false},"author":1,"featured_media":922,"comment_status":"open","ping_status":"open","sticky":false,"template":"","format":"standard","meta":{"footnotes":""},"categories":[21,18],"tags":[94,95],"class_list":["post-1758","post","type-post","status-publish","format-standard","has-post-thumbnail","hentry","category-anti-imperialisme","category-resistance-bruxelles","tag-daniel-vanhove","tag-journaliste"],"_links":{"self":[{"href":"https:\/\/bruxelles-pantheres.be\/index.php?rest_route=\/wp\/v2\/posts\/1758","targetHints":{"allow":["GET"]}}],"collection":[{"href":"https:\/\/bruxelles-pantheres.be\/index.php?rest_route=\/wp\/v2\/posts"}],"about":[{"href":"https:\/\/bruxelles-pantheres.be\/index.php?rest_route=\/wp\/v2\/types\/post"}],"author":[{"embeddable":true,"href":"https:\/\/bruxelles-pantheres.be\/index.php?rest_route=\/wp\/v2\/users\/1"}],"replies":[{"embeddable":true,"href":"https:\/\/bruxelles-pantheres.be\/index.php?rest_route=%2Fwp%2Fv2%2Fcomments&post=1758"}],"version-history":[{"count":1,"href":"https:\/\/bruxelles-pantheres.be\/index.php?rest_route=\/wp\/v2\/posts\/1758\/revisions"}],"predecessor-version":[{"id":1761,"href":"https:\/\/bruxelles-pantheres.be\/index.php?rest_route=\/wp\/v2\/posts\/1758\/revisions\/1761"}],"wp:featuredmedia":[{"embeddable":true,"href":"https:\/\/bruxelles-pantheres.be\/index.php?rest_route=\/wp\/v2\/media\/922"}],"wp:attachment":[{"href":"https:\/\/bruxelles-pantheres.be\/index.php?rest_route=%2Fwp%2Fv2%2Fmedia&parent=1758"}],"wp:term":[{"taxonomy":"category","embeddable":true,"href":"https:\/\/bruxelles-pantheres.be\/index.php?rest_route=%2Fwp%2Fv2%2Fcategories&post=1758"},{"taxonomy":"post_tag","embeddable":true,"href":"https:\/\/bruxelles-pantheres.be\/index.php?rest_route=%2Fwp%2Fv2%2Ftags&post=1758"}],"curies":[{"name":"wp","href":"https:\/\/api.w.org\/{rel}","templated":true}]}}