{"id":1762,"date":"2013-01-01T11:13:11","date_gmt":"2013-01-01T10:13:11","guid":{"rendered":"https:\/\/bruxelles-pantheres.be\/?p=1762"},"modified":"2013-12-31T11:20:06","modified_gmt":"2013-12-31T10:20:06","slug":"etre-afghan-en-belgique","status":"publish","type":"post","link":"https:\/\/bruxelles-pantheres.be\/?p=1762","title":{"rendered":"\u00catre Afghan en Belgique"},"content":{"rendered":"<div>\n<p>Par Julie Jaroszewski et Aurore Van Opstal, 31 d\u00e9cembre 2013<\/p>\n<p><b>Depuis plusieurs mois, 400 afghans demandeurs d\u2019asile luttent pour obtenir une r\u00e9gularisation collective ainsi qu\u2019un moratoire sur les expulsions en Afghanistan. Afin de mieux comprendre leurs parcours, leurs revendications et leurs motivations, FDC est parti \u00e0 la rencontre de l\u2019un d\u2019entre-eux. Ramin D. Boy, 18 ans, raconte son parcours personnel et, avec une intense lucidit\u00e9, partage son analyse politique de la situation afghane, des impacts de la Belgique sur cette derni\u00e8re et de la mani\u00e8re dont le \u00ab\u00a0dossier afghans\u00a0\u00bb est trait\u00e9 aujourd\u2019hui par les autorit\u00e9s belges.<\/b><\/p>\n<p><a href=\"http:\/\/www.femmesdechambre.be\/wp-content\/uploads\/2013\/12\/ramin3.jpg\"><img decoding=\"async\" alt=\"ramin3\" src=\"http:\/\/www.femmesdechambre.be\/wp-content\/uploads\/2013\/12\/ramin3-550x366.jpg\" width=\"550\" height=\"366\" \/><\/a><\/p>\n<p>Ramin D.Boy, 18 ans, afghan, \u00e9tudie \u00e0 Anvers.<!--more--><\/p>\n<p><i>\u00ab\u00a0J\u2019avais 4 jours quand les russes ont envahi mon pays. J\u2019ai connu la guerre civile, les talibans, puis les fondamentalistes au pouvoir. Ma g\u00e9n\u00e9ration n\u2019a jamais rien vu d\u2019autre que l\u2019occupation et la mis\u00e8re. Mon \u00e9ducation vient de mon activisme social, c\u2019est pourquoi les enfants de mon pays comme ceux de Palestine peuvent parler de politique \u00e0 partir de leur exp\u00e9rience.\u00a0\u00bb <\/i>Ainsi s\u2019exprimait la travailleuse sociale et ex-parlementaire afghane, <b>Malala\u00ef Joya<\/b>, lors d\u2019une <a href=\"http:\/\/www.la-bas.org\/article.php3?id_article=1858\">interview diffus\u00e9e dans l\u2019\u00e9mission \u00ab\u00a0L\u00e0-bas si j\u2019y suis\u00a0\u00bb<\/a> (France Inter) en f\u00e9vrier 2010. T\u00e9moignage qui rejoint, de fa\u00e7on troublante, celui de <b>Ramin D. Boy<\/b>. <i>\u00ab\u00a0Je n\u2019ai jamais d\u00e9cid\u00e9 de quitter l\u2019Afghanistan, ce sont mes parents qui ont fait ce choix <\/i>\u00bb<i>,<\/i> lance d\u2019embl\u00e9e le jeune homme, s\u2019exprimant parfaitement en anglais et n\u00e9erlandais. Quand les talibans sont arriv\u00e9s \u00e0 Masajev au Nord de l\u2019Afghanistan, le p\u00e8re de Ramin est tailleur dans une petite entreprise familiale de confection des v\u00eatements. Les talibans interdisent son activit\u00e9 et ferment le magasin. D\u00e8s lors, la famille de Ramin d\u00e9cide d\u2019\u00e9migrer vers le Pakistan pour des raisons \u00e9conomiques : ils y resteront 8 ans.<\/p>\n<p>Or, depuis longtemps, le torchon br\u00fble entre l\u2019Afghanistan et le Pakistan. En 1893, les anglais donnent la partie Nord de l\u2019Afghanistan au Pakistan actuel. A partir de l\u00e0, la ligne de Durand\u00a0 d\u00e9limite la fronti\u00e8re entre les deux pays \u00e0 travers un trait\u00e9 sign\u00e9 pour cent ans. Dans les ann\u00e9es 90, <b>Mohammad Najibullah,<\/b> le pr\u00e9sident afghan de 1987 \u00e0 1992,\u00a0 refuse de reconduire le trait\u00e9 et est pendu par les talibans. Pour rappel, <b>les talibans<\/b>, \u00e9tablis dans les camps de r\u00e9fugi\u00e9s au Pakistan,<b> <\/b>se pr\u00e9sentent \u00e0 l\u2019origine comme un mouvement r\u00e9formateur dont la l\u00e9gitimit\u00e9 repose sur le djihad<a title=\"\">[1]<\/a>. Sunnites, ils pr\u00e9tendent ramener la paix en Afghanistan (dont ils contr\u00f4lent la majeure partie en 1996), d\u00e9sarmer la population et imposer la charia (loi canonique islamique r\u00e9gissant la vie religieuse, politique, sociale et individuelle, appliqu\u00e9e de mani\u00e8re stricte dans certains \u00c9tats musulmans, ndrl).<a title=\"\">[2]<\/a><\/p>\n<p><i>\u00ab\u00a0Pendant la guerre civile de 92 \u00e0 96 dans les madrassas <\/i>(\u00e9coles coraniques, de plus en plus nombreuses au Pakistan, o\u00f9 elles ont parfois pris le relais du secteur \u00e9ducatif traditionnel, ndrl)<i>, les \u00e9l\u00e8ves subissaient des lavages de cerveau dispens\u00e9s par un islam fondamentaliste venu d\u2019Arabie Saoudite. Au Pakistan, les gens disent que si les USA voulaient \u00eatre coh\u00e9rents, ils fermeraient les \u00e9coles coraniques et les madrassas. En fait, au Pakistan, on les appelle des \u2018usines \u00e0 talibans<\/i>\u00a0\u2018\u00bb explique, l\u2019ex-parlementaire afghane, Malala\u00ef Joya.<\/p>\n<p>Rappelons que l\u2019Afghanistan occupe une position strat\u00e9gique au c\u0153ur de l\u2019Asie. Les diff\u00e9rentes bases am\u00e9ricaines pr\u00e9sentes en Afghanistan assurent une pr\u00e9sence en Iran, Chine, Ouzbekistan et permettent \u00e9galement un acc\u00e8s aux r\u00e9servoirs de gaz et de p\u00e9trole des r\u00e9publiques d\u2019Asie Centrale.<\/p>\n<p><a href=\"http:\/\/www.femmesdechambre.be\/wp-content\/uploads\/2013\/12\/ramin1.jpg\"><img decoding=\"async\" alt=\"ramin1\" src=\"http:\/\/www.femmesdechambre.be\/wp-content\/uploads\/2013\/12\/ramin1-550x443.jpg\" width=\"550\" height=\"443\" \/><\/a><\/p>\n<p>En 2002, les talibans arrivent \u00e0 Mazari et capturent le grand-fr\u00e8re de Ramin sous pr\u00e9texte que celui-ci ne porte pas la barbe \u2026 <i>\u00ab\u00a0Ils n\u2019ont pas pris que mon fr\u00e8re. Enorm\u00e9ment de gens furent \u201cembarqu\u00e9s\u201d. Le premier jour, ce f\u00fbt terrible. Il fallait rester \u00e0 la maison. C\u2019est comme cela que mon p\u00e8re est mort, il \u00e9tait tellement inquiet au sujet de mon fr\u00e8re \u2026\u00a0\u00bb.<\/i> En 2008, la situation profond\u00e9ment instable entre l\u2019Afghanistan et le Pakistan s\u2019empire. Des attentats sont perp\u00e9tr\u00e9s dans tout le Pakistan, y compris \u00e0 Karachi o\u00f9 s\u2019est install\u00e9 la famille de Ramin. Une fois de plus, la famille d\u00e9cide de reprendre le chemin de l\u2019exil. Un ami du p\u00e8re de Ramin trouve un passeur. A ce moment-l\u00e0, ils ne savaient pas qu\u2019ils se rendaient en Belgique, la seule chose qui importait \u00e9tait de partir.<\/p>\n<p>Arriv\u00e9 dans le plat pays, Ramin est scolaris\u00e9 \u00e0 Anvers. Il y apprend \u00e0 parler le fran\u00e7ais et le n\u00e9erlandais et introduit alors une demande de r\u00e9gularisation. Lorsqu\u2019il re\u00e7oit un avis n\u00e9gatif, sa premi\u00e8re r\u00e9action est de tenter \u00e0 comprendre la cause du refus :\u201d<i>J\u2019ai commenc\u00e9 \u00e0 analyser les documents re\u00e7us par d\u2019autres d\u2019afghans dans la m\u00eame situation que moi. Chaque refus \u00e9tait argument\u00e9 de la m\u00eame mani\u00e8re. Pour moi, cela a \u00e9t\u00e9 tr\u00e8s difficile \u00e0 accepter : chaque individu a une situation particuli\u00e8re, on ne peut pas uniformiser les r\u00e9ponses \u00e0 ce point !\u201d<\/i>.<\/p>\n<p>Contre toute attente, il obtient un rendez-vous avec <b>Maggie De Block<\/b> (Open VLD), secr\u00e9taire d\u2019\u00c9tat \u00e0 l\u2019Asile et la Migration au parlement f\u00e9d\u00e9ral dans le cadre du \u2018Kids Parlement\u2019. Lors de l\u2019entretien, Maggie De Block lui explique les proc\u00e9dures de r\u00e9gularisation et \u00e9voque le droit \u00e0 la famille. Elle lui signifie d\u2019ailleurs qu\u2019il peut se rendre \u00e0 sa prochaine convocation au commissariat accompagn\u00e9 de membres de sa famille. Or, sur place, on le lui interdit :<i>\u00a0\u00ab\u00a0Maggie De Block dit que c\u2019est permis mais dans les faits, lorsque vous arrivez au commissariat dans le cadre de votre proc\u00e9dure de r\u00e9gularisation, ce droit vous est refus\u00e9. Nous ne savons pas quelles sont les r\u00e8gles du jeu dans lequel nous jouons\u00a0\u00bb.<\/i><\/p>\n<h6>Ramin s\u2019exprime aussi sous forme de rap et de slam. Ici, en n\u00e9erlandais avec le morceau intitul\u00e9\u00a0\u00ab\u00a0Papier en pijn\u00a0\u00bb.<\/h6>\n<p><iframe src=\"\/\/www.youtube.com\/embed\/HVPZ29t1R4I\" height=\"315\" width=\"560\" allowfullscreen=\"\" frameborder=\"0\"><\/iframe><\/p>\n<p>Durant l\u2019\u00e9t\u00e9 2013, Ramin r\u00e9alise ces diff\u00e9rentes d\u00e9marches lorsque l\u2019occupation de l\u2019Eglise du B\u00e9guinage, dans le centre historique de la ville de Bruxelles, est lanc\u00e9e: <i>\u00ab\u00a0Avant cela, je n\u2019avais jamais particip\u00e9 \u00e0 des actions si ce n\u2019est \u2018<\/i><a href=\"https:\/\/www.youtube.com\/watch?list=UUjc0eprAnqhI2nJqS7fggDg&amp;v=eUFocJ4KKKI\">Kids Parlement\u2019<\/a><i> avec l\u2019avocate <b>Selma Benkhelifa<\/b>. Quand je suis venu \u00e0 la premi\u00e8re r\u00e9union et que j\u2019ai vu tous ces Belges r\u00e9unis autour de notre cause, je me suis dit :\u201dS\u2019ils se r\u00e9unissent pour les Afghans, pourquoi je reste \u00e0 la maison et ne les rejoins pas ?\u201d\u2026 Les organisations, les \u00e9tudiants, et tous ceux qui nous ont rejoint aux manifestations ou ceux qui, simplement, venaient nous visiter au lieu de l\u2019occupation \u2026Cela nous a mis du baume au c\u0153ur. Vous savez, parfois vous n\u2019avez rien \u00e0 faire, il suffit juste d\u2019\u00eatre l\u00e0. C\u2019est plus que suffisant !\u201d.<\/i><\/p>\n<p>Aujourd\u2019hui, sur le site du Minist\u00e8re des Affaires \u00e9trang\u00e8res, il est indiqu\u00e9 que \u00ab\u00a0<a href=\"http:\/\/diplomatie.belgium.be\/fr\/Services\/voyager_a_letranger\/conseils_par_destination\/asie\/afghanistan\/ra_afghanistan.jsp\">la situation s\u00e9curitaire en Afghanistan est tr\u00e8s probl\u00e9matique\u00a0<\/a>\u00bb\u00a0; que \u00ab <i>des zones enti\u00e8res du pays, en ce compris les grandes agglom\u00e9rations, font face \u00e0 une insurrection arm\u00e9e<\/i> \u00bb\u00a0; que \u00ab <i>le conflit occasionne plus d\u2019un millier de morts violentes chaque ann\u00e9e <\/i>\u00bb<i>\u00a0; <\/i>et enfin que<i> <\/i>\u00ab<i> le danger peut prendre la forme d\u2019attentats \u00e0 la bombe, d\u2019attaques suicides, d\u2019enl\u00e8vements, de confrontations arm\u00e9es, d\u2019attaques le long des routes, qui<\/i> (\u2026)<i> touchent de fa\u00e7on indiscrimin\u00e9e les personnes pr\u00e9sentes alentours<\/i> \u00bb.\u00a0 Or, certains Afghans se voient actuellement refuser leur demande d\u2019asile car ils viennent de r\u00e9gions consid\u00e9r\u00e9es par les Autorit\u00e9s belges \u2013 qui se basent sur l\u2019avis du Haut-commissariat aux r\u00e9fugi\u00e9s des Nations unies \u2013 comme \u00ab <i>s\u00fbres<\/i> \u00bb.<\/p>\n<p>A ce propos, <b>Maggie De Block<\/b> d\u00e9clarait, en octobre 2013, au journal <i>De Rechtzetting\u00a0<\/i>: \u00ab <a href=\"http:\/\/de.rechtzetting.be\/2013\/10\/03\/afghanen-leven-in-prachtig-veilig-land\/\">Les afghans vivent dans un pays magnifique et s\u00fbr<\/a>\u00a0\u00bb. L\u00e0, Ramin s\u2019insurge\u00a0: \u00ab\u00a0<i>Non, ce n\u2019est pas vrai, l\u2019Afghanistan n\u2019est pas un pays s\u00fbr\u00a0! Seulement 33% du territoire afghan est sous le contr\u00f4le du gouvernement, le reste n\u2019est pas s\u00e9curis\u00e9. Si vous alliez sur le terrain, vous constateriez que le gouvernement est corrompu ainsi que le pr\u00e9sident <b>Hamid Karzai<\/b> \u2026 Je ne crois pas en lui\u00a0! Il a dit lui-m\u00eame \u00e0 la t\u00e9l\u00e9vision qu\u2019il re\u00e7oit de l\u2019argent de la CIA depuis l\u2019Iran, juste pour se taire sur le sort que l\u2019Iran fait subir aux r\u00e9fugi\u00e9s afghans. La situation des Afghans en Iran est terrible\u00a0! Vous vous fa\u00eetes menacer et insulter dans la rue, juste parce que vous \u00eates un migrant afghan. Je suis tr\u00e8s soulag\u00e9 depuis que je suis en Belgique et que je peux me promener dans la rue, sans entendre ce genre de choses \u2026 En Iran, la police arr\u00eate les Afghans sans raison, et le pr\u00e9sident se tait sur ce sujet\u00a0! Parce qu\u2019il re\u00e7oit de l\u2019argent pour son silence \u2026\u00a0\u00bb.<\/i><\/p>\n<p>Ramin D. Boy r\u00e9pond en \u00e9cho aux propos de Malala\u00ef Joya\u00a0: \u00ab\u00a0<i>Et les jeunes enfants endoctrin\u00e9s par les talibans pour faire la guerre, ce ne sont pas les enfants d\u2019Obama ou les enfants de votre pr\u00e9sident \u00e0 vous ici (France)\u00a0; ce sont de pauvres gens qui vont se faire tuer pour d\u2019autres causes. Aujourd\u2019hui, mon pays est un paradis pour les terroristes et le trafic de drogue. Or, cela, c\u2019est la faute des USA et de l\u2019OTAN\u00a0! \u00bb.<\/i><iframe src=\"\/\/player.vimeo.com\/video\/82952805\" height=\"281\" width=\"500\" allowfullscreen=\"\"><\/iframe><\/p>\n<p>Pour s\u2019emparer du contr\u00f4le de l\u2019Asie Centrale, riche en p\u00e9trole, les Etats-Unis n\u2019ont pas l\u00e9sin\u00e9 sur les moyens. D\u00e8s 2001, la guerre en Afghanistan incarnera le symbole \u00ab\u00a0<i>de la guerre contre le terrorisme<\/i>\u00a0\u00bb consid\u00e9r\u00e9e par l\u2019opinion occidentale comme plus que l\u00e9gitime aux lendemains des attentats du 11 septembre \u00e0 New-York. Le \u00ab\u00a0va-t-en-guerre\u00a0\u00bb aura donc lieu contre Al-Qa\u00efda au nom de la \u00ab\u00a0l\u00e9gitime d\u00e9fense\u00a0\u00bb. D\u00e8s le d\u00e9part, la Belgique s\u2019associera \u00e0 cette guerre en envoyant ses F-16, consid\u00e9r\u00e9s comme parmi les meilleurs avions de chasse, les plus utilis\u00e9s dans le monde.<\/p>\n<p>Pourtant, depuis plus d\u2019une dizaine d\u2019ann\u00e9es, des voix citoyennes se font entendre en Belgique et ailleurs contre cette guerre notamment en 2001, lors <a href=\"http:\/\/www2.ulg.ac.be\/capri\/Reconstruction\/AttentatsUSA\/CAPRI_AFP_08_10_01_ManifAmbassadeUSA.asp\">du lancement de l\u2019intervention<\/a> et en 2008 lors d\u2019un <a href=\"http:\/\/www.rtl.be\/info\/belgique\/societe\/174884\/manifestation-a-la-bourse-contre-les-f16-belges-en-afghanistan\">nouvel envoi de F16 belges en Afghanistan<\/a>. Pourtant, le ministre belge de la D\u00e9fense, <b>Pieter De Crem (CD&amp;V)<\/b> <a href=\"http:\/\/www.lavenir.net\/article\/detail.aspx?articleid=DMF20130612_00323177\">appuie pour une poursuite de la pr\u00e9sence militaire belge<\/a> en Afghanistan au-del\u00e0 de la fin de la mission de combat de l\u2019OTAN dans ce pays, pr\u00e9vue en d\u00e9cembre 2014.<\/p>\n<p>Selon Ramin,\u00a0 il serait n\u00e9anmoins caricatural d\u2019endosser l\u2019enti\u00e8re responsabilit\u00e9 de la situation politique actuelle de son pays \u00e0 l\u2019intervention militaire occidentale dont la Belgique fut actrice\u00a0: \u00ab\u00a0<i>Non, l\u2019intervention occidentale n\u2019explique pas tout. Si nos grands-parents avaient fait de leur mieux, nous ne serions pas en Belgique aujourd\u2019hui. C\u2019est en partie notre responsabilit\u00e9. Mais oui, l\u2019intervention occidentale a un r\u00f4le car \u00e0 cause de la position strat\u00e9gique de l\u2019Afghanistan, nous avons d\u00fb faire face \u00e0 \u00e9norm\u00e9ment de tensions, guerres et jeu d\u2019influences \u00e9manant de l\u2019ext\u00e9rieur. Je suis chanteur et j\u2019ai \u00e9crit une chanson, intitul\u00e9e \u00ab\u00a0Asie\u00a0\u00bb, qui parle de cela et interroge l\u2019action des grands-parents afghans, en langue dari. D\u2019ailleurs, la plupart du temps, j\u2019\u00e9cris sur la politique et les probl\u00e8mes sociaux en Afghanistan\u00a0<\/i>\u00bb.<\/p>\n<p><a href=\"http:\/\/www.femmesdechambre.be\/wp-content\/uploads\/2013\/12\/1487369_10152160801489813_937184228_n.jpg\"><img decoding=\"async\" alt=\"1487369_10152160801489813_937184228_n\" src=\"http:\/\/www.femmesdechambre.be\/wp-content\/uploads\/2013\/12\/1487369_10152160801489813_937184228_n-550x366.jpg\" width=\"550\" height=\"366\" \/><\/a><\/p>\n<p>Le week-end pr\u00e9c\u00e9dant No\u00ebl, les afghans et leurs repr\u00e9sentants ont march\u00e9 jusque Mons depuis Bruxelles dans l\u2019espoir d\u2019y rencontrer le Premier ministre.<\/p>\n<p>Le 24 d\u00e9cembre dernier, <b>Elio Di Rupo (PS)<\/b>, le Premier ministre belge, a re\u00e7u des repr\u00e9sentants du collectif ayant organis\u00e9 la \u201c<a href=\"http:\/\/zintv.org\/Looking-for-Elio?var_mode=calcul\"><i>Marche des Afghans<\/i><\/a>\u201d lors du week-end pr\u00e9c\u00e9dent No\u00ebl. Lors de cette marche, 350 Afghans ont parcouru 70 kilom\u00e8tres avant d\u2019arriver \u00e0 Mons le dimanche 22 au soir devant l\u2019h\u00f4tel de Ville afin de rencontrer le bourgmestre. N\u00e9anmoins, aucun rendez-vous avec Elio Di Rupo n\u2019\u00e9tait pr\u00e9vu. Une semaine auparavant, les m\u00e9dias avaient \u00e9t\u00e9 inform\u00e9s que la marche des trois jours des afghans se terminerait devant l\u2019H\u00f4tel de Ville de Mons ainsi que de leur volont\u00e9 de rencontrer Di Rupo.<\/p>\n<p>Par ailleurs, le samedi 21 d\u00e9cembre au soir, une demande officielle est\u00a0 introduite par la FGTB pour que le Bourgmestre de Mons rencontre les repr\u00e9sentants des Afghans \u00e0 l\u2019issue de leur marche. Mais le dimanche 22, Di Rupo n\u2019est pas pr\u00e9sent. Il rencontra finalement les repr\u00e9sentants des Afghans le mardi 24 d\u00e9cembre avec Maggie De Block. Celle-ci a invit\u00e9 les Afghans dont la demande d\u2019asile a \u00e9t\u00e9 refus\u00e9e \u00e0 la r\u00e9introduire. Ces demandes seront analys\u00e9es individuellement par le Commissariat g\u00e9n\u00e9ral aux r\u00e9fugi\u00e9s et aux apatrides (CGRA). Maggie De Block insiste pour que chacun apporte des \u00e9l\u00e9ments neufs afin de justifier leur demande, notamment sur la situation dans leur pays d\u2019origine. Ramin r\u00e9agit \u00e0 cette rencontre officielle\u00a0: \u00ab <i>Le rendez-vous avec Maggie De Block et Elio Di Rupo laisse une impression tr\u00e8s claire\u00a0: ils se supportent l\u2019un et l\u2019autre. M\u00eame si ils n\u2019ont pas la m\u00eame id\u00e9ologie, ils prot\u00e8gent la politique f\u00e9d\u00e9rale. Nous n\u2019avons donc obtenus aucun r\u00e9sultat. Le sujet, c\u2019est l\u2019\u00e9conomie f\u00e9d\u00e9rale, pas nous. Maggie De Block dit que nous pouvons d\u00e9poser une nouvelle demande, mais ce n\u2019est pas une avanc\u00e9e, nous avons toujours su que nous pouvions le faire. Nous l\u2019avons d\u2019ailleurs fait \u00e0 plusieurs reprises et elles ont toutes \u00e9taient refus\u00e9es. Il n\u2019est jamais question de la protection que nous r\u00e9clamons face au danger auquel un retour en Afghanistan nous expose, mais juste \u2026 de pourcentage <\/i>\u00bb.<\/p>\n<p><a href=\"http:\/\/www.femmesdechambre.be\/wp-content\/uploads\/2013\/12\/1513323_10152160800129813_1789247148_n.jpg\"><img decoding=\"async\" alt=\"1513323_10152160800129813_1789247148_n\" src=\"http:\/\/www.femmesdechambre.be\/wp-content\/uploads\/2013\/12\/1513323_10152160800129813_1789247148_n-550x366.jpg\" width=\"550\" height=\"366\" \/><\/a><\/p>\n<p>Environ 250 Afghans qui occupent l\u2019\u00e9glise du B\u00e9guinage \u00e0 Bruxelles ont march\u00e9 depuis la capitale jusque Mons pendant trois jours afin de sensibiliser les belges sur la pr\u00e9carit\u00e9 de leur situation.<\/p>\n<p>Un autre rendez-vous est fix\u00e9 avec le Premier ministre dans un mois. Le m\u00eame groupe d\u2019afghans (issu de l\u2019Eglise du B\u00e9guinage) organisera une nouvelle marche le 13 janvier prochain de Bruxelles \u00e0 Gand en compagnie, entre autres, de <b>Monseigneur Andr\u00e9 L\u00e9onard<\/b>. Les Afghans attendent toujours d\u2019obtenir l\u2019installation d\u2019un moratoire sur leurs expulsions et leur r\u00e9gularisation collective sur le territoire belge. Sur la suite de leur combat, Ramin se veut inspir\u00e9\u00a0: \u00ab <i>Je trouve que le collectif de soutien aux Afghans a tr\u00e8s bien men\u00e9 sa barque jusque ici : de plus en plus de gens nous soutiennent et s\u2019int\u00e9ressent \u00e0 la situation afghane. Les gens viennent vers nous et nous pouvons les informer. N\u00e9anmoins, l\u2019info reste limit\u00e9e au champ de manipulation des m\u00e9dias qui mart\u00e8lent la rh\u00e9torique suivante\u00a0: \u00ab\u00a0les migrants sont en Belgique pour tirer profit d\u2019une situation et ce n\u2019est pas aux Belges d\u2019assumer cela\u00a0\u00bb\u00a0<\/i>\u00bb.<\/p>\n<\/div>\n<p>En conclusion, Ramin nous fait part de ses espoirs\u00a0: \u00ab\u00a0<i>Avec nos actions, nous avons r\u00e9ussi \u00e0 faire changer la mani\u00e8re de penser des politiciens \u2026 Pas \u00e9norm\u00e9ment, mais ils pensent diff\u00e9remment par rapport au d\u00e9but de notre combat\u00a0<\/i>\u00bb.<\/p>\n<p>&nbsp;<\/p>\n<hr align=\"left\" size=\"1\" width=\"33%\" \/>\n<div>\n<p><a title=\"\">[1]<\/a>\u00a0\u00a0\u00a0\u00a0\u00a0\u00a0\u00a0\u00a0\u00a0\u00a0 Le dijhad est d\u00e9fini comme l\u2019effort sur soi-m\u00eame pour atteindre le perfectionnement moral ou religieux ou comme le combat, l\u2019action arm\u00e9e pour \u00e9tendre l\u2019islam et, \u00e9ventuellement,\u00a0 le d\u00e9fendre selon l\u2019<a href=\"http:\/\/www.larousse.fr\/dictionnaires\/francais\/djihad\/26226\">Encyclop\u00e9die Larousse<\/a><\/p>\n<\/div>\n<p><a title=\"\">[2]<\/a>\u00a0\u00a0\u00a0\u00a0\u00a0\u00a0\u00a0\u00a0\u00a0\u00a0 <a href=\"http:\/\/www.larousse.fr\/encyclopedie\/divers\/taliban\/95662\">D\u00e9finition des \u00ab\u00a0talibans\u00a0\u00bb, tir\u00e9e de l\u2019Encyclop\u00e9die Larousse<\/a><\/p>\n<p style=\"text-align: right;\"><a href=\"http:\/\/www.femmesdechambre.be\/etre-afghan-en-belgique\/\">Source<\/a><\/p>\n","protected":false},"excerpt":{"rendered":"<p>Par Julie Jaroszewski et Aurore Van Opstal, 31 d\u00e9cembre 2013 Depuis plusieurs mois, 400 afghans demandeurs d\u2019asile luttent pour obtenir une r\u00e9gularisation collective ainsi qu\u2019un moratoire sur les expulsions en Afghanistan. Afin de mieux comprendre leurs parcours, leurs revendications et leurs motivations, FDC est parti \u00e0 la rencontre de l\u2019un d\u2019entre-eux. Ramin D. Boy, 18 &#8230; <a title=\"\u00catre Afghan en Belgique\" class=\"read-more\" href=\"https:\/\/bruxelles-pantheres.be\/?p=1762\" aria-label=\"En savoir plus sur \u00catre Afghan en Belgique\">Lire la suite<\/a><\/p>\n","protected":false},"author":1,"featured_media":1755,"comment_status":"open","ping_status":"open","sticky":false,"template":"","format":"standard","meta":{"footnotes":""},"categories":[21,22,25,36,20,8,28,39],"tags":[10,93,31,14,32,23,75,38,15],"class_list":["post-1762","post","type-post","status-publish","format-standard","has-post-thumbnail","hentry","category-anti-imperialisme","category-emploi","category-enseignement","category-europe","category-logement","category-prisons","category-racismes","category-sans-papier","tag-ecole","tag-afghanistan","tag-belgique","tag-bruxelles","tag-culture","tag-discrimination","tag-femmes","tag-guerre","tag-resistance"],"_links":{"self":[{"href":"https:\/\/bruxelles-pantheres.be\/index.php?rest_route=\/wp\/v2\/posts\/1762","targetHints":{"allow":["GET"]}}],"collection":[{"href":"https:\/\/bruxelles-pantheres.be\/index.php?rest_route=\/wp\/v2\/posts"}],"about":[{"href":"https:\/\/bruxelles-pantheres.be\/index.php?rest_route=\/wp\/v2\/types\/post"}],"author":[{"embeddable":true,"href":"https:\/\/bruxelles-pantheres.be\/index.php?rest_route=\/wp\/v2\/users\/1"}],"replies":[{"embeddable":true,"href":"https:\/\/bruxelles-pantheres.be\/index.php?rest_route=%2Fwp%2Fv2%2Fcomments&post=1762"}],"version-history":[{"count":2,"href":"https:\/\/bruxelles-pantheres.be\/index.php?rest_route=\/wp\/v2\/posts\/1762\/revisions"}],"predecessor-version":[{"id":1764,"href":"https:\/\/bruxelles-pantheres.be\/index.php?rest_route=\/wp\/v2\/posts\/1762\/revisions\/1764"}],"wp:featuredmedia":[{"embeddable":true,"href":"https:\/\/bruxelles-pantheres.be\/index.php?rest_route=\/wp\/v2\/media\/1755"}],"wp:attachment":[{"href":"https:\/\/bruxelles-pantheres.be\/index.php?rest_route=%2Fwp%2Fv2%2Fmedia&parent=1762"}],"wp:term":[{"taxonomy":"category","embeddable":true,"href":"https:\/\/bruxelles-pantheres.be\/index.php?rest_route=%2Fwp%2Fv2%2Fcategories&post=1762"},{"taxonomy":"post_tag","embeddable":true,"href":"https:\/\/bruxelles-pantheres.be\/index.php?rest_route=%2Fwp%2Fv2%2Ftags&post=1762"}],"curies":[{"name":"wp","href":"https:\/\/api.w.org\/{rel}","templated":true}]}}