{"id":1775,"date":"2014-01-14T21:04:13","date_gmt":"2014-01-14T20:04:13","guid":{"rendered":"https:\/\/bruxelles-pantheres.be\/?p=1775"},"modified":"2014-01-14T21:05:39","modified_gmt":"2014-01-14T20:05:39","slug":"communique-de-presse-du-collectif-des-afghans","status":"publish","type":"post","link":"https:\/\/bruxelles-pantheres.be\/?p=1775","title":{"rendered":"COMMUNIQUE DE PRESSE DU COLLECTIF DES AFGHANS"},"content":{"rendered":"<div style=\"color: #000; background-color: #fff; font-family: HelveticaNeue, Helvetica Neue, Helvetica, Arial, Lucida Grande, sans-serif; font-size: 8pt;\">\n<div class=\"yiv2625191859MsoNormal\" style=\"margin: 0cm 0cm 0.0001pt; font-size: 12pt; font-family: 'Helvetica Neue','Segoe UI',Helvetica,Arial,'Lucida Grande',sans-serif; text-align: left;\" align=\"center\">\n<div class=\"articleHeader\"><\/div>\n<div class=\"articleHeader\"><a href=\"https:\/\/bruxelles-pantheres.be\/wp-content\/uploads\/2014\/01\/1521263_10203068419537498_690667110_n.jpg\"><img decoding=\"async\" class=\"wp-image-1776\" alt=\"1521263_10203068419537498_690667110_n\" src=\"https:\/\/bruxelles-pantheres.be\/wp-content\/uploads\/2014\/01\/1521263_10203068419537498_690667110_n.jpg\" width=\"576\" height=\"432\" srcset=\"https:\/\/bruxelles-pantheres.be\/wp-content\/uploads\/2014\/01\/1521263_10203068419537498_690667110_n.jpg 960w, https:\/\/bruxelles-pantheres.be\/wp-content\/uploads\/2014\/01\/1521263_10203068419537498_690667110_n-300x225.jpg 300w, https:\/\/bruxelles-pantheres.be\/wp-content\/uploads\/2014\/01\/1521263_10203068419537498_690667110_n-768x576.jpg 768w, https:\/\/bruxelles-pantheres.be\/wp-content\/uploads\/2014\/01\/1521263_10203068419537498_690667110_n-540x405.jpg 540w\" sizes=\"(max-width: 576px) 100vw, 576px\" \/><\/a><\/div>\n<div class=\"articleHeader\">photo d&rsquo; <a id=\"js_2\" href=\"https:\/\/www.facebook.com\/isabelle.marchal.336\" data-hovercard=\"\/ajax\/hovercard\/user.php?id=1416047068\">Isabelle Marchal<\/a><\/div>\n<div class=\"articleHeader\"><\/div>\n<blockquote>\n<div class=\"articleHeader\"><strong>Surat Nawabzai sera dans quelques heures \u00e0 Kaboul,<\/strong><\/div>\n<div class=\"articleHeader\"><strong> d\u00e9pos\u00e9 \u00e0 l\u2019a\u00e9roport, sans aide aucune \u00e0 la r\u00e9int\u00e9gration.<\/strong><\/div>\n<div class=\"articleText\"><\/div>\n<div class=\"articleText\"><\/div>\n<div class=\"articleText\"><b>Un texte de Selma Benkhelifa, avocate des sans-papiers afghans.<\/b><\/p>\n<div>\n<div>\u00ab\u00a0Ce matin, un jeune Afghan du nom de Surat Nawabzai a \u00e9t\u00e9 expuls\u00e9 vers l\u2019Afghanistan. Il venait d\u2019une r\u00e9gion consid\u00e9r\u00e9e comme dangereuse, mais cela n\u2019a pas emp\u00each\u00e9 son expulsion.Lors de la rencontre avec les Afghans, le 24 d\u00e9cembre, Maggie Deblock et Elio Di Rupo ont insist\u00e9 pour que tous r\u00e9introduisent des demandes d\u2019asile.Dirk VandenBulck, Commissaire G\u00e9n\u00e9ral aux R\u00e9fugi\u00e9s, \u00e9tait pr\u00e9sent et s\u2019est engag\u00e9 \u00e0 revoir les situations, \u00e0 la lumi\u00e8re de l\u2019aggravation de la situation en Afghanistan et des nouvelles instructions (Guidelines) \u00e9mises par le Haut Commissariat aux R\u00e9fugi\u00e9s des Nations Unies.Pourtant depuis ces promesses de solution, au moins deux jeunes Afghans ont \u00e9t\u00e9 expuls\u00e9s et la mani\u00e8re de traiter les dossiers n\u2019a absolument pas chang\u00e9.<\/p>\n<p>La politique d\u2019asile men\u00e9e en Belgique n\u2019est pas seulement cynique et inhumaine, elle est ill\u00e9gale.<!--more--><\/p>\n<p>Maggie Deblock mart\u00e8le sans arr\u00eat que le CGRA est ind\u00e9pendant. Cela devrait \u00eatre vrai mais c\u2019est h\u00e9las faux. L\u2019instance est politis\u00e9e et subit des pressions politiques inimaginables pour se conformer aux restrictions au droit d\u2019asile impos\u00e9es par le cabinet Deblock.<\/p>\n<p>Premi\u00e8rement, alors que tout le monde s\u2019accorde pour d\u00e9noncer l\u2019aggravation de la situation s\u00e9curitaire en Afghanistan, le taux de protection des Afghans a dramatiquement baiss\u00e9 en 2013. Nous sommes pass\u00e9s de 59% de d\u00e9cisions positives en 2012, \u00e0 moins de 52% en 2013. Le nombre de demandes introduites par des ressortissants afghans a pourtant diminu\u00e9 de moiti\u00e9 par rapport \u00e0 l\u2019ann\u00e9e derni\u00e8re (1.327 demandes en 2013 contre 2.635 en 2012).<\/p>\n<p>Comment expliquer que le taux de protection diminue alors que la Belgique a moins de demandes et que le degr\u00e9 de violence en Afghanistan a explos\u00e9 ? La logique juridique voudrait que le taux de protection augmente proportionnellement \u00e0 l\u2019augmentation du danger sur place.<\/p>\n<p>La logique politique est diff\u00e9rente. Le gouvernement a exig\u00e9 du CGRA que le taux de protection en Belgique soit align\u00e9 sur le taux g\u00e9n\u00e9ral europ\u00e9en (49% de protection). Certains pays d\u2019Europe accordent pourtant beaucoup plus de d\u00e9cisions positives : l\u2019Allemagne par exemple d\u00e9passe les 80%. Notre gouvernement a fait le choix politique de s\u2019aligner \u00e0 la baisse sur les pays les moins protecteurs.<\/p>\n<p>Ensuite, le CGRA explique devoir r\u00e9examiner la situation sur place tous les trois mois en raison du caract\u00e8re volatile du conflit, mais avoir des instructions strictes pour rendre des d\u00e9cisions dans les d\u00e9lais les plus courts possibles.<\/p>\n<p>On s\u2019interroge sur le sens d\u2019une d\u00e9cision qui pr\u00e9tend qu\u2019une zone serait s\u00fbre aujourd\u2019hui, tout en admettant qu\u2019elle ne le sera peut-\u00eatre plus dans trois mois. Ici encore la logique juridique voudrait qu\u2019on accorde une protection subsidiaire ou qu\u2019on g\u00e8le les dossiers jusqu\u2019\u00e0 ce qu\u2019on puisse dire avec certitude qu\u2019un retour ne pr\u00e9sente pas de danger.<\/p>\n<p>On constate encore que les r\u00e9gions consid\u00e9r\u00e9es comme s\u00fbres en Belgique fluctuent, non pas en fonction du danger r\u00e9el dans ladite r\u00e9gion, mais en fonction du nombre de demandeurs qui arrivent. On a ainsi vu des villes ou des districts passer de dangereux \u00e0 parfaitement s\u00fbrs, sans explication aucune. Les villes de Herat ou de Jalalabad \u00e9taient dangereuses en 2010 et sont devenues s\u00fbres en 2013, alors que le nombre d\u2019incidents violents a augment\u00e9 respectivement de 103% et de 91 %.<\/p>\n<p>L\u00e0 encore, ce n\u2019est pas la situation en Afghanistan qui d\u00e9termine la position des instances d\u2019asile mais bien la situation politique en Belgique.<\/p>\n<p>Enfin on doit se rendre \u00e0 l\u2019\u00e9vidence, le CGRA ne tient aucun compte des Guidelines du HCR. Le jeune Nawabzai en a fait les frais. Il avait invoqu\u00e9 venir de la province de Nangrahar, \u00e0 l\u2019est de l\u2019Afghanistan. La zone est au c\u0153ur du conflit. Il avait aussi invoqu\u00e9 une crainte de recrutement forc\u00e9. Le HCR indique que les jeunes hommes en \u00e2ge de combattre forment un groupe \u00e0 risques, sp\u00e9cialement dans les zones en conflit et chez les d\u00e9plac\u00e9s internes.<\/p>\n<p>Qu\u2019a-t-on r\u00e9pondu \u00e0 Surat Nawabzai ?<\/p>\n<p>Oui vous venez d\u2019une r\u00e9gion \u00e0 risque, mais rien ne vous emp\u00eache de vous rendre \u00e0 Jalalabad, capitale de la province.<\/p>\n<p>Oui Jalalabad est dans la zone de conflit mais le HCR dit que la province en g\u00e9n\u00e9ral est dangereuse et ne dit rien de pr\u00e9cis sur la capitale.<\/p>\n<p>Oui la route pour aller de Kaboul \u00e0 Jalalabad est la route la plus dangereuse du monde.<\/p>\n<p>Oui vous y serez un d\u00e9plac\u00e9 interne puisque vous n\u2019y avez personne, mais vous avez l\u2019air d\u00e9brouillard.<\/p>\n<p>Oui vous faites partie d\u2019un groupe \u00e0 risques, mais cela ne suffit pas \u00e0 d\u00e9montrer une crainte personnelle dans votre chef.<\/p>\n<p>CQFD vous ne d\u00e9montrez pas que vous \u00eates en danger.<\/p>\n<p>Le Conseil du Contentieux des Etrangers, instance d\u2019appel, ne r\u00e9forme quasiment jamais les d\u00e9cisions du CGRA. Les chiffres sont \u00e9loquents, le r\u00f4le n\u00e9erlandophone du Conseil a un taux de r\u00e9formation de 0.7%. Les condamnations par la Cour europ\u00e9enne des droits de l\u2019Homme &#8211; qui a soulign\u00e9 le caract\u00e8re non effectif du recours &#8211; n\u2019y ont rien chang\u00e9.<\/p>\n<p>Surat Nawabzai sera dans quelques heures \u00e0 Kaboul, d\u00e9pos\u00e9 \u00e0 l\u2019a\u00e9roport, sans aide aucune \u00e0 la r\u00e9int\u00e9gration. Il ira grossir les rangs des d\u00e9plac\u00e9s internes ou fuira vers la Pakistan. Comme d\u2019autres avant lui, il va dispara\u00eetre de nos statistiques. On ne saura jamais tr\u00e8s bien ce qui lui est arriv\u00e9. Et cette ignorance permettra \u00e0 Maggie Deblock \u2013 et au gouvernement au nom duquel elle m\u00e8ne cette politique \u2013 de continuer \u00e0 dire \u00ab la loi, c\u2019est la loi \u00bb.\u00a0\u00bb<\/p>\n<p>&nbsp;<\/p>\n<\/div>\n<\/div>\n<\/div>\n<\/blockquote>\n<\/div>\n<div class=\"yiv2625191859MsoNormal\" style=\"margin: 0cm 0cm 0.0001pt; font-size: 12pt; font-family: 'Helvetica Neue', 'Segoe UI', Helvetica, Arial, 'Lucida Grande', sans-serif;\" align=\"center\"><\/div>\n<blockquote>\n<div class=\"yiv2625191859MsoNormal\" style=\"margin: 0cm 0cm 0.0001pt; font-size: 12pt; font-family: 'Helvetica Neue', 'Segoe UI', Helvetica, Arial, 'Lucida Grande', sans-serif;\" align=\"center\"><b>COMMUNIQUE DE PRESSE DU COLLECTIF DES AFGHANS<\/b><\/div>\n<\/blockquote>\n<div class=\"yiv2625191859MsoNormal\" style=\"margin: 0cm 0cm 0.0001pt; font-size: 12pt; font-family: 'Helvetica Neue', 'Segoe UI', Helvetica, Arial, 'Lucida Grande', sans-serif;\"><\/div>\n<div class=\"yiv2625191859MsoNormal\" style=\"margin: 0cm 0cm 0.0001pt; font-size: 12pt; font-family: 'Helvetica Neue', 'Segoe UI', Helvetica, Arial, 'Lucida Grande', sans-serif;\"><span>Nawabsai Surat Khan, un afghan d\u2019une vingtaine d\u2019ann\u00e9es, a \u00e9t\u00e9 arr\u00eat\u00e9 lors d\u2019une manifestation politique, dont les violences polici\u00e8res ont \u00e9t\u00e9 condamn\u00e9es par les associations, le 26 septembre 2013. Originaire d\u2019une r\u00e9gion consid\u00e9r\u00e9e comme dangereuse par le HCR, le CGRA a consid\u00e9r\u00e9 qu\u2019il avait l\u2019opportunit\u00e9 de s\u2019installer dans une r\u00e9gion s\u00fbre.Il sera expuls\u00e9\u00a0<a style=\"color: #196ad4;\" href=\"http:\/\/w-4.netcourrier.com\/netc\/auth\/main.php\" target=\"_blank\" rel=\"nofollow\" shape=\"rect\">ce mardi 14 janvier\u00a0\u00e0 8h15<\/a>, de Bruxelles vers Kaboul via Amsterdam (Schipool) par un vol KLM (KLM 1722).<\/span><\/div>\n<div class=\"yiv2625191859MsoNormal\" style=\"margin: 0cm 0cm 0.0001pt; font-size: 12pt; font-family: 'Helvetica Neue', 'Segoe UI', Helvetica, Arial, 'Lucida Grande', sans-serif;\"><\/div>\n<div class=\"yiv2625191859MsoNormal\" style=\"margin: 0cm 0cm 0.0001pt; font-size: 12pt; font-family: 'Helvetica Neue', 'Segoe UI', Helvetica, Arial, 'Lucida Grande', sans-serif;\"><span>Cette expulsion suit celle de Fahim Sofi, apr\u00e8s la Marche des Afghans au travers d\u2019une Wallonie chaleureuse, qui avait men\u00e9 \u00e0 une rencontre entre le collectif des afghans, le Premier Ministre et la Secr\u00e9taire d\u2019Etat \u00e0 l\u2019Asile et \u00e0 la Migration. Elle sert \u00e9galement de point final \u00e0 la Marche des Afghans au travers de la Flandre, accueillie avec enthousiasme \u00e0 Gand.<\/span><\/div>\n<div class=\"yiv2625191859MsoNormal\" style=\"margin: 0cm 0cm 0.0001pt; font-size: 12pt; font-family: 'Helvetica Neue', 'Segoe UI', Helvetica, Arial, 'Lucida Grande', sans-serif;\"><\/div>\n<div class=\"yiv2625191859MsoNormal\" style=\"margin: 0cm 0cm 0.0001pt; font-size: 12pt; font-family: 'Helvetica Neue', 'Segoe UI', Helvetica, Arial, 'Lucida Grande', sans-serif;\"><span>A aucun moment la Secr\u00e9taire d\u2019Etat n\u2019a fait usage d\u2019arguments objectifs sur les dysfonctionnements structurels dans le traitement des demandes d\u2019asile des afghans d\u00e9nonc\u00e9s par la plateforme associative qui soutient leurs revendications.<\/span><\/div>\n<div class=\"yiv2625191859MsoNormal\" style=\"margin: 0cm 0cm 0.0001pt; font-size: 12pt; font-family: 'Helvetica Neue', 'Segoe UI', Helvetica, Arial, 'Lucida Grande', sans-serif;\"><\/div>\n<div class=\"yiv2625191859MsoNormal\" style=\"margin: 0cm 0cm 0.0001pt; font-size: 12pt; font-family: 'Helvetica Neue', 'Segoe UI', Helvetica, Arial, 'Lucida Grande', sans-serif;\"><span>Chacune des actions collectives des afghans d\u00e9montre leur \u00e9nergie \u00e0 d\u00e9noncer une politique de repr\u00e9sentation de la force, plut\u00f4t que de gestion raisonn\u00e9e. Chacune de ces actions est \u00e9galement sanctionn\u00e9e par les administrations de la Secr\u00e9taire d\u2019Etat d\u2019un nouveau sceau de la honte. Nous voulons d\u2019une Belgique unifi\u00e9e, certes. Mais \u00e0 quel prix\u00a0?<\/span><\/div>\n<div><span>\u00a0<\/span><\/div>\n<div><span>\u00a0<\/span><\/div>\n<div><span>\u00a0<\/span><\/div>\n<div><span>\u00a0<\/span><\/div>\n<div><\/div>\n<div id=\"RTEContent\">\n<div id=\"RTEContent\">\n<div id=\"RTEContent\">\n<div id=\"RTEContent\">\n<div>\n<div>\n<div>\n<div>\n<div>\n<div>\n<div><span style=\"background-color: #ffffff; color: #c00000; font-size: small;\">CRER<\/span><\/div>\n<div><a href=\"http:\/\/regularisation.canalblog.com\/\" target=\"_blank\" rel=\"nofollow\"><span style=\"color: #0000ff;\">http:\/\/regularisation.canalblog.com\/<\/span><\/a><\/div>\n<div><span style=\"font-size: xx-small;\"><span style=\"color: #ff0000;\"><span style=\"color: #000000; font-size: small;\"><i>Soutien au N\u00b0 Triodos\u00a0 :\u00a0 523 &#8211; 0801898 &#8211; 74<\/i><\/span><\/span><\/span><\/div>\n<\/div>\n<\/div>\n<\/div>\n<\/div>\n<\/div>\n<\/div>\n<\/div>\n<\/div>\n<\/div>\n<\/div>\n<\/div>\n","protected":false},"excerpt":{"rendered":"<p>photo d&rsquo; Isabelle Marchal Surat Nawabzai sera dans quelques heures \u00e0 Kaboul, d\u00e9pos\u00e9 \u00e0 l\u2019a\u00e9roport, sans aide aucune \u00e0 la r\u00e9int\u00e9gration. Un texte de Selma Benkhelifa, avocate des sans-papiers afghans. \u00ab\u00a0Ce matin, un jeune Afghan du nom de Surat Nawabzai a \u00e9t\u00e9 expuls\u00e9 vers l\u2019Afghanistan. Il venait d\u2019une r\u00e9gion consid\u00e9r\u00e9e comme dangereuse, mais cela n\u2019a &#8230; <a title=\"COMMUNIQUE DE PRESSE DU COLLECTIF DES AFGHANS\" class=\"read-more\" href=\"https:\/\/bruxelles-pantheres.be\/?p=1775\" aria-label=\"En savoir plus sur COMMUNIQUE DE PRESSE DU COLLECTIF DES AFGHANS\">Lire la suite<\/a><\/p>\n","protected":false},"author":1,"featured_media":1755,"comment_status":"open","ping_status":"open","sticky":false,"template":"","format":"standard","meta":{"footnotes":""},"categories":[21,36,8,28,39,5],"tags":[93,31,23,26,38,54,15,97],"class_list":["post-1775","post","type-post","status-publish","format-standard","has-post-thumbnail","hentry","category-anti-imperialisme","category-europe","category-prisons","category-racismes","category-sans-papier","category-violence-policiere","tag-afghanistan","tag-belgique","tag-discrimination","tag-extradition","tag-guerre","tag-police","tag-resistance","tag-selma-benkhelifa"],"_links":{"self":[{"href":"https:\/\/bruxelles-pantheres.be\/index.php?rest_route=\/wp\/v2\/posts\/1775","targetHints":{"allow":["GET"]}}],"collection":[{"href":"https:\/\/bruxelles-pantheres.be\/index.php?rest_route=\/wp\/v2\/posts"}],"about":[{"href":"https:\/\/bruxelles-pantheres.be\/index.php?rest_route=\/wp\/v2\/types\/post"}],"author":[{"embeddable":true,"href":"https:\/\/bruxelles-pantheres.be\/index.php?rest_route=\/wp\/v2\/users\/1"}],"replies":[{"embeddable":true,"href":"https:\/\/bruxelles-pantheres.be\/index.php?rest_route=%2Fwp%2Fv2%2Fcomments&post=1775"}],"version-history":[{"count":3,"href":"https:\/\/bruxelles-pantheres.be\/index.php?rest_route=\/wp\/v2\/posts\/1775\/revisions"}],"predecessor-version":[{"id":1779,"href":"https:\/\/bruxelles-pantheres.be\/index.php?rest_route=\/wp\/v2\/posts\/1775\/revisions\/1779"}],"wp:featuredmedia":[{"embeddable":true,"href":"https:\/\/bruxelles-pantheres.be\/index.php?rest_route=\/wp\/v2\/media\/1755"}],"wp:attachment":[{"href":"https:\/\/bruxelles-pantheres.be\/index.php?rest_route=%2Fwp%2Fv2%2Fmedia&parent=1775"}],"wp:term":[{"taxonomy":"category","embeddable":true,"href":"https:\/\/bruxelles-pantheres.be\/index.php?rest_route=%2Fwp%2Fv2%2Fcategories&post=1775"},{"taxonomy":"post_tag","embeddable":true,"href":"https:\/\/bruxelles-pantheres.be\/index.php?rest_route=%2Fwp%2Fv2%2Ftags&post=1775"}],"curies":[{"name":"wp","href":"https:\/\/api.w.org\/{rel}","templated":true}]}}