{"id":1789,"date":"2014-01-18T20:49:23","date_gmt":"2014-01-18T19:49:23","guid":{"rendered":"https:\/\/bruxelles-pantheres.be\/?p=1789"},"modified":"2014-01-18T20:49:23","modified_gmt":"2014-01-18T19:49:23","slug":"53-ans-apres-patrice-emery-lumumba-immortel","status":"publish","type":"post","link":"https:\/\/bruxelles-pantheres.be\/?p=1789","title":{"rendered":"53 ans apr\u00e8s, Patrice Emery Lumumba immortel !"},"content":{"rendered":"<p><span style=\"font-size: 14px;\">\u00a0\u00a0\u00a0\u00a0\u00a0\u00a0\u00a0\u00a0\u00a0\u00a0\u00a0\u00a0\u00a0\u00a0\u00a0\u00a0\u00a0\u00a0\u00a0\u00a0\u00a0\u00a0\u00a0\u00a0\u00a0\u00a0\u00a0\u00a0\u00a0\u00a0\u00a0\u00a0\u00a0\u00a0\u00a0\u00a0\u00a0\u00a0\u00a0\u00a0\u00a0\u00a0\u00a0\u00a0\u00a0\u00a0\u00a0\u00a0\u00a0\u00a0\u00a0\u00a0\u00a0\u00a0\u00a0\u00a0\u00a0\u00a0\u00a0\u00a0\u00a0\u00a0\u00a0\u00a0\u00a0\u00a0\u00a0\u00a0\u00a0\u00a0\u00a0\u00a0\u00a0\u00a0\u00a0\u00a0\u00a0\u00a0\u00a0\u00a0\u00a0\u00a0\u00a0\u00a0\u00a0\u00a0\u00a0\u00a0\u00a0\u00a0\u00a0\u00a0\u00a0\u00a0\u00a0\u00a0\u00a0\u00a0\u00a0\u00a0\u00a0\u00a0\u00a0\u00a0\u00a0\u00a0\u00a0\u00a0\u00a0\u00a0\u00a0\u00a0\u00a0\u00a0\u00a0\u00a0\u00a0\u00a0\u00a0\u00a0\u00a0\u00a0\u00a0\u00a0\u00a0\u00a0\u00a0\u00a0\u00a0\u00a0\u00a0\u00a0\u00a0\u00a0\u00a0\u00a0\u00a0\u00a0\u00a0\u00a0\u00a0\u00a0\u00a0\u00a0\u00a0\u00a0\u00a0\u00a0\u00a0\u00a0\u00a0\u00a0\u00a0\u00a0\u00a0\u00a0\u00a0\u00a0\u00a0\u00a0\u00a0\u00a0\u00a0\u00a0\u00a0\u00a0\u00a0\u00a0\u00a0\u00a0\u00a0\u00a0\u00a0\u00a0\u00a0\u00a0\u00a0\u00a0\u00a0\u00a0\u00a0\u00a0\u00a0\u00a0\u00a0\u00a0\u00a0\u00a0\u00a0\u00a0\u00a0\u00a0\u00a0\u00a0\u00a0\u00a0\u00a0\u00a0\u00a0\u00a0\u00a0\u00a0\u00a0\u00a0\u00a0\u00a0\u00a0\u00a0\u00a0\u00a0\u00a0\u00a0\u00a0\u00a0\u00a0\u00a0\u00a0\u00a0\u00a0\u00a0\u00a0\u00a0\u00a0\u00a0\u00a0\u00a0\u00a0\u00a0\u00a0\u00a0\u00a0\u00a0\u00a0\u00a0\u00a0\u00a0\u00a0\u00a0\u00a0\u00a0\u00a0\u00a0\u00a0\u00a0\u00a0\u00a0\u00a0\u00a0\u00a0\u00a0\u00a0\u00a0\u00a0\u00a0\u00a0\u00a0\u00a0\u00a0\u00a0\u00a0\u00a0\u00a0\u00a0\u00a0\u00a0\u00a0\u00a0\u00a0\u00a0\u00a0\u00a0\u00a0\u00a0\u00a0\u00a0\u00a0\u00a0\u00a0\u00a0\u00a0\u00a0\u00a0\u00a0\u00a0\u00a0\u00a0\u00a0\u00a0\u00a0 <\/span><img decoding=\"async\" style=\"width: 250px; height: 354px; border-width: 1px; border-style: solid; margin-left: 10px; margin-right: 10px; float: left;\" alt=\"\" src=\"http:\/\/www.lanouvelleexpression.info\/images\/stories\/demo\/lumumba.JPG\" \/><span style=\"font-size: 14px;\">Assassin\u00e9 le\u00a0 17 janvier 1961, le tout premier Premier ministre du Congo ind\u00e9pendant reste une figure\u00a0 embl\u00e9matique des luttes de lib\u00e9ration nationale en Afrique.\u00a0\u00a0<\/span><\/p>\n<div class=\"itemFullText\"><span style=\"font-size: 14px;\">Leader charismatique de l\u2019ind\u00e9pendance du Congo -actuelle R\u00e9publique d\u00e9mocratique du\u00a0 Congo (Rdc) -, Patrice Emery Lumumba \u00a0a \u00e9t\u00e9\u00a0assassin\u00e9 le 17 janvier 1961 \u00e0 Lubumbashi. Les circonstances de son assassinat n&rsquo;ont jamais \u00e9t\u00e9 \u00e9claircies et son corps n&rsquo;a jamais \u00e9t\u00e9 retrouv\u00e9. Il est connu que\u00a0 l\u2019assassinat de Patrice Lumumba\u00a0 s\u2019est d\u00e9roul\u00e9 avec l\u2019implication des services secrets de plusieurs pays occidentaux.\u00a0En particulier la Cia et les services secrets de sa Majest\u00e9. Dans un courrier des lecteurs de la <em>London Review of Books<\/em> (Lrb), Lord David Edward \u00a0Lea a r\u00e9v\u00e9l\u00e9 que le service de renseignement britannique MI6 a jou\u00e9 un r\u00f4le dans l&rsquo;assassinat du premier Premier ministre du Congo ind\u00e9pendant.\u00a0Ce lord avait \u00e9voqu\u00e9 une conversation avec l&rsquo;ancienne premi\u00e8re secr\u00e9taire de l&rsquo;ambassade britannique \u00e0 L\u00e9opoldville &#8211; actuelle Kinshasa -, de 1959 \u00e0 1961, Daphne Park.<br \/>\n<\/span><\/div>\n<div class=\"itemFullText\"><\/div>\n<div class=\"itemFullText\"><\/div>\n<div class=\"itemFullText\"><\/div>\n<div class=\"itemFullText\"><span style=\"font-size: 14px;\"><span style=\"font-size: 14px;\"><!--more--><br \/>\n<strong>Victime d\u2019un complot international <\/strong><\/span><\/span>Une fonction li\u00e9e \u00e0 celle de poste du MI6 au Congo durant la \u00a0p\u00e9riode concern\u00e9e.\u00a0 Daphne Park avait r\u00e9v\u00e9l\u00e9\u00a0au parlementaire britannique avec lequel elle prenait du\u00a0 th\u00e9\u00a0: \u00ab<em>Nous avions (quelque chose \u00e0 voir avec l&rsquo;enl\u00e8vement de Patrice Lumumba). Je l&rsquo;ai organis\u00e9<\/em>\u00bb, avait-elle \u00a0d\u00e9clar\u00e9. Interrog\u00e9 par un journal indien <em>The Hindu,<\/em> Lord Lea avait \u00a0confirm\u00e9 le contenu de sa lettre \u00e0 la<em> Lrb.<\/em>\u00a0Il avait\u00a0 pr\u00e9cis\u00e9 que la conversation avec Mme Park a eu lieu quelques mois avant sa mort en 2010\u00a0: \u00ab<em>C&rsquo;est la conversation que j&rsquo;ai eue avec elle et c&rsquo;est ce qu&rsquo;elle m&rsquo;a racont\u00e9. Je n&rsquo;ai rien \u00e0 ajouter<\/em>\u00bb, avait-il dit. \u00a0Selon Lord Lea, l&rsquo;ancienne diplomate-espionne a expliqu\u00e9 que si l&rsquo;Occident n&rsquo;intervenait pas, Patrice Lumumba aurait remis les riches ressources mini\u00e8res de son pays \u00a0aux Russes.<br \/>\nQualifi\u00e9 de prosovi\u00e9tique, Patrice Lumumba a \u00e9t\u00e9 r\u00e9voqu\u00e9 le 5 septembre 1960 par le pr\u00e9sident Joseph Kasavubu. Celui-ci est destitu\u00e9 \u00e0 son tour par Patrice Lumumba. Soutenu par les Washington et Bruxelles,\u00a0le colonel Joseph-D\u00e9sir\u00e9 Mobutu alors chef d&rsquo;\u00e9tat-major allait prendre le\u00a0pouvoir\u00a0par un coup d\u2019Etat.\u00a0\u00a0Le 10 octobre 1960, Patrice Lumumba est encercl\u00e9 dans sa r\u00e9sidence, puis arr\u00eat\u00e9 le 2 d\u00e9cembre 1960 par les troupes du colonel Mobutu, alors qu&rsquo;il cherchait \u00e0 rejoindre ses partisans qui contr\u00f4laient Stanleyville &#8211; actuelle Kisangani. Joseph-D\u00e9sir\u00e9 Mobutu a \u00e9t\u00e9 utilis\u00e9 par les Am\u00e9ricains, les Belges et l\u2019Otan par ce qu\u2019il y avait des enjeux g\u00e9opolitiques et g\u00e9ostrat\u00e9giques de la Guerre froide en Afrique.<\/p>\n<p><strong>Excuses de la Belgique <\/strong><\/p>\n<p>Apr\u00e8s l\u2019ind\u00e9pendance, le pays avait sombr\u00e9 dans le chaos.\u00a0 Le 5 juillet 1960, \u00a0une mutinerie avait \u00e9clat\u00e9 au sein des troupes congolaises de la Force publique encadr\u00e9e par les officiers belges. Le 11 juillet 1960, la riche province mini\u00e8re du Katanga faisait s\u00e9cession sous la conduite de Mo\u00efse Tschomb\u00e9 et avec l&rsquo;appui de la puissance coloniale belge et des Etats-Unis. Patrice Lumumba \u00e9tait \u00a0r\u00e9voqu\u00e9 par le pr\u00e9sident Joseph Kasa-Vubu.\u00a0 Joseph-D\u00e9sir\u00e9 Mobutu avait \u00ab<em>neutralis\u00e9\u00a0<\/em> Patrice Lumumba. Celui-ci \u00a0avait \u00e9t\u00e9 fait prisonnier, puis transf\u00e9r\u00e9 au Katanga, \u00a0\u00e0 Elisabethville &#8211; aujourd&rsquo;hui Lubumbashi &#8211; o\u00f9 il a \u00e9t\u00e9 le 17 janvier 1961 avec \u00a0deux de ses collaborateurs, apr\u00e8s avoir \u00e9t\u00e9 sauvagement tortur\u00e9s. Leur mort avait \u00e9t\u00e9\u00a0 annonc\u00e9e \u00a0le 13 f\u00e9vrier 1961.<br \/>\nSelon la version officielle, Patrice Lumumba aurait \u00e9t\u00e9 \u00ab\u00a0<em>tu\u00e9 lors d&rsquo;une tentative d&rsquo;\u00e9vasion, sur ordre des dirigeants de la province s\u00e9cessionniste du Katanga<\/em>\u00a0\u00bb. Apr\u00e8s la parution d&rsquo;un livre accusant la Belgique\u00a0 de porter \u00ab\u00a0<em>la plus grande responsabilit\u00e9<\/em>\u00bb\u00a0 dans cet assassinat\u00a0, une commission d&rsquo;enqu\u00eate parlementaire belge mise sur pied en mai 2000 a \u00e9t\u00e9 charg\u00e9e de d\u00e9terminer les circonstances exactes de l&rsquo;assassinat de Patrice Lumumba et l&rsquo;implication \u00e9ventuelle des responsables politiques belges. En 2001, cette commission d&rsquo;enqu\u00eate parlementaire belge a conclu \u00e0 la \u00ab\u00a0<em>responsabilit\u00e9 morale<\/em>\u00a0\u00bb de la Belgique.\u00a0\u00a0Le gouvernement du Premier ministre Guy Verhofstadt avait alors pr\u00e9sent\u00e9 les excuses de la Belgique au Congo. Les enqu\u00eates d\u2019historiens et de journalistes ont identifi\u00e9 les ex\u00e9cuteurs qui\u00a0 \u00e9taient membres de la S\u00fbret\u00e9 et de la police politique belge.<\/p>\n<p><strong>L\u2019Onu instrumentalis\u00e9e par Washington <\/strong><\/p>\n<p>Ils ont mis en cause directement l\u2019entourage direct du roi Axel Marie Gustave Baudouin.\u00a0Par son nationalisme r\u00e9solu et\u00a0intransigeant, Patrice Lumumba\u00a0\u00a0a \u00e9t\u00e9 une grande figure embl\u00e9matique des ind\u00e9pendances africaines. N\u00e9 en 1925 \u00a0dans le Kasa\u00ef, Patrice Lumumba avait fond\u00e9 en 1958 le Mouvement national congolais (Mnc), \u00e0 son retour de la conf\u00e9rence panafricaine d&rsquo;Accra.\u00a0\u00a0Il s\u2019\u00e9tait \u00a0prononc\u00e9 \u00a0en faveur d\u2019un Congo unitaire. \u00a0Il \u00e9tait d\u00e9termin\u00e9\u00a0 pour l&rsquo;ind\u00e9pendance de son pays. Il a fait partie de la d\u00e9l\u00e9gation qui a remis\u00a0\u00a0\u00a0en 1958 \u00e0 l&rsquo;autorit\u00e9 coloniale une motion r\u00e9clamant l&rsquo;ind\u00e9pendance du Congo belge et particip\u00e9 en janvier-f\u00e9vrier 1960 \u00e0 la \u00ab\u00a0<em>table ronde\u00a0\u00bb<\/em> de Bruxelles.<br \/>\nTable ronde \u00a0qui a fix\u00e9 la date de l&rsquo;ind\u00e9pendance. Le 16 ao\u00fbt 1960, le sud-Kasa\u00ef voisin proclamait un Etat autonome. Lumumba ordonnait une offensive militaire contre la capitale de cette \u00a0province. Lumumba avait rompu avec Bruxelles, qu&rsquo;il tenait pour responsable \u00a0\u00a0de la s\u00e9cession katangaise, et demand\u00e9 l&rsquo;intervention de l\u2019Onu. Le Conseil de s\u00e9curit\u00e9 de l\u2019Onu avait demand\u00e9 \u00e0 la Belgique de retirer ses troupes et autoris\u00e9 l&rsquo;envoi de casques bleus. Ceux-ci arrivaient \u00a0massivement au Congo \u00e0 la mi-juillet 1960. Instrumentalis\u00e9e par les Etats-Unis, l&rsquo;Onu avait refus\u00e9 de laisser sa force de paix appuyer les forces gouvernementales. Pour les Occidentaux, \u00a0il fallait absolument\u00a0emp\u00eacher que l&rsquo;ex-Congo belge soit parrain\u00e9 par Moscou.<\/p>\n<\/div>\n<div class=\"itemFullText\"><span class=\"itemAuthor\">par\u00a0 Edmond Kamguia K. <\/span><\/div>\n<div class=\"itemFullText\"><a href=\"http:\/\/www.lanouvelleexpression.info\/index.php\/world\/2013-05-16-09-03-38\/item\/2443\">Source<\/a><\/div>\n<div class=\"itemFullText\"><\/div>\n<div class=\"itemFullText\">\n<p><a href=\"https:\/\/bruxelles-pantheres.be\/wp-content\/uploads\/2014\/01\/1510569_10202176967699606_610251593_n.jpg\"><img decoding=\"async\" class=\"wp-image-1790 alignright\" alt=\"1510569_10202176967699606_610251593_n\" src=\"https:\/\/bruxelles-pantheres.be\/wp-content\/uploads\/2014\/01\/1510569_10202176967699606_610251593_n.jpg\" width=\"576\" height=\"432\" srcset=\"https:\/\/bruxelles-pantheres.be\/wp-content\/uploads\/2014\/01\/1510569_10202176967699606_610251593_n.jpg 960w, https:\/\/bruxelles-pantheres.be\/wp-content\/uploads\/2014\/01\/1510569_10202176967699606_610251593_n-300x225.jpg 300w, https:\/\/bruxelles-pantheres.be\/wp-content\/uploads\/2014\/01\/1510569_10202176967699606_610251593_n-768x576.jpg 768w, https:\/\/bruxelles-pantheres.be\/wp-content\/uploads\/2014\/01\/1510569_10202176967699606_610251593_n-540x405.jpg 540w\" sizes=\"(max-width: 576px) 100vw, 576px\" \/><\/a><span style=\"font-size: 14pt; font-family: 'book antiqua', palatino;\">Vendredi 17 janvier 2014 \u00e0 21h43, sur initiative du CRDCB, Centre de recherche sur la d\u00e9colonisation du Congo Belge, une trentaine de personnes ont observ\u00e9 une minute de silence en m\u00e9moire de Patrice Emery Lumumba. C\u2019\u00e9tait \u00e0 la place dite Lumumba que ce collectif aimerait voir un jour reconnue comme telle, par l\u2019autorit\u00e9 municipale, derri\u00e8re l\u2019\u00e9glise Saint Boniface d\u2019Ixelles.<\/span><\/p>\n<p style=\"text-align: left;\"><span style=\"font-size: 14pt; font-family: 'book antiqua', palatino;\">Les participants ont commenc\u00e9 \u00e0 venir vers 20h30, malgr\u00e9 la fine pluie. Un fourgon de la police s\u2019est m\u00eame arr\u00eat\u00e9 durant quelques minutes. Un groupe de percussionnistes a anim\u00e9 durant une vingtaine de minutes.\u00a0<\/span><\/p>\n<p style=\"text-align: justify;\"><span style=\"font-size: 14pt; font-family: 'book antiqua', palatino;\">\u00c0 21h43, une minute de silence a \u00e9t\u00e9 observ\u00e9e en m\u00e9moire du premier Premier ministre de la RD Congo assassin\u00e9 53 ans plus t\u00f4t.<\/span><\/p>\n<p style=\"text-align: justify;\"><span style=\"font-size: 14pt; font-family: 'book antiqua', palatino;\">Lors d\u2019un conseil fin \u00a02013, le conseil communal d\u2019Ixelles avait vot\u00e9 contre la cr\u00e9ation d\u2019une place Lumumba dans la commune. Mais les pro-Lumumba belges ne d\u00e9sarment pas.<\/span><\/p>\n<p style=\"text-align: justify;\"><span style=\"font-size: 14pt; font-family: 'book antiqua', palatino;\">La manifestation de ce 17 janvier en est une preuve.\u00a0<\/span><\/p>\n<p style=\"text-align: justify;\"><span style=\"font-size: 14pt; font-family: 'book antiqua', palatino;\">Bruxelles le 17 janvier 2014<\/span><\/p>\n<p style=\"text-align: justify;\"><span style=\"font-size: 14pt; font-family: 'book antiqua', palatino;\">Cheik FIT<\/span><\/p>\n<\/div>\n<p><iframe src=\"\/\/www.youtube.com\/embed\/FKYoSUyqd5Y\" height=\"315\" width=\"560\" allowfullscreen=\"\" frameborder=\"0\"><\/iframe><\/p>\n","protected":false},"excerpt":{"rendered":"<p>\u00a0\u00a0\u00a0\u00a0\u00a0\u00a0\u00a0\u00a0\u00a0\u00a0\u00a0\u00a0\u00a0\u00a0\u00a0\u00a0\u00a0\u00a0\u00a0\u00a0\u00a0\u00a0\u00a0\u00a0\u00a0\u00a0\u00a0\u00a0\u00a0\u00a0\u00a0\u00a0\u00a0\u00a0\u00a0\u00a0\u00a0\u00a0\u00a0\u00a0\u00a0\u00a0\u00a0\u00a0\u00a0\u00a0\u00a0\u00a0\u00a0\u00a0\u00a0\u00a0\u00a0\u00a0\u00a0\u00a0\u00a0\u00a0\u00a0\u00a0\u00a0\u00a0\u00a0\u00a0\u00a0\u00a0\u00a0\u00a0\u00a0\u00a0\u00a0\u00a0\u00a0\u00a0\u00a0\u00a0\u00a0\u00a0\u00a0\u00a0\u00a0\u00a0\u00a0\u00a0\u00a0\u00a0\u00a0\u00a0\u00a0\u00a0\u00a0\u00a0\u00a0\u00a0\u00a0\u00a0\u00a0\u00a0\u00a0\u00a0\u00a0\u00a0\u00a0\u00a0\u00a0\u00a0\u00a0\u00a0\u00a0\u00a0\u00a0\u00a0\u00a0\u00a0\u00a0\u00a0\u00a0\u00a0\u00a0\u00a0\u00a0\u00a0\u00a0\u00a0\u00a0\u00a0\u00a0\u00a0\u00a0\u00a0\u00a0\u00a0\u00a0\u00a0\u00a0\u00a0\u00a0\u00a0\u00a0\u00a0\u00a0\u00a0\u00a0\u00a0\u00a0\u00a0\u00a0\u00a0\u00a0\u00a0\u00a0\u00a0\u00a0\u00a0\u00a0\u00a0\u00a0\u00a0\u00a0\u00a0\u00a0\u00a0\u00a0\u00a0\u00a0\u00a0\u00a0\u00a0\u00a0\u00a0\u00a0\u00a0\u00a0\u00a0\u00a0\u00a0\u00a0\u00a0\u00a0\u00a0\u00a0\u00a0\u00a0\u00a0\u00a0\u00a0\u00a0\u00a0\u00a0\u00a0\u00a0\u00a0\u00a0\u00a0\u00a0\u00a0\u00a0\u00a0\u00a0\u00a0\u00a0\u00a0\u00a0\u00a0\u00a0\u00a0\u00a0\u00a0\u00a0\u00a0\u00a0\u00a0\u00a0\u00a0\u00a0\u00a0\u00a0\u00a0\u00a0\u00a0\u00a0\u00a0\u00a0\u00a0\u00a0\u00a0\u00a0\u00a0\u00a0\u00a0\u00a0\u00a0\u00a0\u00a0\u00a0\u00a0\u00a0\u00a0\u00a0\u00a0\u00a0\u00a0\u00a0\u00a0\u00a0\u00a0\u00a0\u00a0\u00a0\u00a0\u00a0\u00a0\u00a0\u00a0\u00a0\u00a0\u00a0\u00a0\u00a0\u00a0\u00a0\u00a0\u00a0\u00a0\u00a0\u00a0\u00a0\u00a0\u00a0\u00a0\u00a0\u00a0\u00a0\u00a0\u00a0\u00a0\u00a0\u00a0\u00a0\u00a0\u00a0\u00a0\u00a0\u00a0\u00a0\u00a0\u00a0\u00a0\u00a0 Assassin\u00e9 le\u00a0 17 janvier 1961, le tout premier Premier ministre du Congo ind\u00e9pendant reste une figure\u00a0 embl\u00e9matique des luttes de lib\u00e9ration nationale en Afrique.\u00a0\u00a0 Leader charismatique de l\u2019ind\u00e9pendance du Congo -actuelle R\u00e9publique d\u00e9mocratique du\u00a0 Congo (Rdc) -, Patrice Emery Lumumba \u00a0a \u00e9t\u00e9\u00a0assassin\u00e9 le 17 janvier 1961 \u00e0 Lubumbashi. Les circonstances de son assassinat n&rsquo;ont &#8230; <a title=\"53 ans apr\u00e8s, Patrice Emery Lumumba immortel !\" class=\"read-more\" href=\"https:\/\/bruxelles-pantheres.be\/?p=1789\" aria-label=\"En savoir plus sur 53 ans apr\u00e8s, Patrice Emery Lumumba immortel !\">Lire la suite<\/a><\/p>\n","protected":false},"author":1,"featured_media":1438,"comment_status":"open","ping_status":"open","sticky":false,"template":"","format":"standard","meta":{"footnotes":""},"categories":[1,21,7,18,28],"tags":[31,84,14,80,23,46,45,13,72,15],"class_list":["post-1789","post","type-post","status-publish","format-standard","has-post-thumbnail","hentry","category-non-classe","category-anti-imperialisme","category-negrophobie","category-resistance-bruxelles","category-racismes","tag-belgique","tag-black-power","tag-bruxelles","tag-congo","tag-discrimination","tag-esclavage","tag-lumumba","tag-nordine-saidi","tag-patrice-lumumba","tag-resistance"],"_links":{"self":[{"href":"https:\/\/bruxelles-pantheres.be\/index.php?rest_route=\/wp\/v2\/posts\/1789","targetHints":{"allow":["GET"]}}],"collection":[{"href":"https:\/\/bruxelles-pantheres.be\/index.php?rest_route=\/wp\/v2\/posts"}],"about":[{"href":"https:\/\/bruxelles-pantheres.be\/index.php?rest_route=\/wp\/v2\/types\/post"}],"author":[{"embeddable":true,"href":"https:\/\/bruxelles-pantheres.be\/index.php?rest_route=\/wp\/v2\/users\/1"}],"replies":[{"embeddable":true,"href":"https:\/\/bruxelles-pantheres.be\/index.php?rest_route=%2Fwp%2Fv2%2Fcomments&post=1789"}],"version-history":[{"count":1,"href":"https:\/\/bruxelles-pantheres.be\/index.php?rest_route=\/wp\/v2\/posts\/1789\/revisions"}],"predecessor-version":[{"id":1791,"href":"https:\/\/bruxelles-pantheres.be\/index.php?rest_route=\/wp\/v2\/posts\/1789\/revisions\/1791"}],"wp:featuredmedia":[{"embeddable":true,"href":"https:\/\/bruxelles-pantheres.be\/index.php?rest_route=\/wp\/v2\/media\/1438"}],"wp:attachment":[{"href":"https:\/\/bruxelles-pantheres.be\/index.php?rest_route=%2Fwp%2Fv2%2Fmedia&parent=1789"}],"wp:term":[{"taxonomy":"category","embeddable":true,"href":"https:\/\/bruxelles-pantheres.be\/index.php?rest_route=%2Fwp%2Fv2%2Fcategories&post=1789"},{"taxonomy":"post_tag","embeddable":true,"href":"https:\/\/bruxelles-pantheres.be\/index.php?rest_route=%2Fwp%2Fv2%2Ftags&post=1789"}],"curies":[{"name":"wp","href":"https:\/\/api.w.org\/{rel}","templated":true}]}}