{"id":1797,"date":"2014-01-19T18:35:02","date_gmt":"2014-01-19T17:35:02","guid":{"rendered":"https:\/\/bruxelles-pantheres.be\/?p=1797"},"modified":"2014-01-25T14:43:51","modified_gmt":"2014-01-25T13:43:51","slug":"headup-la-dignite-na-pas-de-prix","status":"publish","type":"post","link":"https:\/\/bruxelles-pantheres.be\/?p=1797","title":{"rendered":"#HEADUP , la Dignit\u00e9 n&rsquo;a pas de prix !"},"content":{"rendered":"<p><iframe src=\"\/\/www.youtube.com\/embed\/-0M5LqjFlPg\" height=\"315\" width=\"560\" allowfullscreen=\"\" frameborder=\"0\"><\/iframe><\/p>\n<p>&nbsp;<\/p>\n<p>Le Mouvement pour l&rsquo;Egalit\u00e9 et l&rsquo;Emancipation de Tou.te.s vous convie \u00e0 l&rsquo;\u00e9v\u00e9nement de lancement de la campagne<\/p>\n<p>#HEADUP , la Dignit\u00e9 n&rsquo;a pas de prix !<\/p>\n<p>pour la constitution d\u2019un fonds destin\u00e9 \u00e0 mener des actions en justice contre les discriminations faites aux femmes qui portent le foulard.<\/p>\n<p>En partenariat avec les associations Justice and Democracy, Muslim Rangers, et l\u2019Encre des Voil\u00e9es.<!--more--><\/p>\n<p>Au programme :<\/p>\n<p>&#8211; Pr\u00e9sentation de la campagne et du programme hebdomadaire jusqu&rsquo;au 8 mars;<br \/>\n&#8211; Meeting de sensibilisation;<br \/>\n&#8211; Slam professionnel;<br \/>\n&#8211; Sketch;<br \/>\n&#8211; D\u00e9monstration d&rsquo;arts martiaux;<br \/>\n&#8211; Projection;<br \/>\n&#8211; Grimage, Henna;<br \/>\n&#8211; D\u00e9fil\u00e9;<br \/>\n&#8211; Expo photo\/peintures;<br \/>\n&#8211; Vente aux ench\u00e8res;<br \/>\n&#8211; &#8230;<\/p>\n<p>Adresse:<br \/>\nSalle Vaartkapoen,<br \/>\n76, rue de l&rsquo;\u00e9cole<br \/>\n1080 Molenbeek<\/p>\n<p>Pr\u00e9ventes: 10 euros (5 euros garderie pour les petits)<br \/>\nSur place: 12 euros<\/p>\n<p>Points de vente (\u00e0 partir de samedi 18\/01):<\/p>\n<p>Boutique HNA, 126 chauss\u00e9e de Gand, 1080 Bruxelles,<br \/>\nCoffee D\u00e9lice, 49 Avenue Stalingrad, 1000 Bruxelles.<br \/>\nPar e-mail \u00e0 l&rsquo;adresse: m.e.e.t.belgium@gmail.com<\/p>\n<p><strong>SOYONS SOLIDAIRES ET NOMBREUSES!<\/strong><\/p>\n<p><strong>*Ce premier \u00e9v\u00e9nement de campagne est uniquement r\u00e9serv\u00e9 aux femmes.<\/strong><\/p>\n<p id=\"eow-description\"><a href=\"https:\/\/bruxelles-pantheres.be\/wp-content\/uploads\/2014\/01\/jpg\"><img decoding=\"async\" class=\"size-large wp-image-1798 aligncenter\" alt=\"\" src=\"https:\/\/bruxelles-pantheres.be\/wp-content\/uploads\/2014\/01\/jpg-724x1024.\" width=\"680\" height=\"961\" srcset=\"https:\/\/bruxelles-pantheres.be\/wp-content\/uploads\/2014\/01\/jpg-724x1024. 724w, https:\/\/bruxelles-pantheres.be\/wp-content\/uploads\/2014\/01\/jpg-212x300. 212w, https:\/\/bruxelles-pantheres.be\/wp-content\/uploads\/2014\/01\/jpg-768x1086. 768w, https:\/\/bruxelles-pantheres.be\/wp-content\/uploads\/2014\/01\/jpg-1086x1536. 1086w, https:\/\/bruxelles-pantheres.be\/wp-content\/uploads\/2014\/01\/jpg-1448x2048. 1448w, https:\/\/bruxelles-pantheres.be\/wp-content\/uploads\/2014\/01\/jpg-1320x1867. 1320w, https:\/\/bruxelles-pantheres.be\/wp-content\/uploads\/2014\/01\/jpg-540x763. 540w, https:\/\/bruxelles-pantheres.be\/wp-content\/uploads\/2014\/01\/jpg-scaled.jpg 1810w\" sizes=\"(max-width: 680px) 100vw, 680px\" \/><\/a><strong>La campagne \u00ab #HeadUp ! La dignit\u00e9 n&rsquo;a pas de prix\u00bb est lanc\u00e9e.<\/strong><br \/>\nDu 26 janvier au 8 mars, \u00ab\u00a0Justice and Democracy\u00a0\u00bb et \u00ab\u00a0le M.E.E.T\u00a0\u00bb en partenariat avec les \u00ab\u00a0Muslim Rangers\u00a0\u00bb ainsi que \u00ab\u00a0L&rsquo;Encre des Voil\u00e9es\u00a0\u00bb vont s&rsquo;allier et lutter avec conviction contre les discriminations faites aux femmes portant le foulard.<\/p>\n<p>L&rsquo;objectif sera de cr\u00e9er un fonds destin\u00e9 \u00e0 mener des actions en justice. Cette campagne, qui durera plus d&rsquo;un mois, sera rythm\u00e9e par des activit\u00e9s tr\u00e8s diversifi\u00e9es men\u00e9es par de nombreux b\u00e9n\u00e9voles mobilis\u00e9s aux quatre coins du pays. Elle sera \u00e9galement symbolis\u00e9e par des ch\u00e2les vendus au prix minimum de 20\u20ac. L&rsquo;ensemble des fonds r\u00e9colt\u00e9s iront \u00e0 Justice and Democracy (J&amp;D).<\/p>\n<p><strong>Pourquoi cette campagne ?<\/strong><\/p>\n<p>Depuis plusieurs ann\u00e9es, un vent populiste attise les sentiments x\u00e9nophobes et banalise les discriminations visant en particulier les citoyens de confession musulmane, les femmes portant un foulard \u00e9tant les plus touch\u00e9es. Ces discriminations sont souvent justifi\u00e9es au nom d&rsquo;un principe de la\u00efcit\u00e9\/neutralit\u00e9 et d&rsquo;un vivre ensemble d\u00e9voy\u00e9s. Les victimes se sont longtemps tourn\u00e9es vers le Centre pour l&rsquo;\u00e9galit\u00e9 des chances, administration publique, les syndicats et certaines associations. Mais, sur des questions comme la visibilit\u00e9 des convictions religieuses ou philosophiques, et plus particuli\u00e8rement lorsque les victimes sont de confession musulmane, ces structures font malheureusement preuve d&rsquo;une grande frilosit\u00e9 \u00e0 s&rsquo;attaquer ouvertement aux discriminations.<\/p>\n<p><strong>Quel est l&rsquo;objectif de cette campagne ?<\/strong><\/p>\n<p>L&rsquo;objectif est de constituer un fonds destin\u00e9 \u00e0 mener des actions juridiques contre les discriminations faites aux femmes qui portent le foulard. Il s&rsquo;agit \u00e9galement de sensibiliser un maximum de personnes quant \u00e0 l&rsquo;injustice dont sont victimes ces femmes mais aussi de mieux comprendre ce probl\u00e8me qui ne cesse de s&rsquo;amplifier. Des solutions sont possibles mais pour cela, il faut agir.<\/p>\n<p><strong>Comment va se d\u00e9rouler la campagne ?<\/strong><\/p>\n<p>Pendant 6 semaines, de nombreux \u00e9v\u00e9nements (rassemblements, conf\u00e9rences, \u00e9v\u00e9nements flash mob, etc.) auront lieu en Belgique. Vous \u00eates tou-te-s invit\u00e9s \u00e0 VOUS rallier \u00e0 la cause et marquer votre soutien. Alors, soyez pr\u00e9sents et mobilisez-vous !<\/p>\n<p><strong>Comment soutenir la campagne \u00ab\u00a0#HeadUp !\u00a0\u00bb ?<\/strong><\/p>\n<p>Des ch\u00e2les #HeadUp, symboles de la campagne, seront disponibles dans de nombreux points de vente (voir ci-dessus) que vous pouvez vous procurer au prix de 20\u20ac minimum. Il sera votre outil indispensable pendant ces 6 semaines, achetez-le au plus vite ! Bien \u00e9videmment, tous vos dons suppl\u00e9mentaires pour faire de cette campagne un succ\u00e8s sont les bienvenus au num\u00e9ro de compte BE 37 0003 2587 4328 (communication HeadUp). N&rsquo;h\u00e9sitez pas non plus \u00e0 utiliser la banni\u00e8re #HeadUp! sur votre profil et \u00e0 la partager, c&rsquo;est aussi soutenir l&rsquo;action.<\/p>\n<p>Il s&rsquo;agit l\u00e0 d&rsquo;un objectif commun que nous devons porter ensemble \u00e0 bout de bras, d&rsquo;une occasion extraordinaire pour prouver que la dignit\u00e9 n&rsquo;a pas de prix et que nous avons tous droit sans exception \u00e0 la justice. Soyons solidaires, rejoignez la vague d&rsquo;espoir et ensemble in Sha Allah, nous y arriverons !<\/p>\n<p>Cette action est men\u00e9e en partenariat avec :<\/p>\n<p>Le M.E.E.T (Mouvement pour l&rsquo;Egalit\u00e9 et l&rsquo;Emancipation de Tou.te.s).<br \/>\n<a class=\"yt-uix-redirect-link\" dir=\"ltr\" title=\"https:\/\/www.facebook.com\/pages\/MEET-Mouvement-pour-lEgalit\" href=\"https:\/\/www.facebook.com\/pages\/MEET-Mouvement-pour-lEgalit\" target=\"_blank\" rel=\"nofollow\">https:\/\/www.facebook.com\/pages\/MEET-M&#8230;<\/a>\u00e9-et-lEmancipation-de-Toutes\/48584110472403<\/p>\n<p>JUSTICE and DEMOCRACY une association activement engag\u00e9e dans la lutte contre les discriminations et les atteintes aux droits humains.<\/p>\n<p>L&rsquo;Encre des Voil\u00e9es<\/p>\n<p>Les Muslim Rangers<br \/>\n<a class=\"yt-uix-redirect-link\" dir=\"ltr\" title=\"https:\/\/www.facebook.com\/MuslimRangers?fref=ts\" href=\"https:\/\/www.facebook.com\/MuslimRangers?fref=ts\" target=\"_blank\" rel=\"nofollow\">https:\/\/www.facebook.com\/MuslimRanger&#8230;<\/a><\/p>\n<p>Voici la liste des points de vente :<\/p>\n<p>D\u00e9lice Coffee<br \/>\n49, Avenue Stalingrad<br \/>\n1000 Bruxelles<\/p>\n<p>Boutique Chic &amp; Jeune<br \/>\n151, Rue Du Brabant<br \/>\n1030 Schaerbeek<\/p>\n<p>Librairie Iqra<br \/>\n18, Rue Wayez<br \/>\n1070 Anderlecht<\/p>\n<p>Crep&rsquo; &amp; Cream<br \/>\n74, Rue de Fiennes<br \/>\n1070 Anderlecht<\/p>\n<p>HNA Boutique<br \/>\n126, Chauss\u00e9e de Gand<br \/>\n1080 Molenbeek<\/p>\n<p>Boekhandel Iqra<br \/>\n131, Abdijstraat<br \/>\n2020 Antwerpen<\/p>\n","protected":false},"excerpt":{"rendered":"<p>&nbsp; Le Mouvement pour l&rsquo;Egalit\u00e9 et l&rsquo;Emancipation de Tou.te.s vous convie \u00e0 l&rsquo;\u00e9v\u00e9nement de lancement de la campagne #HEADUP , la Dignit\u00e9 n&rsquo;a pas de prix ! pour la constitution d\u2019un fonds destin\u00e9 \u00e0 mener des actions en justice contre les discriminations faites aux femmes qui portent le foulard. En partenariat avec les associations Justice &#8230; <a title=\"#HEADUP , la Dignit\u00e9 n&rsquo;a pas de prix !\" class=\"read-more\" href=\"https:\/\/bruxelles-pantheres.be\/?p=1797\" aria-label=\"En savoir plus sur #HEADUP , la Dignit\u00e9 n&rsquo;a pas de prix !\">Lire la suite<\/a><\/p>\n","protected":false},"author":1,"featured_media":1798,"comment_status":"open","ping_status":"open","sticky":false,"template":"","format":"standard","meta":{"footnotes":""},"categories":[21,22,25,36,4,18,28],"tags":[10,31,14,23,15,9],"class_list":["post-1797","post","type-post","status-publish","format-standard","has-post-thumbnail","hentry","category-anti-imperialisme","category-emploi","category-enseignement","category-europe","category-islamophobie","category-resistance-bruxelles","category-racismes","tag-ecole","tag-belgique","tag-bruxelles","tag-discrimination","tag-resistance","tag-voile"],"_links":{"self":[{"href":"https:\/\/bruxelles-pantheres.be\/index.php?rest_route=\/wp\/v2\/posts\/1797","targetHints":{"allow":["GET"]}}],"collection":[{"href":"https:\/\/bruxelles-pantheres.be\/index.php?rest_route=\/wp\/v2\/posts"}],"about":[{"href":"https:\/\/bruxelles-pantheres.be\/index.php?rest_route=\/wp\/v2\/types\/post"}],"author":[{"embeddable":true,"href":"https:\/\/bruxelles-pantheres.be\/index.php?rest_route=\/wp\/v2\/users\/1"}],"replies":[{"embeddable":true,"href":"https:\/\/bruxelles-pantheres.be\/index.php?rest_route=%2Fwp%2Fv2%2Fcomments&post=1797"}],"version-history":[{"count":3,"href":"https:\/\/bruxelles-pantheres.be\/index.php?rest_route=\/wp\/v2\/posts\/1797\/revisions"}],"predecessor-version":[{"id":1802,"href":"https:\/\/bruxelles-pantheres.be\/index.php?rest_route=\/wp\/v2\/posts\/1797\/revisions\/1802"}],"wp:featuredmedia":[{"embeddable":true,"href":"https:\/\/bruxelles-pantheres.be\/index.php?rest_route=\/wp\/v2\/media\/1798"}],"wp:attachment":[{"href":"https:\/\/bruxelles-pantheres.be\/index.php?rest_route=%2Fwp%2Fv2%2Fmedia&parent=1797"}],"wp:term":[{"taxonomy":"category","embeddable":true,"href":"https:\/\/bruxelles-pantheres.be\/index.php?rest_route=%2Fwp%2Fv2%2Fcategories&post=1797"},{"taxonomy":"post_tag","embeddable":true,"href":"https:\/\/bruxelles-pantheres.be\/index.php?rest_route=%2Fwp%2Fv2%2Ftags&post=1797"}],"curies":[{"name":"wp","href":"https:\/\/api.w.org\/{rel}","templated":true}]}}