{"id":1806,"date":"2014-01-25T17:06:43","date_gmt":"2014-01-25T16:06:43","guid":{"rendered":"https:\/\/bruxelles-pantheres.be\/?p=1806"},"modified":"2014-02-03T20:50:45","modified_gmt":"2014-02-03T19:50:45","slug":"mumia-abu-jamal-move-et-les-prisoniers-politiques-aux-etats-unis","status":"publish","type":"post","link":"https:\/\/bruxelles-pantheres.be\/?p=1806","title":{"rendered":"Mumia Abu-Jamal, MOVE et les prisoniers politiques aux \u00e9tats-unis."},"content":{"rendered":"<blockquote><p><strong>\u00a0\u00bb Il y a beaucoup d&rsquo;hommes et de femmes qui continuent de croupir dans les prisons am\u00e9ricaines et dont les noms nous sont inconnus : Sundiata Acoli, les fr\u00e8res et soeurs Africa, Bashir Hameed, Mondo We Langa, Sekou Odinga, Russell Maroon Shoats, Joan Karl Loaman, Ray Luc Levasseur, Tom Manning, Yi Kikumara et bien d&rsquo;autres encore.<\/strong><\/p>\n<p><strong> Pourquoi sont-ils inconnus ? Car il n&rsquo;y a pas de prisonniers politiques aux Etats-Unis, n&rsquo;est-ce pas ? \u00a0\u00bb <\/strong><br \/>\n<strong> Mumia Abu-Jamal<\/strong><br \/>\n<strong> La R\u00e9pression permanente (2000)<\/strong><\/p><\/blockquote>\n<p>MOVE est s\u00fbrement un des plus bel exemple de ce dont les Etats-Unis sont capables lorsque l&rsquo;on ose se rebeller et d\u00e9fier le syst\u00e8me. MOVE est tr\u00e8s active dans la campagne de soutien \u00e0 Mumia Abu-Jamal, c&rsquo;est dans ce cadre que nous vous invitons a rencontrer deux de ses repr\u00e9sentantes de passage en Belgique, dont Ramona Africa, seule survivante adulte du bombardement de MOVE le 13 mai 1985, et prisonni\u00e8re politique pendant sept ans.<!--more--><\/p>\n<h2 class=\"fbCalendarOverlayHeader\"><strong>lundi 27 janvier 2014 \u00e0 19h00<\/strong><\/h2>\n<p class=\"MsoNormal\"><strong><span lang=\"FR-BE\" style=\"font-size: 9pt; font-family: 'Calibri','sans-serif';\">PIANOFABRIEK<\/span><\/strong><\/p>\n<p>&nbsp;<\/p>\n<p class=\"MsoNormal\"><strong><span lang=\"FR-BE\" style=\"font-size: 9pt; font-family: 'Georgia','serif';\">Rue du Fort 35, 1060 Sint-Gillis <\/span><\/strong><\/p>\n<p><span style=\"font-size: 9.0pt; font-family: 'Georgia','serif';\"><a href=\"https:\/\/bruxelles-pantheres.be\/wp-content\/uploads\/2014\/01\/1620300_800588709956693_652846523_n.jpg\"><img decoding=\"async\" class=\"size-full wp-image-1807 aligncenter\" alt=\"1620300_800588709956693_652846523_n\" src=\"https:\/\/bruxelles-pantheres.be\/wp-content\/uploads\/2014\/01\/1620300_800588709956693_652846523_n.jpg\" width=\"676\" height=\"960\" srcset=\"https:\/\/bruxelles-pantheres.be\/wp-content\/uploads\/2014\/01\/1620300_800588709956693_652846523_n.jpg 676w, https:\/\/bruxelles-pantheres.be\/wp-content\/uploads\/2014\/01\/1620300_800588709956693_652846523_n-211x300.jpg 211w, https:\/\/bruxelles-pantheres.be\/wp-content\/uploads\/2014\/01\/1620300_800588709956693_652846523_n-540x766.jpg 540w\" sizes=\"(max-width: 676px) 100vw, 676px\" \/><\/a><\/span><\/p>\n<p>D\u00e9sol\u00e9 de vous informer que Ramona Africa et les autres membres de MOVE ne seront pas l\u00e0, lundi. A cause d&rsquo;un foirage des organisateur \u00e0 Amsterdam ils ne seront pas en Europe et donc pas \u00e0 Bruxelles.<\/p>\n<p>N\u00e9anmoins nous seront l\u00e0, il y aura la projection du film, introduction sur l&rsquo;histoire des Black Panthers, MOVE, Mumia-Abu Jamal et le syst\u00e8me carceral aux Etats-Unies.<\/p>\n<p>L&rsquo;introduction sera pr\u00e9sent\u00e9 par Peter terryn qui a visit\u00e9 Mumia Abu-Jamal au couloir de la mort et 4 membres de MOVE dans des prisons divers.<iframe src=\"\/\/www.youtube.com\/embed\/KB7jtvePZ-o\" height=\"315\" width=\"420\" allowfullscreen=\"\" frameborder=\"0\"><\/iframe><\/p>\n","protected":false},"excerpt":{"rendered":"<p>\u00a0\u00bb Il y a beaucoup d&rsquo;hommes et de femmes qui continuent de croupir dans les prisons am\u00e9ricaines et dont les noms nous sont inconnus : Sundiata Acoli, les fr\u00e8res et soeurs Africa, Bashir Hameed, Mondo We Langa, Sekou Odinga, Russell Maroon Shoats, Joan Karl Loaman, Ray Luc Levasseur, Tom Manning, Yi Kikumara et bien d&rsquo;autres &#8230; <a title=\"Mumia Abu-Jamal, MOVE et les prisoniers politiques aux \u00e9tats-unis.\" class=\"read-more\" href=\"https:\/\/bruxelles-pantheres.be\/?p=1806\" aria-label=\"En savoir plus sur Mumia Abu-Jamal, MOVE et les prisoniers politiques aux \u00e9tats-unis.\">Lire la suite<\/a><\/p>\n","protected":false},"author":1,"featured_media":1808,"comment_status":"open","ping_status":"open","sticky":false,"template":"","format":"standard","meta":{"footnotes":""},"categories":[21,36,7,8,18,28,17,5],"tags":[31,14,23,103,13,19,54,15],"class_list":["post-1806","post","type-post","status-publish","format-standard","has-post-thumbnail","hentry","category-anti-imperialisme","category-europe","category-negrophobie","category-prisons","category-resistance-bruxelles","category-racismes","category-video","category-violence-policiere","tag-belgique","tag-bruxelles","tag-discrimination","tag-mumia-abu-jamal","tag-nordine-saidi","tag-pauvrete","tag-police","tag-resistance"],"_links":{"self":[{"href":"https:\/\/bruxelles-pantheres.be\/index.php?rest_route=\/wp\/v2\/posts\/1806","targetHints":{"allow":["GET"]}}],"collection":[{"href":"https:\/\/bruxelles-pantheres.be\/index.php?rest_route=\/wp\/v2\/posts"}],"about":[{"href":"https:\/\/bruxelles-pantheres.be\/index.php?rest_route=\/wp\/v2\/types\/post"}],"author":[{"embeddable":true,"href":"https:\/\/bruxelles-pantheres.be\/index.php?rest_route=\/wp\/v2\/users\/1"}],"replies":[{"embeddable":true,"href":"https:\/\/bruxelles-pantheres.be\/index.php?rest_route=%2Fwp%2Fv2%2Fcomments&post=1806"}],"version-history":[{"count":3,"href":"https:\/\/bruxelles-pantheres.be\/index.php?rest_route=\/wp\/v2\/posts\/1806\/revisions"}],"predecessor-version":[{"id":1820,"href":"https:\/\/bruxelles-pantheres.be\/index.php?rest_route=\/wp\/v2\/posts\/1806\/revisions\/1820"}],"wp:featuredmedia":[{"embeddable":true,"href":"https:\/\/bruxelles-pantheres.be\/index.php?rest_route=\/wp\/v2\/media\/1808"}],"wp:attachment":[{"href":"https:\/\/bruxelles-pantheres.be\/index.php?rest_route=%2Fwp%2Fv2%2Fmedia&parent=1806"}],"wp:term":[{"taxonomy":"category","embeddable":true,"href":"https:\/\/bruxelles-pantheres.be\/index.php?rest_route=%2Fwp%2Fv2%2Fcategories&post=1806"},{"taxonomy":"post_tag","embeddable":true,"href":"https:\/\/bruxelles-pantheres.be\/index.php?rest_route=%2Fwp%2Fv2%2Ftags&post=1806"}],"curies":[{"name":"wp","href":"https:\/\/api.w.org\/{rel}","templated":true}]}}