{"id":1815,"date":"2014-01-20T23:00:03","date_gmt":"2014-01-20T22:00:03","guid":{"rendered":"https:\/\/bruxelles-pantheres.be\/?p=1815"},"modified":"2014-01-30T23:10:35","modified_gmt":"2014-01-30T22:10:35","slug":"presentation-de-petit-precis-de-lislamophobie-ordinaire","status":"publish","type":"post","link":"https:\/\/bruxelles-pantheres.be\/?p=1815","title":{"rendered":"Pr\u00e9sentation de \u00ab\u00a0Petit pr\u00e9cis de l&rsquo;islamophobie ordinaire\u00a0\u00bb"},"content":{"rendered":"<p>Nadia Henni-Moula\u00ef est journaliste et auteur. Elle vient de publier le Petit pr\u00e9cis de l&rsquo;islamophobie ordinaire.<\/p>\n<p>J&rsquo;avais envie de raconter ce que les gens de mon entourage vivaient en raison de leur appartenance r\u00e9elle ou suppos\u00e9e \u00e0 la communaut\u00e9 musulmane\u00a0\u00bb, explique Nadia Henni-Moula\u00ef \u00e0 FRANCE 24. \u00ab\u00a0Il y a une v\u00e9ritable m\u00e9connaissance de l\u2019islam en France. Pourtant, cela n\u2019emp\u00eache pas certaines personnes d\u2019avoir des choses \u00e0 dire sur la religion, des choses parfois tout simplement b\u00eates et m\u00e9chantes\u00a0\u00bb. Au fil d\u2019anecdotes bien r\u00e9elles, qui font parfois froid dans le dos, Nadia Henni-Moula\u00ef nous livre ici un ouvrage plein d&rsquo;humour et de l\u00e9g\u00e8ret\u00e9 sur un sujet d&rsquo;actualit\u00e9 ; un sujet pourtant difficile \u00e0 aborder sans tomber dans la dramatisation ou la victimisation : celui de l&rsquo;islamophobie.<\/p>\n<p><!--more--><\/p>\n<p>Janvier 2014<\/p>\n<p>Au Pianofabriek<\/p>\n<p>rue du Fortstraat 35,<\/p>\n<p>1060 St Gillis\/Gilles<\/p>\n<p><iframe src=\"\/\/www.youtube.com\/embed\/xluXfDcOXCI?list=UUtCwv-s9mj4V1evroGIcxeQ\" height=\"315\" width=\"560\" allowfullscreen=\"\" frameborder=\"0\"><\/iframe><\/p>\n<p><a href=\"https:\/\/bruxelles-pantheres.be\/wp-content\/uploads\/2014\/01\/77040_381877691900356_112040133_n.jpg\"><img decoding=\"async\" class=\"size-full wp-image-1816 aligncenter\" alt=\"77040_381877691900356_112040133_n\" src=\"https:\/\/bruxelles-pantheres.be\/wp-content\/uploads\/2014\/01\/77040_381877691900356_112040133_n.jpg\" width=\"678\" height=\"960\" srcset=\"https:\/\/bruxelles-pantheres.be\/wp-content\/uploads\/2014\/01\/77040_381877691900356_112040133_n.jpg 678w, https:\/\/bruxelles-pantheres.be\/wp-content\/uploads\/2014\/01\/77040_381877691900356_112040133_n-212x300.jpg 212w, https:\/\/bruxelles-pantheres.be\/wp-content\/uploads\/2014\/01\/77040_381877691900356_112040133_n-540x764.jpg 540w\" sizes=\"(max-width: 678px) 100vw, 678px\" \/><\/a><\/p>\n","protected":false},"excerpt":{"rendered":"<p>Nadia Henni-Moula\u00ef est journaliste et auteur. Elle vient de publier le Petit pr\u00e9cis de l&rsquo;islamophobie ordinaire. J&rsquo;avais envie de raconter ce que les gens de mon entourage vivaient en raison de leur appartenance r\u00e9elle ou suppos\u00e9e \u00e0 la communaut\u00e9 musulmane\u00a0\u00bb, explique Nadia Henni-Moula\u00ef \u00e0 FRANCE 24. \u00ab\u00a0Il y a une v\u00e9ritable m\u00e9connaissance de l\u2019islam en &#8230; <a title=\"Pr\u00e9sentation de \u00ab\u00a0Petit pr\u00e9cis de l&rsquo;islamophobie ordinaire\u00a0\u00bb\" class=\"read-more\" href=\"https:\/\/bruxelles-pantheres.be\/?p=1815\" aria-label=\"En savoir plus sur Pr\u00e9sentation de \u00ab\u00a0Petit pr\u00e9cis de l&rsquo;islamophobie ordinaire\u00a0\u00bb\">Lire la suite<\/a><\/p>\n","protected":false},"author":1,"featured_media":1816,"comment_status":"open","ping_status":"open","sticky":false,"template":"","format":"standard","meta":{"footnotes":""},"categories":[4,18,28,17],"tags":[10,31,14,32,23,75,15,9],"class_list":["post-1815","post","type-post","status-publish","format-standard","has-post-thumbnail","hentry","category-islamophobie","category-resistance-bruxelles","category-racismes","category-video","tag-ecole","tag-belgique","tag-bruxelles","tag-culture","tag-discrimination","tag-femmes","tag-resistance","tag-voile"],"_links":{"self":[{"href":"https:\/\/bruxelles-pantheres.be\/index.php?rest_route=\/wp\/v2\/posts\/1815","targetHints":{"allow":["GET"]}}],"collection":[{"href":"https:\/\/bruxelles-pantheres.be\/index.php?rest_route=\/wp\/v2\/posts"}],"about":[{"href":"https:\/\/bruxelles-pantheres.be\/index.php?rest_route=\/wp\/v2\/types\/post"}],"author":[{"embeddable":true,"href":"https:\/\/bruxelles-pantheres.be\/index.php?rest_route=\/wp\/v2\/users\/1"}],"replies":[{"embeddable":true,"href":"https:\/\/bruxelles-pantheres.be\/index.php?rest_route=%2Fwp%2Fv2%2Fcomments&post=1815"}],"version-history":[{"count":2,"href":"https:\/\/bruxelles-pantheres.be\/index.php?rest_route=\/wp\/v2\/posts\/1815\/revisions"}],"predecessor-version":[{"id":1818,"href":"https:\/\/bruxelles-pantheres.be\/index.php?rest_route=\/wp\/v2\/posts\/1815\/revisions\/1818"}],"wp:featuredmedia":[{"embeddable":true,"href":"https:\/\/bruxelles-pantheres.be\/index.php?rest_route=\/wp\/v2\/media\/1816"}],"wp:attachment":[{"href":"https:\/\/bruxelles-pantheres.be\/index.php?rest_route=%2Fwp%2Fv2%2Fmedia&parent=1815"}],"wp:term":[{"taxonomy":"category","embeddable":true,"href":"https:\/\/bruxelles-pantheres.be\/index.php?rest_route=%2Fwp%2Fv2%2Fcategories&post=1815"},{"taxonomy":"post_tag","embeddable":true,"href":"https:\/\/bruxelles-pantheres.be\/index.php?rest_route=%2Fwp%2Fv2%2Ftags&post=1815"}],"curies":[{"name":"wp","href":"https:\/\/api.w.org\/{rel}","templated":true}]}}