{"id":1826,"date":"2014-02-25T21:26:16","date_gmt":"2014-02-25T20:26:16","guid":{"rendered":"https:\/\/bruxelles-pantheres.be\/?p=1826"},"modified":"2014-02-25T21:37:54","modified_gmt":"2014-02-25T20:37:54","slug":"en-belgique-rabat-veut-controler-les-marocains","status":"publish","type":"post","link":"https:\/\/bruxelles-pantheres.be\/?p=1826","title":{"rendered":"En Belgique, Rabat veut contr\u00f4ler les Marocains"},"content":{"rendered":"<h1 class=\"singlePageTitle\"><\/h1>\n<p><a href=\"http:\/\/www.demainonline.com\/2014\/02\/24\/en-belgique-rabat-veut-controler-les-marocains\/attachment\/70874141\/\" rel=\"attachment wp-att-30205\"><img decoding=\"async\" class=\"wp-image-30205 alignleft\" alt=\"70874141\" src=\"http:\/\/www.demainonline.com\/wp-content\/uploads\/70874141.jpg\" width=\"445\" height=\"288\" \/><\/a><\/p>\n<p>Comment contr\u00f4ler l\u2019immigration? Cette question s\u2019est pos\u00e9e au Maroc d\u00e8s les ann\u00e9es 1960 et le roi Hassan II, \u00e0 l\u2019\u00e9poque, n\u2019a pas h\u00e9sit\u00e9 \u00e0 investir dans cette t\u00e2che. Objectif: maintenir les immigr\u00e9s dans le giron de son pouvoir, les d\u00e9tourner de la politique et, si possible, faire taire par l\u2019intimidation les opposants exil\u00e9s.<\/p>\n<p>Ecoutons Mustapha Halla, de Charleroi, un ancien prisonnier politique: \u00abA l\u2019\u00e9poque, le Maroc envoie, dans toutes les nations o\u00f9 r\u00e9sident des immigr\u00e9s marocains, des sortes de milices priv\u00e9es nomm\u00e9es les Amicales. Celles-ci ont pour mission d\u2019emp\u00eacher leurs cong\u00e9n\u00e8res de participer \u00e0 toute forme d\u2019organisation syndicale ou autre organisation de la soci\u00e9t\u00e9 civile ainsi que de se faire naturaliser. Ces milices sont actives \u00e0 partir des ann\u00e9es 60 jusque dans les ann\u00e9es 90. Ceci n\u2019a \u00e9videmment pas favoris\u00e9 l\u2019int\u00e9gration, que du contraire. Cette m\u00eame strat\u00e9gie se poursuit actuellement par le biais des mosqu\u00e9es.\u00bb<!--more--><\/p>\n<p>Le royaume ch\u00e9rifien ne l\u00e9sine pas sur les moyens et on sait que des \u00e9l\u00e9ments de la Direction g\u00e9n\u00e9rale des \u00e9tudes et de la documentation (DGED, soit les services de renseignement) sont \u00e9galement mis \u00e0 contribution quand la s\u00e9curit\u00e9 du royaume est jug\u00e9e en cause. La Belgique avait demand\u00e9 en 2008 le renvoi au Maroc de trois agents du DGED en raison de leur \u00abing\u00e9rence\u00bb et autres \u00abactivit\u00e9s hostiles\u00bb\u2026<\/p>\n<p>Certaines mauvaises langues vont jusqu\u2019\u00e0 affirmer que les dossiers qui ont abouti au Maroc aux lourdes condamnations pour terrorisme de deux Belgo-Marocains, Abdelkader Belliraj (perp\u00e9tuit\u00e9 en 2008) et Ali Aarrass (12 ans en 2011), n\u2019avaient d\u2019autres raisons que de justifier aux yeux des Belges les activit\u00e9s polici\u00e8res marocaines en dehors du territoire national. Ces all\u00e9gations ne peuvent \u00eatre prouv\u00e9es, mais les deux enqu\u00eates fondant ces proc\u00e8s et verdicts au Maroc ont attir\u00e9 la suspicion, les deux hommes ayant notamment affirm\u00e9 avoir \u00e9t\u00e9 tortur\u00e9s\u2026<\/p>\n<p>Amicales, peu amicales, mosqu\u00e9es sous influence, espions z\u00e9l\u00e9s: faut-il s\u2019\u00e9tonner, dans ces conditions, qu\u2019une certaine peur continue \u00e0 r\u00e9gner chez les Belges de souche marocaine? \u00abLa plupart des Marocains de Belgique, explique Radouane el-Baroudi, cam\u00e9raman-r\u00e9alisateur et fils d\u2019un opposant notoire d\u00e9c\u00e9d\u00e9 en exil en Belgique en 2007, sont issus de couches immigr\u00e9es peu \u00e9duqu\u00e9es, souvent analphab\u00e8tes \u00e0 l\u2019arriv\u00e9e ici. Chez eux, la peur subsiste en Belgique encore maintenant. Dans la communaut\u00e9 marocaine, on ne cause pas de politique. On peut parler d\u2019omert\u00e0. La peur est dans le code g\u00e9n\u00e9tique des Marocains de Belgique depuis Hassan II.\u00bb<\/p>\n<p>Il faut dire que les m\u00e9thodes, m\u00eame encore maintenant, peuvent faire r\u00e9fl\u00e9chir. \u00abMoi je fais un travail d\u2019archivage de t\u00e9moignages sur vid\u00e9o, poursuit Radouane el-Baroudi. Par exemple, j\u2019ai interrog\u00e9 les fr\u00e8res Boureqat, victimes du terrible bagne de Tazmamart dans les ann\u00e9es 70. Eh bien! on me conseille de me calmer. Ou on passe tout simplement aux menaces: sur YouTube en avril 2011, il y a eu diffusion de mon nom, mon adresse, mon t\u00e9l\u00e9phone avec ce commentaire: Ce tra\u00eetre veut semer la zizanie au Maroc. J\u2019ai port\u00e9 plainte et la police a pris l\u2019affaire tr\u00e8s au s\u00e9rieux. Il y a quand m\u00eame eu l\u2019agression en 2010 en plein boulevard Lemonnier \u00e0 Bruxelles d\u2019Ahmed Marzouki, autre rescap\u00e9 de Tazmamart\u2026\u00bb<\/p>\n<p>Le com\u00e9dien et metteur en sc\u00e8ne Sam Touzani abonde dans ce sens. Il se souvient par exemple qu\u2019en 2005, le directeur\u2026 d\u2019origine marocaine du Mrax (Mouvement contre le racisme, l\u2019antis\u00e9mitisme et la x\u00e9nophobie), Raoudane Bouhlal, avait re\u00e7u une lettre officielle du consul du Maroc lui demandant de retirer du site de l\u2019organisme une interview de l\u2019acteur\u2026<\/p>\n<p>Mais les moyens de contr\u00f4le se r\u00e9v\u00e8lent aussi plus \u00absoft\u00bb. Ainsi en est-il des efforts constants de r\u00e9cup\u00e9ration par le Palais des dizaines d\u2019\u00e9lus issus de l\u2019immigration marocaine. \u00abLa grande majorit\u00e9 des \u00e9lus d\u2019origine marocaine sont courtis\u00e9s par Rabat, o\u00f9 ils sont re\u00e7us, constate Radouane el-Baroudi. En 2011, des mosqu\u00e9es ont \u00e9t\u00e9 utilis\u00e9es pour le r\u00e9f\u00e9rendum sur la Constitution, ce n\u2019est pas normal.\u00bb<\/p>\n<p>Sam Touzani confirme: \u00abDepuis que les immigr\u00e9s ont le droit de vote, le Maroc s\u2019assure l\u2019all\u00e9geance des \u00e9lus d\u2019origine marocaine, il n\u2019y a que cinq d\u2019entre eux qui refusent cette mascarade. Il y a des \u00e9lus qui sont des agents marocains dans les trois grands partis traditionnels. Mais des Belges y participent aussi, comme Philippe Moureaux, qui a organis\u00e9 nagu\u00e8re des soir\u00e9es en faveur de la marocanit\u00e9 du Sahara occidental pay\u00e9es par des deniers belges!\u00bb<\/p>\n<p>L\u2019histoire personnelle de Touzani est frappante: \u00abEn 1972, ma m\u00e8re s\u2019\u00e9tait rendue avec une grande s\u0153ur au consulat du Maroc \u00e0 Bruxelles pour obtenir des cartes d\u2019identit\u00e9. L\u00e0, on a exig\u00e9 un bakchich et ma maman, indign\u00e9e, a refus\u00e9. Des gorilles ont surgi, les ont gifl\u00e9es devant tout le monde puis les ont tra\u00een\u00e9es dans les caves pour les tabasser avant de finir par les jeter sur le trottoir. Personne n\u2019avait lev\u00e9 le petit doigt pour elles. Elles ont d\u00fb aller \u00e0 l\u2019h\u00f4pital, ont port\u00e9 plainte, et ensuite subi des menaces pendant des semaines de flics marocains en civil. J\u2019avais 4 ans. J\u2019ai \u00e9t\u00e9 marqu\u00e9 \u00e0 vie. C\u2019est mon h\u00e9ritage.\u00bb<\/p>\n<p><strong>Baudouin Loos<\/strong><\/p>\n<p><strong>Source : <em>Le Soir<\/em><\/strong><\/p>\n","protected":false},"excerpt":{"rendered":"<p>Comment contr\u00f4ler l\u2019immigration? Cette question s\u2019est pos\u00e9e au Maroc d\u00e8s les ann\u00e9es 1960 et le roi Hassan II, \u00e0 l\u2019\u00e9poque, n\u2019a pas h\u00e9sit\u00e9 \u00e0 investir dans cette t\u00e2che. Objectif: maintenir les immigr\u00e9s dans le giron de son pouvoir, les d\u00e9tourner de la politique et, si possible, faire taire par l\u2019intimidation les opposants exil\u00e9s. Ecoutons Mustapha &#8230; <a title=\"En Belgique, Rabat veut contr\u00f4ler les Marocains\" class=\"read-more\" href=\"https:\/\/bruxelles-pantheres.be\/?p=1826\" aria-label=\"En savoir plus sur En Belgique, Rabat veut contr\u00f4ler les Marocains\">Lire la suite<\/a><\/p>\n","protected":false},"author":1,"featured_media":564,"comment_status":"open","ping_status":"open","sticky":false,"template":"","format":"standard","meta":{"footnotes":""},"categories":[24,5],"tags":[53,14,30,54,29],"class_list":["post-1826","post","type-post","status-publish","format-standard","has-post-thumbnail","hentry","category-belgique-maroc","category-violence-policiere","tag-ali-aarrass","tag-bruxelles","tag-maroc","tag-police","tag-torture"],"_links":{"self":[{"href":"https:\/\/bruxelles-pantheres.be\/index.php?rest_route=\/wp\/v2\/posts\/1826","targetHints":{"allow":["GET"]}}],"collection":[{"href":"https:\/\/bruxelles-pantheres.be\/index.php?rest_route=\/wp\/v2\/posts"}],"about":[{"href":"https:\/\/bruxelles-pantheres.be\/index.php?rest_route=\/wp\/v2\/types\/post"}],"author":[{"embeddable":true,"href":"https:\/\/bruxelles-pantheres.be\/index.php?rest_route=\/wp\/v2\/users\/1"}],"replies":[{"embeddable":true,"href":"https:\/\/bruxelles-pantheres.be\/index.php?rest_route=%2Fwp%2Fv2%2Fcomments&post=1826"}],"version-history":[{"count":1,"href":"https:\/\/bruxelles-pantheres.be\/index.php?rest_route=\/wp\/v2\/posts\/1826\/revisions"}],"predecessor-version":[{"id":1827,"href":"https:\/\/bruxelles-pantheres.be\/index.php?rest_route=\/wp\/v2\/posts\/1826\/revisions\/1827"}],"wp:featuredmedia":[{"embeddable":true,"href":"https:\/\/bruxelles-pantheres.be\/index.php?rest_route=\/wp\/v2\/media\/564"}],"wp:attachment":[{"href":"https:\/\/bruxelles-pantheres.be\/index.php?rest_route=%2Fwp%2Fv2%2Fmedia&parent=1826"}],"wp:term":[{"taxonomy":"category","embeddable":true,"href":"https:\/\/bruxelles-pantheres.be\/index.php?rest_route=%2Fwp%2Fv2%2Fcategories&post=1826"},{"taxonomy":"post_tag","embeddable":true,"href":"https:\/\/bruxelles-pantheres.be\/index.php?rest_route=%2Fwp%2Fv2%2Ftags&post=1826"}],"curies":[{"name":"wp","href":"https:\/\/api.w.org\/{rel}","templated":true}]}}