{"id":1834,"date":"2014-02-25T21:55:17","date_gmt":"2014-02-25T20:55:17","guid":{"rendered":"https:\/\/bruxelles-pantheres.be\/?p=1834"},"modified":"2014-02-27T22:37:04","modified_gmt":"2014-02-27T21:37:04","slug":"1834","status":"publish","type":"post","link":"https:\/\/bruxelles-pantheres.be\/?p=1834","title":{"rendered":"\u00ab Ontologie coloniale, \u00e9thique et politique d\u00e9coloniale dans l\u2019\u0153uvre de Frantz Fanon. \u00bb"},"content":{"rendered":"<p>Formation organis\u00e9e par la BAN et le PIR : \u00ab\u00a0Ontologie coloniale, \u00e9thique et politique d\u00e9coloniale dans l\u2019\u0153uvre de Frantz Fanon.\u00a0\u00bb<\/p>\n<p>Intervenant : Nelson Maldonaldo Torr\u00e8s philosophe fanonien, pr\u00e9sident de la Caribean Philosophical Association et professeur \u00e0 Rutgers University (New Jersey). Il est l\u2019auteur notamment d\u2019un essai philosophique fanonien \u00ab Against War \u00bb.<\/p>\n<p><iframe src=\"\/\/www.youtube.com\/embed\/BrTltgqAO6E\" height=\"315\" width=\"560\" allowfullscreen=\"\" frameborder=\"0\"><\/iframe><\/p>\n","protected":false},"excerpt":{"rendered":"<p>Formation organis\u00e9e par la BAN et le PIR : \u00ab\u00a0Ontologie coloniale, \u00e9thique et politique d\u00e9coloniale dans l\u2019\u0153uvre de Frantz Fanon.\u00a0\u00bb Intervenant : Nelson Maldonaldo Torr\u00e8s philosophe fanonien, pr\u00e9sident de la Caribean Philosophical Association et professeur \u00e0 Rutgers University (New Jersey). Il est l\u2019auteur notamment d\u2019un essai philosophique fanonien \u00ab Against War \u00bb.<\/p>\n","protected":false},"author":1,"featured_media":1466,"comment_status":"open","ping_status":"open","sticky":false,"template":"","format":"standard","meta":{"footnotes":""},"categories":[1,35,21,36,7,28,17],"tags":[23,74],"class_list":["post-1834","post","type-post","status-publish","format-standard","has-post-thumbnail","hentry","category-non-classe","category-amerique-du-sud","category-anti-imperialisme","category-europe","category-negrophobie","category-racismes","category-video","tag-discrimination","tag-frantz-fanon"],"_links":{"self":[{"href":"https:\/\/bruxelles-pantheres.be\/index.php?rest_route=\/wp\/v2\/posts\/1834","targetHints":{"allow":["GET"]}}],"collection":[{"href":"https:\/\/bruxelles-pantheres.be\/index.php?rest_route=\/wp\/v2\/posts"}],"about":[{"href":"https:\/\/bruxelles-pantheres.be\/index.php?rest_route=\/wp\/v2\/types\/post"}],"author":[{"embeddable":true,"href":"https:\/\/bruxelles-pantheres.be\/index.php?rest_route=\/wp\/v2\/users\/1"}],"replies":[{"embeddable":true,"href":"https:\/\/bruxelles-pantheres.be\/index.php?rest_route=%2Fwp%2Fv2%2Fcomments&post=1834"}],"version-history":[{"count":2,"href":"https:\/\/bruxelles-pantheres.be\/index.php?rest_route=\/wp\/v2\/posts\/1834\/revisions"}],"predecessor-version":[{"id":1856,"href":"https:\/\/bruxelles-pantheres.be\/index.php?rest_route=\/wp\/v2\/posts\/1834\/revisions\/1856"}],"wp:featuredmedia":[{"embeddable":true,"href":"https:\/\/bruxelles-pantheres.be\/index.php?rest_route=\/wp\/v2\/media\/1466"}],"wp:attachment":[{"href":"https:\/\/bruxelles-pantheres.be\/index.php?rest_route=%2Fwp%2Fv2%2Fmedia&parent=1834"}],"wp:term":[{"taxonomy":"category","embeddable":true,"href":"https:\/\/bruxelles-pantheres.be\/index.php?rest_route=%2Fwp%2Fv2%2Fcategories&post=1834"},{"taxonomy":"post_tag","embeddable":true,"href":"https:\/\/bruxelles-pantheres.be\/index.php?rest_route=%2Fwp%2Fv2%2Ftags&post=1834"}],"curies":[{"name":"wp","href":"https:\/\/api.w.org\/{rel}","templated":true}]}}