{"id":1836,"date":"2014-02-25T22:03:10","date_gmt":"2014-02-25T21:03:10","guid":{"rendered":"https:\/\/bruxelles-pantheres.be\/?p=1836"},"modified":"2014-02-25T22:04:02","modified_gmt":"2014-02-25T21:04:02","slug":"video-razmig-keucheyan-race-et-environnement","status":"publish","type":"post","link":"https:\/\/bruxelles-pantheres.be\/?p=1836","title":{"rendered":"Vid\u00e9o Razmig Keucheyan : Race et environnement"},"content":{"rendered":"<p><img decoding=\"async\" class=\"decoded alignleft\" alt=\"http:\/\/indigenes-republique.fr\/wp-content\/uploads\/2014\/01\/PIR-BAN-400x317.jpg\" src=\"http:\/\/indigenes-republique.fr\/wp-content\/uploads\/2014\/01\/PIR-BAN-400x317.jpg\" \/><\/p>\n<p>&nbsp;<\/p>\n<p>&nbsp;<\/p>\n<p>L\u2019anti-racisme et l\u2019\u00e9cologie semblent \u00eatre deux luttes tr\u00e8s \u00e9loign\u00e9es l\u2019une de l\u2019autre. Quoi de commun, en effet, entre la protection de la nature et le combat contre les discriminations raciales? Et pourtant. On \u00e9voquera ici une s\u00e9rie de mouvements sociaux pass\u00e9s et pr\u00e9sents qui ont t\u00e2ch\u00e9 de penser ensemble ces deux dimensions, et montr\u00e9 que tout mouvement \u00e9cologique s\u00e9rieux doit placer la question des discriminations au c\u0153ur de ses pr\u00e9occupations.<\/p>\n<p>&nbsp;<\/p>\n<p>&nbsp;<\/p>\n<p><iframe src=\"\/\/www.youtube.com\/embed\/qh5zcjDEuPQ\" height=\"315\" width=\"560\" allowfullscreen=\"\" frameborder=\"0\"><\/iframe><\/p>\n","protected":false},"excerpt":{"rendered":"<p>&nbsp; &nbsp; L\u2019anti-racisme et l\u2019\u00e9cologie semblent \u00eatre deux luttes tr\u00e8s \u00e9loign\u00e9es l\u2019une de l\u2019autre. Quoi de commun, en effet, entre la protection de la nature et le combat contre les discriminations raciales? Et pourtant. On \u00e9voquera ici une s\u00e9rie de mouvements sociaux pass\u00e9s et pr\u00e9sents qui ont t\u00e2ch\u00e9 de penser ensemble ces deux dimensions, et &#8230; <a title=\"Vid\u00e9o Razmig Keucheyan : Race et environnement\" class=\"read-more\" href=\"https:\/\/bruxelles-pantheres.be\/?p=1836\" aria-label=\"En savoir plus sur Vid\u00e9o Razmig Keucheyan : Race et environnement\">Lire la suite<\/a><\/p>\n","protected":false},"author":1,"featured_media":1133,"comment_status":"open","ping_status":"open","sticky":false,"template":"","format":"standard","meta":{"footnotes":""},"categories":[1,35,21,36,7,28,17],"tags":[23,44,33,38],"class_list":["post-1836","post","type-post","status-publish","format-standard","has-post-thumbnail","hentry","category-non-classe","category-amerique-du-sud","category-anti-imperialisme","category-europe","category-negrophobie","category-racismes","category-video","tag-discrimination","tag-ecologie","tag-fmi","tag-guerre"],"_links":{"self":[{"href":"https:\/\/bruxelles-pantheres.be\/index.php?rest_route=\/wp\/v2\/posts\/1836","targetHints":{"allow":["GET"]}}],"collection":[{"href":"https:\/\/bruxelles-pantheres.be\/index.php?rest_route=\/wp\/v2\/posts"}],"about":[{"href":"https:\/\/bruxelles-pantheres.be\/index.php?rest_route=\/wp\/v2\/types\/post"}],"author":[{"embeddable":true,"href":"https:\/\/bruxelles-pantheres.be\/index.php?rest_route=\/wp\/v2\/users\/1"}],"replies":[{"embeddable":true,"href":"https:\/\/bruxelles-pantheres.be\/index.php?rest_route=%2Fwp%2Fv2%2Fcomments&post=1836"}],"version-history":[{"count":1,"href":"https:\/\/bruxelles-pantheres.be\/index.php?rest_route=\/wp\/v2\/posts\/1836\/revisions"}],"predecessor-version":[{"id":1837,"href":"https:\/\/bruxelles-pantheres.be\/index.php?rest_route=\/wp\/v2\/posts\/1836\/revisions\/1837"}],"wp:featuredmedia":[{"embeddable":true,"href":"https:\/\/bruxelles-pantheres.be\/index.php?rest_route=\/wp\/v2\/media\/1133"}],"wp:attachment":[{"href":"https:\/\/bruxelles-pantheres.be\/index.php?rest_route=%2Fwp%2Fv2%2Fmedia&parent=1836"}],"wp:term":[{"taxonomy":"category","embeddable":true,"href":"https:\/\/bruxelles-pantheres.be\/index.php?rest_route=%2Fwp%2Fv2%2Fcategories&post=1836"},{"taxonomy":"post_tag","embeddable":true,"href":"https:\/\/bruxelles-pantheres.be\/index.php?rest_route=%2Fwp%2Fv2%2Ftags&post=1836"}],"curies":[{"name":"wp","href":"https:\/\/api.w.org\/{rel}","templated":true}]}}