{"id":1848,"date":"2014-02-27T22:36:00","date_gmt":"2014-02-27T21:36:00","guid":{"rendered":"https:\/\/bruxelles-pantheres.be\/?p=1848"},"modified":"2014-02-25T22:42:06","modified_gmt":"2014-02-25T21:42:06","slug":"abolition-de-frontex-deurosur-et-de-toutes-les-politiques-et-mesures-anti-migratoires","status":"publish","type":"post","link":"https:\/\/bruxelles-pantheres.be\/?p=1848","title":{"rendered":"Abolition de Frontex, d\u2019Eurosur et de toutes les politiques et mesures anti-migratoires"},"content":{"rendered":"<p><span class=\"userContent\">Marchons pour notre libert\u00e9 !<br \/>\n<\/span><br \/>\n<span class=\"userContent\"><img decoding=\"async\" class=\"decoded\" alt=\"http:\/\/freedomnotfrontex.noblogs.org\/files\/2013\/12\/cropped-fnf.gif\" src=\"http:\/\/freedomnotfrontex.noblogs.org\/files\/2013\/12\/cropped-fnf.gif\" width=\"900\" height=\"259\" \/> Nous sommes demandeurs d\u2019asile, r\u00e9fugi\u00e9s, migrants et sans-papiers, Europ\u00e9ens \u201cissus de l\u2019immigration\u201d , nous sommes tous ceux qui n\u2019ont pas la pleine citoyennet\u00e9 accompagn\u00e9s d\u2019autres, qui partagent notre col\u00e8<span class=\"text_exposed_show\">re contre la politique migratoire raciste de l\u2019Union Europ\u00e9enne.<br \/>\nNous avons d\u00e9cid\u00e9 d\u2019organiser une caravane europ\u00e9enne qui partira du plus grand nombre de pays europ\u00e9ens en direction de Bruxelles (Belgique), o\u00f9 les institutions europ\u00e9ennes se tiennent. En montrant que nous ne respectons pas les fronti\u00e8res qu\u2019ils nous imposent, nous tenant prisonniers \u00e0 l\u2019int\u00e9rieur des Lagers et des L\u00e4nder, nous adresserons nos demandes directement l\u00e0 o\u00f9 les d\u00e9cisions sont prises.<br \/>\nNous avons un r\u00eave :<!--more--><br \/>\nLa libert\u00e9 de circulation pour les demandeurs d\u2019 asile, l\u2019abolition de Dublin I et II et du devoir de r\u00e9sidence Residenzpflicht<br \/>\nDes documents permanents, sans crit\u00e8res (et non en fonction de contrats de travail ou des pers\u00e9cutions politiques personnelles par l\u2019Etat d\u2019origine)<br \/>\nArr\u00eat de l\u2019emprisonnement et de l\u2019expulsion des migrant-e-s<br \/>\nM\u00eames conditions de travail pour tou-te-s<br \/>\nM\u00eame droits politiques, sociaux et culturels pour tou-te-s : droit d\u2019\u00e9tudier et de travailler l\u00e0 o\u00f9 l\u2019on vit<br \/>\nArr\u00eat de la politique imp\u00e9rialiste europ\u00e9enne : fin des trait\u00e9s de libre-\u00e9change et des guerres colonialistes de l\u2019OTAN<br \/>\nAbolition de Frontex, d\u2019Eurosur et de toutes les politiques et mesures anti-migratoires<br \/>\nREJOIGNEZ-NOUS !<br \/>\n\u00c0 partir de mai 2014, avec les \u00e9lections au Parlement de l\u2019UE : rejoignez -nous \u00e0 Strasbourg ! La caravane \/ marche commencera comme projet transnational commun fin mai de Strasbourg, elle durera environ 3-4 semaines et ira \u00e0 pied de Strasbourg jusqu\u2019\u00e0 Bruxelles.<br \/>\nAction centrale \u00e0 Bruxelles contre le sommet europ\u00e9en: rejoignez -nous \u00e0 Bruxelles ! La marche transnationale arrivera \u00e0 Bruxelles, \u00e0 26 et 27 Juin 2014, avec des manifestations massives contre le sommet europ\u00e9en sur la politique migratoire. L\u2019arriv\u00e9e \u00e0 Bruxelles aura lieu une semaine avant le sommet, autour du 21 et 22 Juin, nous aurons une semaine d\u2019actions dans la ville de Bruxelles avant le sommet.<br \/>\nVOUS N\u2019ETES PAS SEUL_E_S !<br \/>\nActions d\u00e9centralis\u00e9es: r\u00e9fugi\u00e9s et migrants unissez-vous, o\u00f9 que vous soyez ! Les activit\u00e9s locales et des actions d\u00e9centralis\u00e9es ont d\u00e9j\u00e0 commenc\u00e9 le 18 novembre, journ\u00e9e internationale des migrants et des r\u00e9fugi\u00e9s contre le racisme : des actions ont \u00e9t\u00e9 men\u00e9es dans toute l\u2019Europe (voir notre blog).<br \/>\nPar ailleurs, les actions et les marches locales et d\u00e9centralis\u00e9es vont commencer \u00e0 partir de mai en r\u00e9f\u00e9rence aux \u00e9lections europ\u00e9ennes. Toutes les activit\u00e9s devraient converger vers Strasbourg (la date exacte reste \u00e0 confirmer) pour d\u00e9marrer la marche commune. O\u00f9 que vous soyez, joignez votre action en solidarit\u00e9 avec les r\u00e9fugi\u00e9s et les migrants europ\u00e9ens et n\u2019h\u00e9sitez pas \u00e0 lancer des projets d\u2019actions d\u00e9centralis\u00e9es depuis chez vous !<br \/>\nNotre blog transnational : freedomnotfrontex.noblogs.org\/<br \/>\nOranienplatz Berlin : asylstrikeberlin.wordpress.com<br \/>\npour plus de renseignements, contactez-nous : freedomnotfrontex@riseup.net ou asylstrikeberlin@gmail.com<br \/>\n<a href=\"http:\/\/freedomnotfrontex.noblogs.org\/...\/marchons...\/\" target=\"_blank\" rel=\"nofollow nofollow\">http:\/\/freedomnotfrontex.noblogs.org\/&#8230;\/marchons&#8230;\/<\/a>&#8230;<\/span><\/span><\/p>\n<p><span class=\"userContent\"><span class=\"text_exposed_show\"><a href=\"https:\/\/www.facebook.com\/groups\/604707289598815\/\" rel=\"nofollow\">https:\/\/www.facebook.com\/groups\/604707289598815\/<\/a><\/span><\/span><\/p>\n<p><iframe src=\"\/\/player.vimeo.com\/video\/87532891\" height=\"281\" width=\"500\" allowfullscreen=\"\" frameborder=\"0\"><\/iframe><\/p>\n<p><a href=\"http:\/\/vimeo.com\/87532891\">Protest March to Bruxelles: Mobi Video<\/a> from <a href=\"http:\/\/vimeo.com\/user596022\">claudio<\/a> on <a href=\"https:\/\/vimeo.com\">Vimeo<\/a>.<\/p>\n<p><a href=\"https:\/\/bruxelles-pantheres.be\/wp-content\/uploads\/2014\/02\/MARCH-POSTER-A2-final1.jpg\"><img decoding=\"async\" class=\"wp-image-1849 aligncenter\" alt=\"MARCH-POSTER-A2-final1\" src=\"https:\/\/bruxelles-pantheres.be\/wp-content\/uploads\/2014\/02\/MARCH-POSTER-A2-final1-723x1024.jpg\" width=\"680\" height=\"963\" \/><\/a><\/p>\n<p>&nbsp;<\/p>\n","protected":false},"excerpt":{"rendered":"<p>Marchons pour notre libert\u00e9 ! Nous sommes demandeurs d\u2019asile, r\u00e9fugi\u00e9s, migrants et sans-papiers, Europ\u00e9ens \u201cissus de l\u2019immigration\u201d , nous sommes tous ceux qui n\u2019ont pas la pleine citoyennet\u00e9 accompagn\u00e9s d\u2019autres, qui partagent notre col\u00e8re contre la politique migratoire raciste de l\u2019Union Europ\u00e9enne. Nous avons d\u00e9cid\u00e9 d\u2019organiser une caravane europ\u00e9enne qui partira du plus grand nombre &#8230; <a title=\"Abolition de Frontex, d\u2019Eurosur et de toutes les politiques et mesures anti-migratoires\" class=\"read-more\" href=\"https:\/\/bruxelles-pantheres.be\/?p=1848\" aria-label=\"En savoir plus sur Abolition de Frontex, d\u2019Eurosur et de toutes les politiques et mesures anti-migratoires\">Lire la suite<\/a><\/p>\n","protected":false},"author":1,"featured_media":1849,"comment_status":"open","ping_status":"open","sticky":false,"template":"","format":"standard","meta":{"footnotes":""},"categories":[1],"tags":[31,14,23,15],"class_list":["post-1848","post","type-post","status-publish","format-standard","has-post-thumbnail","hentry","category-non-classe","tag-belgique","tag-bruxelles","tag-discrimination","tag-resistance"],"_links":{"self":[{"href":"https:\/\/bruxelles-pantheres.be\/index.php?rest_route=\/wp\/v2\/posts\/1848","targetHints":{"allow":["GET"]}}],"collection":[{"href":"https:\/\/bruxelles-pantheres.be\/index.php?rest_route=\/wp\/v2\/posts"}],"about":[{"href":"https:\/\/bruxelles-pantheres.be\/index.php?rest_route=\/wp\/v2\/types\/post"}],"author":[{"embeddable":true,"href":"https:\/\/bruxelles-pantheres.be\/index.php?rest_route=\/wp\/v2\/users\/1"}],"replies":[{"embeddable":true,"href":"https:\/\/bruxelles-pantheres.be\/index.php?rest_route=%2Fwp%2Fv2%2Fcomments&post=1848"}],"version-history":[{"count":1,"href":"https:\/\/bruxelles-pantheres.be\/index.php?rest_route=\/wp\/v2\/posts\/1848\/revisions"}],"predecessor-version":[{"id":1850,"href":"https:\/\/bruxelles-pantheres.be\/index.php?rest_route=\/wp\/v2\/posts\/1848\/revisions\/1850"}],"wp:featuredmedia":[{"embeddable":true,"href":"https:\/\/bruxelles-pantheres.be\/index.php?rest_route=\/wp\/v2\/media\/1849"}],"wp:attachment":[{"href":"https:\/\/bruxelles-pantheres.be\/index.php?rest_route=%2Fwp%2Fv2%2Fmedia&parent=1848"}],"wp:term":[{"taxonomy":"category","embeddable":true,"href":"https:\/\/bruxelles-pantheres.be\/index.php?rest_route=%2Fwp%2Fv2%2Fcategories&post=1848"},{"taxonomy":"post_tag","embeddable":true,"href":"https:\/\/bruxelles-pantheres.be\/index.php?rest_route=%2Fwp%2Fv2%2Ftags&post=1848"}],"curies":[{"name":"wp","href":"https:\/\/api.w.org\/{rel}","templated":true}]}}