{"id":1853,"date":"2014-05-01T07:23:48","date_gmt":"2014-05-01T06:23:48","guid":{"rendered":"https:\/\/bruxelles-pantheres.be\/?p=1853"},"modified":"2014-02-27T22:31:00","modified_gmt":"2014-02-27T21:31:00","slug":"figures-de-la-revolution-africaine","status":"publish","type":"post","link":"https:\/\/bruxelles-pantheres.be\/?p=1853","title":{"rendered":"\u00ab Figures de la r\u00e9volution africaine \u00bb"},"content":{"rendered":"<p>Sa\u00efd Bouamama , pr\u00e9sente son nouveau livre \u00ab Figures de la r\u00e9volution africaine \u00bb<br \/>\nJomo Kenyatta, Aim\u00e9 C\u00e9saire, Ruben Um Nyob\u00e8, Frantz Fanon, Patrice Lumumba, Kwame Nkrumah, Malcolm X, Mehdi Ben Barka, Am\u00edlcar Cabral, Thomas Sankara&#8230;<\/p>\n<p>Longtemps regard\u00e9s avec d\u00e9dain par ceux qui, au cours des trois derni\u00e8res d\u00e9cennies, d\u00e9cr\u00e9t\u00e8rent la mort du tiers-mondisme et le triomphe du n\u00e9olib\u00e9ralisme, ces noms r\u00e9apparaissent aujourd&rsquo;hui. Avec l&rsquo;atmosph\u00e8re de r\u00e9volte que l&rsquo;on sent monter aux quatre coins du monde, ces figures majeures de la lib\u00e9ration africaine suscitent un int\u00e9r\u00eat croissant dans les nouvelles g\u00e9n\u00e9rations.<!--more--><br \/>\n<a href=\"https:\/\/bruxelles-pantheres.be\/wp-content\/uploads\/2013\/11\/2079308231.4.jpg\"><img decoding=\"async\" class=\"size-full wp-image-614 alignleft\" alt=\"2079308231.4\" src=\"https:\/\/bruxelles-pantheres.be\/wp-content\/uploads\/2013\/11\/2079308231.4.jpg\" width=\"420\" height=\"421\" srcset=\"https:\/\/bruxelles-pantheres.be\/wp-content\/uploads\/2013\/11\/2079308231.4.jpg 420w, https:\/\/bruxelles-pantheres.be\/wp-content\/uploads\/2013\/11\/2079308231.4-300x300.jpg 300w, https:\/\/bruxelles-pantheres.be\/wp-content\/uploads\/2013\/11\/2079308231.4-150x150.jpg 150w\" sizes=\"(max-width: 420px) 100vw, 420px\" \/><\/a><br \/>\nConstatant qu&rsquo;ils sont trop souvent r\u00e9duits \u00e0 des ic\u00f4nes, Sa\u00efd Bouamama redonne corps et chair \u00e0 ces penseurs de premier plan qui furent aussi des hommes d&rsquo;action. Leurs vies rappellent en effet que la bataille pour la lib\u00e9ration, la justice et l&rsquo;\u00e9galit\u00e9 n&rsquo;est pas qu&rsquo;une affaire de concepts et de th\u00e9ories : c&rsquo;est aussi une guerre, o\u00f9 l&rsquo;on se fourvoie parfois et dans laquelle certains se sacrifient. S&rsquo;il ne cache pas son admiration pour ces figures rebelles, dont la plupart moururent effectivement au combat, Sa\u00efd Bouamama n&rsquo;en fait pas des martyrs absolus : la pens\u00e9e en action est toujours situ\u00e9e, incertaine, inachev\u00e9e. C&rsquo;est pourquoi ce livre s&rsquo;attache, avec beaucoup de p\u00e9dagogie, \u00e0 inscrire ces parcours dans leurs contextes sociaux, g\u00e9ographiques et historiques. On comprend mieux d\u00e8s lors comment ces hommes, qui ne v\u00e9curent pas tous sur le continent africain mais furent tous confront\u00e9s \u00e0 l&rsquo;acharnement des puissances imp\u00e9riales, cherch\u00e8rent les armes pour sortir l&rsquo;Afrique de la nuit coloniale et faire \u00e9merger une nouvelle universalit\u00e9.<\/p>\n<p>\u00c0 l&rsquo;heure o\u00f9 l&rsquo;on se demande comment avoir prise sur le monde, ce portrait politique collectif rappelle qu&rsquo;il a toujours \u00e9t\u00e9 possible, hier comme aujourd&rsquo;hui, de changer le cours des choses.<\/p>\n<p>Sa\u00efd Bouamama est sociologue et militant associatif. Engag\u00e9 professionnellement et personnellement dans les luttes d&rsquo;\u00e9mancipation dans toutes leurs dimensions, il est notamment l&rsquo;auteur de Les Discriminations racistes : une arme de division massive (L&rsquo;Harmattan, 2010) et La France. Autopsie d&rsquo;un mythe national (Larousse, 2008).<\/p>\n<p>Avec le Collectif Manouchian dont il est un des animateurs, il a \u00e9tabli un Dictionnaire des dominations de sexe, de race, de classe (Syllepse, 2012).<iframe src=\"\/\/www.youtube.com\/embed\/3xxm-tkyYRU\" height=\"315\" width=\"560\" allowfullscreen=\"\" frameborder=\"0\"><\/iframe><\/p>\n","protected":false},"excerpt":{"rendered":"<p>Sa\u00efd Bouamama , pr\u00e9sente son nouveau livre \u00ab Figures de la r\u00e9volution africaine \u00bb Jomo Kenyatta, Aim\u00e9 C\u00e9saire, Ruben Um Nyob\u00e8, Frantz Fanon, Patrice Lumumba, Kwame Nkrumah, Malcolm X, Mehdi Ben Barka, Am\u00edlcar Cabral, Thomas Sankara&#8230; Longtemps regard\u00e9s avec d\u00e9dain par ceux qui, au cours des trois derni\u00e8res d\u00e9cennies, d\u00e9cr\u00e9t\u00e8rent la mort du tiers-mondisme et &#8230; <a title=\"\u00ab Figures de la r\u00e9volution africaine \u00bb\" class=\"read-more\" href=\"https:\/\/bruxelles-pantheres.be\/?p=1853\" aria-label=\"En savoir plus sur \u00ab Figures de la r\u00e9volution africaine \u00bb\">Lire la suite<\/a><\/p>\n","protected":false},"author":1,"featured_media":1744,"comment_status":"open","ping_status":"open","sticky":false,"template":"","format":"standard","meta":{"footnotes":""},"categories":[1,21,7,28,17],"tags":[52,109,84,80,32,34,23,46,74,104,106,45,107,108,72,15,105,57],"class_list":["post-1853","post","type-post","status-publish","format-standard","has-post-thumbnail","hentry","category-non-classe","category-anti-imperialisme","category-negrophobie","category-racismes","category-video","tag-aime-cesaire","tag-amilcar-cabral","tag-black-power","tag-congo","tag-culture","tag-dette","tag-discrimination","tag-esclavage","tag-frantz-fanon","tag-jomo-kenyatta","tag-kwame-nkrumah","tag-lumumba","tag-malcolm-x","tag-mehdi-ben-barka","tag-patrice-lumumba","tag-resistance","tag-ruben-um-nyobe","tag-thomas-sankara"],"_links":{"self":[{"href":"https:\/\/bruxelles-pantheres.be\/index.php?rest_route=\/wp\/v2\/posts\/1853","targetHints":{"allow":["GET"]}}],"collection":[{"href":"https:\/\/bruxelles-pantheres.be\/index.php?rest_route=\/wp\/v2\/posts"}],"about":[{"href":"https:\/\/bruxelles-pantheres.be\/index.php?rest_route=\/wp\/v2\/types\/post"}],"author":[{"embeddable":true,"href":"https:\/\/bruxelles-pantheres.be\/index.php?rest_route=\/wp\/v2\/users\/1"}],"replies":[{"embeddable":true,"href":"https:\/\/bruxelles-pantheres.be\/index.php?rest_route=%2Fwp%2Fv2%2Fcomments&post=1853"}],"version-history":[{"count":2,"href":"https:\/\/bruxelles-pantheres.be\/index.php?rest_route=\/wp\/v2\/posts\/1853\/revisions"}],"predecessor-version":[{"id":1855,"href":"https:\/\/bruxelles-pantheres.be\/index.php?rest_route=\/wp\/v2\/posts\/1853\/revisions\/1855"}],"wp:featuredmedia":[{"embeddable":true,"href":"https:\/\/bruxelles-pantheres.be\/index.php?rest_route=\/wp\/v2\/media\/1744"}],"wp:attachment":[{"href":"https:\/\/bruxelles-pantheres.be\/index.php?rest_route=%2Fwp%2Fv2%2Fmedia&parent=1853"}],"wp:term":[{"taxonomy":"category","embeddable":true,"href":"https:\/\/bruxelles-pantheres.be\/index.php?rest_route=%2Fwp%2Fv2%2Fcategories&post=1853"},{"taxonomy":"post_tag","embeddable":true,"href":"https:\/\/bruxelles-pantheres.be\/index.php?rest_route=%2Fwp%2Fv2%2Ftags&post=1853"}],"curies":[{"name":"wp","href":"https:\/\/api.w.org\/{rel}","templated":true}]}}