{"id":1859,"date":"2014-02-28T07:48:56","date_gmt":"2014-02-28T06:48:56","guid":{"rendered":"https:\/\/bruxelles-pantheres.be\/?p=1859"},"modified":"2014-02-27T23:04:52","modified_gmt":"2014-02-27T22:04:52","slug":"hassan-ii-a-mohammed-vi-les-rois-passent-la-torture-reste","status":"publish","type":"post","link":"https:\/\/bruxelles-pantheres.be\/?p=1859","title":{"rendered":"Hassan II \u00e0 Mohammed VI, les rois passent, la torture reste"},"content":{"rendered":"<p>Maroc : de Hassan II \u00e0 Mohammed VI, les rois passent, la torture reste<\/p>\n<p><em><strong>Document<\/strong><\/em>.<strong> La semaine derni\u00e8re, <em>L&rsquo;Humanit\u00e9 Dimanche<\/em> r\u00e9v\u00e9lait que cinq \u00e9tudiants de Taza et F\u00e8s \u00e9taient emprisonn\u00e9s, apr\u00e8s torture, pour avoir r\u00e9clam\u00e9 de<\/strong><strong> meilleures conditions d\u2019\u00e9tudes. Ils sont en gr\u00e8ve de la faim. L\u2019un d\u2019eux, Ezedine Erroussi, a r\u00e9dig\u00e9 une lettre dans laquelle il d\u00e9voile la torture qu\u2019il subit. Nous publions en exclusivit\u00e9 son \u00ab\u00a0journal de la torture\u00a0\u00bb.<\/strong><\/p>\n<p><strong>Le d\u00e9tenu politique Ezedine Erroussi, prison locale de Taza, n\u00b0d\u2019\u00e9crou 7000096<\/strong><strong>\u00a0<\/strong><\/p>\n<p><strong>Le journal de la torture<!--more--><\/strong><\/p>\n<p><em>Salutations militantes aux \u00e9tudiants(tes), <\/em><\/p>\n<p><em>Salutations \u00e0 tous les nobles militants du Maroc bless\u00e9, <\/em><\/p>\n<p><em>Salutations de r\u00e9sistance \u00e0 mes camarades de la prison de sinistre r\u00e9putation A\u00efn Kadouss\u00a0 \u00e0 F\u00e8s qui sont en gr\u00e8ve de la faim \u00e0 mes c\u00f4t\u00e9s depuis le 23\/01\/2012<\/em><\/p>\n<p><em>Salutations \u00e0 tous les prisonniers politiques du Maroc notamment les prisonniers de la r\u00e9volte de Taza la glorieuse avec, \u00e0 leur t\u00eate, les gr\u00e9vistes de la faim depuis le 14\/02\/2012.<\/em><\/p>\n<p><em>Salutations aux martyrs du peuple marocain qui resteront immortels <\/em><\/p>\n<p><em>Je vais parler dans ce qui suit de quelques \u00e9pisodes de la torture que j\u2019ai subie depuis mon arrestation. Ce r\u00e9cit ne sera pas exhaustif car mon \u00e9tat de sant\u00e9 s\u2019est d\u00e9t\u00e9rior\u00e9 suite \u00e0 ma gr\u00e8ve de la faim et \u00e0 mes va et vient entre l\u2019h\u00f4pital et la prison.Pour ces raisons je ne peux pas relater tous les d\u00e9tails en vue d\u2019informer l\u2019opinion publique, tous les militants et les masses \u00e9tudiantes et populaires. Je ne peux vous informer de tout ce qui a trait aux violations de mes droits commises \u00e0 mon encontre par le r\u00e9gime en place.<\/em><\/p>\n<p><em>J\u2019en ai parl\u00e9 auparavant en date du 09\/01\/2012 dans une chronique intitul\u00e9e \u00ab\u00a0chronique d\u2019une torture\u00a0\u00bb subie dans ma cellule.<\/em><\/p>\n<p><em>Comme tout le monde le sait, j\u2019ai \u00e9t\u00e9 arr\u00eat\u00e9 le jeudi 01\/12\/2011, quand les forces de l\u2019ordre de tous bord sont intervenues alors que nous menions notre glorieuse bataille avec un cahier de revendications bien pr\u00e9cises. La r\u00e9ponse du r\u00e9gime a \u00e9t\u00e9 d\u2019envoyer ses espions et ses agents pour \u00e9pier nos actions. Les forces de l\u2019ordre ont commis une boucherie \u00e0 notre encontre. Elles ne cessent de militariser l\u2019universit\u00e9 et continuent \u00e0 s\u2019opposer violemment \u00e0 notre mouvement contestataire, celui des \u00e9tudiants et du peuple marocain en g\u00e9n\u00e9ral.<\/em><\/p>\n<p><em>J\u2019ai \u00e9t\u00e9 arr\u00eat\u00e9 par trente agents r\u00e9pressifs, ils m\u2019ont tabass\u00e9 \u00e0 coups de matraque jusqu\u2019\u00e0 ce que je m\u2019\u00e9vanouisse. Ils m\u2019ont ligot\u00e9 et tir\u00e9 par les pieds jusqu\u2019\u00e0 la voiture blind\u00e9e, stationn\u00e9e devant la fac porte ouest du cot\u00e9 du cimeti\u00e8re. L\u00e0 ils m\u2019ont d\u00e9shabill\u00e9. Ils ont commenc\u00e9 \u00e0 m\u2019insulter et \u00e0 me frapper violemment.A plusieurs reprises, ils ont pi\u00e9tin\u00e9 ma t\u00eate et mon ventre avec leurs pieds. Ensuite un des agents m\u2019a mis un\u00a0 pistolet dans ma bouche en disant \u00ab\u00a0une seule balle et c\u2019en est fini de toi,\u00a0 les ann\u00e9es de plomb ne sont pas termin\u00e9es et tu verras les horreurs que tu n\u2019as jamais vues depuis ta venue au monde\u00a0\u00bb.Soudain, l\u2019estafette blind\u00e9e a red\u00e9marr\u00e9, elle s\u2019est arr\u00eat\u00e9e plus loin devant la station d\u2019essence OL LYBIA qui est situ\u00e9e\u00a0 en face de l\u2019autre porte de la FAC du c\u00f4t\u00e9 de l\u2019institut de technologie appliqu\u00e9e. Les agents ont ouvert la porte de\u00a0 la voiture, j\u2019ai vu des agents\u00a0 qui ont l\u2019air haut grad\u00e9s, ils \u00e9taient officiers, un des leurs a dit aux autres \u00ab\u00a0voil\u00e0 un de ces morveux qui vient de tomber\u00a0\u00bb\u00a0; ils reprirent\u00a0 alors les insultes, les injures et les coups.<\/em><\/p>\n<p><em>Apr\u00e8s quinze minutes, je fus transport\u00e9 au commissariat. A mon arriv\u00e9e, ils m\u2019ont pouss\u00e9 de toutes leurs forces. Je suis tomb\u00e9 par terre et mon visage s\u2019est cogn\u00e9. Ils ont ligot\u00e9 mes pieds et m\u2019ont rou\u00e9 de coups de pied. Ensuite ils ont band\u00e9 mes yeux, ils ont ligot\u00e9 mes pieds et mes mains.<\/em><\/p>\n<p><em>Ils m\u2019ont fait rentrer dans une chambre et ont commenc\u00e9 l\u2019interrogatoire. J\u2019ai refus\u00e9 de parler et j\u2019ai gard\u00e9 le silence.\u00a0 Alors un des agents a mis encore une fois un pistolet dans ma bouche et sur ma tempe, il m\u2019insultait et me mena\u00e7ait \u00ab\u00a0je vais t\u2019exploser la t\u00eate si tu ne parles pas..\u00a0\u00bb J\u2019ai quand m\u00eame gard\u00e9 le silence, alors ils ont commenc\u00a0\u00e9 \u00e0 arracher mes cheveux \u00e0 tel point que qu\u2019il arrachait mon cuir chevelu. Les questions se sont concentr\u00e9s sur des d\u00e9tails de l\u2019organisation de la mouvance des basistes. J\u2019ai gard\u00e9 le silence et l\u00e0, ils se sont tous mis \u00e0 me tabasser. Ils se sont mis \u00e0 me provoquer pour m\u2019amener\u00a0 \u00e0 parler. Comme ils n\u2019ont pas r\u00e9ussi, ils ont repris la torture. Ils ont mis un torchon plein de boue et d\u2019huile de moteurs dans ma bouche. J\u2019ai failli m\u2019\u00e9touffer car ils ont continu\u00e9 \u00e0 me rouer de coups sur la totalit\u00e9 de mon corps surtout sur les paries sensibles. Tout \u00e7a \u00e9tait accompagn\u00e9 de provocations verbales et de mots injurieux. Face \u00e0 mon mutisme, ils m\u2019ont transport\u00e9 dans la cave, l\u00e0 ils ont tremp\u00e9 ma t\u00eate dans un seau d\u2019eau et la torture a continu\u00e9 longtemps \u00e0 ce rythme. J\u2019ai gard\u00e9 le silence, ils m\u2019ont alors tir\u00e9, ont mis ma t\u00eate parterre et ont compress\u00e9 ma poitrine avec leurs pieds\u00a0; ils ont mis encore un torchon plein d\u2019eau de la cuvette des WC sur mon visage et ma bouche. Cette torture a dur\u00e9 plus de six heures non stop sans que je dise un mot. <\/em><\/p>\n<p><em>Ils m\u2019ont alors transport\u00e9 dans ma cellule. L\u00e0, ils m\u2019ont d\u00e9shabill\u00e9 encore une fois, et ont refus\u00e9 de me donner des couvertures avec le temps glacial qu\u2019il fait \u00e0 cette \u00e9poque de l\u2019ann\u00e9e\u00a0; cette s\u00e9ance\u00a0 de torture a perdur\u00e9 pendant tout le\u00a0 temps que j\u2019ai pass\u00e9 au commissariat. Ils me sortaient de ma cellule, j\u2019avais les pieds et les mains ligot\u00e9s avec les yeux band\u00e9s, ils me torturaient et me ramenaient de nouveau dans la cellule. J\u2019avais refus\u00e9 de parler et mon corps me faisait mal. Tout mon corps \u00e9tait d\u00e9vor\u00e9 de douleurs. J\u2019avais les mains et les pieds cass\u00e9s. Je ne savais pas ce qui \u00e9tait arriv\u00e9 \u00e0 mes mains, ils ne m\u2019avaient pas amen\u00e9 \u00e0 l\u2019h\u00f4pital. Je ne pouvais pas bouger et des douleurs aigues ravageaient mon corps. J\u2019ai refus\u00e9 de signer leur proc\u00e8s verbal (je ne savais pas ce qu\u2019ils y avaient \u00e9crit. Alors, ils se sont mis \u00e0 me taper dessus, \u00e0 me donner des coups de pieds, m\u2019insulter et m\u2019injurier.<\/em><\/p>\n<p><em>Je n\u2019ai pas sign\u00e9 et je ne sais pas s\u2019ils ont sign\u00e9 \u00e0 ma place.<\/em><\/p>\n<p><em>Est ce que c\u2019est \u00e7a la constitution avanc\u00e9e, la constitution des droits et libert\u00e9s, la constitution qui garantit les droits de l\u2019homme et les droits des d\u00e9tenus, c\u2019est ce qu\u2019a promis le discours historique du 9 mars.<\/em><\/p>\n<p><em>Nous \u00e9tions convaincus de la d\u00e9magogie de ces \u00e9tendards et nous ne nous sommes jamais leurr\u00e9. Seuls les ennemis du peuple marocain, tous les collabos et tra\u00eetres les ont applaudis.<\/em><\/p>\n<p><em>La torture psychologique et physique \u00e9puis\u00e9e, le r\u00e9gime en place a eu recours \u00e0 d\u2019autres m\u00e9thodes plus perverses et plus criminelles me sous-estimant et croyant que tous les marocains sont du b\u00e9tail. Le r\u00e9gime a m\u00eame recours \u00e0 des parlementaires et \u00e0 des gens qui se pr\u00e9tendent des d\u00e9fenseurs des droits de l\u2019homme et qui ont essay\u00e9 d\u2019influencer ma famille. J\u2019ignore pour qui ils travaillent. Dans le cadre de ces pratiques perverses, j\u2019ai re\u00e7u, il y a trois semaines, la visite du procureur du roi en pr\u00e9sence de mon p\u00e8re. C\u2019\u00e9tait une tentative pour atteindre mon p\u00e8re psychologiquement\u00a0: ils l\u2019ont convoqu\u00e9 devant le procureur pour me faire du chantage. Ils m\u2019ont promis une bourse permanente comme c\u2019est d\u00fb aux \u00e9tudiants sahraouis. J\u2019ai obtenu le baccalaur\u00e9at \u00e0 Esmara dans le Sahara occidental\u00a0; j\u2019y ai \u00e9t\u00e9 scolaris\u00e9 pendant six ans\u00a0; le procureur m\u2019a \u00e9galement promis\u00a0 un droit de visite ouvert \u00e0 tous mes amis et \u00e0 tous ceux qui souhaitent me voir\u00a0; il m\u2019a promis de me \u00ab\u00a0choyer\u00a0\u00bb. Il est all\u00e9 loin dans le chantage en me promettant de me trouver un\u00a0 travail stable \u00e0 condition que je mette un terme \u00e0 ma gr\u00e8ve de la faim , d\u2019arr\u00eater la fronde et de m\u2019\u00e9loigner des contestataires.<\/em><\/p>\n<p><em>J\u2019ai refus\u00e9 et j\u2019ai r\u00e9it\u00e9r\u00e9 ma demande de satisfaire les revendications des \u00e9tudiants et de lib\u00e9rer les d\u00e9tenus politiques, seules conditions \u00e0 laquelle je mettrai fin \u00e0 ma gr\u00e8ve de la faim. Il a r\u00e9pondu en s\u2019adressant \u00e0 mon p\u00e8re \u00ab\u00a0regarde votre fils \u00e0 qui j\u2019ai voulu du bien , il g\u00e2che tout et me le rend en mal\u00a0\u00bb. Mon p\u00e8re lui a r\u00e9pondu\u00a0: \u00ab\u00a0je pr\u00e9f\u00e8re que mon fils meure plut\u00f4t que de vivre humili\u00e9, il sait ce qu\u2019il fait, et si moi-m\u00eame je faisais des \u00e9tudes, j\u2019aurais \u00e9t\u00e9 avec lui ici en prison\u00a0\u00bb.<\/em><\/p>\n<p><em>Mercredi dernier, le procureur aupr\u00e8s de la cour d\u2019appel de Taza est venu me voir avec d\u2019autres illusions \u00e0 me proposer\u00a0; Il m\u2019a appel\u00e9 \u00ab\u00a0MONSIEUR\u00a0 ERROUSSI\u00bb et m\u2019a demand\u00e9 de r\u00e9diger une demande de gr\u00e2ce, seule solution, selon lui, pour ma lib\u00e9ration.<\/em><\/p>\n<p><em>J\u2019ai r\u00e9pondu clairement que je n\u2019\u00e9crirai pas de demande de gr\u00e2ce, je ne m\u2019inclinerai pas, je ne baiserai pas leurs pieds pour ma libert\u00e9. Je ne solliciterai personne et je ne me soumettrai \u00e0 quiconque, quelque soit son pouvoir.<\/em><\/p>\n<p><em>Notre cause est juste et l\u00e9gitime. Nous seuls, les militants, nous d\u00e9cidons de nos\u00a0 outils d\u00e9mocratiques pour mener nos combats en face des politiques que m\u00e8ne le r\u00e9gime collaborateur, r\u00e9gime qui est contre les int\u00e9r\u00eats de la nation, anti-d\u00e9mocratiques et antipopulaires. Il sera toujours l\u2019ennemi historique de notre peuple qui trime et qui, pourtant, souffre de la pauvret\u00e9 et de la r\u00e9pression.<\/em><\/p>\n<p><em>Jeudi dernier, \u00e9vanoui, j\u2019ai \u00e9t\u00e9 transf\u00e9r\u00e9 \u00e0 l\u2019h\u00f4pital r\u00e9gional \u00ab\u00a0Ibn Bayah\u00a0\u00bb comme \u00e7a s\u2019est produit \u00e0 plusieurs reprises. A mon r\u00e9veil, j\u2019\u00e9tais crucifi\u00e9 comme le fut J\u00e9sus sur sa croix\u00a0: ils m\u2019avaient ligot\u00e9 les pieds et les mains avec huit menottes. J\u2019avais auparavant refus\u00e9 la perfusion. Pour m\u2019en administrer, ils m\u2019ont ligot\u00e9. J\u2019ai alors re\u00e7u trente sachets de s\u00e9rum en soixante-douze heures \u00e0 l\u2019h\u00f4pital\u00a0; J\u2019\u00e9tais sous surveillance tr\u00e8s rapproch\u00e9e. Six personnes alternaient pour me surveiller, m\u2019injurier, m\u2019insulter, me provoquer et m\u2019ajuster les menottes. Ils \u00e9taient en extase et jouissaient de leur toute puissance en me demandant \u00ab\u00a0il ne veut pas mourir celui-l\u00e0 encore\u00a0!\u00a0\u00bbIls m\u2019ont en outre envoy\u00e9 un psychiatre pour me faire douter de mes capacit\u00e9s mentales.<\/em><\/p>\n<p><em>A force d\u2019ajuster mes menottes fortement, mes muscles ont \u00e9t\u00e9 gravement ab\u00eem\u00e9s et je ne peux plus bouger mes pieds.<\/em><\/p>\n<p><em>Il est clair que le r\u00e9gime est dans l\u2019impasse\u00a0; Il s\u2019acharne sur moi, en me maintenant en vie sous s\u00e9rum. Tout \u00e7a pour briser ma volont\u00e9 \u00e0 mener ma gr\u00e8ve de la faim illimit\u00e9e. Jusqu\u2019\u00e0 quand le s\u00e9rum me maintiendra-t-il en vie, jusqu\u2019\u00e0 quand j\u2019aurai des veines et des vaisseaux sanguins pour continuer \u00e0 me donner la vie\u00a0? Ceci ne durera pas longtemps dans quelques jours ce s\u00e9rum n\u2019aura plus d\u2019effet\u00a0; J\u2019indique aussi qu\u2019on m\u2019a administr\u00e9 des injections dont je ne sais pas l\u2019int\u00e9r\u00eat ni le besoin. Actuellement, mon \u00e9tat de sant\u00e9 s\u2019est d\u00e9t\u00e9rior\u00e9, j\u2019ai perdu vingt quatre kilos et les derniers jours je vomis et je pisse du sang. Je suis un cadavre couch\u00e9 jour et nuit.<\/em><\/p>\n<p><em>Ce comportement est naturel au r\u00e9gime. Je ne m\u2019attendais pas \u00e0 des roses de sa part ni de jolis parfums. Ce r\u00e9gime ne peut offrir au peuple que plus d\u2019appauvrissement et de liquidation.<\/em><\/p>\n<p><em>Nous sommes convaincus que notre sacrifice jusqu\u2019au dernier souffle n\u2019est qu\u2019une modeste participation \u00e0 la lib\u00e9ration de notre peuple. Nous offrirons notre vie pour notre cause.<\/em><\/p>\n<p><em>Partons de nos convictions et de nos positions, la prison pour nous est la continuit\u00e9 de la lutte et non un moment de repos. Notre \u00e9valuation des exp\u00e9riences des d\u00e9tenus politiques dans notre pays, nous a appris que les quelques concessions que peut accorder le r\u00e9gime ne sont que des tentatives pour nous ali\u00e9ner et nous dissuader de continuer notre lutte. Nous sommes en phase avec la conjoncture actuelle et nous nous inscrivons dans la voie de nos h\u00e9ros, de nos martyrs, des c\u00e9l\u00e8bres gr\u00e9vistes de la faim tel Belhouari, Sa\u00efda, Doura\u00efdi,, Chbada\u2026<\/em><\/p>\n<p><em>\u00ab\u00a0Ici nous continuons la lutte\u00a0\u00bb comme disait notre martyr Sa\u00efda, pour que personne ne se retrouve demain en prison\u00a0\u00bb.<\/em><\/p>\n<p><em>Notre objectif est d\u2019abord de d\u00e9noncer les crimes du r\u00e9gime et sa nature antid\u00e9mocratique. Nous ne faisons pas de la surench\u00e8re politique comme peuvent \u00eatre accus\u00e9s tous ceux qui ont comme ambition un changement r\u00e9volutionnaire.<\/em><\/p>\n<p><em>Loin de toute surench\u00e8re, ce sont mes convictions comme militant de la voie d\u00e9mocratique basiste. Je les d\u00e9fendrai jusqu\u2019au dernier souffle. Aucune concession, aucun compromis avec ce r\u00e9gime qui tue, affame, spolie notre peuple depuis plus de cinq d\u00e9cennies, depuis l\u2019ind\u00e9pendance formelle.<\/em><\/p>\n<p><em>De l\u00e0, je d\u00e9clare \u00e0 l\u2019opinion publique nationale et internationale la continuit\u00e9 de ma gr\u00e8ve de la faim illimit\u00e9e jusqu\u2019\u00e0 la satisfaction des revendications des \u00e9tudiants et la lib\u00e9ration de tous les d\u00e9tenus politiques.<\/em><\/p>\n<p><em>Je salue chaleureusement mes camarades de la voie d\u00e9mocratique \u00e0 la prison de Ain Kadouss \u00e0 F\u00e8s qui entament leur 28<sup>\u00e8me<\/sup> journ\u00e9e de gr\u00e8ve de la faim. Je salue \u00e9galement les prisonniers politiques et essentiellement les d\u00e9tenus de la r\u00e9volte de Taza la glorieuse.<\/em><\/p>\n<p><em>Je salue plus sp\u00e9cialement les gr\u00e9vistes de la faim de Taza. Je meurs d\u2019envie de les voir, de les rencontrer, d\u2019\u00e9changer des sourires avec eux et leur faire signe de victoire. Malheureusement, mon isolement en cellule, mon \u00e9tat de sant\u00e9 d\u00e9t\u00e9rior\u00e9, mes va et vient entre l\u2019h\u00f4pital et la leur isolement aussi, tout \u00e7a ne me permet pas de r\u00e9aliser ce souhait. <\/em><\/p>\n<p><em>Je salue tous les hommes et femmes dignes de ce pays bless\u00e9, ses r\u00e9volutionnaires fid\u00e8les et tous les r\u00e9volutionnaires du monde et des peuples qui se sont soulev\u00e9s pour la libert\u00e9 et la justice.<\/em><\/p>\n<p><em>Je vous \u00e9treins, mes camarades de la voie d\u00e9mocratique, honorables de ce pays, je vous \u00e9treins dans ce long chemin de fid\u00e9lit\u00e9 \u00e0 nos martyrs, \u00e0 notre histoire et \u00e0 notre pens\u00e9e de basiste\u00a0. Oh combien je suis fier d\u2019\u00eatre de cette \u00e9cole r\u00e9volutionnaire qui a tenu\u00a0 t\u00eate pour arriver \u00e0 nos objectifs strat\u00e9giques\u00a0: b\u00e2tir un r\u00e9gime d\u00e9mocratique au service des int\u00e9r\u00eats de notre peuple et de son \u00e9panouissement, d\u00e9barrasser l\u2019humanit\u00e9 de l\u2019exploitation de l\u2019homme par l\u2019homme. Je sais, malgr\u00e9 tout, que le chemin est sem\u00e9 d\u2019emb\u00fbches, qu\u2019il est dur. Je sais encore plus que notre peuple est g\u00e9n\u00e9reux et qu\u2019il y aura toujours des militants dignes pour continuer la mission. Certains tomberont et d\u2019autres viendront pour continuer ce chemin aux c\u00f4t\u00e9s de notre peuple. Nous sommes convaincus de la victoire\u00a0; <\/em><\/p>\n<p><em>Je salue toutes mes camarades, tous mes camarades qui luttent contre l\u2019asservissement de notre peuple en ce moment historique du printemps arabe\u00a0; Nous avons l\u2019honneur de vivre cet instant historique et d\u2019\u00eatre de ces combattants. Je sais que tous mes camarades et tous ceux qui prennent part \u00e0 cet instant, vont payer de leur personne afin d\u2019offrir ce qui permettra \u00e0 notre lutte de se radicaliser et d\u2019avancer. Vous pouvez \u00eatre fiers d\u2019avoir \u00e9t\u00e9 aux c\u00f4t\u00e9s du peuple dans sa r\u00e9volte \u00e0 Taza et dans toutes les r\u00e9gions de notre pays. Je n\u2019omets pas de saluer tous ceux qui m\u2019ont manifest\u00e9 leur solidarit\u00e9 de pr\u00e8s ou de loin, de l\u2019int\u00e9rieur ou de l\u2019ext\u00e9rieur du pays\u00a0; Tous ceux qui ont soutenu ma famille, en particulier les \u00e9tudiants.<\/em><\/p>\n<p><em>J\u2019appelle tous les \u00e9tudiants de Taza sans exception \u00e0 participer au boycott des examens d\u00e9cid\u00e9 le 21\/02\/2012 jusqu\u2019\u00e0 satisfaction de nos revendications\u00a0; L\u2019essentiel est de satisfaire les revendications. Ma lib\u00e9ration n\u2019a pas d\u2019importance, c\u2019est ma conviction. Je vous assure que je continue la gr\u00e8ve de la faim tant que nos revendications n\u2019ont pas abouti. La lutte jusqu\u2019\u00e0 la victoire\u00a0!<\/em><\/p>\n<p><em>Je ne renonce \u00e0 rien jusqu\u2019\u00e0 la mort et je reste optimiste jusqu\u2019au bout\u00a0; Ce n\u2019est pas les moyens militaires de pression qui vont vous terroriser ni les pistolets ni les armes des serviteurs du r\u00e9gime, ni m\u00eame les matraques ni les arrestations qui vont vous faire peur.<\/em><\/p>\n<p><em>Nous avons la foi dans les masses r\u00e9sistantes et militantes au sein du bastion rouge de Taza. Il se pourrait que ce soit la derni\u00e8re force que j\u2019aurai pour m\u2019adresser \u00e0 vous.<\/em><\/p>\n<p><em>On est vivant si on m\u00e8ne une vie avec un objectif.<\/em><\/p>\n<p><em>J\u2019appelle les \u00e9tudiants \u00e0 boycotter les examens jusqu\u2019\u00e0 satisfaction des revendications.<\/em><\/p>\n<p><em>Restez, restons toujours fid\u00e8les aux luttes jusqu\u2019\u00e0 la victoire ou la mort\u00a0! <\/em><\/p>\n<p style=\"font-size: 14px;\"><strong>&gt;&gt;&gt; <a href=\"http:\/\/www.petitionenligne.fr\/petition\/etudiants-emprisonnes-en-greve-de-la-faim-ezedine-en-danger-de-mort\/2151.\" target=\"_blank\">Signez la p\u00e9tition de soutien aux \u00e9tudiants emprisonn\u00e9s en gr\u00e8ve de la faim<\/a><\/strong><\/p>\n<p class=\"author\"><a href=\"http:\/\/www.humanite.fr\/user\/1906\">Fabien Perrier<\/a><\/p>\n","protected":false},"excerpt":{"rendered":"<p>Maroc : de Hassan II \u00e0 Mohammed VI, les rois passent, la torture reste Document. La semaine derni\u00e8re, L&rsquo;Humanit\u00e9 Dimanche r\u00e9v\u00e9lait que cinq \u00e9tudiants de Taza et F\u00e8s \u00e9taient emprisonn\u00e9s, apr\u00e8s torture, pour avoir r\u00e9clam\u00e9 de meilleures conditions d\u2019\u00e9tudes. Ils sont en gr\u00e8ve de la faim. L\u2019un d\u2019eux, Ezedine Erroussi, a r\u00e9dig\u00e9 une lettre dans &#8230; <a title=\"Hassan II \u00e0 Mohammed VI, les rois passent, la torture reste\" class=\"read-more\" href=\"https:\/\/bruxelles-pantheres.be\/?p=1859\" aria-label=\"En savoir plus sur Hassan II \u00e0 Mohammed VI, les rois passent, la torture reste\">Lire la suite<\/a><\/p>\n","protected":false},"author":1,"featured_media":80,"comment_status":"open","ping_status":"open","sticky":false,"template":"","format":"standard","meta":{"footnotes":""},"categories":[24,8],"tags":[53,31,14,23,30,15,29],"class_list":["post-1859","post","type-post","status-publish","format-standard","has-post-thumbnail","hentry","category-belgique-maroc","category-prisons","tag-ali-aarrass","tag-belgique","tag-bruxelles","tag-discrimination","tag-maroc","tag-resistance","tag-torture"],"_links":{"self":[{"href":"https:\/\/bruxelles-pantheres.be\/index.php?rest_route=\/wp\/v2\/posts\/1859","targetHints":{"allow":["GET"]}}],"collection":[{"href":"https:\/\/bruxelles-pantheres.be\/index.php?rest_route=\/wp\/v2\/posts"}],"about":[{"href":"https:\/\/bruxelles-pantheres.be\/index.php?rest_route=\/wp\/v2\/types\/post"}],"author":[{"embeddable":true,"href":"https:\/\/bruxelles-pantheres.be\/index.php?rest_route=\/wp\/v2\/users\/1"}],"replies":[{"embeddable":true,"href":"https:\/\/bruxelles-pantheres.be\/index.php?rest_route=%2Fwp%2Fv2%2Fcomments&post=1859"}],"version-history":[{"count":1,"href":"https:\/\/bruxelles-pantheres.be\/index.php?rest_route=\/wp\/v2\/posts\/1859\/revisions"}],"predecessor-version":[{"id":1860,"href":"https:\/\/bruxelles-pantheres.be\/index.php?rest_route=\/wp\/v2\/posts\/1859\/revisions\/1860"}],"wp:featuredmedia":[{"embeddable":true,"href":"https:\/\/bruxelles-pantheres.be\/index.php?rest_route=\/wp\/v2\/media\/80"}],"wp:attachment":[{"href":"https:\/\/bruxelles-pantheres.be\/index.php?rest_route=%2Fwp%2Fv2%2Fmedia&parent=1859"}],"wp:term":[{"taxonomy":"category","embeddable":true,"href":"https:\/\/bruxelles-pantheres.be\/index.php?rest_route=%2Fwp%2Fv2%2Fcategories&post=1859"},{"taxonomy":"post_tag","embeddable":true,"href":"https:\/\/bruxelles-pantheres.be\/index.php?rest_route=%2Fwp%2Fv2%2Ftags&post=1859"}],"curies":[{"name":"wp","href":"https:\/\/api.w.org\/{rel}","templated":true}]}}