{"id":1869,"date":"2014-03-10T18:14:52","date_gmt":"2014-03-10T17:14:52","guid":{"rendered":"https:\/\/bruxelles-pantheres.be\/?p=1869"},"modified":"2014-03-10T18:14:52","modified_gmt":"2014-03-10T17:14:52","slug":"video-de-la-formation-banpir-linvention-de-la-race-blanche","status":"publish","type":"post","link":"https:\/\/bruxelles-pantheres.be\/?p=1869","title":{"rendered":"Vid\u00e9o de la formation BAN\/PIR : \u00ab L\u2019invention de la race blanche. \u00bb"},"content":{"rendered":"<p>par Maboula Soumahoro et Felix Boggio Ewanj\u00e9-Ep\u00e9e<\/p>\n<div class=\"post-thumbnail\"><img decoding=\"async\" class=\"attachment-single-post-thumbnail wp-post-image alignleft\" alt=\"BAN PIR\" src=\"http:\/\/indigenes-republique.fr\/wp-content\/uploads\/2014\/02\/BAN-PIR.jpg\" width=\"400\" height=\"317\" \/><\/div>\n<p>\u00ab Blancs \u00bb, \u00ab non-Blancs \u00bb. S\u2019il est d\u00e9sormais \u00e9vident de consid\u00e9rer les fractures raciales comme des produits de l\u2019histoire, on sait moins quand et comment elles sont n\u00e9es et se sont reproduites dans les lois, les pratiques d\u2019\u00c9tat et les rapports sociaux. Pour aborder cette question complexe, cette s\u00e9ance de formation sera consacr\u00e9e \u00e0 la naissance de la distinction de race entre Blancs et Noirs aux Am\u00e9riques et plus sp\u00e9cifiquement aux \u00c9tats-Unis. Comment les Europ\u00e9ens-Am\u00e9ricains sont-ils devenus blancs ? C\u2019est en r\u00e9pondant \u00e0 cette interrogation que l\u2019on saisira mieux les origines du racisme contemporain.<!--more--><iframe src=\"\/\/www.youtube.com\/embed\/CkEzbn93dQI\" height=\"315\" width=\"560\" allowfullscreen=\"\" frameborder=\"0\"><\/iframe><\/p>\n<p>Felix Boggio Ewanj\u00e9-Ep\u00e9e, doctorant en \u00e9conomie. A coordonn\u00e9 Race et capitalisme et co-\u00e9crit Les f\u00e9ministes blanches et l\u2019empire. La \u00ab race blanche \u00bb ou la cat\u00e9gorie raciale oubli\u00e9e : \u00e9mergence des Whiteness studies comme limite des racial\/ethnic studies<\/p>\n<p>Maboula Soumahoro, sp\u00e9cialiste en civilisation US, Etudes afro-am\u00e9ricaines et de la diaspora noire-africaine. Elle enseigne au sein du d\u00e9partement d\u2019anglais de la fac de Tours.<\/p>\n<p><a href=\"http:\/\/indigenes-republique.fr\/video-de-de-la-formation-banpir-linvention-de-la-race-blanche\/\">SOURCE<\/a><\/p>\n","protected":false},"excerpt":{"rendered":"<p>par Maboula Soumahoro et Felix Boggio Ewanj\u00e9-Ep\u00e9e \u00ab Blancs \u00bb, \u00ab non-Blancs \u00bb. S\u2019il est d\u00e9sormais \u00e9vident de consid\u00e9rer les fractures raciales comme des produits de l\u2019histoire, on sait moins quand et comment elles sont n\u00e9es et se sont reproduites dans les lois, les pratiques d\u2019\u00c9tat et les rapports sociaux. Pour aborder cette question complexe, &#8230; <a title=\"Vid\u00e9o de la formation BAN\/PIR : \u00ab L\u2019invention de la race blanche. \u00bb\" class=\"read-more\" href=\"https:\/\/bruxelles-pantheres.be\/?p=1869\" aria-label=\"En savoir plus sur Vid\u00e9o de la formation BAN\/PIR : \u00ab L\u2019invention de la race blanche. \u00bb\">Lire la suite<\/a><\/p>\n","protected":false},"author":1,"featured_media":1685,"comment_status":"open","ping_status":"open","sticky":false,"template":"","format":"standard","meta":{"footnotes":""},"categories":[21,36,7,28,17],"tags":[23,110,15],"class_list":["post-1869","post","type-post","status-publish","format-standard","has-post-thumbnail","hentry","category-anti-imperialisme","category-europe","category-negrophobie","category-racismes","category-video","tag-discrimination","tag-felix-boggio-ewanje-epee","tag-resistance"],"_links":{"self":[{"href":"https:\/\/bruxelles-pantheres.be\/index.php?rest_route=\/wp\/v2\/posts\/1869","targetHints":{"allow":["GET"]}}],"collection":[{"href":"https:\/\/bruxelles-pantheres.be\/index.php?rest_route=\/wp\/v2\/posts"}],"about":[{"href":"https:\/\/bruxelles-pantheres.be\/index.php?rest_route=\/wp\/v2\/types\/post"}],"author":[{"embeddable":true,"href":"https:\/\/bruxelles-pantheres.be\/index.php?rest_route=\/wp\/v2\/users\/1"}],"replies":[{"embeddable":true,"href":"https:\/\/bruxelles-pantheres.be\/index.php?rest_route=%2Fwp%2Fv2%2Fcomments&post=1869"}],"version-history":[{"count":1,"href":"https:\/\/bruxelles-pantheres.be\/index.php?rest_route=\/wp\/v2\/posts\/1869\/revisions"}],"predecessor-version":[{"id":1870,"href":"https:\/\/bruxelles-pantheres.be\/index.php?rest_route=\/wp\/v2\/posts\/1869\/revisions\/1870"}],"wp:featuredmedia":[{"embeddable":true,"href":"https:\/\/bruxelles-pantheres.be\/index.php?rest_route=\/wp\/v2\/media\/1685"}],"wp:attachment":[{"href":"https:\/\/bruxelles-pantheres.be\/index.php?rest_route=%2Fwp%2Fv2%2Fmedia&parent=1869"}],"wp:term":[{"taxonomy":"category","embeddable":true,"href":"https:\/\/bruxelles-pantheres.be\/index.php?rest_route=%2Fwp%2Fv2%2Fcategories&post=1869"},{"taxonomy":"post_tag","embeddable":true,"href":"https:\/\/bruxelles-pantheres.be\/index.php?rest_route=%2Fwp%2Fv2%2Ftags&post=1869"}],"curies":[{"name":"wp","href":"https:\/\/api.w.org\/{rel}","templated":true}]}}