{"id":1899,"date":"2014-04-02T22:27:50","date_gmt":"2014-04-02T21:27:50","guid":{"rendered":"https:\/\/bruxelles-pantheres.be\/?p=1899"},"modified":"2014-04-01T22:35:36","modified_gmt":"2014-04-01T21:35:36","slug":"controle-europeen-des-migrations-dans-des-mains-des-lobbies","status":"publish","type":"post","link":"https:\/\/bruxelles-pantheres.be\/?p=1899","title":{"rendered":"CONTROLE EUROPEEN DES MIGRATIONS DANS DES MAINS des lobbies"},"content":{"rendered":"<div style=\"font-family: Helvetica,Arial,sans-serif; line-height: 18px; font-size: 12px; outline: none; word-wrap: break-word; overflow: hidden; padding-left: 3px; padding-right: 3px; color: #111111; width: 764px;\"><span><b>La Commission europ\u00e9enne investit des millions d&rsquo;euros dans l&rsquo;industrie public-priv\u00e9 pour prot\u00e9ger les fronti\u00e8res ext\u00e9rieures de l&rsquo;Europe<\/b><\/span><\/div>\n<div style=\"font-family: Helvetica,Arial,sans-serif; line-height: 18px; font-size: 12px; outline: none; word-wrap: break-word; overflow: hidden; padding-left: 3px; padding-right: 3px; color: #111111; text-align: justify; width: 1000px;\">\n<p style=\"margin-top: 0px; margin-bottom: 0px;\">L&rsquo;Agence europ\u00e9enne pour la gestion des fronti\u00e8res ext\u00e9rieures des \u00c9tats membres de l&rsquo;Union europ\u00e9enne (UE), populairement connu comme\u00a0<a style=\"color: inherit;\" href=\"http:\/\/frontex.europa.eu\/\" target=\"_blank\">FRONTEX<\/a>\u00a0, est devenu op\u00e9rationnel le 1er mai 2005.\u00a0L&rsquo;agence a \u00e9t\u00e9 promu l&rsquo;an dernier par le Conseil europ\u00e9en et est attribu\u00e9 comme objectif principal l&rsquo;am\u00e9lioration de la gestion des fronti\u00e8res ext\u00e9rieures des Etats membres de l&rsquo;UE et de la coordination op\u00e9rationnelle entre ces pays.\u00a0FRONTEX assiste les Etats dans la formation de leurs gardes-fronti\u00e8res, garde une trace de l&rsquo;\u00e9volution de la recherche en mati\u00e8re de contr\u00f4le et de surveillance des fronti\u00e8res ext\u00e9rieures et coordonne avec les Etats vols communs d&rsquo;expulsion.<\/p>\n<p style=\"margin-top: 0px; margin-bottom: 0px;\">Au cours des derni\u00e8res ann\u00e9es, l&rsquo;agence a pris une plus grande autonomie et a \u00e9largi sa d\u00e9cision de capacit\u00e9 en ce qui concerne le contr\u00f4le de l&rsquo;op\u00e9ra diff\u00e9rents des fronti\u00e8res.\u00a0<span>Le budget initial de l&rsquo;agence \u00e9tait de six millions d&rsquo;euros et en 2013 a accueilli plus de quatre vingt dix millions d&rsquo;euros pour financer ses activit\u00e9s.\u00a0<\/span>L&rsquo;autonomie qui a permis d&rsquo;avoir la capacit\u00e9 de prise de d\u00e9cision en mati\u00e8re de recherche, d\u00e9veloppe des projets et des op\u00e9rations.\u00a0Ces op\u00e9rations sont financ\u00e9es directement par des fonds publics de l&rsquo;Union europ\u00e9enne et de l&rsquo;agence est de choisir les fournisseurs et recommande \u00e0 la Commission europ\u00e9enne et les Etats membres, les entreprises ont indiqu\u00e9 poire \u00e9laborer des strat\u00e9gies de contr\u00f4le.\u00a0Ainsi, FRONTEX agit comme un lien entre les Etats membres et le secteur priv\u00e9 d\u00e9di\u00e9s au secteur de la s\u00e9curit\u00e9.<\/p>\n<p style=\"margin-top: 0px; margin-bottom: 0px;\">Le directeur ex\u00e9cutif de Frontex, Ilkka Laitinen, un processus de fronti\u00e8re finlandaise ancien corps de garde, est \u00e9galement membre du conseil consultatif de\u00a0<a style=\"color: inherit;\" href=\"http:\/\/www.securitydefenceagenda.org\/\" target=\"_blank\">l&rsquo;Agenda D\u00e9fense S\u00e9curit\u00e9<\/a>\u00a0(SDA), une s\u00e9curit\u00e9 int\u00e9gr\u00e9e pour les grandes entreprises et la R &amp; D comme Eads, Thales ou pression sur le espagnole Indra.\u00a0En m\u00eame temps, ces m\u00eames entreprises font partie de la\u00a0<a style=\"color: inherit;\" href=\"http:\/\/www.eos-eu.com\/default.aspx?page=home\" target=\"_blank\">Organisation europ\u00e9enne pour la segurdad<\/a>\u00a0(EOS), un hall d&rsquo;accueil compos\u00e9 de plus de 30 entreprises, dont la pr\u00e9sidence a \u00e9t\u00e9 r\u00e9cemment repris par Santiago Roura, directeur g\u00e9n\u00e9ral d&rsquo;Indra.<\/p>\n<p style=\"margin-top: 0px; margin-bottom: 0px;\">LA SDA et EOS ont organis\u00e9 une r\u00e9union dans Brusse en 2011.\u00a0La r\u00e9union a \u00e9t\u00e9 suivie par les membres comme intervenants de la Commission europ\u00e9enne, FRONTEX et le secteur de la s\u00e9curit\u00e9.\u00a0Au cours du forum la question suivante se pose: un partenariat public-priv\u00e9 renouvel\u00e9s peuvent aider \u00e0 am\u00e9liorer la s\u00e9curit\u00e9 de l&rsquo;Union europ\u00e9enne?<\/p>\n<p style=\"margin-top: 0px; margin-bottom: 0px;\"><!--more--><\/p>\n<p style=\"margin-top: 0px; margin-bottom: 0px;\"><b>HAUTE S\u00c9CURIT\u00c9<\/b><\/p>\n<p style=\"margin-top: 0px; margin-bottom: 0px;\"><span>Le hall de l&rsquo;EOS \u00e0 Bruxelles en 2012 a organis\u00e9 une table ronde sur la haute s\u00e9curit\u00e9.\u00a0<\/span>L&rsquo;objectif principal de la r\u00e9union \u00e9tait de discuter de la fa\u00e7on dont une politique industrielle europ\u00e9enne pourrait contribuer \u00e0 la s\u00e9curit\u00e9 int\u00e9gr\u00e9e, avec un succ\u00e8s garanti, la mise en \u0153uvre de la strat\u00e9gie de s\u00e9curit\u00e9 int\u00e9rieure pour l&rsquo;Union europ\u00e9enne et renforcer la comp\u00e9titivit\u00e9 de l&rsquo;industrie europ\u00e9enne de la s\u00e9curit\u00e9.\u00a0<span>Selon les EOS \u00e9v\u00e9nement r\u00e9ussi non seulement \u00ab\u00a0t\u00e9moigne de la volont\u00e9 de la Commission europ\u00e9enne et le Parlement europ\u00e9en \u00e0 travailler avec le secteur priv\u00e9 pour la mise en \u0153uvre de la politique de l&rsquo;UE vers une soci\u00e9t\u00e9 plus s\u00fbre, mais aussi soutenir la d\u00e9veloppement d&rsquo;une industrie europ\u00e9enne plus forte fond\u00e9e sur le leadership technologique et la cr\u00e9ation d&#8217;emplois pour stimuler la croissance \u00e9conomique \u00ab\u00a0.<\/span><\/p>\n<p style=\"margin-top: 0px; margin-bottom: 0px;\">Parmi les invit\u00e9s vedette commissaire de l&rsquo;industrie de l&rsquo;Union europ\u00e9enne, l&rsquo;Italien Antonio Tajani et le commissaire aux Affaires int\u00e9rieures, Cecilia Malmstr\u00f6m su\u00e9dois.\u00a0En tant que chef des politiques migratoires de l&rsquo;UE, Mme Malmstr\u00f6m a critiqu\u00e9 l&rsquo;efficacit\u00e9 des lames de la cl\u00f4ture \u00e0 Melilla en 2013, mais a dit qu&rsquo;il \u00ab\u00a0respecte pleinement le droit europ\u00e9en.\u00a0\u00bb<\/p>\n<p>L&rsquo;\u00e9v\u00e9nement a \u00e9t\u00e9 suivi par l&rsquo;actuel directeur du d\u00e9veloppement de l&rsquo;agence FRONTEX, Erik Berglund, auteur du rapport\u00a0<i>aux besoins identifi\u00e9s par FRONTEX<\/i>\u00a0.\u00a0Le rapport, publi\u00e9 en 2008 sur le site de la Commission europ\u00e9enne fait valoir que les fronti\u00e8res doivent rester ouvertes pour le commerce et la circulation des personnes et ferm\u00e9 \u00e0 des activit\u00e9s criminelles, y compris la soi-disant \u00abl&rsquo;immigration clandestine\u00bb.\u00a0Le rapport explique aussi bri\u00e8vement le programme de EUROSUR.<\/p>\n<\/div>\n<p>______________________________<\/p>\n<div class=\"gmail_quote\"><wbr \/>_________________<br \/>\n<a href=\"mailto:Migreurop-frontex@rezo.net\" target=\"_blank\">Migreurop-frontex@rezo.net<\/a><\/div>\n","protected":false},"excerpt":{"rendered":"<p>La Commission europ\u00e9enne investit des millions d&rsquo;euros dans l&rsquo;industrie public-priv\u00e9 pour prot\u00e9ger les fronti\u00e8res ext\u00e9rieures de l&rsquo;Europe L&rsquo;Agence europ\u00e9enne pour la gestion des fronti\u00e8res ext\u00e9rieures des \u00c9tats membres de l&rsquo;Union europ\u00e9enne (UE), populairement connu comme\u00a0FRONTEX\u00a0, est devenu op\u00e9rationnel le 1er mai 2005.\u00a0L&rsquo;agence a \u00e9t\u00e9 promu l&rsquo;an dernier par le Conseil europ\u00e9en et est attribu\u00e9 comme &#8230; <a title=\"CONTROLE EUROPEEN DES MIGRATIONS DANS DES MAINS des lobbies\" class=\"read-more\" href=\"https:\/\/bruxelles-pantheres.be\/?p=1899\" aria-label=\"En savoir plus sur CONTROLE EUROPEEN DES MIGRATIONS DANS DES MAINS des lobbies\">Lire la suite<\/a><\/p>\n","protected":false},"author":1,"featured_media":1230,"comment_status":"open","ping_status":"open","sticky":false,"template":"","format":"standard","meta":{"footnotes":""},"categories":[36,8,28,37,39,5],"tags":[31,14,23,54,15],"class_list":["post-1899","post","type-post","status-publish","format-standard","has-post-thumbnail","hentry","category-europe","category-prisons","category-racismes","category-romophobie","category-sans-papier","category-violence-policiere","tag-belgique","tag-bruxelles","tag-discrimination","tag-police","tag-resistance"],"_links":{"self":[{"href":"https:\/\/bruxelles-pantheres.be\/index.php?rest_route=\/wp\/v2\/posts\/1899","targetHints":{"allow":["GET"]}}],"collection":[{"href":"https:\/\/bruxelles-pantheres.be\/index.php?rest_route=\/wp\/v2\/posts"}],"about":[{"href":"https:\/\/bruxelles-pantheres.be\/index.php?rest_route=\/wp\/v2\/types\/post"}],"author":[{"embeddable":true,"href":"https:\/\/bruxelles-pantheres.be\/index.php?rest_route=\/wp\/v2\/users\/1"}],"replies":[{"embeddable":true,"href":"https:\/\/bruxelles-pantheres.be\/index.php?rest_route=%2Fwp%2Fv2%2Fcomments&post=1899"}],"version-history":[{"count":3,"href":"https:\/\/bruxelles-pantheres.be\/index.php?rest_route=\/wp\/v2\/posts\/1899\/revisions"}],"predecessor-version":[{"id":1902,"href":"https:\/\/bruxelles-pantheres.be\/index.php?rest_route=\/wp\/v2\/posts\/1899\/revisions\/1902"}],"wp:featuredmedia":[{"embeddable":true,"href":"https:\/\/bruxelles-pantheres.be\/index.php?rest_route=\/wp\/v2\/media\/1230"}],"wp:attachment":[{"href":"https:\/\/bruxelles-pantheres.be\/index.php?rest_route=%2Fwp%2Fv2%2Fmedia&parent=1899"}],"wp:term":[{"taxonomy":"category","embeddable":true,"href":"https:\/\/bruxelles-pantheres.be\/index.php?rest_route=%2Fwp%2Fv2%2Fcategories&post=1899"},{"taxonomy":"post_tag","embeddable":true,"href":"https:\/\/bruxelles-pantheres.be\/index.php?rest_route=%2Fwp%2Fv2%2Ftags&post=1899"}],"curies":[{"name":"wp","href":"https:\/\/api.w.org\/{rel}","templated":true}]}}