{"id":1908,"date":"2013-04-15T17:39:09","date_gmt":"2013-04-15T16:39:09","guid":{"rendered":"https:\/\/bruxelles-pantheres.be\/?p=1908"},"modified":"2014-04-05T17:47:02","modified_gmt":"2014-04-05T16:47:02","slug":"la-negrophobie-ou-le-plus-accepte-des-racismes","status":"publish","type":"post","link":"https:\/\/bruxelles-pantheres.be\/?p=1908","title":{"rendered":"La n\u00e9grophobie ou le plus accept\u00e9 des racismes"},"content":{"rendered":"<h1 class=\"entry-title single-title\" itemprop=\"headline\" style=\"text-align: center;\"><a href=\"https:\/\/bruxelles-pantheres.be\/wp-content\/uploads\/2014\/01\/black_power.jpg\"><img decoding=\"async\" class=\"alignnone size-large wp-image-1769\" alt=\"black_power\" src=\"https:\/\/bruxelles-pantheres.be\/wp-content\/uploads\/2014\/01\/black_power-1024x768.jpg\" width=\"680\" height=\"510\" srcset=\"https:\/\/bruxelles-pantheres.be\/wp-content\/uploads\/2014\/01\/black_power-1024x768.jpg 1024w, https:\/\/bruxelles-pantheres.be\/wp-content\/uploads\/2014\/01\/black_power-320x240.jpg 320w, https:\/\/bruxelles-pantheres.be\/wp-content\/uploads\/2014\/01\/black_power-540x405.jpg 540w, https:\/\/bruxelles-pantheres.be\/wp-content\/uploads\/2014\/01\/black_power.jpg 1032w\" sizes=\"(max-width: 680px) 100vw, 680px\" \/><\/a><\/h1>\n<p>&nbsp;<\/p>\n<div class=\"article-meta\"><span class=\"article-meta-author\">Par <a title=\"Articles par Olivier Mukuna\" href=\"http:\/\/www.femmesdechambre.be\/author\/olivier-mukuna\/\" rel=\"author\">Olivier Mukuna<\/a>, <\/span> <time class=\"article-meta-date\" datetime=\"2013-04-14\">le 14\/04\/13<\/time><\/div>\n<p>&nbsp;<\/p>\n<section class=\"entry-content clearfix\" itemprop=\"articleBody\">\n<p align=\"JUSTIFY\"><b>M\u00eame au sein de la classe politique belge, beaucoup ignorent jusqu\u2019\u00e0 la d\u00e9finition du terme. Alors sa r\u00e9alit\u00e9 institutionnelle d\u00e9vastatrice pour nombre d\u2019individus et de familles depuis des d\u00e9cennies \u2026 N\u00e9-gro-pho-bie ! Cette peur-rejet du n\u00e8gre insuffl\u00e9e par le racisme b\u00e9n\u00e9ficie d\u2019une invisibilit\u00e9 sociopolitique. Compl\u00e8te, voulue, entretenue. Tandis que les mots \u00ab\u00a0islamophobie\u00a0\u00bb et \u00ab\u00a0homophobie\u00a0\u00bb font partie du langage courant, la \u00ab\u00a0n\u00e9grophobie\u00a0\u00bb, elle, v\u00e9g\u00e8te au fond d\u2019un lac de r\u00e9signation et d\u2019indiff\u00e9rence \u00ab<i>\u00a0bien de chez nous\u00a0<\/i>\u00bb. Normal, dans un pays qui rejette obstin\u00e9ment tout vrai d\u00e9bat m\u00e9diatique sur son lourd passif colonial ? Normal, dans un pays o\u00f9 la Justice et les m\u00e9dias \u00e9l\u00e8vent le torchon raciste \u00a0<i>Tintin au Congo\u00a0\u00a0<\/i>au rang d\u2019\u0153uvre culturelle intouchable ? Normal, dans une soci\u00e9t\u00e9 qui consolide une hi\u00e9rarchisation raciale et paternaliste au bas de laquelle les personnes d\u2019origine africaine sont somm\u00e9es de \u00ab\u00a0<i>rester \u00e0 leur place<\/i>\u00a0\u00bb ? Maximin Emagna ne le pense pas. Politologue et activiste, il lutte depuis plus de 10 ans contre la n\u00e9grophobie en Europe. Dans une lettre ouverte, diffus\u00e9e le 20 mars dernier, il interpellait le Premier ministre Elio Di Rupo, les Ministres-pr\u00e9sidents et les pr\u00e9sidents de partis sur leur inaction en la mati\u00e8re. Quinze jours plus tard, c\u2019est l\u2019habituel silence politique et m\u00e9diatique\u2026 Parce que combattre toutes les formes de racisme demeure un rep\u00e8re journalistique, FDC a choisi de relayer plusieurs extraits de cette lettre ouverte (*).<!--more--><\/b><\/p>\n<p>&nbsp;<\/p>\n<p align=\"JUSTIFY\">Monsieur le Premier Ministre,<\/p>\n<p align=\"JUSTIFY\">Messieurs les Ministres Pr\u00e9sidents,<\/p>\n<p align=\"JUSTIFY\">Madame et Messieurs les Pr\u00e9sidents de partis politiques,<\/p>\n<p align=\"JUSTIFY\">Une importante R\u00e9solution commune du Parlement europ\u00e9en sur l\u2019intensification de la lutte contre le racisme, la x\u00e9nophobie et les crimes inspir\u00e9s par la haine vient d\u2019\u00eatre adopt\u00e9e le 14 mars 2013 (<a href=\"http:\/\/www.europarl.europa.eu\/oeil\/popups\/ficheprocedure.do?lang=fr&amp;reference=2013\/2543%28RSP%29\">2013\/2543(RSP)<\/a>).<\/p>\n<p align=\"JUSTIFY\">Elle souligne que\u00a0<i>\u00ab\u00a0l\u2019intol\u00e9rance et la discrimination, quelle qu\u2019en soit la forme, ne sauraient en aucun cas \u00eatre tol\u00e9r\u00e9es dans l\u2019Union europ\u00e9enne\u00a0\u00bb,<\/i>\u00a0demande \u00e0 la Commission, au Conseil et aux \u00c9tats membres de\u00a0<i>\u00ab\u00a0renforcer la lutte contre les crimes inspir\u00e9s par la haine ainsi que contre les attitudes et les comportements discriminatoires\u00a0\u00bb,\u00a0<\/i>et \u00a0plaide pour\u00a0<i>\u00ab\u00a0une strat\u00e9gie globale de lutte contre les crimes haineux, la discrimination et la violence reposant sur les pr\u00e9jug\u00e9s\u00a0\u00bb.<\/i><\/p>\n<p align=\"CENTER\">[&#8230;]<\/p>\n<p align=\"JUSTIFY\"><b>La n\u00e9grophobie<\/b>\u00a0n\u2019est pas un n\u00e9ologisme. L\u2019\u00e9tymologie vient de \u00ab\u00a0n\u00e8gre\u00a0\u00bb avec le suffixe \u2013phobie. Certains ont illustr\u00e9\u00a0<i>l\u2019origine biblique de ce racisme anti-noir\u00a0<\/i>(<b>Doumbi Fakoly<\/b>, 2005\u00a0: 59) qui s\u2019est d\u00e9velopp\u00e9 durant les p\u00e9riodes esclavagistes et coloniales. C\u2019est la\u00a0<b>r\u00e9pulsion envers les Noirs.\u00a0<\/b>En r\u00e9alit\u00e9, il s\u2019agit d\u2019un\u00a0<i><b>racisme li\u00e9\u00a0<\/b><\/i>\u00e0\u00a0<i><b>l\u2019origine (Afrique subsaharienne),\u00a0<\/b><\/i>\u00e0\u00a0<i><b>la couleur de la peau, en particulier peau noire ou qui s\u2019y rapproche<\/b><\/i>, et \u00e0\u00a0<i><b>la<\/b><\/i>\u00a0<i><b>religion<\/b><\/i>\u00a0(lorsque la personne discrimin\u00e9e est, ou est suppos\u00e9 \u00eatre de\u00a0<i><b>confession musulmane<\/b><\/i>); c\u2019est un\u00a0<i><b>racisme anti-noir<\/b><\/i>, qui englobe les\u00a0<i>Europ\u00e9ens Noirs<\/i>\u00a0et\u00a0<i>les personnes de descendance africaine (noire) vivant en Europe ; Afrophobia<\/i>\u00a0comme on dit chez les anglo-saxons.<\/p>\n<p align=\"JUSTIFY\">Nous ne faisons ici que rappeler des conclusions de l\u2019impressionnant r\u00e9seau europ\u00e9en de lutte contre le racisme, ENAR (700 ONG), dont on ne peut contester l\u2019ind\u00e9pendance.\u00a0<a href=\"http:\/\/cms.horus.be\/files\/99935\/MediaArchive\/publications\/shadow%20report%202011-12\/shadowReport_FR_LR%20%282%29.pdf\">Le Rapport 2011 d\u2019ENAR rendu public en mars 2012<\/a>\u00a0constate\u00a0: \u00ab\u00a0<i>Incontestablement, l\u2019\u00e9tat du racisme reste inqui\u00e9tant en Belgique. Les chiffres officiels pour 2010 montrent que de toutes\u00a0<\/i><i><b>les formes de discriminations, celles fond\u00e9es sur les crit\u00e8res \u00ab raciaux \u00bb (45%) occupent la premi\u00e8re place<\/b><\/i><i>. Avec celles fond\u00e9es sur les convictions philosophiques ou religieuses (16%), le champ du racisme (61%) d\u00e9passe ainsi largement la moiti\u00e9 de l\u2019ensemble des dossiers (handicap ; orientation sexuelle ; \u00e2ge ; situation \u00e9conomique; \u00e9tat de sant\u00e9 ; etc.) de discriminations pr\u00e9sum\u00e9s.<\/i><\/p>\n<p>&nbsp;<\/p>\n<p style=\"text-align: center;\" align=\"JUSTIFY\"><img decoding=\"async\" class=\"size-medium wp-image-101 aligncenter\" alt=\"Cover-rapport-ENAR-2011-12\" src=\"http:\/\/localhost\/femmesdechambre\/wordpress\/wp-content\/uploads\/2013\/04\/Cover-rapport-ENAR-2011-121-353x500.jpg\" width=\"353\" height=\"500\" \/><\/p>\n<p align=\"JUSTIFY\"><i>En Belgique,\u00a0<\/i><i><b>les communaut\u00e9s particuli\u00e8rement vuln\u00e9rables au racisme et \u00e0 la discrimination sont notamment : les populations noires<\/b><\/i><i>\u00a0; les populations musulmanes ; les gens du voyage. Les secteurs les plus g\u00e9n\u00e9rateurs de faits pr\u00e9sum\u00e9s de discriminations sont : l\u2019emploi, l\u2019enseignement, le logement, les m\u00e9dias (principalement l\u2019internet)\u00a0\u00bb.\u00a0<\/i><\/p>\n<p align=\"JUSTIFY\">La conclusion d\u2019ENAR est implacable\u00a0:\u00a0<i>\u00ab\u00a0Dans un pays comme la Belgique, qui a pratiqu\u00e9 le colonialisme \u00e0 l\u2019encontre de divers peuples et qui a collabor\u00e9 \u00e0 la perp\u00e9tration de g\u00e9nocides,\u00a0<\/i><i><b>le racisme est une r\u00e9alit\u00e9 structurelle qui touche particuli\u00e8rement la population noire\u00a0\u00bb<\/b><\/i><i>.\u00a0<\/i><\/p>\n<p align=\"JUSTIFY\">En ao\u00fbt 2012,\u00a0<a href=\"http:\/\/cms.horus.be\/files\/99935\/MediaArchive\/pdfpress\/2012-08-23%20FS%20people%20of%20african%20descent%20new.pdf\">dans le Communiqu\u00e9 de presse d\u2019ENAR<\/a>, son Pr\u00e9sident\u00a0<b>Chibo Onyeji<\/b>\u00a0mart\u00e8le\u00a0\u201c<i>il est inacceptable qu\u2019une population estim\u00e9e\u00a0\u00e0<\/i>\u00a0<i>7 millions de personnes descendants d\u2019Afrique vivant en Europe, continue d\u2019\u00eatre trait\u00e9e en citoyens de seconde classe dans leur vie quotidienne du fait de la couleur de leur peau. Les d\u00e9cideurs politiques Europ\u00e9ens et nationaux devraient envisager des mesures ad\u00e9quates pour mettre un terme\u00a0\u00e0<\/i>\u00a0<i>cette discrimination syst\u00e9matique\u00a0\u00e0<\/i>\u00a0<i>l\u2019endroit des Noirs en Europe\u00a0\u00bb.<\/i><\/p>\n<p align=\"JUSTIFY\">Monsieur le Premier Ministre,<\/p>\n<p>Messieurs les Ministres Pr\u00e9sidents,<\/p>\n<p>Madame et Messieurs les Pr\u00e9sidents de partis politiques,<\/p>\n<p align=\"JUSTIFY\">\u00a0Il est vrai que partout en Europe,\u00a0<b>la banalisation du discours, la pression des partis d\u2019extr\u00eame-droite et le d\u00e9veloppement \u00ab\u00a0d\u00e9complex\u00e9\u00a0\u00bb de la th\u00e9orie de la \u00ab\u00a0supr\u00e9matie\/puret\u00e9 de la race blanche\u00a0\u00bb trouve un maillon faible et un bouc \u00e9missaire dans ce racisme sp\u00e9cifique, anti-noirs<\/b>. Noire, couleur pourtant la plus visible, mais quasi invisible du point de vue politique et statistique. Or le racisme anti-noir est une tendance lourde des statistiques raciales s\u00e9rieuses, si on met en perspective les pics d\u2019actes racistes li\u00e9s aux \u00e9v\u00e9nements internationaux, notamment ceux du Proche et Moyen-Orient, et attentats terroristes.<\/p>\n<p align=\"JUSTIFY\">Ces actes ignobles vont des insultes, m\u00e9pris, humiliations, harc\u00e8lements moral et m\u00e9diatique, menaces verbales et physiques, diffamations et provocations raciales, contr\u00f4les au faci\u00e8s (<i>Racial Profiling<\/i>), racisme et discriminations de toutes sortes (emploi, logement, enseignement, sant\u00e9, m\u00e9dias, services publics\u2026), aux agressions et tueries polici\u00e8res et incendies racistes d\u2019immeubles occup\u00e9s par des personnes d\u2019origine \u00e9trang\u00e8re et complaisance de la police et de la justice.<\/p>\n<p>&nbsp;<\/p>\n<p style=\"text-align: center;\" align=\"JUSTIFY\"><img decoding=\"async\" class=\"aligncenter size-full wp-image-104\" alt=\"racial_profiling-ENAR\" src=\"http:\/\/localhost\/femmesdechambre\/wordpress\/wp-content\/uploads\/2013\/04\/racial_profiling-ENAR1.jpg\" width=\"306\" height=\"231\" \/><\/p>\n<p align=\"CENTER\">[&#8230;]<\/p>\n<p align=\"JUSTIFY\">En\u00a0France, entre avril et ao\u00fbt 2005, plusieurs incendies bout\u00e9s dans des immeubles occup\u00e9s \u00ab\u00a0provisoirement\u00a0\u00bb par 130 personnes d\u2019origine africaine pour la plupart en attente de relogement depuis une quinzaine d\u2019ann\u00e9es. Ces incendies feront 52 morts \u00e0 Paris dont de nombreux enfants. Les auteurs des incendies criminels n\u2019ont jamais \u00e9t\u00e9 retrouv\u00e9s.<\/p>\n<p align=\"JUSTIFY\">Le Ministre de l\u2019int\u00e9rieur de l\u2019\u00e9poque, num\u00e9ro 2 du Gouvernement\u00a0<b>De Villepin<\/b>\u00a0et futur pr\u00e9sident deux ans plus tard, dira le 27 ao\u00fbt 2005, de mani\u00e8re\u00a0<i>\u00ab\u00a0d\u00e9complex\u00e9e\u00a0\u00bb\u00a0: \u00ab La difficult\u00e9, c\u2019est que tout un tas de gens, qui n\u2019ont pas de papiers pour certains, s\u2019amassent \u00e0 Paris, et qu\u2019il n\u2019y a pas de conditions pour les loger \u00bb,\u00a0<\/i>rejetant ainsi les responsabilit\u00e9s publiques sur les victimes.<\/p>\n<p align=\"CENTER\">[&#8230;]<\/p>\n<p align=\"JUSTIFY\">Le 27 Octobre 2005, suite \u00e0 la mort accidentelle dans un transformateur de deux jeunes d\u2019origine africaine et maghr\u00e9bine (<b>Zyed<\/b>\u00a0et\u00a0<b>Bouna<\/b>, ndlr) poursuivis par la police, la France s\u2019embrasera pendant trois semaines et un\u00a0\u00e9tat\u00a0d\u2019urgence\u00a0sera d\u00e9clar\u00e9 le 8 novembre 2005. M.\u00a0<b>Nicolas Sarkozy<\/b>, exclu une faute polici\u00e8re, d\u00e9clare que les jeunes gens n\u2019\u00e9taient pas poursuivis par la police et impute aux victimes un d\u00e9lit, une \u00ab\u00a0tentative de cambriolage\u00a0\u00bb, propos appuy\u00e9s le lendemain avec le Premier ministre. Choqu\u00e9s, les jeunes fran\u00e7ais issus de l\u2019immigration mettent le feu \u00e0 la France\u2026<\/p>\n<p>&nbsp;<\/p>\n<p style=\"text-align: center;\" align=\"JUSTIFY\"><img decoding=\"async\" class=\"aligncenter size-medium wp-image-112\" alt=\"Zyed-Bouna\" src=\"http:\/\/localhost\/femmesdechambre\/wordpress\/wp-content\/uploads\/2013\/04\/Zyed-Bouna1-550x371.jpg\" width=\"550\" height=\"371\" \/><\/p>\n<p align=\"JUSTIFY\">Pr\u00e9sident de la R\u00e9publique en 2007, M. Sarkozy se montre \u00ab\u00a0d\u00e9complex\u00e9\u00a0\u00bb face au Front National\u2026.Un mois apr\u00e8s sa prise de fonction, il invite \u00e0 l\u2019\u00c9lys\u00e9e l\u2019ensemble des partis politiques dans le cadre de consultations sur le futur trait\u00e9 europ\u00e9en. Parmi les invit\u00e9s,<b>\u00a0Jean-Marie Le Pen<\/b>. Pour la premi\u00e8re fois dans l\u2019histoire de la V\u00e8me R\u00e9publique, un membre du FN entre \u00e0 l\u2019\u00c9lys\u00e9e\u2026 Puis poursuivront une syst\u00e9matisation des \u00ab\u00a0immigr\u00e9s\u00a0\u00bb, jusqu\u2019au d\u00e9bat sur \u00ab\u00a0l\u2019identit\u00e9 nationale\u00a0\u00bb, th\u00e8me majeur du Front national\u2026 Le programme du candidat Hollande a permis des espoirs, mais le 15 f\u00e9vrier dernier des personnalit\u00e9s issues de la diversit\u00e9 accusent le Pr\u00e9sident\u00a0<b>Fran\u00e7ois Hollande<\/b>\u00a0d\u2019avoir \u00ab\u00a0<i>oubli\u00e9<\/i>\u00a0\u00bb la lutte contre les discriminations.<\/p>\n<p align=\"JUSTIFY\"><b>Rien, n\u2019est fait, sinon peu, pour attirer l\u2019attention sur ces faits n\u00e9grophobes qui passent pour des faits divers afin de prendre des mesures ad\u00e9quates pour les pr\u00e9venir, voire les juguler\u2026 C\u2019est une banalit\u00e9 pour beaucoup\u2026<\/b><\/p>\n<p align=\"JUSTIFY\">Doit-on consid\u00e9rer qu\u2019il y a des r\u00e9actions diff\u00e9rentes des autorit\u00e9s publiques selon qu\u2019il s\u2019agisse d\u2019un crime li\u00e9 aux origines (n\u00e9grophobie, islamophobie, Antitsiganisme\u2026) et les autres crimes \u00e0 caract\u00e8re raciste et discriminatoire ? Y a-t-il deux poids, deux mesures\u00a0?<\/p>\n<p align=\"JUSTIFY\"><b>Est-il acceptable de nos jours, que la violation de la dignit\u00e9 d\u2019un \u00abN\u00e8gre\u00bb continue d\u2019\u00eatre un fait anodin, banal sous les latitudes du monde dit \u00ab\u00a0<i>civilis\u00e9<\/i>\u00a0\u00bb\u00a0?<\/b><\/p>\n<p align=\"JUSTIFY\"><b>Ces faits doivent \u00eatre d\u00e9nonc\u00e9s et provoquer l\u2019indignation et l\u2019action des hommes et femmes politiques nationaux et europ\u00e9ens.<\/b><\/p>\n<p align=\"JUSTIFY\"><b>Le projet europ\u00e9en qui a voulu tourner le dos aux affres du nazisme, est un mod\u00e8le de civilisation d\u00e9mocratique et de croissance \u00e9conomique qui ne saurait s\u2019accommoder du racisme.<\/b><\/p>\n<p align=\"JUSTIFY\">Quel avenir pour ces jeunes europ\u00e9ens noirs n\u00e9s en Europe qui voient leur avenir en \u00ab\u00a0noir\u00a0\u00bb\u00a0? Le Noir \u00e9tant victime de pr\u00e9jug\u00e9s tenaces depuis l\u2019esclavage, qui perp\u00e9tuent l\u2019image de sauvage, de singe, de macaque, de chanteur, de danseur, de jouisseur, de paresseux, de criminel, de violeur, de violent, de voleur, de d\u00e9linquant, de mendiant, de profiteur, de menteur, d\u2019\u00e9motif, d\u2019instinctif, et de peu rationnel et intelligent\u2026<\/p>\n<p>&nbsp;<\/p>\n<p style=\"text-align: center;\" align=\"JUSTIFY\"><img decoding=\"async\" class=\"aligncenter size-full wp-image-113\" alt=\"image-ENAR\" src=\"http:\/\/localhost\/femmesdechambre\/wordpress\/wp-content\/uploads\/2013\/04\/image-ENAR1.jpg\" width=\"184\" height=\"274\" \/><\/p>\n<p>Monsieur le Premier Ministre,<\/p>\n<p>Messieurs les Ministres Pr\u00e9sidents,<\/p>\n<p>Madame et Messieurs les Pr\u00e9sidents de partis politiques,<\/p>\n<p>Venons-en \u00e0 la situation en Belgique.<\/p>\n<p align=\"JUSTIFY\">On ne rappellera plus les violences polici\u00e8res perp\u00e9tr\u00e9es lors d\u2019expulsions forc\u00e9es dans les avions de la Sabena et de SN Brussels avec les agressions polici\u00e8res sur passagers, dont de nombreux Noirs, et la mort cons\u00e9cutive aux violences polici\u00e8res, mort de\u00a0<b>Semira Adamu<\/b>\u00a0septembre I998 et de\u00a0<b>Ebenizert Folefack Sontsa<\/b>\u00a0mai 2008). Sur le premier cas, le vendredi 12 d\u00e9cembre 2003, le verdict dans le proc\u00e8s des gendarmes tombe \u00ab\u00a0sursis et acquittement\u00a0\u00bb (Un an avec sursis pour trois inculp\u00e9s, 14 mois avec sursis pour le responsable, acquittement pour un policier \u00ab\u00a0observateur\u00a0\u00bb); pour le second cas, la proc\u00e9dure p\u00e9nale devait \u00eatre lanc\u00e9e suite au non lieu prononc\u00e9 par la justice belge le 20 avril 2012 cons\u00e9cutif \u00e0 une plainte de quatre passagers (dont trois Noirs parmi lesquels une conseill\u00e8re municipale fran\u00e7aise) qui avaient protest\u00e9 contre ce rapatriement forc\u00e9.<\/p>\n<p>&nbsp;<\/p>\n<p style=\"text-align: center;\" align=\"JUSTIFY\"><img decoding=\"async\" class=\"aligncenter size-medium wp-image-114\" alt=\"Comme\u0301ration-Semira\" src=\"http:\/\/localhost\/femmesdechambre\/wordpress\/wp-content\/uploads\/2013\/04\/Comme%CC%81ration-Semira-550x366.jpg\" width=\"550\" height=\"366\" \/><\/p>\n<p align=\"JUSTIFY\"><i>Le barom\u00e8tre 2012 de la diversit\u00e9 dans les m\u00e9dias audiovisuels<\/i>\u00a0du groupe Sud Presse constate que la t\u00e9l\u00e9vision francophone belge est trop masculine, trop jeune, et trop blanche. Le premier\u00a0<i>Barom\u00e8tre de la diversit\u00e9 2012\u00a0<\/i>d\u00e9voil\u00e9 en septembre dernier par le Centre pour l\u2019\u00e9galit\u00e9 des chances et la lutte contre le racisme confirme l\u2019acc\u00e8s in\u00e9gal \u00e0 l\u2019emploi de personnes d\u2019origine \u00e9trang\u00e8re ou handicap\u00e9es, il met aussi en avant la discrimination des candidats-travailleurs de plus de 45 ans\u00a0; un croisement de ce crit\u00e8re \u00e2ge avec l\u2019origine pourrait \u00eatre instructif pour notre probl\u00e9matique).<\/p>\n<p align=\"JUSTIFY\">En novembre 2012,\u00a0<b>Pape Becaye Ba<\/b>,\u00a0<a href=\"http:\/\/lesenegalais.net\/index.php\/actualites\/items\/la-communaute-senegalaise-de-belgique-en-deuil-pape-becaye-ba-ta.html\">un jeune s\u00e9n\u00e9galais de 20 ans, sans histoires, se faisait massacrer \u00e0 La Louvi\u00e8re<\/a>\u00a0par une horde de 15 jeunes des milieux d\u2019extr\u00eame droite, r\u00e9solument sortis ce soir l\u00e0 pour \u00ab\u00a0<i>lyncher<\/i>\u00a0\u00bb et vider leur haine par la mort de leurs victimes. Fort heureusement, le fr\u00e8re de Pape Becaye Ba se sauvera. D\u2019autres faits de violences et actes racistes n\u00e9grophobes (agressions polici\u00e8res contre des Noirs) ont \u00e9t\u00e9 rendus publics par les m\u00e9dias \u00e0 Bruxelles, Anvers\u2026, sans susciter l\u2019\u00e9moi public habituel des hommes et femmes politiques lorsqu\u2019il s\u2019agit d\u2019autres faits de racisme, x\u00e9nophobie et de discrimination, ou la plainte \u00ab\u00a0quasi\u00a0\u00bb spontan\u00e9e du Centre pour l\u2019\u00e9galit\u00e9 des chances pour ce genre de d\u00e9lits et crimes.<\/p>\n<p>&nbsp;<\/p>\n<p style=\"text-align: center;\" align=\"JUSTIFY\"><img decoding=\"async\" class=\"aligncenter size-full wp-image-115\" alt=\"Pape-Becaye-Ba\" src=\"http:\/\/localhost\/femmesdechambre\/wordpress\/wp-content\/uploads\/2013\/04\/Pape-Becaye-Ba1.jpg\" width=\"450\" height=\"250\" \/><\/p>\n<h6 align=\"JUSTIFY\"><em>\u00ab\u00a0Pape Bacaya Ba, 20 ans, tu\u00e9 parce qu\u2019il \u00e9tait noir\u00a0\u00bb<\/em><\/h6>\n<p align=\"JUSTIFY\">Plus proche de nous, les 9 et 10 f\u00e9vrier 2013, la Belgique tout enti\u00e8re a lu et vu une vid\u00e9o dans le quotidien\u00a0<i>La Derni\u00e8re Heure ;<\/i>\u00a0un acte,\u00a0<a href=\"http:\/\/www.dhnet.be\/infos\/faits-divers\/article\/424226\/scandaleux-la-justice-protege-la-policiere-raciste.html\">une preuve manifeste de racisme<\/a>\u00a0de la part d\u2019une personne qui se pr\u00e9sentait comme polici\u00e8re\u00a0; acte que le parquet a class\u00e9 sans suite pour\u00a0<i>\u00ab\u00a0absence de priorit\u00e9\u00a0\u00bb<\/i>. Plusieurs personnalit\u00e9s et organisations en Belgique et en Europe ont \u00e9t\u00e9 interpell\u00e9es. Jusqu\u2019\u00e0 ce jour, il nous semble utile de rappeler que nous n\u2019avons m\u00eame pas re\u00e7u un accus\u00e9 de r\u00e9ception de la part du Ministre de l\u2019int\u00e9rieur (en charge de l\u2019\u00e9galit\u00e9 des chances) et de Ministre de la Justice. Surprenant aussi le silence du CDH, le parti \u00ab\u00a0humaniste\u00a0\u00bb.<\/p>\n<p align=\"JUSTIFY\">Les r\u00e9ponses re\u00e7ues, dont celles du Premier Ministre et des partis politiques francophones, de m\u00eame que la d\u00e9put\u00e9e Ecolo Mme\u00a0<b>Zo\u00e9 Genot<\/b>, nous renvoyaient vers le Centre pour l\u2019\u00c9galit\u00e9 des chances\u2026 Centre, qui jusqu\u2019ici s\u2019est adress\u00e9 \u00e0 l\u2019avocat du plaignant pour demander\u00a0l\u2019<i>\u00e9tat du dossier au greffe (afin) de v\u00e9rifier si au moins des recherches ont \u00e9t\u00e9 faites pour retrouver la dame qui insulte M.\u00a0<\/i><i><b>Ahadji<\/b><\/i><i>, si cette derni\u00e8re a \u00e9t\u00e9 interrog\u00e9e et s\u2019il est v\u00e9rifi\u00e9 qu\u2019elle appartenait \u00e0 un corps de police\u2026<\/i><\/p>\n<p align=\"JUSTIFY\"><b>Il faut se dire la v\u00e9rit\u00e9 : beaucoup de Noirs de ce pays ressentent un sentiment de rejet et de m\u00e9pris.<\/b><\/p>\n<p align=\"JUSTIFY\"><b>Ce manque de consid\u00e9ration est plus accru et perceptible \u00e0 l\u2019endroit des personnes d\u2019origine \u00e9trang\u00e8re en g\u00e9n\u00e9ral et \u00e0 l\u2019endroit des Noirs en particulier. Bon nombre ont des raisons de ne pas avoir confiance aux institutions publiques, m\u00eame celles cens\u00e9es les prot\u00e9ger\u00a0? Histoire coloniale non assum\u00e9e\u00a0de chaque c\u00f4t\u00e9 ?<\/b><\/p>\n<p align=\"JUSTIFY\">Le Gouvernement a-t-il re\u00e7u le message de l\u2019ENAR\u00a0? A-t-il pris compte du dernier rapport d\u2019ECRI intitul\u00e9\u00a0<i>\u00ab\u00a0Recommandation de politique g\u00e9n\u00e9rale N\u00b0 14 : sur la lutte contre Le racisme et la discrimination raciale dans Le monde du travail\u00a0\u00bb,<\/i>\u00a0adopt\u00e9 et publi\u00e9 respectivement le 22 Juin 2012 et le 25 septembre\u00a0? Quel bilan politique face \u00e0 cette probl\u00e9matique\u00a0?<\/p>\n<p>&nbsp;<\/p>\n<p style=\"text-align: center;\" align=\"JUSTIFY\"><img decoding=\"async\" class=\"aligncenter size-medium wp-image-116\" alt=\"Tasha-de-Vasconcelos-BAN\" src=\"http:\/\/localhost\/femmesdechambre\/wordpress\/wp-content\/uploads\/2013\/04\/Tasha-de-Vasconcelos-BAN1-333x500.jpg\" width=\"333\" height=\"500\" \/><\/p>\n<h6 align=\"JUSTIFY\"><em>\u00ab\u00a0Tasha de Vasconcelos, top-model et actrice engag\u00e9e contre la n\u00e9grophobie\u00a0\u00bb<\/em><\/h6>\n<p align=\"JUSTIFY\">On note une application d\u2019une\u00a0<i>\u00ab\u00a0libert\u00e9 d\u2019expression\u00a0\u00bb<\/i>\u00a0\u00e0 double vitesse selon les formes de racisme et de discrimination (voir Rapport ENAR 2013\u00a0:\u00a0<i>\u00ab\u00a0<a href=\"http:\/\/cms.horus.be\/files\/99935\/MediaArchive\/pdfpressefr\/2013-03-07%20symposium%20publication%20FR.pdf\">Le racisme en Europe se d\u00e9complexe\u00a0<\/a>\u00bb,<\/i>\u00a08 mars 2013). Une dynamique n\u00e9gative s\u2019est mise en place sous la pression des groupes et partis conservateurs, nationalistes et racistes avec la restriction au regroupement familial (en violation au droit europ\u00e9en \u00e0 une vie de famille normale), et la difficult\u00e9 d\u2019acc\u00e8s \u00e0 la nationalit\u00e9 et la facilit\u00e9 de la d\u00e9ch\u00e9ance de celle-ci, ainsi qu\u2019un durcissement de la politique de r\u00e9gularisation des \u00e9trangers en s\u00e9jour irr\u00e9gulier.<\/p>\n<p align=\"JUSTIFY\">En mati\u00e8re d\u2019emploi, le CV anonyme a \u00e9t\u00e9 remis sur la table alors que l\u2019on en connait les insuffisances et les limites aujourd\u2019hui (alors qu\u2019on sait depuis le d\u00e9but des ann\u00e9es 2000\u00a0<i>\u00ab<\/i>\u00a0<i><b>qu\u2019environ 30% d\u2019universitaires d\u2019origine extra-europ\u00e9enne sont au ch\u00f4mage contre 5% de Belges dits \u201cde souche\u201d<\/b><\/i>\u00a0(ENAR).<\/p>\n<p align=\"JUSTIFY\">En mati\u00e8re d\u2019\u00e9galit\u00e9 des chances, le\u00a0<i>\u00ab\u00a0bilan\u00a0d\u2019activit\u00e9s\u00a0\u00bb<\/i>\u00a0de la Vice-Premi\u00e8re, Ministre de\u00a0l\u2019int\u00e9rieur\u00a0et de\u00a0l\u2019\u00c9galit\u00e9\u00a0des chances en Belgique pour 2012 met surtout l\u2019accent sur\u00a0l\u2019\u00e9galit\u00e9\u00a0homme-femme et la lutte contre l\u2019homophobie (surtout dans la police}, tout en minorant l\u2019importance de la\u00a0diversit\u00e9\u00a0ethnique dans les politiques nationales anti-discriminations.<\/p>\n<p align=\"JUSTIFY\">En mati\u00e8re de justice, il a \u00e9t\u00e9 propos\u00e9 un durcissement des sanctions pour les actes homophobes et racistes, de m\u00eame que des \u00ab\u00a0personnes de r\u00e9f\u00e9rence\u00a0\u00bb sp\u00e9cialis\u00e9es dans l\u2019une ou l\u2019autre discrimination dans la plupart des arrondissements de police.\u00a0<b>Il y a l\u00e0 des efforts, certes, qui sont malheureusement entrepris sous l\u2019\u00e9motion et la pression de certains lobbies fortement financ\u00e9s, bien organis\u00e9s et soutenus politiquement.<\/b>\u00a0Nous pensons qu\u2019il faudra manifestement aller plus loin et plus vite\u2026 Les associations de victimes de n\u00e9grophobie devraient non seulement \u00eatre soutenues, mais utilement associ\u00e9es aux mouvement et solutions.<\/p>\n<p align=\"JUSTIFY\"><b>Faut-il attendre des \u00e9meutes urbaines et raciales comme celles qu\u2019a connues la France en 2005 ou l\u2019entr\u00e9e en sc\u00e8ne d\u2019associations violentes et de l\u00e9gitime d\u00e9fense de Noirs en Belgique et en Europe pour agir et (r\u00e9)agir\u00a0?<\/b><\/p>\n<p>&nbsp;<\/p>\n<p style=\"text-align: center;\" align=\"JUSTIFY\"><img decoding=\"async\" class=\"aligncenter size-full wp-image-117\" alt=\"Emeutes-balnieues-II-2005\" src=\"http:\/\/localhost\/femmesdechambre\/wordpress\/wp-content\/uploads\/2013\/04\/Emeutes-balnieues-II-20051.jpg\" width=\"550\" height=\"367\" \/><\/p>\n<p align=\"JUSTIFY\">Nous n\u2019allons pas terminer sur une note n\u00e9gative.\u00a0<b>De nombreux belges d\u2019origine \u00e9trang\u00e8re, donc des Noirs sont \u00e9lus dans les diff\u00e9rents c\u00e9nacles r\u00e9gionaux et communaux du pays<\/b>. Ce sont des avanc\u00e9es louables. Mais nous noterons cependant qu\u2019il n\u2019y a aucun Noir dans un fauteuil minist\u00e9riel dans aucun Gouvernement du pays. Il faudra que nos enfants vivent la promotion comme un r\u00e9el m\u00e9rite, \u00e0 l\u2019instar de ce qui se passe pour le sport<b>.\u00a0 Nous avons compris que le m\u00e9rite et la justice \u00e9taient des valeurs d\u00e9mocratiques. Nous demandons l\u2019\u00e9galit\u00e9 et la justice pour tous sans pr\u00e9jug\u00e9s raciaux ou des origines.\u00a0<\/b>C\u2019est un d\u00e9fi collectif.<\/p>\n<p align=\"JUSTIFY\">Au final, il ne s\u2019agit pas de rentrer dans une hi\u00e9rarchisation des douleurs, des souffrances et des actes racistes et x\u00e9nophobes. Notre malaise vient du fait qu\u2019il est difficile d\u2019expliquer a son enfant que malgr\u00e9 les importantes sommes des contribuables d\u00e9pens\u00e9es pour ses \u00e9tudes, et malgr\u00e9 tous ses efforts pour r\u00e9ussir, son chemin ne sera pas celui de son condisciple blanc. Car, apr\u00e8s les difficult\u00e9s d\u2019emploi, il se retrouvera au mieux coinc\u00e9 et pris en tenailles\/otage entre les structures publiques d\u2019aides sociales, les allocations de ch\u00f4mage et d\u2019interminables formations de (re)mise a niveau, de requalification, de revalidation ou de r\u00e9orientation professionnelle, parce que consid\u00e9r\u00e9 comme \u00ab\u00a0sur-qualifi\u00e9\u00a0\u00bb. Au pire, il ira en prison, s\u2019il se montre rebelle, r\u00e9calcitrant, r\u00e9volt\u00e9\u2026 ou s\u2019il est jug\u00e9 \u00ab<i>\u00a0terroriste<\/i>\u00a0\u00bb.<\/p>\n<p align=\"JUSTIFY\">Nous venons, par la pr\u00e9sente,\u00a0<b>r\u00e9clamer une justice \u00e9gale pour tous et l\u2019\u00e9mergence d\u2019une soci\u00e9t\u00e9 multiculturelle respectueuse de la composition de sa population, donc de la prise en compte de sa composante noire.<\/b><\/p>\n<p>&nbsp;<\/p>\n<p style=\"text-align: center;\" align=\"JUSTIFY\"><img decoding=\"async\" class=\"aligncenter size-medium wp-image-118\" alt=\"Brigade-antinegrophobie\" src=\"http:\/\/localhost\/femmesdechambre\/wordpress\/wp-content\/uploads\/2013\/04\/Brigade-antinegrophobie1-550x412.jpg\" width=\"550\" height=\"412\" \/><\/p>\n<p align=\"JUSTIFY\">Faisons notre ces propos de deux journalistes belges\u00a0<b>Denys-Louis Colaux\u00a0<\/b>et\u00a0<b>Sandro Baguet<\/b>, suite \u00e0 la mort du jeune s\u00e9n\u00e9galais Pape Becaye Ba\u00a0a La Louvi\u00e8re en novembre dernier:\u00a0<i>\u00ab\u00a0S\u2019il est aujourd\u2019hui encore une meute capable de lyncher un type parce qu\u2019il est Noir, alors nous ne valons pas grand-chose, alors nos principes sont sans vitalit\u00e9 aucune, alors les d\u00e9mocrates, les militants des droits de l\u2019homme sont des poules mouill\u00e9es, des beaux parleurs planqu\u00e9s et frileux, des l\u00e2ches, alors les hommes sont des rat\u00e9s, des m\u00e9diocres, de grands impuissants, alors nous sommes revenus dans le territoire morbide de la haine, celui qui conduit aux horreurs qui ont ab\u00e2tardi l\u2019humanit\u00e9. Celui que ceci ne soul\u00e8ve pas de d\u00e9go\u00fbt, z\u00e9ro ! Nous garantissons que, si ce crime n\u2019est pas l\u2019affaire de chacun d\u2019entre nous, alors nous allons vers de d\u00e9go\u00fbtants lendemains. Et il y aura des coups de gourdin pour chacun d\u2019entre nous\u00a0\u00bb.\u00a0<\/i><\/p>\n<p align=\"CENTER\">[&#8230;]<\/p>\n<p align=\"JUSTIFY\">La Belgique s\u2019est montr\u00e9e avant-gardiste dans plein de domaines, nous souhaitons que vous portiez haut ce probl\u00e8me et teniez le flambeau pour y apporter des solutions idoines, \u00e0 partir de bonnes pratiques belges.<\/p>\n<p align=\"JUSTIFY\">Je vous prie d\u2019agr\u00e9er,\u00a0l\u2019expression de ma haute consid\u00e9ration.<\/p>\n<p align=\"RIGHT\">Fleurus (Belgique), le 20 mars 2013<\/p>\n<p align=\"RIGHT\">Dr.\u00a0<b>Maximin EMAGNA<\/b><\/p>\n<p align=\"JUSTIFY\">(*) Lire\u00a0<a href=\"http:\/\/ebdiversity.org\/la-negrophobie-en-belgique-et-en-europe-un-racisme-banalise-lettre-ouverte-a-m-elio-di-rupo-premier-ministre-aux-ministres-presidents-des-regions-et-des-communautes-linguistiques-et-aux-president\/\">ici<\/a>\u00a0pour l\u2019enti\u00e8ret\u00e9 du document.<\/p>\n<p style=\"text-align: right;\" align=\"JUSTIFY\"><a href=\"http:\/\/www.femmesdechambre.be\/la-negrophobie-ou-le-plus-accepte-des-racismes\/\">Source<\/a><\/p>\n<\/section>\n<p>&nbsp;<\/p>\n","protected":false},"excerpt":{"rendered":"<p>&nbsp; Par Olivier Mukuna, le 14\/04\/13 &nbsp; M\u00eame au sein de la classe politique belge, beaucoup ignorent jusqu\u2019\u00e0 la d\u00e9finition du terme. Alors sa r\u00e9alit\u00e9 institutionnelle d\u00e9vastatrice pour nombre d\u2019individus et de familles depuis des d\u00e9cennies \u2026 N\u00e9-gro-pho-bie ! Cette peur-rejet du n\u00e8gre insuffl\u00e9e par le racisme b\u00e9n\u00e9ficie d\u2019une invisibilit\u00e9 sociopolitique. Compl\u00e8te, voulue, entretenue. Tandis &#8230; <a title=\"La n\u00e9grophobie ou le plus accept\u00e9 des racismes\" class=\"read-more\" href=\"https:\/\/bruxelles-pantheres.be\/?p=1908\" aria-label=\"En savoir plus sur La n\u00e9grophobie ou le plus accept\u00e9 des racismes\">Lire la suite<\/a><\/p>\n","protected":false},"author":1,"featured_media":1740,"comment_status":"open","ping_status":"open","sticky":false,"template":"","format":"standard","meta":{"footnotes":""},"categories":[1,7,18,28],"tags":[31,14,32,23,75,62,19,54],"class_list":["post-1908","post","type-post","status-publish","format-standard","has-post-thumbnail","hentry","category-non-classe","category-negrophobie","category-resistance-bruxelles","category-racismes","tag-belgique","tag-bruxelles","tag-culture","tag-discrimination","tag-femmes","tag-olivier-mukuna","tag-pauvrete","tag-police"],"_links":{"self":[{"href":"https:\/\/bruxelles-pantheres.be\/index.php?rest_route=\/wp\/v2\/posts\/1908","targetHints":{"allow":["GET"]}}],"collection":[{"href":"https:\/\/bruxelles-pantheres.be\/index.php?rest_route=\/wp\/v2\/posts"}],"about":[{"href":"https:\/\/bruxelles-pantheres.be\/index.php?rest_route=\/wp\/v2\/types\/post"}],"author":[{"embeddable":true,"href":"https:\/\/bruxelles-pantheres.be\/index.php?rest_route=\/wp\/v2\/users\/1"}],"replies":[{"embeddable":true,"href":"https:\/\/bruxelles-pantheres.be\/index.php?rest_route=%2Fwp%2Fv2%2Fcomments&post=1908"}],"version-history":[{"count":1,"href":"https:\/\/bruxelles-pantheres.be\/index.php?rest_route=\/wp\/v2\/posts\/1908\/revisions"}],"predecessor-version":[{"id":1909,"href":"https:\/\/bruxelles-pantheres.be\/index.php?rest_route=\/wp\/v2\/posts\/1908\/revisions\/1909"}],"wp:featuredmedia":[{"embeddable":true,"href":"https:\/\/bruxelles-pantheres.be\/index.php?rest_route=\/wp\/v2\/media\/1740"}],"wp:attachment":[{"href":"https:\/\/bruxelles-pantheres.be\/index.php?rest_route=%2Fwp%2Fv2%2Fmedia&parent=1908"}],"wp:term":[{"taxonomy":"category","embeddable":true,"href":"https:\/\/bruxelles-pantheres.be\/index.php?rest_route=%2Fwp%2Fv2%2Fcategories&post=1908"},{"taxonomy":"post_tag","embeddable":true,"href":"https:\/\/bruxelles-pantheres.be\/index.php?rest_route=%2Fwp%2Fv2%2Ftags&post=1908"}],"curies":[{"name":"wp","href":"https:\/\/api.w.org\/{rel}","templated":true}]}}