{"id":1914,"date":"2013-07-29T17:58:47","date_gmt":"2013-07-29T16:58:47","guid":{"rendered":"https:\/\/bruxelles-pantheres.be\/?p=1914"},"modified":"2014-04-05T18:01:27","modified_gmt":"2014-04-05T17:01:27","slug":"pour-ali-aarrass","status":"publish","type":"post","link":"https:\/\/bruxelles-pantheres.be\/?p=1914","title":{"rendered":"Pour Ali Aarrass"},"content":{"rendered":"<h1 class=\"entry-title single-title\" itemprop=\"headline\" style=\"text-align: center;\">Ali, j\u2019ai honte<\/h1>\n<p>&nbsp;<\/p>\n<div class=\"article-meta\"><span class=\"article-meta-author\">Par <a title=\"Articles par Olivier Mukuna\" href=\"http:\/\/www.femmesdechambre.be\/author\/olivier-mukuna\/\" rel=\"author\">Olivier Mukuna<\/a>, <\/span> <time class=\"article-meta-date\" datetime=\"2013-07-29\">le 29\/07\/13<\/time><\/div>\n<p>&nbsp;<\/p>\n<section class=\"entry-content clearfix\" itemprop=\"articleBody\">\n<p style=\"text-align: justify;\"><strong>Un homme risque de mourir. Il s\u2019appelle Ali Aarrass. Emprisonn\u00e9 depuis cinq ans pour un crime qu\u2019il n\u2019a pas commis. Tortur\u00e9 dans une ge\u00f4le de la dictature marocaine sous l\u2019\u0153il complice de la \u00ab d\u00e9mocratie \u00bb belge. Oui, Ali est Belge d\u2019origine marocaine. Cela suffit pour \u00eatre consid\u00e9r\u00e9 comme un \u00ab terroriste \u00bb m\u00eame s\u2019il a \u00e9t\u00e9 innocent\u00e9 en 2009 par le juge antiterroriste Balthazar Garzon \u2026 Pouss\u00e9 \u00e0 bout par ces tortionnaires marocains, abandonn\u00e9 par l\u2019\u00c9tat belge, Ali a d\u00e9cid\u00e9 d\u2019entrer en gr\u00e8ve de la faim et de la soif. A l\u2019heure d\u2019\u00e9crire ces lignes, c\u2019est son vingti\u00e8me jour sans nourriture ; son sixi\u00e8me sans boire. <!--more--><\/strong><\/p>\n<div class=\"wp-caption aligncenter\" style=\"width: 682px;\"><img decoding=\"async\" alt=\"\" src=\"http:\/\/www.femmesdechambre.be\/wp-content\/uploads\/2013\/07\/Free-Ali-Aarrass-Zo%C3%A9-Genot.jpg\" width=\"672\" height=\"504\" \/><\/p>\n<p class=\"wp-caption-text\">La d\u00e9put\u00e9e \u00e9cologiste, Zo\u00e9 Genot, a interpell\u00e9 \u00e0 plusieurs reprises le gouvernement belge sur le scandale Ali Aarrass.<\/p>\n<\/div>\n<p>Ali, j\u2019ai honte.<br \/>\nDe nos soi-disant responsables politiques qui se lavent les mains de\u00a0<a href=\"http:\/\/www.freeali.eu\/?p=4501\">ton sort<\/a> et s\u2019appr\u00eatent, comme chaque ann\u00e9e, \u00e0 partir en vacances ; le devoir accompli et la conscience tranquille.<\/p>\n<p>Ali, j\u2019ai honte.<br \/>\nDe l\u2019impuissance des rares d\u00e9mocrates, r\u00e9volt\u00e9s par l\u2019injustice que tu endures et qui ont tent\u00e9 sans succ\u00e8s d\u2019y mettre fin.<\/p>\n<p>Ali, j\u2019ai honte.<br \/>\nD\u2019\u00eatre comme toi, comme l\u2019a d\u00e9clar\u00e9 ton avocat : un \u00ab<em> <a href=\"http:\/\/www.youtube.com\/watch?v=dywDOzTi-Nk\">belgo-quelque chose<\/a> <\/em>\u00bb. Soit ce citoyen belge de seconde zone qui ne dispose pas des m\u00eames droits ni ne b\u00e9n\u00e9ficie de la m\u00eame solidarit\u00e9 institutionnelle qu\u2019un Belge blanc.<\/p>\n<p>Ali, j\u2019ai honte.<br \/>\nDe notre pays o\u00f9 \u2013 comme nos parents du temps de la colonisation \u2013 nous restons consid\u00e9r\u00e9s et trait\u00e9s comme des \u00ab <em><a href=\"http:\/\/bougnoulosophe.blogspot.be\/2011\/01\/de-la-belgique-postcoloniale.html\">indig\u00e8nes <\/a><\/em>\u00bb. Avec pour v\u00e9ritables droits effectifs, celui de la fermer, de raser les murs et de rester \u00e0 notre (mauvaise) place.<\/p>\n<p>Ali, j\u2019ai honte.<br \/>\nDe ces m\u00e9dias, de ces associations et de ces moralistes qui agitent les mots \u00ab diversit\u00e9 \u00bb et \u00ab vivre ensemble \u00bb, mais persistent \u00e0 ignorer qu\u2019entre autres injustices ton martyr a r\u00e9duit en poussi\u00e8res ces n\u00e9ologismes. Pire : cela pousse vers l\u2019extr\u00e9misme certains de nos fr\u00e8res et s\u0153urs, fond\u00e9s \u00e0 ne plus rien attendre d\u2019un \u00c9tat \u00ab des droits de l\u2019homme blanc \u00bb.<\/p>\n<div class=\"wp-caption aligncenter\" id=\"attachment_425\" style=\"width: 560px;\"><a href=\"http:\/\/www.femmesdechambre.be\/wp-content\/uploads\/2013\/07\/Photo-article-Aarrass-CV.jpg\"><img decoding=\"async\" class=\"size-medium wp-image-425   \" alt=\"Photo article Aarrass CV\" src=\"http:\/\/www.femmesdechambre.be\/wp-content\/uploads\/2013\/07\/Photo-article-Aarrass-CV-550x412.jpg\" width=\"550\" height=\"412\" \/><\/a><\/p>\n<p class=\"wp-caption-text\">L\u2019enqu\u00eate de Georges Huercano (RTL-Tvi ; 2010) et les 4 pages de Candice Vanhecke (Marianne Belgique ; juin 2013) constituent les rares traitements journalistiques s\u00e9rieux du scandale Ali Aarrass.<\/p>\n<\/div>\n<p>Ali, j\u2019ai honte.<br \/>\nDe bon nombre de nos compatriotes qui jugent qu\u2019il n\u2019y a \u00ab <em>pas de fum\u00e9e sans feu<\/em> \u00bb ; qu\u2019au vu de ton \u00ab <em><a href=\"http:\/\/www.michelcollon.info\/Indigene-tu-es-Indigene-tu-seras.html\">nom bizarre<\/a><\/em> \u00bb, tu as \u00ab <em>s\u00fbrement fait quelque chose<\/em> \u00bb \u2026<\/p>\n<p>Ali, j\u2019ai honte.<br \/>\nDe ces \u00ab Ali-alibis \u00bb, de ces \u00ab Fatima-mets-toi-l\u00e0 \u00bb et autres n\u00e8gres(ses) de maison qui pensent : \u00ab<em>Mieux vaut lui que moi !<\/em> \u00bb ; \u00ab <em>\u00c7a ne m\u2019arrivera pas : moi, je suis bien int\u00e9gr\u00e9(e) !\u00a0<\/em>\u00bb.<\/p>\n<p>Ali, j\u2019ai honte.<br \/>\nDe ces gauchistes qui ont su se solidariser contre l\u2019injustice et le harc\u00e8lement politico-judiciaires endur\u00e9s par <a href=\"http:\/\/www.dailymotion.com\/video\/x11sp7r_inverview-de-michel-collon-avec-bahar-kimyongur_news#.Ud7qnkF9HSg\">Bahar Kimyong\u00fcr<\/a>, mais n\u2019osent un mot, n\u2019ont pas pris un risque, te concernant. Car voil\u00e0 : il n\u2019est \u00ab politiquement pas rentable \u00bb de prendre la d\u00e9fense d\u2019un arabo-musulman dans une soci\u00e9t\u00e9 largement islamophobe.<\/p>\n<p>Ali, j\u2019ai honte.<br \/>\nDe ces \u00ab belles \u00e2mes \u00bb qui ne se fatigueront pas de m\u2019accuser \u00ab <em>d\u2019islamo-gauchisme<\/em> \u00bb ou de racisme anti-blancs tandis qu\u2019elles ne cessent de tol\u00e9rer ou de consolider depuis tant d\u2019ann\u00e9es une hi\u00e9rarchisation raciale dans notre pays.<\/p>\n<p>Ali, j\u2019ai honte.<br \/>\nDe ces gens qui ressemblent furieusement \u00e0 ces fonctionnaires des ann\u00e9es 30 et qui, si tu venais \u00e0 mourir, diront : \u00ab <em>On ne pouvait rien y faire<\/em> \u00bb ; \u00ab <em>On a ob\u00e9i aux ordres<\/em> \u00bb ; \u00ab <em>J\u2019avais aussi une famille \u00e0 nourrir<\/em> \u00bb.<\/p>\n<p>Ali, j\u2019ai honte.<br \/>\nDe cette violence inou\u00efe que notre \u00c9tat fait subir \u00e0 longueur d\u2019ann\u00e9es \u00e0 tes parents et ta s\u0153ur Farida.<\/p>\n<p>Ali, j\u2019ai honte.<br \/>\nDe mes mots d\u00e9risoires qui, s\u2019ils pourront atteindre certains c\u0153urs, ne changeront rien \u00e0 l\u2019injustice, au m\u00e9pris raciste et \u00e0 l\u2019indiff\u00e9rence institutionnels qui ont bris\u00e9 ta vie.<\/p>\n<p>Ali, j\u2019ai honte.<br \/>\nPour nos enfants qui vont grandir dans une soci\u00e9t\u00e9 o\u00f9 leur destin risque d\u2019\u00eatre pulv\u00e9ris\u00e9 par d\u2019obscurs int\u00e9r\u00eats \u00ab strat\u00e9giques \u00bb, par la raison d\u2019\u00c9tat \u2026 Car, quels que soient leurs efforts et leurs degr\u00e9s de probit\u00e9, nos enfants ne seront jamais vraiment belges.<\/p>\n<\/section>\n","protected":false},"excerpt":{"rendered":"<p>Ali, j\u2019ai honte &nbsp; Par Olivier Mukuna, le 29\/07\/13 &nbsp; Un homme risque de mourir. Il s\u2019appelle Ali Aarrass. Emprisonn\u00e9 depuis cinq ans pour un crime qu\u2019il n\u2019a pas commis. Tortur\u00e9 dans une ge\u00f4le de la dictature marocaine sous l\u2019\u0153il complice de la \u00ab d\u00e9mocratie \u00bb belge. Oui, Ali est Belge d\u2019origine marocaine. Cela suffit &#8230; <a title=\"Pour Ali Aarrass\" class=\"read-more\" href=\"https:\/\/bruxelles-pantheres.be\/?p=1914\" aria-label=\"En savoir plus sur Pour Ali Aarrass\">Lire la suite<\/a><\/p>\n","protected":false},"author":1,"featured_media":518,"comment_status":"open","ping_status":"open","sticky":false,"template":"","format":"standard","meta":{"footnotes":""},"categories":[24,8,18,28],"tags":[53,31,14,23,30,62,15,29],"class_list":["post-1914","post","type-post","status-publish","format-standard","has-post-thumbnail","hentry","category-belgique-maroc","category-prisons","category-resistance-bruxelles","category-racismes","tag-ali-aarrass","tag-belgique","tag-bruxelles","tag-discrimination","tag-maroc","tag-olivier-mukuna","tag-resistance","tag-torture"],"_links":{"self":[{"href":"https:\/\/bruxelles-pantheres.be\/index.php?rest_route=\/wp\/v2\/posts\/1914","targetHints":{"allow":["GET"]}}],"collection":[{"href":"https:\/\/bruxelles-pantheres.be\/index.php?rest_route=\/wp\/v2\/posts"}],"about":[{"href":"https:\/\/bruxelles-pantheres.be\/index.php?rest_route=\/wp\/v2\/types\/post"}],"author":[{"embeddable":true,"href":"https:\/\/bruxelles-pantheres.be\/index.php?rest_route=\/wp\/v2\/users\/1"}],"replies":[{"embeddable":true,"href":"https:\/\/bruxelles-pantheres.be\/index.php?rest_route=%2Fwp%2Fv2%2Fcomments&post=1914"}],"version-history":[{"count":1,"href":"https:\/\/bruxelles-pantheres.be\/index.php?rest_route=\/wp\/v2\/posts\/1914\/revisions"}],"predecessor-version":[{"id":1915,"href":"https:\/\/bruxelles-pantheres.be\/index.php?rest_route=\/wp\/v2\/posts\/1914\/revisions\/1915"}],"wp:featuredmedia":[{"embeddable":true,"href":"https:\/\/bruxelles-pantheres.be\/index.php?rest_route=\/wp\/v2\/media\/518"}],"wp:attachment":[{"href":"https:\/\/bruxelles-pantheres.be\/index.php?rest_route=%2Fwp%2Fv2%2Fmedia&parent=1914"}],"wp:term":[{"taxonomy":"category","embeddable":true,"href":"https:\/\/bruxelles-pantheres.be\/index.php?rest_route=%2Fwp%2Fv2%2Fcategories&post=1914"},{"taxonomy":"post_tag","embeddable":true,"href":"https:\/\/bruxelles-pantheres.be\/index.php?rest_route=%2Fwp%2Fv2%2Ftags&post=1914"}],"curies":[{"name":"wp","href":"https:\/\/api.w.org\/{rel}","templated":true}]}}