{"id":1916,"date":"2013-05-14T18:02:03","date_gmt":"2013-05-14T17:02:03","guid":{"rendered":"https:\/\/bruxelles-pantheres.be\/?p=1916"},"modified":"2014-04-05T18:06:04","modified_gmt":"2014-04-05T17:06:04","slug":"allez-vous-faire-integrer","status":"publish","type":"post","link":"https:\/\/bruxelles-pantheres.be\/?p=1916","title":{"rendered":"Allez-vous faire \u00ab int\u00e9grer \u00bb !"},"content":{"rendered":"<p><img decoding=\"async\" class=\"aligncenter size-medium wp-image-285\" alt=\"20.000 soutiens Trullemans\" src=\"http:\/\/www.femmesdechambre.be\/wp-content\/uploads\/2013\/05\/20.000-soutiens-Trullemans-537x500.jpg\" width=\"537\" height=\"500\" \/><\/p>\n<p>Trullemans &amp; Co : allez-vous faire \u00ab int\u00e9grer \u00bb !<br \/>\nPar Olivier Mukuna, le 13\/05\/13<\/p>\n<p>Le fond de l\u2019affaire Trullemans n\u2019aura surpris que celles et ceux qui adorent d\u00e9couvrir la lune. En revanche, son \u00e9volution fulgurante vers un d\u00e9bat m\u00e9diatique autour de l\u2019\u00e9ventuelle l\u00e9gitimit\u00e9 populaire \u00e0 exprimer <i>\u00ab ce que tout le monde pense tout bas \u00bb<\/i> est incontestablement neuf en Belgique francophone.<\/p>\n<p>Le <i>coming out<\/i> \u00e0 \u00e9pisodes de l\u2019ex-pr\u00e9sentateur m\u00e9t\u00e9o de RTL-TVI constitue le sympt\u00f4me d\u2019un mal profond, minant la plupart des pays europ\u00e9ens. Belgique, en t\u00eate de peloton. Sous couvert d\u2019islamophobie ou d\u2019aversion envers la religion musulmane, le vieux racisme anti-arabes est en expansion chez nous et en tentatives, toujours plus agressives, d\u2019arracher sa \u00ab libert\u00e9 de parole \u00bb. D\u2019ann\u00e9e en ann\u00e9e, de crise en crise, la haine des arabo-musulmans, Belges ou \u00e9trangers, ne se contente plus du domicile, des bistrots, des couloirs de l\u2019entreprise, de l\u2019\u00e9cole ou des m\u00e9dias. Elle veut avoir pignon sur rue et l\u00e9gitimit\u00e9 m\u00e9diatique. Tout en rejetant \u2013 mauvaise foi opportuniste oblige ! \u2013 l\u2019accusation infamante de racisme\u2026<!--more--><\/p>\n<p>Apr\u00e8s une lourde d\u00e9cennie d\u2019islamophobie politico-m\u00e9diatique, d\u2019amalgames permanents entre \u00ab musulman \u00bb et \u00ab terroriste \u00bb, d\u2019innombrables \u00e9missions vicieuses \u00e0 la Deborsu<sup><a href=\"http:\/\/www.femmesdechambre.be\/trullemans-co-allez-vous-faire-integrer\/#sdendnote1sym\" name=\"sdendnote1anc\">1<\/a><\/sup> et de kilos d\u2019articles islamophobes, le r\u00e9sultat est sous nos yeux : un inculte politique comme Trullemans, ordinairement raciste, se voit en passe de d\u00e9crocher un statut de \u00ab martyr de la libert\u00e9 d\u2019expression \u00bb\u2026<\/p>\n<p>Il n\u2019est pas inutile de revenir sur le cumulus orageux de M. M\u00e9t\u00e9o, diffus\u00e9, puis retir\u00e9 de son profil Facebook, le 26 avril dernier. Cri des tripes qu\u2019on peut r\u00e9sumer \u00e0 cette compilation d\u2019extraits : <i>\u00ab Je ne serai pas d\u00e9licat dans mes mots. Je vais probablement passer pour un raciste, JE M\u2019EN FOUS ! Il est temps que quelqu\u2019un dise tout haut ce que beaucoup de monde pense tout bas et ce message s\u2019adresse \u00e0 vous\u2026 amis MUSULMANS (\u2026) Vous comptez importer toute vos id\u00e9es chez nous o\u00f9 nous vous donnons tout ce dont vous avez besoin pour vous aider \u00e0 vous int\u00e9grer ici! On vous y donne un toit, de la nourriture, de l\u2019argent. On vous inscrit \u00e0 l\u2019\u00e9cole pour apprendre la langue, on vous aide \u00e0 acqu\u00e9rir de meilleures connaissances de notre pays, vos \u00e9tudes sont pay\u00e9es, afin de faciliter votre int\u00e9gration sur le march\u00e9 du travail. Mais \u00e0 vous entendre, ce n\u2019est pas encore ASSEZ ! Moi, c\u2019est \u00e0 vous que je dis : C\u2019EST ASSEZ !!! Assez de vouloir changer nos traditions et nos coutumes, assez de brimer nos droits et libert\u00e9s parce que c\u2019est contraire \u00e0 votre religion, assez de nous traiter de racistes parce qu\u2019on n\u2019aime pas votre fa\u00e7on de faire (\u2026) Et nous, europ\u00e9ens, devrions vous laisser tout changer sans rien dire ??? Retournez dans vos pays, si nos traditions et nos coutumes vous d\u00e9plaisent tant que \u00e7a ! Vous nous faites chier \u00e0 vouloir tout changer alors que vous n\u2019\u00e9tiez pas capable de le faire chez vous ! (\u2026) Int\u00e9grez-vous ou d\u00e9gagez ! \u00bb\u2026<\/i><\/p>\n<p>Ce puissant concentr\u00e9 de stupidit\u00e9s affligeantes et de g\u00e9n\u00e9ralisation raciste semble partag\u00e9 par une frange non n\u00e9gligeable de la population. En t\u00e9moigne <a href=\"http:\/\/cms.horus.be\/files\/99935\/MediaArchive\/publications\/shadow%20report%202011-12\/shadowReport_FR_LR%20%282%29.pdf\">un rapport r\u00e9cent de l\u2019ENAR pointant une explosion de la n\u00e9grophobie et de l\u2019islamophobie en Belgique<\/a>. S\u2019ajoute aujourd\u2019hui une p\u00e9tition de plus de 16.000 signatures en faveur de l\u2019ex-M.M\u00e9t\u00e9o de RTL, une page Facebook du m\u00eame tonneau qui a atteint plus de 20.000 soutiens et, en une semaine (du 26 avril au 4 mai), le profil Facebook de Luc Trullemans est pass\u00e9 de 2000 \u00e0 11.000 abonn\u00e9s. Pour rappel, pr\u00e8s d\u2019un Belge sur deux (soit 5.013.880 personnes) est connect\u00e9 au fameux r\u00e9seau social<sup><a href=\"http:\/\/www.femmesdechambre.be\/trullemans-co-allez-vous-faire-integrer\/#sdendnote2sym\" name=\"sdendnote2anc\">2<\/a><\/sup> \u2026 Devant cet \u00ab engouement \u00bb, l\u2019in\u00e9vitable r\u00e9cup\u00e9ration de l\u2019extr\u00eame-droite francophone n\u2019a pas tra\u00een\u00e9. Initi\u00e9e au premier plan m\u00e9diatique par <b>Mischa\u00ebl Modrikamen<\/b>. Le c\u00e9l\u00e8bre avocat, pr\u00e9sident du PP (Parti populaire) et <a href=\"http:\/\/www.lalibre.be\/debats\/opinions\/article\/299378\/israel-sentinelle-de-notre-liberte.html\">militant ultra-sioniste<\/a> a \u00e9t\u00e9 choisi, \u00ab <a href=\"http:\/\/www.lalibre.be\/culture\/mediastele\/article\/814156\/trullemans-je-ne-savais-pas-que-modrikamen-faisait-de-la-politique.html\">\u00e0 l\u2019insu de son plein gr\u00e9<\/a> \u00bb, par le \u00ab strat\u00e9gique \u00bb Trullemans pour sa d\u00e9fense en justice.<\/p>\n<p style=\"text-align: center;\"><img decoding=\"async\" class=\"aligncenter size-medium wp-image-286\" alt=\"Trullemans remercie ses soutiens\" src=\"http:\/\/www.femmesdechambre.be\/wp-content\/uploads\/2013\/05\/Trullemans-remercie-ses-soutiens-500x500.jpg\" width=\"500\" height=\"500\" \/><\/p>\n<p>En contraste rassurant, une manifestation de soutien au m\u00e9t\u00e9orologue, organis\u00e9e le 8 mai devant le si\u00e8ge de RTL-TVI, n\u2019a r\u00e9uni \u2026 qu\u2019une dizaine de supporters. Ensuite, mis sous pression par ses autres employeurs de l\u2019IRM (Institut Royal M\u00e9t\u00e9orologique), <a href=\"http:\/\/www.lesoir.be\/240046\/article\/actualite\/belgique\/2013-05-10\/luc-trullemans-annule-sa-manifestation-et-ne-postera-plus-message-politique\">Luc Trullemans a annul\u00e9 sa participation \u00e0 une manifestation pour la libert\u00e9 d\u2019expression<\/a> pr\u00e9vue le 25 mai. Il promet \u00e9galement de ne plus communiquer sur son affaire. Rideau ? Comme l\u2019affirmait \u00e0 la RTBF, <b>Edouard Delruelle<\/b>, co-directeur du Centre pour l\u2019\u00c9galit\u00e9 des Chances : avec le renvoi de l\u2019int\u00e9ress\u00e9 par RTL-TVI, <i>\u00ab l\u2019affaire Trullemans est termin\u00e9e ! \u00bb<\/i> ? Son corollaire direct \u00e9tant l\u2019aggravation programm\u00e9e de la crise et la paup\u00e9risation d\u2019un nombre toujours plus croissant de Belges, il serait na\u00eff et irresponsable de le penser.<\/p>\n<p>Malgr\u00e9 les diverses pressions et condamnations morales ainsi que la rapidit\u00e9 remarquable des dirigeants de RTL-TVI \u00e0 sanctionner sans appel leur employ\u00e9 islamophobe, les racines du \u00ab probl\u00e8me \u00bb demeurent\u2026<\/p>\n<p>Selon Alain Gerlache, sp\u00e9cialiste des m\u00e9dias et des r\u00e9seaux sociaux, dans l\u2019affaire Trullemans, <i>\u00ab il y a une sorte de r\u00e9volte du peuple contre les \u00e9lites dans l\u2019ampleur qu\u2019elle a prise \u00bb<\/i><sup><a href=\"http:\/\/www.femmesdechambre.be\/trullemans-co-allez-vous-faire-integrer\/#sdendnote3sym\" name=\"sdendnote3anc\">3<\/a><\/sup> . D\u2019habitude plus inspir\u00e9, le journaliste de la RTBF et de Marianne sch\u00e9matise \u00e0 outrance.<\/p>\n<p>D\u2019une part, il oublie que le peuple est aussi compos\u00e9 de ces Belges et \u00e9trangers de confession musulmane qui ont, plus que probablement, applaudi \u00e0 l\u2019\u00e9viction de Trullemans de RTL-TVI. D\u2019autre part, Gerlache fait l\u2019impasse sur la liste de personnes issues de l\u2019\u00e9lite qui \u00e9pousent les amalgames racistes de Trullemans &amp; Co. Ceux-ci ont juste l\u2019habilet\u00e9 de ne pas user en public de diatribes d\u00e9biles se concluant par des injonctions \u00e0 \u00ab s\u2019int\u00e9grer \u00bb. Ou alors, ils optent pour un \u00ab courageux \u00bb silence radio en situation de pol\u00e9mique. Exemple : <b>Alain Destexhe<\/b> (MR).<\/p>\n<div class=\"wp-caption aligncenter\" id=\"attachment_287\" style=\"width: 560px;\"><img decoding=\"async\" class=\"size-medium wp-image-287 \" alt=\"Alain Destexhe en campagne \u00e9lectorale\" src=\"http:\/\/www.femmesdechambre.be\/wp-content\/uploads\/2013\/05\/Destexhe-550x412.jpg\" width=\"550\" height=\"412\" \/><\/p>\n<p class=\"wp-caption-text\">Alain Destexhe en campagne \u00e9lectorale<\/p>\n<\/div>\n<p>Depuis l\u2019\u00e9clatement de l\u2019affaire, cela fait deux semaines \u2013 soit une \u00e9ternit\u00e9 en termes m\u00e9diatiques \u2013 qu\u2019on attend la r\u00e9action, forc\u00e9ment \u00ab indign\u00e9e \u00bb, du crois\u00e9 lib\u00e9ral en faveur du <i>\u00ab Monsieur M\u00e9t\u00e9o, victime du politiquement correct \u00bb<\/i>. FDC a d\u2019ailleurs sollicit\u00e9 le politicien pour une interview. En vain. Amusant de constater que le bouillonnant s\u00e9nateur s\u2019abstienne de nous r\u00e9-expliquer que l\u2019islamophobie ne recouvre aucune r\u00e9alit\u00e9 chez nous, qu\u2019elle demeure une <a href=\"http:\/\/www.levif.be\/info\/actualite\/belgique\/alain-destexhe-l-islamophobie-n-est-qu-une-manipulation\/article-4000277962047.htm\"><i>\u00ab manipulation\u00bb<\/i> made in T\u00e9h\u00e9ran<\/a> visant \u00e0 terroriser les braves citoyens <i>\u00ab pas racistes, mais\u2026 \u00bb<\/i>.<\/p>\n<p>Un silence logique que n\u2019a pas jug\u00e9 bon d\u2019observer l\u2019in\u00e9narrable <b>Guy Haarscher<\/b>. Le philosophe <a href=\"http:\/\/archives.lesoir.be\/c-etait-2003-serie-7-9-la-guerre-preventive-a-defait-le_t-20031229-Z0NWZM.html\">va-t-en-guerre-en-Irak<\/a> et <a href=\"http:\/\/www.egalite.be\/?p=1742\">inconditionnel de l\u2019Etat d\u2019Isra\u00ebl<\/a> a affirm\u00e9 cette semaine \u00e0 <b>Candice Vanhecke<\/b>, notre cons\u0153ur de Marianne: <i>\u00ab Ce concept d\u2019islamophobie ne repose sur aucune base scientifique valable. Pour moi, ce n\u2019est qu\u2019un pi\u00e8tre moyen d\u2019emp\u00eacher toute critique de la religion musulmane \u00bb<\/i><sup><a href=\"http:\/\/www.femmesdechambre.be\/trullemans-co-allez-vous-faire-integrer\/#sdendnote4sym\" name=\"sdendnote4anc\">4<\/a><\/sup> . En pleine affaire Trullemans, fallait oser ! Les universitaires de l\u2019ENAR comme les musulmans de Belgique appr\u00e9cieront la l\u00e9gendaire \u00ab vista \u00bb de notre sous-BHL national \u2026<\/p>\n<div class=\"wp-caption aligncenter\" id=\"attachment_288\" style=\"width: 410px;\"><img decoding=\"async\" class=\"size-full wp-image-288 \" alt=\"Contre l'\u00e9vidence, Guy Haarscher estime que l'islamophobie n'existe pas\" src=\"http:\/\/www.femmesdechambre.be\/wp-content\/uploads\/2013\/05\/Haarsher-2.jpg\" width=\"400\" height=\"300\" \/><\/p>\n<p class=\"wp-caption-text\">Contre l\u2019\u00e9vidence, Guy Haarscher estime que l\u2019islamophobie n\u2019existe pas<\/p>\n<\/div>\n<p>Mais revenons \u00e0 Alain Gerlache, qui rappelle judicieusement que <i>\u00ab les m\u00e9dias ont aujourd\u2019hui une vraie responsabilit\u00e9 dans la gestion de leurs forums \u00bb<\/i>, en cessant d\u2019y tol\u00e9rer des commentaires ou propos racistes anonymes. Et de conclure : <i>\u00ab C\u2019est trop facile de d\u00e9noncer d\u2019un c\u00f4t\u00e9 ce qu\u2019on laisse publier sans vergogne de l\u2019autre \u00bb<\/i><sup><a href=\"http:\/\/www.femmesdechambre.be\/trullemans-co-allez-vous-faire-integrer\/#sdendnote5sym\" name=\"sdendnote5anc\"><\/a><\/sup> . D\u00e9cid\u00e9ment distrait ou surbook\u00e9, le sp\u00e9cialiste des m\u00e9dias oublie que ces derniers ont aussi une lourde responsabilit\u00e9 dans la construction structurelle de l\u2019islamophobie. Autrement dit: il est trop facile de d\u00e9noncer aujourd\u2019hui ce \u00e0 quoi on a syst\u00e9matiquement contribu\u00e9 durant la derni\u00e8re d\u00e9cennie. Exemple : <b>Amid Faljaoui<\/b>. Directeur des magazines francophones du groupe Roularta dont le <i>Vif-l\u2019Express<\/i>. Ce n\u2019est pas Trullemans et ses soutiens qui se souviendront de l\u2019une des couvertures du newsmagazine amalgamant l\u2019Islam \u00e0 une <i>\u00ab menace \u00bb<\/i> et, en page int\u00e9rieures, \u00e0 de la \u00ab <a href=\"http:\/\/bougnoulosophe.blogspot.be\/2009\/02\/amid-faljaoui-lislamophobe-protege.html\">gangr\u00e8ne<\/a> \u00bb. Responsable de la commande : Faljaoui. Motivation : vendre \u00e0 tout prix ! Mais aussi s\u00e9duire ces \u00e9lites qui ex\u00e8crent les musulmans, tout en crachant sur ses propres origines marocaines\u2026<\/p>\n<p style=\"text-align: center;\"><img decoding=\"async\" class=\"aligncenter size-medium wp-image-289\" alt=\"Le Vif islamophobe\" src=\"http:\/\/www.femmesdechambre.be\/wp-content\/uploads\/2013\/05\/Le-Vif-islamophobe-550x359.jpg\" width=\"550\" height=\"359\" \/><\/p>\n<p>Bref, Destexhe, Haarscher, Faljaoui, Modrikamen ou Trullemans incarnent ce gratin politique, intellectuel et m\u00e9diatique qui rejoint une partie du peuple belge dans sa phobie ou sa d\u00e9testation de nos compatriotes d\u2019origine maghr\u00e9bine. Car il faut cesser de jouer au con et l\u2019\u00e9crire noir sur blanc : lorsqu\u2019ils parlent de \u00ab musulmans \u00bb, syst\u00e9matiquement en termes de dangerosit\u00e9, ils parlent de maghr\u00e9bins. Non de Bosniaques, de S\u00e9n\u00e9galais, d\u2019Indon\u00e9siens ou de Belgo-belges convertis. Et cela, sous pr\u00e9texte qu\u2019au sein des arabo-musulmans de Belgique, il existe effectivement une minorit\u00e9 d\u2019int\u00e9gristes et de d\u00e9linquants. Ceux-ci sont-ils en situation de <i>\u00ab changer nos traditions et nos coutumes [\u2026] de brimer nos droits et libert\u00e9s \u00bb<\/i>, pour reprendre l\u2019hyst\u00e9rie islamophobe du c\u00e9l\u00e8bre pr\u00e9visionniste ?<\/p>\n<p>Donner du cr\u00e9dit \u00e0 ce genre d\u2019inepties, notamment bas\u00e9e sur une obscure altercation de roulage, t\u00e9moigne du degr\u00e9 effrayant d\u2019abrutissement ambiant. Et l\u2019essentiel du probl\u00e8me est l\u00e0 ! Cette logique du bouc \u00e9missaire, l\u2019amalgame permanent entre une majorit\u00e9 de musulmans, pacifiques et respectueux des lois, et une minorit\u00e9 de criminels, de d\u00e9linquants ou d\u2019int\u00e9gristes. Bref : ce communautarisme blanc qui ne dit jamais son nom. Et qui, sur fond de crise \u00e9conomique, nous m\u00e8ne droit \u00e0 des situations sociales explosives\u2026<\/p>\n<p>Qu\u2019il nous soit donc encore permis de souligner l\u2019\u00e9vidence : en Belgique, la plupart des arabo-musulmans sont davantage ghetto\u00efs\u00e9s, discrimin\u00e9s et stigmatis\u00e9s plut\u00f4t qu\u2019en position d\u2019imposer quoi que ce soit au reste de la population.<\/p>\n<div class=\"wp-caption aligncenter\" id=\"attachment_290\" style=\"width: 498px;\"><img decoding=\"async\" class=\"size-medium wp-image-290\" alt=\"Photo partag\u00e9e par Trullemans\" src=\"http:\/\/www.femmesdechambre.be\/wp-content\/uploads\/2013\/05\/Photo-partag%C3%A9e-par-Trullemans-488x500.jpg\" width=\"488\" height=\"500\" \/><\/p>\n<p class=\"wp-caption-text\">L\u2019un des photomontages racistes partag\u00e9s par Trullemans sur son profil Facebook (Molenbeek est l\u2019une des communes bruxelloises qui compte une forte population arabo-musulmane)<\/p>\n<\/div>\n<p>Par ailleurs, dans notre soci\u00e9t\u00e9, musulmans et non-musulmans payent des imp\u00f4ts pour que fonctionnent notamment la police, la justice et la S\u00fbret\u00e9 de l\u2019\u00c9tat. En clair, les \u00ab <a href=\"http:\/\/www.lesoir.be\/234649\/article\/culture\/medias-tele\/2013-04-30\/trullemans-persiste-fauteurs-troubles-n-ont-rien-faire-en-belgique\">fauteurs de troubles<\/a> \u00bb, dixit Luc Trullemans, n\u2019\u00e9chappent pas \u00e0 la r\u00e9pression, d\u2019ailleurs souvent disproportionn\u00e9e les concernant. Exemple : <b>Fouad Belkacem<\/b>. Pour plusieurs altercations avec la police, son usage de la libert\u00e9 d\u2019expression et ses vid\u00e9os racistes \u00e0 l\u2019\u00e9gard des non-musulmans, l\u2019ex-leader du groupuscule Sharia4Belgium a purg\u00e9 <a href=\"http:\/\/www.lesoir.be\/129958\/article\/actualite\/belgique\/2012-11-30\/fouad-belkacem-condamn%E9-%E0-six-mois-prison\">six mois de prison ferme<\/a>. Condamnation sans pr\u00e9c\u00e9dent que n\u2019a jamais risqu\u00e9, par exemple, la clique ouvertement raciste du Vlaams Belang et de l\u2019extr\u00eame-droite francophone apr\u00e8s plusieurs stigmatisations des \u00e9trangers\u2026<\/p>\n<p>A cet \u00e9gard, il serait fort surprenant que Luc Trullemans, <a href=\"http:\/\/www.lavenir.net\/article\/detail.aspx?articleid=DMF20130505_00306250\">tra\u00een\u00e9 en justice par le MRAX<\/a>, risque un seul jour de prison pour ses amalgames anti-musulmans. Ce diff\u00e9rentiel de traitement, ce \u00ab deux poids deux mesures \u00bb annonc\u00e9 se retrouve \u00e0 tous les \u00e9tages de la stratification sociale belge. Discriminations \u00e0 l\u2019\u00e9cole, au logement, \u00e0 l\u2019emploi, dans les m\u00e9dias, etc. Mais ces conditions de vie \u00e9minemment racialistes ne scandalisent pas grand-monde. Tant elles sont v\u00e9cues comme \u00ab normales \u00bb dans une soci\u00e9t\u00e9 qui persiste \u00e0 hi\u00e9rarchiser ses citoyens d\u2019un point de vue ethnique. Exemples : l\u2019ULB et <b>Ali Aarraas<\/b>.<\/p>\n<p>Au sein de l\u2019Universit\u00e9 libre de Bruxelles (ULB), deux happening militants assez similaires ont donn\u00e9 lieu \u00e0 deux r\u00e9actions diam\u00e9tralement oppos\u00e9es du corps institutionnel (monde acad\u00e9mique, politiques et m\u00e9dias). Dans son ensemble, il a applaudit ou sourit \u00e0 la vision de <a href=\"http:\/\/www.lesoir.be\/230985\/article\/actualite\/belgique\/2013-04-23\/andre-leonard-chahute-par-des-femen-seins-nus-l-ulb\">Femen aux seins nus<\/a> qui ont chahut\u00e9 et asperg\u00e9 d\u2019eau <b>Msg L\u00e9onard<\/b> pour ses propos homophobes mais, persiste \u00e0 qualifier <i>\u00ab <a href=\"http:\/\/www.7sur7.be\/7s7\/fr\/1502\/Belgique\/article\/detail\/1391699\/2012\/02\/08\/L-ULB-denaturee-par-des-assassins-de-la-democratie.dhtml\">d\u2019assassins de la d\u00e9mocratie<\/a> \u00bb<\/i> les activistes arabo-musulmans de la <a href=\"http:\/\/www.agoravox.fr\/actualites\/citoyennete\/article\/de-quoi-la-burqa-pride-est-elle-le-111241\">Burqa pride<\/a> pour avoir chahuter <b>Caroline Fourest<\/b>, <i>\u00ab <a href=\"http:\/\/blog.mondediplo.net\/2012-02-27-Caroline-Fourest-les-fours-crematoires-et-la\">porte-parole de l\u2019islamophobie de gauche<\/a> \u00bb<\/i> \u2026<\/p>\n<p>Rien de neuf dans une soci\u00e9t\u00e9 qui estime \u00ab logique \u00bb d\u2019abandonner depuis cinq ans <b>Ali Aarrass<\/b> dans ses ge\u00f4les espagnole puis marocaine. Ce citoyen belge \u00ab \u00e0 t\u00eate d\u2019arabe \u00bb a \u00e9t\u00e9 blanchi des accusations de terrorisme par le juge antiterroristes <b>Balthazar Garzon<\/b>. Mais chez nous, ce <i>\u00ab nouveau belge \u00bb<\/i>, comme disent les racistes, <a href=\"http:\/\/politique.eu.org\/spip.php?article2180\">ne compte pas<\/a>. En fonction d\u2019obscurs int\u00e9r\u00eats \u00e9tatiques belgo-marocains, Aarrass va donc croupir 12 ans dans une prison de la dictature marocaine. Pour un crime qu\u2019il n\u2019a pas commis et parce qu\u2019au fond, il n\u2019est <i>\u00ab pas vraiment belge \u00bb<\/i> \u2026 Comment les Belgo-musulmans doivent-ils appr\u00e9cier cette affaire scandaleuse apr\u00e8s avoir vu, par exemple, la diplomatie belge mettre tout en \u0153uvre et obtenir <a href=\"http:\/\/www.rtbf.be\/info\/monde\/detail_les-touristes-belges-prisonniers-en-iran-temoignent?id=4933513\">la lib\u00e9ration de trois Belgo-belges accus\u00e9s d\u2019espionnage et emprisonn\u00e9s en Iran<\/a> ?<\/p>\n<p>On le sait, ce genre d\u2019histoires n\u2019int\u00e9ressent pas les citoyens qui voient le monde \u00e0 partir de leur nombril ; qui cessent de cultiver leur ethnocentrisme uniquement sur les plages de Djerba ou d\u2019Agadir; qui n\u2019aiment pas r\u00e9fl\u00e9chir entre deux bulletins m\u00e9t\u00e9o ni lire autre chose que des commentaires sur Facebook. Bref : les Trullemans &amp; Co \u2026<\/p>\n<div class=\"wp-caption aligncenter\" id=\"attachment_291\" style=\"width: 510px;\"><img decoding=\"async\" class=\"size-full wp-image-291\" alt=\"Image raciste sur groupe FB soutien Trullemans\" src=\"http:\/\/www.femmesdechambre.be\/wp-content\/uploads\/2013\/05\/Image-raciste-sur-groupe-FB-soutien-Trullemans.jpg\" width=\"500\" height=\"375\" \/><\/p>\n<p class=\"wp-caption-text\">Photomontage qui circule sur le groupe facebook de soutien \u00e0 Luc Trullemans et amalgame l\u2019ensemble des musulmans aux attentats du 11 septembre 2001<\/p>\n<\/div>\n<p>Alors, questions : les Belgo-musulmans qui revendiquent et veulent \u00eatre respect\u00e9s dans la pratique de leur foi doivent-ils se taire \u00e0 jamais ? Raser les murs sous pr\u00e9texte qu\u2019ils sont d\u2019origine maghr\u00e9bine ? La Belgique : \u00ab tu l\u2019aimes ou tu la quittes \u00bb ? Parce qu\u2019ils sont chez nous <i>\u00ab pas chez eux \u00bb<\/i> et <i>ad vitam aeternam<\/i> inf\u00e9rieurs et tol\u00e9r\u00e9s ?<\/p>\n<p>La majorit\u00e9 des <i>\u00ab amis musulmans \u00bb<\/i> auxquels s\u2019en est pris Trullemans sont Belges ou naturalis\u00e9s. Leur dire : <i>\u00ab retournez dans votre pays ! \u00bb<\/i>, au-del\u00e0 de la connerie monumentale de l\u2019injonction, c\u2019est nier leurs appartenance et contribution \u00e0 notre soci\u00e9t\u00e9. C\u2019est nier <a href=\"http:\/\/www.lalibre.be\/debats\/opinions\/article\/814152\/lettre-ouverte-a-monsieur-trullemans.html\">l\u2019histoire de leurs parents immigr\u00e9s<\/a>, appel\u00e9s \u00e0 construire le m\u00e9tro de Bruxelles, nettoyer les entreprises et renforcer la production des usines. C\u2019est rel\u00e9guer leur descendance, encore et toujours, \u00e0 cette citoyennet\u00e9 de seconde zone dont la premi\u00e8re des obligations est de \u00ab fermer sa gueule \u00bb\u2026<\/p>\n<p>Pourtant, l\u2019illustre <b>Aim\u00e9 C\u00e9saire<\/b> disait : <i>\u00ab Nous voulons \u00eatre des citoyens \u00e0 parts enti\u00e8res et non plus enti\u00e8rement \u00e0 part \u00bb<\/i>. C\u2019est ce sentiment profond et parfois cette exasp\u00e9ration l\u00e9gitime qu\u2019on peut retrouver chez la plupart des arabo-musulmans de Belgique. Et c\u2019est bien cela que Trullemans et ses dizaines de milliers de soutiens ne parviennent pas \u00e0 <i>\u00ab int\u00e9grer \u00bb<\/i> \u2026<\/p>\n<p>Faudra-t-il un jour concevoir un <i>\u00ab <a href=\"http:\/\/www.lesoir.be\/205523\/article\/actualite\/fil-info\/fil-info-belgique\/2013-03-10\/bourgeois-veut-un-parcours-d%E2%80%99int%C3%A9gration-pour-europ%C3%A9ens\">parcours d\u2019int\u00e9gration<\/a> \u00bb<\/i> pour ces Belgo-belges ethnocentr\u00e9s ? Ces enfants g\u00e2t\u00e9s qui refusent d\u2019<i>\u00ab int\u00e9grer \u00bb<\/i> que lorsque l\u2019on est n\u00e9 en Belgique : on est Belge ! Qu\u2019\u00e9tablir une diff\u00e9rence entre <i>\u00ab Belge de souche \u00bb<\/i> et <i>\u00ab allochtones \u00bb<\/i>, c\u2019est d\u00e9j\u00e0 marcher sur le chemin du racisme. Au contraire des d\u00e9mocrates et journalistes flamands qui ont banni ce terme inf\u00e9riorisant et raciste de leur vocabulaire. Qu\u2019enfin, ces Belges, qu\u2019ils ne veulent pas conna\u00eetre et dont ils ont peur, disposent des m\u00eames droits de critique, de participation et de propositions que leurs compatriotes blancs aux yeux bleus.<\/p>\n<p>Face aux \u00e9ructations populaires de Trullemans, \u00e0 l\u2019instrumentalisation inqui\u00e9tante d\u2019un Modrikamen et \u00e0 l\u2019indiff\u00e9rence ou la sous-estimation coupables des responsables politiques, c\u2019est vers d\u2019autres Belges que vont nos pens\u00e9es. Celles et ceux qui entretiennent des liens d\u2019amiti\u00e9 et de solidarit\u00e9 avec des personnes de toutes origines et de toutes confessions. Celles et ceux qui n\u2019\u00e9prouvent aucun besoin de le dire tant pour eux c\u2019est banal. Celles et ceux que l\u2019expansion des g\u00e9n\u00e9ralisations racistes \u00e0 la Trullemans &amp; Co emp\u00eachent de dormir. Celles et ceux qui n\u2019ont jamais eu besoin <i>\u00ab d\u2019int\u00e9grer \u00bb<\/i> que c\u2019est aussi avec nos diff\u00e9rences que l\u2019union fait la force.<\/p>\n<div class=\"endnote\"><a href=\"http:\/\/www.femmesdechambre.be\/trullemans-co-allez-vous-faire-integrer\/#sdendnote1anc\" name=\"sdendnote1sym\">1<\/a> \u00ab Faut-il avoir peur de l\u2019Islam ? \u00bb, r\u00e9alis\u00e9 par Fr\u00e9d\u00e9ric Deborsu in Question \u00e0 la Une, RTBF, 8 mai 2012.<\/div>\n<div class=\"endnote\"><a href=\"http:\/\/www.femmesdechambre.be\/trullemans-co-allez-vous-faire-integrer\/#sdendnote2anc\" name=\"sdendnote2sym\">2<\/a> Le Soir, 7 mai 2013.<\/div>\n<div class=\"endnote\"><a href=\"http:\/\/www.femmesdechambre.be\/trullemans-co-allez-vous-faire-integrer\/#sdendnote3anc\" name=\"sdendnote3sym\">3<\/a> Marianne, du 4 au 10 mai 2013.<\/div>\n<div class=\"endnote\"><a href=\"http:\/\/www.femmesdechambre.be\/trullemans-co-allez-vous-faire-integrer\/#sdendnote4anc\" name=\"sdendnote4sym\">4<\/a> Marianne, du 4 au 10 mai 2013.<\/div>\n<div class=\"endnote\"><a href=\"http:\/\/www.femmesdechambre.be\/trullemans-co-allez-vous-faire-integrer\/#sdendnote5anc\" name=\"sdendnote5sym\">5<\/a> Marianne, du 4 au 10 mai 2013.<\/div>\n<div class=\"endnote\"><\/div>\n<div class=\"endnote\" style=\"text-align: right;\"><a href=\"http:\/\/www.femmesdechambre.be\/trullemans-co-allez-vous-faire-integrer\/\">Source<\/a><\/div>\n","protected":false},"excerpt":{"rendered":"<p>Trullemans &amp; Co : allez-vous faire \u00ab int\u00e9grer \u00bb ! Par Olivier Mukuna, le 13\/05\/13 Le fond de l\u2019affaire Trullemans n\u2019aura surpris que celles et ceux qui adorent d\u00e9couvrir la lune. En revanche, son \u00e9volution fulgurante vers un d\u00e9bat m\u00e9diatique autour de l\u2019\u00e9ventuelle l\u00e9gitimit\u00e9 populaire \u00e0 exprimer \u00ab ce que tout le monde pense tout &#8230; <a title=\"Allez-vous faire \u00ab int\u00e9grer \u00bb !\" class=\"read-more\" href=\"https:\/\/bruxelles-pantheres.be\/?p=1916\" aria-label=\"En savoir plus sur Allez-vous faire \u00ab int\u00e9grer \u00bb !\">Lire la suite<\/a><\/p>\n","protected":false},"author":1,"featured_media":0,"comment_status":"open","ping_status":"open","sticky":false,"template":"","format":"standard","meta":{"footnotes":""},"categories":[24,4,7,28],"tags":[31,14,32,23,62],"class_list":["post-1916","post","type-post","status-publish","format-standard","hentry","category-belgique-maroc","category-islamophobie","category-negrophobie","category-racismes","tag-belgique","tag-bruxelles","tag-culture","tag-discrimination","tag-olivier-mukuna"],"_links":{"self":[{"href":"https:\/\/bruxelles-pantheres.be\/index.php?rest_route=\/wp\/v2\/posts\/1916","targetHints":{"allow":["GET"]}}],"collection":[{"href":"https:\/\/bruxelles-pantheres.be\/index.php?rest_route=\/wp\/v2\/posts"}],"about":[{"href":"https:\/\/bruxelles-pantheres.be\/index.php?rest_route=\/wp\/v2\/types\/post"}],"author":[{"embeddable":true,"href":"https:\/\/bruxelles-pantheres.be\/index.php?rest_route=\/wp\/v2\/users\/1"}],"replies":[{"embeddable":true,"href":"https:\/\/bruxelles-pantheres.be\/index.php?rest_route=%2Fwp%2Fv2%2Fcomments&post=1916"}],"version-history":[{"count":2,"href":"https:\/\/bruxelles-pantheres.be\/index.php?rest_route=\/wp\/v2\/posts\/1916\/revisions"}],"predecessor-version":[{"id":1918,"href":"https:\/\/bruxelles-pantheres.be\/index.php?rest_route=\/wp\/v2\/posts\/1916\/revisions\/1918"}],"wp:attachment":[{"href":"https:\/\/bruxelles-pantheres.be\/index.php?rest_route=%2Fwp%2Fv2%2Fmedia&parent=1916"}],"wp:term":[{"taxonomy":"category","embeddable":true,"href":"https:\/\/bruxelles-pantheres.be\/index.php?rest_route=%2Fwp%2Fv2%2Fcategories&post=1916"},{"taxonomy":"post_tag","embeddable":true,"href":"https:\/\/bruxelles-pantheres.be\/index.php?rest_route=%2Fwp%2Fv2%2Ftags&post=1916"}],"curies":[{"name":"wp","href":"https:\/\/api.w.org\/{rel}","templated":true}]}}