{"id":1919,"date":"2013-03-16T18:07:08","date_gmt":"2013-03-16T17:07:08","guid":{"rendered":"https:\/\/bruxelles-pantheres.be\/?p=1919"},"modified":"2014-04-05T18:13:04","modified_gmt":"2014-04-05T17:13:04","slug":"quatrieme-censure-du-debat-sur-la-burqa-pride","status":"publish","type":"post","link":"https:\/\/bruxelles-pantheres.be\/?p=1919","title":{"rendered":"Quatri\u00e8me censure du d\u00e9bat sur la Burqa pride"},"content":{"rendered":"<p><iframe src=\"\/\/www.youtube.com\/embed\/kKLE4V5eX_k\" height=\"315\" width=\"560\" allowfullscreen=\"\" frameborder=\"0\"><\/iframe><\/p>\n<div class=\"article-meta\"><span class=\"article-meta-author\">Par <a title=\"Articles par Olivier Mukuna\" href=\"http:\/\/www.femmesdechambre.be\/author\/olivier-mukuna\/\" rel=\"author\">Olivier Mukuna<\/a>, <\/span> <time class=\"article-meta-date\" datetime=\"2013-03-16\">le 16\/03\/13<\/time><\/div>\n<p>Mardi 12 mars, le d\u00e9bat interdit par l\u2019ULB sur les cons\u00e9quences de la\u00a0<a title=\"burqua pride\" href=\"http:\/\/www.agoravox.fr\/actualites\/citoyennete\/article\/de-quoi-la-burqa-pride-est-elle-le-111241\" target=\"_blank\">Burqua pride<\/a>\u00a0a encore \u00e9t\u00e9 censur\u00e9 \u2026<br \/>\nCette fois \u00e0 l\u2019initiative du Conseil d\u2019Administration de l\u2019<a title=\"cemome\" href=\"http:\/\/www.cemome.be\/IMG\/pdf\/Rapport_d_activites_FINAL_2010x-2.pdf\" target=\"_blank\">asbl CEM\u00f4me<\/a>\u00a0dont font partie la Bourgmestre (maire) ff de Saint-Gilles,\u00a0<strong>Cathy Marcus<\/strong>\u00a0(PS),\u00a0<strong>Alain Hutchinson<\/strong>\u00a0(PS), pr\u00e9sident,\u00a0<strong>Jean Spinette<\/strong>\u00a0(PS), tr\u00e9sorier, et\u00a0<strong>Philippe Delfosse<\/strong>\u00a0(PS), administrateur-d\u00e9l\u00e9gu\u00e9. L\u2019asbl CEM\u00f4me avait initialement lou\u00e9 sa salle au collectif Quart d\u2019X afin d\u2019y tenir le d\u00e9bat interdit par\u00a0<strong>Didier Viviers<\/strong>\u00a0(ULB). Mais le jour m\u00eame, le collectif apprend que son d\u00e9bat est \u00ab\u00a0annul\u00e9\u00a0\u00bb pour cause de \u00ab\u00a0d\u00e9g\u00e2ts des eaux d\u00fb aux intemp\u00e9ries\u00a0\u00bb \u2026 Cette nouvelle censure \u2013 la quatri\u00e8me cons\u00e9cutive \u2013 des questions cruciales pos\u00e9es par la Burqa pride et contre la personne de\u00a0<strong>Souhail Chichah<\/strong>\u00a0semble ne pas interpeller grand-monde. Le ou les responsables de la censure se barricadent dans le silence. Malgr\u00e9 une d\u00e9p\u00eache Belga, les m\u00e9dias sont aux abonn\u00e9s absents. Except\u00e9 FDC, seul m\u00e9dia belge francophone \u00e0 relayer, ici, la conf\u00e9rence de presse de Quart d\u2019X, Souhail Chichah et\u00a0<strong>Nordine Sa\u00efdi<\/strong>\u00a0(Egalit\u00e9).\u00a0<strong>Par ailleurs, nous pr\u00e9parons une enqu\u00eate pour offrir une analyse sur les motivations de ces actes liberticides \u00e0 r\u00e9p\u00e9tition \u2026<\/strong><\/p>\n","protected":false},"excerpt":{"rendered":"<p>Par Olivier Mukuna, le 16\/03\/13 Mardi 12 mars, le d\u00e9bat interdit par l\u2019ULB sur les cons\u00e9quences de la\u00a0Burqua pride\u00a0a encore \u00e9t\u00e9 censur\u00e9 \u2026 Cette fois \u00e0 l\u2019initiative du Conseil d\u2019Administration de l\u2019asbl CEM\u00f4me\u00a0dont font partie la Bourgmestre (maire) ff de Saint-Gilles,\u00a0Cathy Marcus\u00a0(PS),\u00a0Alain Hutchinson\u00a0(PS), pr\u00e9sident,\u00a0Jean Spinette\u00a0(PS), tr\u00e9sorier, et\u00a0Philippe Delfosse\u00a0(PS), administrateur-d\u00e9l\u00e9gu\u00e9. L\u2019asbl CEM\u00f4me avait initialement lou\u00e9 sa &#8230; <a title=\"Quatri\u00e8me censure du d\u00e9bat sur la Burqa pride\" class=\"read-more\" href=\"https:\/\/bruxelles-pantheres.be\/?p=1919\" aria-label=\"En savoir plus sur Quatri\u00e8me censure du d\u00e9bat sur la Burqa pride\">Lire la suite<\/a><\/p>\n","protected":false},"author":1,"featured_media":593,"comment_status":"open","ping_status":"open","sticky":false,"template":"","format":"standard","meta":{"footnotes":""},"categories":[25,4,18,28,17],"tags":[31,14,23,13,62,15,114],"class_list":["post-1919","post","type-post","status-publish","format-standard","has-post-thumbnail","hentry","category-enseignement","category-islamophobie","category-resistance-bruxelles","category-racismes","category-video","tag-belgique","tag-bruxelles","tag-discrimination","tag-nordine-saidi","tag-olivier-mukuna","tag-resistance","tag-souhail-chichah"],"_links":{"self":[{"href":"https:\/\/bruxelles-pantheres.be\/index.php?rest_route=\/wp\/v2\/posts\/1919","targetHints":{"allow":["GET"]}}],"collection":[{"href":"https:\/\/bruxelles-pantheres.be\/index.php?rest_route=\/wp\/v2\/posts"}],"about":[{"href":"https:\/\/bruxelles-pantheres.be\/index.php?rest_route=\/wp\/v2\/types\/post"}],"author":[{"embeddable":true,"href":"https:\/\/bruxelles-pantheres.be\/index.php?rest_route=\/wp\/v2\/users\/1"}],"replies":[{"embeddable":true,"href":"https:\/\/bruxelles-pantheres.be\/index.php?rest_route=%2Fwp%2Fv2%2Fcomments&post=1919"}],"version-history":[{"count":2,"href":"https:\/\/bruxelles-pantheres.be\/index.php?rest_route=\/wp\/v2\/posts\/1919\/revisions"}],"predecessor-version":[{"id":1921,"href":"https:\/\/bruxelles-pantheres.be\/index.php?rest_route=\/wp\/v2\/posts\/1919\/revisions\/1921"}],"wp:featuredmedia":[{"embeddable":true,"href":"https:\/\/bruxelles-pantheres.be\/index.php?rest_route=\/wp\/v2\/media\/593"}],"wp:attachment":[{"href":"https:\/\/bruxelles-pantheres.be\/index.php?rest_route=%2Fwp%2Fv2%2Fmedia&parent=1919"}],"wp:term":[{"taxonomy":"category","embeddable":true,"href":"https:\/\/bruxelles-pantheres.be\/index.php?rest_route=%2Fwp%2Fv2%2Fcategories&post=1919"},{"taxonomy":"post_tag","embeddable":true,"href":"https:\/\/bruxelles-pantheres.be\/index.php?rest_route=%2Fwp%2Fv2%2Ftags&post=1919"}],"curies":[{"name":"wp","href":"https:\/\/api.w.org\/{rel}","templated":true}]}}