{"id":1922,"date":"2014-04-04T18:17:27","date_gmt":"2014-04-04T17:17:27","guid":{"rendered":"https:\/\/bruxelles-pantheres.be\/?p=1922"},"modified":"2014-04-05T18:21:30","modified_gmt":"2014-04-05T17:21:30","slug":"face-aux-violences-policieres-quelle-strategie-de-lutte-2","status":"publish","type":"post","link":"https:\/\/bruxelles-pantheres.be\/?p=1922","title":{"rendered":"Face aux violences polici\u00e8res, quelle strat\u00e9gie de lutte?"},"content":{"rendered":"<p>Vid\u00e9o de la s\u00e9ance de conf\u00e9rence\/ formation organis\u00e9e par la BAN et le PIR sur les violences polici\u00e8res et sur la lutte des familles endeuill\u00e9es par la perte d\u2019un proche.<\/p>\n<p>Avec Amal Bentounsi du Collectif Justice pour Amine, Farid el Yamni de Justice V\u00e9rit\u00e9 pour Wissam, Youssef Boussoumah militant du PIR et Jo du Collectif Angles Morts.<!--more--><br \/>\n<iframe src=\"\/\/www.youtube.com\/embed\/BGG_vCFdiYk\" height=\"315\" width=\"560\" allowfullscreen=\"\" frameborder=\"0\"><\/iframe><\/p>\n<p>Dans le prolongement de la journ\u00e9e internationale contre les crimes policiers du 15 mars et dans la perspective du proc\u00e8s du ministre de l&rsquo;int\u00e9rieur Manuel Valls contre Amal Bentounsi, pour un clip d\u00e9non\u00e7ant l&rsquo;impunit\u00e9 polici\u00e8re, le PIR et la BAN vous invitent \u00e0 une s\u00e9ance de conf\u00e9rence\/ formation sur les violences polici\u00e8res et sur la lutte des familles endeuill\u00e9es par la perte d&rsquo;un proche.<\/p>\n<p>Avec Amal Bentounsi du Collectif Justice pour Amine, Farid el Yamni de Justice V\u00e9rit\u00e9 pour Wissam, Franco Lollia de la BAN , Youssef Boussoumah militant du PIR et du Collectif Ali Ziri et Jo du Collectif Angles Morts.<\/p>\n<p style=\"text-align: right;\"><a href=\"http:\/\/indigenes-republique.fr\/video-de-la-formation-banpir-face-aux-violences-policieres-quelle-strategie-de-lutte\/\">Source<\/a><\/p>\n","protected":false},"excerpt":{"rendered":"<p>Vid\u00e9o de la s\u00e9ance de conf\u00e9rence\/ formation organis\u00e9e par la BAN et le PIR sur les violences polici\u00e8res et sur la lutte des familles endeuill\u00e9es par la perte d\u2019un proche. Avec Amal Bentounsi du Collectif Justice pour Amine, Farid el Yamni de Justice V\u00e9rit\u00e9 pour Wissam, Youssef Boussoumah militant du PIR et Jo du Collectif &#8230; <a title=\"Face aux violences polici\u00e8res, quelle strat\u00e9gie de lutte?\" class=\"read-more\" href=\"https:\/\/bruxelles-pantheres.be\/?p=1922\" aria-label=\"En savoir plus sur Face aux violences polici\u00e8res, quelle strat\u00e9gie de lutte?\">Lire la suite<\/a><\/p>\n","protected":false},"author":1,"featured_media":813,"comment_status":"open","ping_status":"open","sticky":false,"template":"","format":"standard","meta":{"footnotes":""},"categories":[36,28,17,5],"tags":[23,54],"class_list":["post-1922","post","type-post","status-publish","format-standard","has-post-thumbnail","hentry","category-europe","category-racismes","category-video","category-violence-policiere","tag-discrimination","tag-police"],"_links":{"self":[{"href":"https:\/\/bruxelles-pantheres.be\/index.php?rest_route=\/wp\/v2\/posts\/1922","targetHints":{"allow":["GET"]}}],"collection":[{"href":"https:\/\/bruxelles-pantheres.be\/index.php?rest_route=\/wp\/v2\/posts"}],"about":[{"href":"https:\/\/bruxelles-pantheres.be\/index.php?rest_route=\/wp\/v2\/types\/post"}],"author":[{"embeddable":true,"href":"https:\/\/bruxelles-pantheres.be\/index.php?rest_route=\/wp\/v2\/users\/1"}],"replies":[{"embeddable":true,"href":"https:\/\/bruxelles-pantheres.be\/index.php?rest_route=%2Fwp%2Fv2%2Fcomments&post=1922"}],"version-history":[{"count":1,"href":"https:\/\/bruxelles-pantheres.be\/index.php?rest_route=\/wp\/v2\/posts\/1922\/revisions"}],"predecessor-version":[{"id":1923,"href":"https:\/\/bruxelles-pantheres.be\/index.php?rest_route=\/wp\/v2\/posts\/1922\/revisions\/1923"}],"wp:featuredmedia":[{"embeddable":true,"href":"https:\/\/bruxelles-pantheres.be\/index.php?rest_route=\/wp\/v2\/media\/813"}],"wp:attachment":[{"href":"https:\/\/bruxelles-pantheres.be\/index.php?rest_route=%2Fwp%2Fv2%2Fmedia&parent=1922"}],"wp:term":[{"taxonomy":"category","embeddable":true,"href":"https:\/\/bruxelles-pantheres.be\/index.php?rest_route=%2Fwp%2Fv2%2Fcategories&post=1922"},{"taxonomy":"post_tag","embeddable":true,"href":"https:\/\/bruxelles-pantheres.be\/index.php?rest_route=%2Fwp%2Fv2%2Ftags&post=1922"}],"curies":[{"name":"wp","href":"https:\/\/api.w.org\/{rel}","templated":true}]}}