{"id":1968,"date":"2014-04-07T05:08:35","date_gmt":"2014-04-07T04:08:35","guid":{"rendered":"https:\/\/bruxelles-pantheres.be\/?p=1968"},"modified":"2014-04-15T19:58:52","modified_gmt":"2014-04-15T18:58:52","slug":"proces-abramowicz-le-faussaire-bientot-condamne","status":"publish","type":"post","link":"https:\/\/bruxelles-pantheres.be\/?p=1968","title":{"rendered":"Proc\u00e8s Abramowicz : le faussaire bient\u00f4t condamn\u00e9 ?"},"content":{"rendered":"<p align=\"JUSTIFY\"><span style=\"color: #000000;\"><span style=\"font-family: Arial, sans-serif;\"><span style=\"font-size: medium;\"><b>Devant le Tribunal correctionnel de Bruxelles s&rsquo;est d\u00e9roul\u00e9e, le 25 mars, la derni\u00e8re \u00e9tape du proc\u00e8s opposant Georges-Pierre Tonnelier \u00e0 Manuel Abramowicz et Julien Maquestiau. Les militants de l&rsquo;asbl R\u00e9sistances sont accus\u00e9s de \u00ab\u00a0port public de faux nom, faux et usage de faux et violation de la vie priv\u00e9e\u00a0\u00bb. Une audience tendue mais passionnante qui aura dur\u00e9 plus de sept heures ! En d\u00e9bat, plusieurs enjeux d\u00e9mocratiques comme la libert\u00e9 de la presse, le droit aux opinions et les limites du militantisme. Le 29 avril, la Justice devra notamment trancher cette question : Abramowicz et Maquestiau sont-ils de vulgaires d\u00e9linquants ou des journalistes d&rsquo;investigation ? En attendant, nous d\u00e9non\u00e7ons les pressions et menace exerc\u00e9es par Manuel Abramowicz sur l&rsquo;une des collaboratrices de FDC (<\/b><\/span><\/span><\/span><em><span style=\"color: #000080;\"><span style=\"text-decoration: underline;\"><a href=\"http:\/\/www.femmesdechambre.be\/\"><span style=\"font-family: Arial, sans-serif;\"><span style=\"font-size: medium;\">www.femmesdechambre.be<\/span><\/span><\/a><\/span><\/span><\/em><span style=\"color: #000000;\"><span style=\"font-family: Arial, sans-serif;\"><span style=\"font-size: medium;\"><b>) qui ont conduit ce site d&rsquo;informations \u00e0 censurer l&rsquo;article que vous allez lire ici&#8230;<\/b><\/span><\/span><\/span><\/p>\n<p align=\"JUSTIFY\"><span style=\"color: #000000;\"><span style=\"font-family: Arial, sans-serif;\"><span style=\"font-size: medium;\"><b>Par Olivier Mukuna\u00a0<!--more--><\/b><\/span><\/span><\/span><\/p>\n<figure id=\"attachment_1925\" aria-describedby=\"caption-attachment-1925\" style=\"width: 440px\" class=\"wp-caption aligncenter\"><a href=\"https:\/\/bruxelles-pantheres.be\/wp-content\/uploads\/2014\/04\/Abra-et-Maquestiau.jpg\"><img decoding=\"async\" class=\"size-full wp-image-1925\" alt=\"Manuel Abramowicz et Julien Maquestiau\" src=\"https:\/\/bruxelles-pantheres.be\/wp-content\/uploads\/2014\/04\/Abra-et-Maquestiau.jpg\" width=\"450\" height=\"322\" srcset=\"https:\/\/bruxelles-pantheres.be\/wp-content\/uploads\/2014\/04\/Abra-et-Maquestiau.jpg 450w, https:\/\/bruxelles-pantheres.be\/wp-content\/uploads\/2014\/04\/Abra-et-Maquestiau-300x215.jpg 300w\" sizes=\"(max-width: 450px) 100vw, 450px\" \/><\/a><figcaption id=\"caption-attachment-1925\" class=\"wp-caption-text\">Manuel Abramowicz et Julien Maquestiau<\/figcaption><\/figure>\n<p><span style=\"color: #000000;\"><span style=\"font-family: Arial, sans-serif;\"><span style=\"font-size: medium;\">\u00ab<\/span><\/span><\/span><em><span style=\"color: #000000;\"><span style=\"font-family: Arial, sans-serif;\"><span style=\"font-size: medium;\">\u00a0Madame la pr\u00e9sidente, ce sont des militants hyst\u00e9riques et pas des journalistes !<\/span><\/span><\/span><\/em><em><span style=\"color: #000000;\"><span style=\"font-family: Arial, sans-serif;\"><span style=\"font-size: medium;\">\u00a0<\/span><\/span><\/span><\/em><span style=\"color: #000000;\"><span style=\"font-family: Arial, sans-serif;\"><span style=\"font-size: medium;\">\u00bb<\/span><\/span><\/span><em><span style=\"color: #000000;\"><span style=\"font-family: Arial, sans-serif;\"><span style=\"font-size: medium;\">, <\/span><\/span><\/span><\/em><span style=\"color: #000000;\"><span style=\"font-family: Arial, sans-serif;\"><span style=\"font-size: medium;\">s&rsquo;exclame Me <\/span><\/span><\/span><span style=\"color: #000000;\"><span style=\"font-family: Arial, sans-serif;\"><span style=\"font-size: medium;\"><b>S\u00e9bastien Courtoy<\/b><\/span><\/span><\/span><span style=\"color: #000000;\"><span style=\"font-family: Arial, sans-serif;\"><span style=\"font-size: medium;\"> en d\u00e9signant le banc des pr\u00e9venus dans une salle d&rsquo;audience bond\u00e9e&#8230;<\/span><\/span><\/span><\/p>\n<p align=\"JUSTIFY\"><span style=\"color: #000000;\"><span style=\"font-family: Arial, sans-serif;\"><span style=\"font-size: medium;\">Les faits remontent \u00e0 2009. <\/span><\/span><\/span><span style=\"color: #000000;\"><span style=\"font-family: Arial, sans-serif;\"><span style=\"font-size: medium;\">Sous pr\u00e9texte d&rsquo;\u00e9tudier\u00a0<\/span><\/span><\/span><span style=\"color: #000000;\"><span style=\"font-family: Arial, sans-serif;\"><span style=\"font-size: medium;\">le mode de recrutement de l\u2019extr\u00eame-droite sur Internet, <\/span><\/span><\/span><span style=\"color: #000000;\"><span style=\"font-family: Arial, sans-serif;\"><span style=\"font-size: medium;\"><b>Manuel Abramowicz<\/b><\/span><\/span><\/span><span style=\"color: #000000;\"><span style=\"font-family: Arial, sans-serif;\"><span style=\"font-size: medium;\"> et <\/span><\/span><\/span><span style=\"color: #000000;\"><span style=\"font-family: Arial, sans-serif;\"><span style=\"font-size: medium;\"><b>Julien Maquestiau<\/b><\/span><\/span><\/span><span style=\"color: #000000;\"><span style=\"font-family: Arial, sans-serif;\"><span style=\"font-size: medium;\"> (asbl R\u00e9sistances) bidonnent un faux profil sur Facebook. Au nom d&rsquo;<\/span><\/span><\/span><span style=\"color: #000000;\"><span style=\"font-family: Arial, sans-serif;\"><span style=\"font-size: medium;\"><b>Isabelle Ravet<\/b><\/span><\/span><\/span><span style=\"color: #000000;\"><span style=\"font-family: Arial, sans-serif;\"><span style=\"font-size: medium;\">, une jeune femme avenante qui diffuse des opinions d\u2019extr\u00eame-droite &#8230; L\u2019op\u00e9ration <\/span><\/span><\/span><em><span style=\"color: #000000;\"><span style=\"font-family: Arial, sans-serif;\"><span style=\"font-size: medium;\">undercover <\/span><\/span><\/span><\/em><span style=\"color: #000000;\"><span style=\"font-family: Arial, sans-serif;\"><span style=\"font-size: medium;\">est lanc\u00e9e ! <\/span><\/span><\/span><strong><span style=\"color: #000000;\"><span style=\"font-family: Arial, sans-serif;\"><span style=\"font-size: medium;\">Georges-Pierre Tonnelier<\/span><\/span><\/span><\/strong><span style=\"color: #000000;\"><span style=\"font-family: Arial, sans-serif;\"><span style=\"font-size: medium;\">,\u00a0<\/span><\/span><\/span><span style=\"color: #000000;\"><span style=\"font-family: Arial, sans-serif;\"><span style=\"font-size: medium;\">ex-cadre du FN,\u00a0<\/span><\/span><\/span><strong><\/strong><span style=\"color: #000000;\"><span style=\"font-family: Arial, sans-serif;\"><span style=\"font-size: medium;\">mord \u00e0 l\u2019hame\u00e7on : il entre en contact priv\u00e9 avec la demoiselle imaginaire durant une dizaine de jours. <\/span><\/span><\/span><span style=\"color: #000080;\"><span style=\"text-decoration: underline;\"><a href=\"http:\/\/www.resistances.be\/tonnelier04.html\"><span style=\"font-family: Arial, sans-serif;\"><span style=\"font-size: medium;\">Un r\u00e9sum\u00e9 diabolisant de leurs \u00e9changes virtuels sera ensuite rendu public<\/span><\/span><\/a><\/span><\/span><span style=\"color: #000000;\"><span style=\"font-family: Arial, sans-serif;\"><span style=\"font-size: medium;\"> sur <\/span><\/span><\/span><em><span style=\"color: #000000;\"><span style=\"font-family: Arial, sans-serif;\"><span style=\"font-size: medium;\">resistances.be <\/span><\/span><\/span><\/em><span style=\"color: #000000;\"><span style=\"font-family: Arial, sans-serif;\"><span style=\"font-size: medium;\">afin de d\u00e9noncer l&rsquo;ex-frontiste<\/span><\/span><\/span><span style=\"color: #000000;\"><span style=\"font-family: Arial, sans-serif;\"><span style=\"font-size: medium;\">, qui aurait cach\u00e9 aux citoyens qu\u2019il serait rest\u00e9 actif \u00ab\u00a0<\/span><\/span><\/span><em><span style=\"color: #000000;\"><span style=\"font-family: Arial, sans-serif;\"><span style=\"font-size: medium;\">au c\u0153ur de la mouvance FN\u00a0<\/span><\/span><\/span><\/em><span style=\"color: #000000;\"><span style=\"font-family: Arial, sans-serif;\"><span style=\"font-size: medium;\">\u00bb<\/span><\/span><\/span><em><span style=\"color: #000000;\"><span style=\"font-family: Arial, sans-serif;\"><span style=\"font-size: medium;\">&#8230; <\/span><\/span><\/span><\/em><span style=\"color: #000000;\"><span style=\"font-family: Arial, sans-serif;\"><span style=\"font-size: medium;\">D\u00e9fendu par Me Courtoy, Tonnelier d\u00e9pose plainte. Et les militants de R\u00e9sistances de se retrouver aujourd&rsquo;hui <\/span><\/span><\/span><span style=\"color: #000080;\"><span style=\"text-decoration: underline;\"><a href=\"http:\/\/www.egalite.be\/?p=3280\"><span style=\"font-family: Arial, sans-serif;\"><span style=\"font-size: medium;\">en correctionnelle<\/span><\/span><\/a><\/span><\/span><span style=\"color: #000000;\"><span style=\"font-family: Arial, sans-serif;\"><span style=\"font-size: medium;\"> pour justifier de leurs \u00ab\u00a0m\u00e9thodes \u00bb.<\/span><\/span><\/span><em><span style=\"color: #000000;\"><span style=\"font-family: Arial, sans-serif;\"><span style=\"font-size: medium;\">\u00a0<\/span><\/span><\/span><\/em><\/p>\n<p align=\"JUSTIFY\"><span style=\"color: #000000;\"><span style=\"font-family: Arial, sans-serif;\"><span style=\"font-size: medium;\">\u00ab\u00a0<\/span><\/span><\/span><em><\/em><em><span style=\"color: #000000;\"><span style=\"font-family: Arial, sans-serif;\"><span style=\"font-size: medium;\">On n&rsquo;a pas pu investiguer plus loin\u00a0<\/span><\/span><\/span><\/em><em><span style=\"color: #000000;\"><span style=\"font-family: Arial, sans-serif;\"><span style=\"font-size: medium;\">\u00bb, <\/span><\/span><\/span><\/em><span style=\"color: #000000;\"><span style=\"font-family: Arial, sans-serif;\"><span style=\"font-size: medium;\">affirme Julien Maquestiau \u00e0 la pr\u00e9sidente de la 30\u00e8me chambre du Tribunal correctionnel.<\/span><\/span><\/span><span style=\"color: #000000;\"><span style=\"font-family: Arial, sans-serif;\"><span style=\"font-size: medium;\">\u00ab<\/span><\/span><\/span><em><span style=\"color: #000000;\"><span style=\"font-family: Arial, sans-serif;\"><span style=\"font-size: medium;\">\u00a0<\/span><\/span><\/span><\/em><em><span style=\"color: #000000;\"><span style=\"font-family: Arial, sans-serif;\"><span style=\"font-size: medium;\">On ne s&rsquo;attendait pas du tout \u00e0 ce que Tonnelier r\u00e9ponde. Il nous a contact\u00e9 avec un profil politique donc, il n&rsquo;y avait pas de risques relatifs \u00e0 la vie priv\u00e9e. Par la technique du hame\u00e7onnage, on a eu quelqu&rsquo;un de plus gros qu&rsquo;un petit poisson : une personnalit\u00e9, charg\u00e9e du recrutement pour le FN et cadre au sein du bureau du FN<\/span><\/span><\/span><\/em><em><span style=\"color: #000000;\"><span style=\"font-family: Arial, sans-serif;\"><span style=\"font-size: medium;\">\u00a0<\/span><\/span><\/span><\/em><span style=\"color: #000000;\"><span style=\"font-family: Arial, sans-serif;\"><span style=\"font-size: medium;\">\u00bb<\/span><\/span><\/span><em><span style=\"color: #000000;\"><span style=\"font-family: Arial, sans-serif;\"><span style=\"font-size: medium;\">.\u00a0<\/span><\/span><\/span><\/em><\/p>\n<figure id=\"attachment_1926\" aria-describedby=\"caption-attachment-1926\" style=\"width: 276px\" class=\"wp-caption aligncenter\"><a href=\"https:\/\/bruxelles-pantheres.be\/wp-content\/uploads\/2014\/04\/Tonnelier-2.jpg\"><img decoding=\"async\" class=\"size-medium wp-image-1926\" alt=\"Georges-Pierre Tonnelier\" src=\"https:\/\/bruxelles-pantheres.be\/wp-content\/uploads\/2014\/04\/Tonnelier-2-320x335.jpg\" width=\"286\" height=\"300\" \/><\/a><figcaption id=\"caption-attachment-1926\" class=\"wp-caption-text\">Georges-Pierre Tonnelier<\/figcaption><\/figure>\n<p align=\"JUSTIFY\"><span style=\"color: #000000;\"><span style=\"font-family: Arial, sans-serif;\"><span style=\"font-size: medium;\">\u00ab\u00a0<\/span><\/span><\/span><em><span style=\"color: #000000;\"><span style=\"font-family: Arial, sans-serif;\"><span style=\"font-size: medium;\">Il y a une g\u00e9n\u00e9ration Facebook d&rsquo;extr\u00eame-droite et celle-ci est men\u00e9e par M. Tonnelier\u00a0<\/span><\/span><\/span><\/em><span style=\"color: #000000;\"><span style=\"font-family: Arial, sans-serif;\"><span style=\"font-size: medium;\">\u00bb<\/span><\/span><\/span><em><span style=\"color: #000000;\"><span style=\"font-family: Arial, sans-serif;\"><span style=\"font-size: medium;\">, <\/span><\/span><\/span><\/em><span style=\"color: #000000;\"><span style=\"font-family: Arial, sans-serif;\"><span style=\"font-size: medium;\">encha\u00eene Manuel Abramowicz. Le plus m\u00e9diatique des deux pr\u00e9venus d\u00e9veloppe\u00a0<\/span><\/span><\/span><span style=\"color: #000000;\"><span style=\"font-family: Arial, sans-serif;\"><span style=\"font-size: medium;\">\u00ab<\/span><\/span><\/span><em><span style=\"color: #000000;\"><span style=\"font-family: Arial, sans-serif;\"><span style=\"font-size: medium;\">\u00a0<\/span><\/span><\/span><\/em><em><span style=\"color: #000000;\"><span style=\"font-family: Arial, sans-serif;\"><span style=\"font-size: medium;\">l&rsquo;int\u00e9r\u00eat<\/span><\/span><\/span><\/em><em><span style=\"color: #000000;\"><span style=\"font-family: Arial, sans-serif;\"><span style=\"font-size: medium;\">\u00a0<\/span><\/span><\/span><\/em><span style=\"color: #000000;\"><span style=\"font-family: Arial, sans-serif;\"><span style=\"font-size: medium;\">\u00bb\u00a0<\/span><\/span><\/span><span style=\"color: #000000;\"><span style=\"font-family: Arial, sans-serif;\"><span style=\"font-size: medium;\">pour son asbl d&rsquo;avoir eu recours au journalisme masqu\u00e9 (undercover)\u00a0<\/span><\/span><\/span><em><span style=\"color: #000000;\"><span style=\"font-family: Arial, sans-serif;\"><span style=\"font-size: medium;\">: <\/span><\/span><\/span><\/em><span style=\"color: #000000;\"><span style=\"font-family: Arial, sans-serif;\"><span style=\"font-size: medium;\">\u00ab<\/span><\/span><\/span><em><span style=\"color: #000000;\"><span style=\"font-family: Arial, sans-serif;\"><span style=\"font-size: medium;\">\u00a0<\/span><\/span><\/span><\/em><em><span style=\"color: #000000;\"><span style=\"font-family: Arial, sans-serif;\"><span style=\"font-size: medium;\">D&rsquo;une part, nous travaillons dans un milieu dangereux o\u00f9 nous recevons des menaces des mort. D&rsquo;autre part, l&rsquo;int\u00e9r\u00eat de passer par ce journalisme masqu\u00e9, Madame la pr\u00e9sidente, c&rsquo;est aussi d&rsquo;informer ces milliers d&rsquo;\u00e9lecteurs qui ignorent que le FN ment lorsqu&rsquo;il dit ne pas \u00eatre raciste ni d&rsquo;extr\u00eame-droite. Il faut les informer avant qu&rsquo;ils ne posent le m\u00eame choix qu&rsquo;aux municipales fran\u00e7aises &#8230; Il y a une s\u00e9rie de groupes, amis de Tonnelier, qui gravitent autour de l&rsquo;extr\u00eame-droite et sont de v\u00e9ritables nazis. Certes, M. Tonnelier n&rsquo;est pas un n\u00e9o-nazi, mais il y en a dans son entourage et il est le n\u00b02 du Front National <\/span><\/span><\/span><\/em><span style=\"color: #000000;\"><span style=\"font-family: Arial, sans-serif;\"><span style=\"font-size: medium;\">\u00bb.\u00a0<\/span><\/span><\/span><\/p>\n<h5 align=\"CENTER\"><span style=\"color: #000000;\"><span style=\"font-family: Arial, sans-serif;\"><span style=\"font-size: medium;\"><b>Ecoeurant cynisme<\/b><\/span><\/span><\/span><\/h5>\n<p><span style=\"color: #000000;\"><span style=\"font-family: Arial, sans-serif;\"><span style=\"font-size: medium;\">D\u00e8s l&rsquo;entame de sa plaidoirie, Me S\u00e9bastien Courtoy met en \u00e9vidence un \u00ab\u00a0d\u00e9tail \u00bb\u00a0omis par les pr\u00e9venus : \u00a0\u00a0<\/span><\/span><\/span><\/p>\n<p><span style=\"color: #000000;\"><span style=\"font-family: Arial, sans-serif;\"><span style=\"font-size: medium;\">\u00ab\u00a0<\/span><\/span><\/span><em><span style=\"color: #000000;\"><span style=\"font-family: Arial, sans-serif;\"><span style=\"font-size: medium;\">Au-del\u00e0 de ses aspects nationalistes, pourquoi ont-ils choisi le nom r\u00e9el d&rsquo;Isabelle Ravet et pas un autre ? Parce qu&rsquo;une morte, \u00e7a ne d\u00e9pose pas plainte, Madame la pr\u00e9sidente ! Ils la savaient morte, et savaient donc, dans leur \u00e9coeurant cynisme, qu&rsquo;elle n&rsquo;\u00e9tait plus l\u00e0 pour se d\u00e9fendre et qu&rsquo;ils pouvaient d\u00e8s lors se servir impun\u00e9ment de son nom, pour leurs basses entreprises, sans prendre le risque de la voir d\u00e9poser plainte contre eux\u00a0<\/span><\/span><\/span><\/em><span style=\"color: #000000;\"><span style=\"font-family: Arial, sans-serif;\"><span style=\"font-size: medium;\">\u00bb<\/span><\/span><\/span><em><span style=\"color: #000000;\"><span style=\"font-family: Arial, sans-serif;\"><span style=\"font-size: medium;\">.<\/span><\/span><\/span><\/em><\/p>\n<p><span style=\"line-height: 1.5em; color: #000000;\"><span style=\"font-family: Arial, sans-serif;\"><span style=\"font-size: medium;\">Le conseil de Tonnelier encha\u00eene sur les \u00ab\u00a0<\/span><\/span><\/span><em style=\"line-height: 1.5em; text-align: justify;\"><span style=\"line-height: 1.5em; color: #000000;\"><span style=\"font-family: Arial, sans-serif;\"><span style=\"font-size: medium;\">balivernes<\/span><\/span><\/span><span style=\"line-height: 1.5em; color: #000000;\"><span style=\"font-family: Arial, sans-serif;\"><span style=\"font-size: medium;\">\u00a0<\/span><\/span><\/span><\/em><span style=\"line-height: 1.5em; color: #000000;\"><span style=\"font-family: Arial, sans-serif;\"><span style=\"font-size: medium;\">\u00bb\u00a0<\/span><\/span><\/span><span style=\"line-height: 1.5em; color: #000000;\"><span style=\"font-family: Arial, sans-serif;\"><span style=\"font-size: medium;\">d\u00e9ploy\u00e9es par le duo Abramowicz-Maquestiau.\u00a0<\/span><\/span><\/span><span style=\"color: #000000;\"><span style=\"font-family: Arial, sans-serif;\"><span style=\"font-size: medium;\">La principale consiste en une tentative d\u00e9sesp\u00e9r\u00e9e de cr\u00e9dibiliser l&rsquo;existence d&rsquo;une\u00a0<\/span><\/span><\/span><span style=\"color: #000000;\"><span style=\"font-family: Arial, sans-serif;\"><span style=\"font-size: medium;\">\u00ab<\/span><\/span><\/span><em><span style=\"color: #000000;\"><span style=\"font-family: Arial, sans-serif;\"><span style=\"font-size: medium;\">\u00a0<\/span><\/span><\/span><\/em><em><span style=\"color: #000000;\"><span style=\"font-family: Arial, sans-serif;\"><span style=\"font-size: medium;\">\u00e9tude scientifique<\/span><\/span><\/span><\/em><em><span style=\"color: #000000;\"><span style=\"font-family: Arial, sans-serif;\"><span style=\"font-size: medium;\">\u00a0<\/span><\/span><\/span><\/em><span style=\"color: #000000;\"><span style=\"font-family: Arial, sans-serif;\"><span style=\"font-size: medium;\">\u00bb\u00a0<\/span><\/span><\/span><em><\/em><span style=\"color: #000000;\"><span style=\"font-family: Arial, sans-serif;\"><span style=\"font-size: medium;\">au cours de laquelle ils seraient tomb\u00e9s fortuitement sur Tonnelier. Pour ensuite d\u00e9cider\u00a0de lui faire \u00ab\u00a0avouer\u00a0\u00bb qu&rsquo;il appartient toujours au Front National. Appartenance que le plaignant conteste depuis 2008, \u00e0 l&rsquo;\u00e9gard d&rsquo;un parti qui n&rsquo;existe plus en Belgique depuis 2012&#8230;<\/span><\/span><\/span><\/p>\n<p align=\"JUSTIFY\"><span style=\"color: #000000;\"><span style=\"font-family: Arial, sans-serif;\"><span style=\"font-size: medium;\">S&rsquo;appuyant sur l&rsquo;article de d\u00e9lation titr\u00e9 \u00ab<\/span><\/span><\/span><em><span style=\"color: #000000;\"><span style=\"font-family: Arial, sans-serif;\"><span style=\"font-size: medium;\">\u00a0<\/span><\/span><\/span><\/em><span style=\"color: #000080;\"><span style=\"text-decoration: underline;\"><a href=\"http:\/\/www.resistances.be\/tonnelier04.html\"><span style=\"font-family: Arial, sans-serif;\"><span style=\"font-size: medium;\"><i>Tonnelier d\u00e9voile son appartenance politique sur Facebook<\/i><\/span><\/span><\/a><\/span><\/span><em><span style=\"color: #000000;\"><span style=\"font-family: Arial, sans-serif;\"><span style=\"font-size: medium;\">\u00a0<\/span><\/span><\/span><\/em><span style=\"color: #000000;\"><span style=\"font-family: Arial, sans-serif;\"><span style=\"font-size: medium;\">\u00bb<\/span><\/span><\/span><em><span style=\"color: #000000;\"><span style=\"font-family: Arial, sans-serif;\"><span style=\"font-size: medium;\">, <\/span><\/span><\/span><\/em><span style=\"color: #000000;\"><span style=\"font-family: Arial, sans-serif;\"><span style=\"font-size: medium;\">diffus\u00e9 le 3 juillet 2009 sur resistances.be, Me Courtoy ajoute<\/span><\/span><\/span><span style=\"color: #000000;\"><span style=\"font-family: Arial, sans-serif;\"><span style=\"font-size: medium;\">: \u00ab<\/span><\/span><\/span><em><span style=\"color: #000000;\"><span style=\"font-family: Arial, sans-serif;\"><span style=\"font-size: medium;\">\u00a0<\/span><\/span><\/span><\/em><em><span style=\"color: #000000;\"><span style=\"font-family: Arial, sans-serif;\"><span style=\"font-size: medium;\">Ce titre, \u00e0 lui seul, prouve que l\u2019intention \u00e9tait bien de s\u2019en prendre \u00e0 Tonnelier, et non pas de se livrer \u00e0 une pseudo-enqu\u00eate scientifique sur les m\u00e9thodes de recrutement de l\u2019extr\u00eame-droite. L\u2019article parle uniquement de Monsieur Tonnelier et de son appartenance politique, et ne fait nulle mention d\u2019une quelconque enqu\u00eate &lsquo;scientifique&rsquo;<\/span><\/span><\/span><\/em><span style=\"color: #000000;\"><span style=\"font-family: Arial, sans-serif;\"><span style=\"font-size: medium;\">\u00bb<\/span><\/span><\/span><em><span style=\"color: #000000;\"><span style=\"font-family: Arial, sans-serif;\"><span style=\"font-size: medium;\">.<\/span><\/span><\/span><\/em><\/p>\n<figure id=\"attachment_1931\" aria-describedby=\"caption-attachment-1931\" style=\"width: 470px\" class=\"wp-caption aligncenter\"><a href=\"https:\/\/bruxelles-pantheres.be\/wp-content\/uploads\/2014\/04\/Me-Courtoy-RTBF.jpg\"><img decoding=\"async\" class=\"size-full wp-image-1931\" alt=\"Ma\u00eetre S\u00e9bastien Courtoy\" src=\"https:\/\/bruxelles-pantheres.be\/wp-content\/uploads\/2014\/04\/Me-Courtoy-RTBF.jpg\" width=\"480\" height=\"360\" srcset=\"https:\/\/bruxelles-pantheres.be\/wp-content\/uploads\/2014\/04\/Me-Courtoy-RTBF.jpg 480w, https:\/\/bruxelles-pantheres.be\/wp-content\/uploads\/2014\/04\/Me-Courtoy-RTBF-300x225.jpg 300w\" sizes=\"(max-width: 480px) 100vw, 480px\" \/><\/a><figcaption id=\"caption-attachment-1931\" class=\"wp-caption-text\">Ma\u00eetre S\u00e9bastien Courtoy<\/figcaption><\/figure>\n<p align=\"JUSTIFY\"><span style=\"color: #000000;\"><span style=\"font-family: Arial, sans-serif;\"><span style=\"font-size: medium;\">Tranquillement et avec \u00e9loquence, Me Courtoy pilonne l&rsquo;arc de d\u00e9fense branlant des pr\u00e9venus : \u00ab<\/span><\/span><\/span><em><span style=\"color: #000000;\"><span style=\"font-family: Arial, sans-serif;\"><span style=\"font-size: medium;\">\u00a0<\/span><\/span><\/span><\/em><em><span style=\"color: #000000;\"><span style=\"font-family: Arial, sans-serif;\"><span style=\"font-size: medium;\">Par une sid\u00e9rante co\u00efncidence, le profil Facebook d\u2019Isabelle Ravet fut supprim\u00e9 et la pr\u00e9tendue enqu\u00eate \u00e0 vis\u00e9e g\u00e9n\u00e9rale stopp\u00e9e, pr\u00e9cis\u00e9ment au moment m\u00eame o\u00f9 les pr\u00e9venus eurent r\u00e9colt\u00e9 les infos n\u00e9cessaires sur Monsieur Tonnelier ! Les pr\u00e9venus sont incapables de faire \u00e9tat du moindre nom, de la moindre personne de la mouvance nationaliste (autre que M. Tonnelier), qui aurait \u00e9t\u00e9 en contact avec le profil d\u2019Isabelle Ravet ; ce qui, une fois de plus, d\u00e9montre que ce profil fut cr\u00e9\u00e9 sp\u00e9cifiquement et uniquement pour viser mon client\u00a0dans une entreprise de basse vengeance et gr\u00e2ce \u00e0 une s\u00e9rie de faux stratag\u00e8mes<\/span><\/span><\/span><\/em><span style=\"color: #000000;\"><span style=\"font-family: Arial, sans-serif;\"><span style=\"font-size: medium;\">\u00a0<\/span><\/span><\/span><span style=\"color: #000000;\"><span style=\"font-family: Arial, sans-serif;\"><span style=\"font-size: medium;\">\u00bb.<\/span><\/span><\/span><em><span style=\"color: #000000;\"><span style=\"font-family: Arial, sans-serif;\"><span style=\"font-size: medium;\">\u00a0<\/span><\/span><\/span><\/em><\/p>\n<p align=\"JUSTIFY\"><span style=\"color: #000000;\"><span style=\"font-family: Arial, sans-serif;\"><span style=\"font-size: medium;\">Pour parfaire sa d\u00e9monstration, l&rsquo;avocat ressort un droit de r\u00e9ponse de&#8230; Maquestiau, publi\u00e9 dans Le Soir du 11 et 12 juillet 2009. D\u00e8s les premi\u00e8res lignes, le militant de l&rsquo;asbl R\u00e9sistances y \u00e9crit:<\/span><\/span><\/span><em><span style=\"color: #000000;\"><span style=\"font-family: Arial, sans-serif;\"><span style=\"font-size: medium;\">\u00a0<\/span><\/span><\/span><\/em><span style=\"color: #000000;\"><span style=\"font-family: Arial, sans-serif;\"><span style=\"font-size: medium;\">\u00ab<\/span><\/span><\/span><em><span style=\"color: #000000;\"><span style=\"font-family: Arial, sans-serif;\"><span style=\"font-size: medium;\">\u00a0L&rsquo;utilisation de Facebook n&rsquo;avait pas pour but de confondre n&rsquo;importe quel membre du Front National, mais au contraire de mettre en \u00e9vidence les mensonges d&rsquo;un militant du FN\u00a0<\/span><\/span><\/span><\/em><span style=\"color: #000000;\"><span style=\"font-family: Arial, sans-serif;\"><span style=\"font-size: medium;\">\u00bb.\u00a0<\/span><\/span><\/span><em><span style=\"color: #000000;\"><span style=\"font-family: Arial, sans-serif;\"><span style=\"font-size: medium;\">\u00a0<\/span><\/span><\/span><\/em><\/p>\n<p align=\"JUSTIFY\"><span style=\"color: #000000;\"><span style=\"font-family: Arial, sans-serif;\"><span style=\"font-size: medium;\">\u00ab\u00a0<\/span><\/span><\/span><em><span style=\"color: #000000;\"><span style=\"font-family: Arial, sans-serif;\"><span style=\"font-size: medium;\">Cela a le m\u00e9rite d&rsquo;\u00eatre clair ! <\/span><\/span><\/span><\/em><span style=\"color: #000000;\"><span style=\"font-family: Arial, sans-serif;\"><span style=\"font-size: medium;\">\u00bb<\/span><\/span><\/span><em><span style=\"color: #000000;\"><span style=\"font-family: Arial, sans-serif;\"><span style=\"font-size: medium;\">, <\/span><\/span><\/span><\/em><span style=\"color: #000000;\"><span style=\"font-family: Arial, sans-serif;\"><span style=\"font-size: medium;\">tonne Me Courtoy.\u00a0\u00ab<\/span><\/span><\/span><em><span style=\"color: #000000;\"><span style=\"font-family: Arial, sans-serif;\"><span style=\"font-size: medium;\"> En r\u00e9ponse \u00e0 l&rsquo;article paru dans Le Soir, dans lequel le journaliste <strong>Pascal Lorent<\/strong> faisait part de son \u00e9coeurement face aux m\u00e9thodes des pr\u00e9venus, Julien Maquestiau pr\u00e9cise express\u00e9ment que le seul et unique but de la cr\u00e9ation du profil \u00e9tait de pi\u00e9ger Tonnelier &#8230; On est bien loin de &lsquo;<\/span><\/span><\/span><\/em><span style=\"color: #000000;\"><span style=\"font-family: Arial, sans-serif;\"><span style=\"font-size: medium;\">l&rsquo;\u00e9tude scientifique \u00e0 vis\u00e9e g\u00e9n\u00e9rale relative aux m\u00e9thodes de recrutement de l&rsquo;extr\u00eame-droite&rsquo;<\/span><\/span><\/span><em><span style=\"color: #000000;\"><span style=\"font-family: Arial, sans-serif;\"><span style=\"font-size: medium;\">, dont on ne trouve, par ailleurs et bien entendu, pas la moindre information dans ce droit de r\u00e9ponse <\/span><\/span><\/span><\/em><span style=\"color: #000000;\"><span style=\"font-family: Arial, sans-serif;\"><span style=\"font-size: medium;\">\u00bb.\u00a0<\/span><\/span><\/span><em><span style=\"color: #000000;\"><span style=\"font-family: Arial, sans-serif;\"><span style=\"font-size: medium;\">\u00a0\u00a0<\/span><\/span><\/span><\/em><\/p>\n<p align=\"JUSTIFY\"><em><\/em><span style=\"color: #000000;\"><span style=\"font-family: Arial, sans-serif;\"><span style=\"font-size: medium;\">Et d&rsquo;allumer le projecteur sur le vrai visage des pr\u00e9venus :\u00a0\u00ab<\/span><\/span><\/span><em><span style=\"color: #000000;\"><span style=\"font-family: Arial, sans-serif;\"><span style=\"font-size: medium;\">\u00a0Ce n&rsquo;est qu&rsquo;une fois la plainte p\u00e9nale d\u00e9pos\u00e9e contre eux que, pour tenter de s&rsquo;en sortir, ils invent\u00e8rent de toutes pi\u00e8ces cette histoire mensong\u00e8re d&rsquo;enqu\u00eate scientifique \u00e0 vis\u00e9e g\u00e9n\u00e9rale.\u00a0<\/span><\/span><\/span><\/em><em style=\"line-height: 1.5em;\"><span style=\"color: #000000;\"><span style=\"font-family: Arial, sans-serif;\"><span style=\"font-size: medium;\">Les juridictions d\u2019instruction ne furent d\u2019ailleurs pas dupes des man\u0153uvres mensong\u00e8res des pr\u00e9venus, puisque tant la Chambre du conseil que la Chambre des Mises en Accusation renvoy\u00e8rent les pr\u00e9venus devant votre Tribunal.<\/span><\/span><\/span><\/em><em style=\"line-height: 1.5em;\"><span style=\"color: #000000;\"><span style=\"font-family: Arial, sans-serif;\"><span style=\"font-size: medium;\">\u00a0<\/span><\/span><\/span><\/em><span style=\"color: #000000;\"><span style=\"font-family: Arial, sans-serif;\"><span style=\"font-size: medium;\">\u00bb<\/span><\/span><\/span><\/p>\n<p align=\"CENTER\"><span style=\"color: #000000;\"><span style=\"font-family: Arial, sans-serif;\"><span style=\"font-size: medium;\"><b>D\u00e9lit d&rsquo;opinion<\/b><\/span><\/span><\/span><\/p>\n<p align=\"JUSTIFY\"><span style=\"color: #000000;\"><span style=\"font-family: Arial, sans-serif;\"><span style=\"font-size: medium;\">Le premier avocat de la d\u00e9fense, Me <\/span><\/span><\/span><span style=\"color: #000000;\"><span style=\"font-family: Arial, sans-serif;\"><span style=\"font-size: medium;\"><b>Laurent Arnauts<\/b><\/span><\/span><\/span><span style=\"color: #000000;\"><span style=\"font-family: Arial, sans-serif;\"><span style=\"font-size: medium;\">, a d&rsquo;abord tent\u00e9 de restaurer l&rsquo;image ab\u00eem\u00e9e du fameux duo \u00ab\u00a0antifasciste\u00a0\u00bb :<\/span><\/span><\/span><span style=\"color: #000000;\"><span style=\"font-family: Arial, sans-serif;\"><span style=\"font-size: medium;\"> \u00ab <\/span><\/span><\/span><em><span style=\"color: #000000;\"><span style=\"font-family: Arial, sans-serif;\"><span style=\"font-size: medium;\">Mes clients font preuve d&rsquo;une extr\u00eame retenue dans la diffusion de leurs informations. Nous sommes face \u00e0 des journalistes responsables et b\u00e9n\u00e9voles qui travaillent consciencieusement depuis 15 ans. Leur Observatoire de l&rsquo;extr\u00eame-droite a un sens journalistique et un int\u00e9r\u00eat citoyen. Leur site ne vise pas \u00e0 instaurer un d\u00e9lit d&rsquo;opinion. Resistances.be n&rsquo;\u00e9voque pas les non-politiques et tous ceux qui ne sont pas en lien avec leur objet de recherches<\/span><\/span><\/span><\/em><em><span style=\"color: #000000;\"><span style=\"font-family: Arial, sans-serif;\"><span style=\"font-size: medium;\">\u00a0<\/span><\/span><\/span><\/em><span style=\"color: #000000;\"><span style=\"font-family: Arial, sans-serif;\"><span style=\"font-size: medium;\">\u00bb<\/span><\/span><\/span><em><span style=\"color: #000000;\"><span style=\"font-family: Arial, sans-serif;\"><span style=\"font-size: medium;\">.<\/span><\/span><\/span><\/em><\/p>\n<p align=\"JUSTIFY\"><span style=\"color: #000000;\"><span style=\"font-family: Arial, sans-serif;\"><span style=\"font-size: medium;\">Oubliant un peu vite que, par exemple, plusieurs intellectuels et militants, ne partageant pas l&rsquo;adoration d&rsquo;Abramowicz pour l&rsquo;islamophobe et\u00a0<\/span><\/span><\/span><em><\/em><span style=\"color: #000080;\"><span style=\"text-decoration: underline;\"><a href=\"http:\/\/archives-lepost.huffingtonpost.fr\/article\/2011\/06\/07\/2516443_la-face-cachee-de-caroline-fourest.html\"><span style=\"font-family: Arial, sans-serif;\"><span style=\"font-size: medium;\">serial-menteuse<\/span><\/span><\/a><\/span><\/span><em><\/em><em><\/em><em><span style=\"color: #000000;\"><span style=\"font-family: Arial, sans-serif;\"><span style=\"font-size: medium;\">\u00a0<em><b><\/b><\/em><\/span><\/span><\/span><\/em><span style=\"color: #000000;\"><span style=\"font-family: Arial, sans-serif;\"><span style=\"font-size: medium;\"><strong>Caroline Fourest<\/strong>, ont \u00e9t\u00e9 imm\u00e9diatement\u00a0<\/span><\/span><\/span><em><\/em><span style=\"color: #000080;\"><span style=\"text-decoration: underline;\"><a href=\"http:\/\/www.resistances.be\/chichah01.html\"><span style=\"font-family: Arial, sans-serif;\"><span style=\"font-size: medium;\">amalgam\u00e9s \u00e0 l&rsquo;extr\u00eame-droite<\/span><\/span><\/a><\/span><\/span><span style=\"color: #000000;\"><span style=\"font-family: Arial, sans-serif;\"><span style=\"font-size: medium;\"> par l&rsquo;actuel pr\u00e9venu. Sans preuve, sans enqu\u00eate et (s\u00fbrement) sans haine. En l&rsquo;occurrence, le coordinateur de R\u00e9sistances concluait d&rsquo;ailleurs son communiqu\u00e9 en ces termes fort \u00ab\u00a0<\/span><\/span><\/span><em><span style=\"color: #000000;\"><span style=\"font-family: Arial, sans-serif;\"><span style=\"font-size: medium;\">responsables<\/span><\/span><\/span><\/em><span style=\"color: #000000;\"><span style=\"font-family: Arial, sans-serif;\"><span style=\"font-size: medium;\">\u00a0\u00bb :<\/span><\/span><\/span><em><span style=\"color: #000000;\"><span style=\"font-family: Arial, sans-serif;\"><span style=\"font-size: medium;\"> \u00ab\u00a0<\/span><\/span><\/span><\/em><em><span style=\"color: #000000;\"><span style=\"font-family: Arial, sans-serif;\"><span style=\"font-size: medium;\">Les sales m\u00e9thodes de l&rsquo;extr\u00eame droite contre la libert\u00e9 d&rsquo;expression ne sont pas toujours utilis\u00e9es par ses repr\u00e9sentants officiels&#8230;<\/span><\/span><\/span><\/em><em><span style=\"color: #000000;\"><span style=\"font-family: Arial, sans-serif;\"><span style=\"font-size: medium;\">\u00a0<\/span><\/span><\/span><\/em><span style=\"color: #000000;\"><span style=\"font-family: Arial, sans-serif;\"><span style=\"font-size: medium;\">\u00bb<\/span><\/span><\/span><\/p>\n<p align=\"JUSTIFY\"><a href=\"https:\/\/bruxelles-pantheres.be\/wp-content\/uploads\/2014\/04\/ARNAUTS-JT-RTBF-06-07-12.png\"><img decoding=\"async\" class=\"size-medium wp-image-1929 aligncenter\" alt=\"ARNAUTS-JT-RTBF-06-07-12\" src=\"https:\/\/bruxelles-pantheres.be\/wp-content\/uploads\/2014\/04\/ARNAUTS-JT-RTBF-06-07-12-320x174.png\" width=\"300\" height=\"163\" \/><\/a><\/p>\n<p align=\"JUSTIFY\"><span style=\"color: #000000;\"><span style=\"font-family: Arial, sans-serif;\"><span style=\"font-size: medium;\">Me Arnauts encha\u00eene sur une longue \u00e9num\u00e9ration des actes, fonctions et condamnation de Tonnelier de 1998 \u00e0 2011. Aussi assommante qu&rsquo;inop\u00e9rante, cette litanie a anesth\u00e9si\u00e9 une bonne partie du public. Le proc\u00e8s ne portant pas sur l&rsquo;horrible pass\u00e9 frontiste du plaignant mais sur la l\u00e9galit\u00e9 ou non des m\u00e9thodes de ses respectables clients. Pas selon Me Arnauts qui voit dans l&rsquo;action de Tonnelier une menace pour la libert\u00e9\u00a0de la presse : \u00ab <\/span><\/span><\/span><em><span style=\"color: #000000;\"><span style=\"font-family: Arial, sans-serif;\"><span style=\"font-size: medium;\">En 2008, Tonnelier quitte le FN. Pour accorder un semblant de cr\u00e9dit \u00e0 son repentir, il va faire pression sur resistances.be afin d&rsquo;obtenir la censure de son pass\u00e9 d&rsquo;extr\u00eame-droite sur leur site, sous pr\u00e9texte qu&rsquo;il aurait un droit \u00e0 l&rsquo;oubli. Non, en r\u00e9alit\u00e9, Tonnelier s&rsquo;attaque \u00e0 un droit fondamental de mes clients qui est le leur et qui int\u00e9resse la soci\u00e9t\u00e9. Imaginez que\u00a0<\/span><\/span><\/span><\/em><em><span style=\"color: #000000;\"><span style=\"font-family: Arial, sans-serif;\"><span style=\"font-size: medium;\"><strong>Jos\u00e9 Happart<\/strong> demande au quotidien Le Soir de supprimer tout ce qui a \u00e9t\u00e9 \u00e9crit sur lui sous pr\u00e9texte qu&rsquo;il a cess\u00e9 toute activit\u00e9 politique&#8230;\u00a0<\/span><\/span><\/span><\/em><em><span style=\"color: #000000;\"><span style=\"font-family: Arial, sans-serif;\"><span style=\"font-size: medium;\">\u00bb.<\/span><\/span><\/span><\/em><\/p>\n<p align=\"JUSTIFY\"><span style=\"color: #000000;\"><span style=\"font-family: Arial, sans-serif;\"><span style=\"font-size: medium;\">Se pla\u00e7ant au niveau europ\u00e9en, le second avocat des pr\u00e9venus, Me <\/span><\/span><\/span><span style=\"color: #000000;\"><span style=\"font-family: Arial, sans-serif;\"><span style=\"font-size: medium;\"><b>Jacques Englebert<\/b><\/span><\/span><\/span><span style=\"color: #000000;\"><span style=\"font-family: Arial, sans-serif;\"><span style=\"font-size: medium;\">, invoque la libert\u00e9 d&rsquo;expression : \u00ab\u00a0<\/span><\/span><\/span><em><span style=\"color: #000000;\"><span style=\"font-family: Arial, sans-serif;\"><span style=\"font-size: medium;\">Si vous estimez l&rsquo;infraction \u00e9tablie, Madame la pr\u00e9sidente, vous ne pouvez pas condamner car vous violeriez l&rsquo;article 10 de la Convention europ\u00e9enne des droits de l&rsquo;homme qui consacre la libert\u00e9 d&rsquo;expression et son noyau dur : la libert\u00e9 de la presse<\/span><\/span><\/span><\/em><em><span style=\"color: #000000;\"><span style=\"font-family: Arial, sans-serif;\"><span style=\"font-size: medium;\">\u00a0<\/span><\/span><\/span><\/em><span style=\"color: #000000;\"><span style=\"font-family: Arial, sans-serif;\"><span style=\"font-size: medium;\">\u00bb<\/span><\/span><\/span><em><span style=\"color: #000000;\"><span style=\"font-family: Arial, sans-serif;\"><span style=\"font-size: medium;\">.<\/span><\/span><\/span><\/em><\/p>\n<figure id=\"attachment_1930\" aria-describedby=\"caption-attachment-1930\" style=\"width: 290px\" class=\"wp-caption aligncenter\"><a href=\"https:\/\/bruxelles-pantheres.be\/wp-content\/uploads\/2014\/04\/Englebert.jpg\"><img decoding=\"async\" class=\"size-full wp-image-1930\" alt=\"Ma\u00eetre Jacques Englebert\" src=\"https:\/\/bruxelles-pantheres.be\/wp-content\/uploads\/2014\/04\/Englebert.jpg\" width=\"300\" height=\"168\" \/><\/a><figcaption id=\"caption-attachment-1930\" class=\"wp-caption-text\">Ma\u00eetre Jacques Englebert<\/figcaption><\/figure>\n<p align=\"JUSTIFY\"><span style=\"color: #000000;\"><span style=\"font-family: Arial, sans-serif;\"><span style=\"font-size: medium;\">Soulignant qu&rsquo;il peut exister des exceptions et ing\u00e9rences, \u00ab<em>\u00a0<\/em><\/span><\/span><\/span><em><span style=\"color: #000000;\"><span style=\"font-family: Arial, sans-serif;\"><span style=\"font-size: medium;\">\u00e0 des conditions strictes<\/span><\/span><\/span><\/em><span style=\"color: #000000;\"><span style=\"font-family: Arial, sans-serif;\"><span style=\"font-size: medium;\">\u00a0\u00bb, \u00e0 la disposition europ\u00e9enne, Me Englebert conclut : \u00ab<\/span><\/span><\/span><em><span style=\"color: #000000;\"><span style=\"font-family: Arial, sans-serif;\"><span style=\"font-size: medium;\">\u00a0<\/span><\/span><\/span><\/em><em><span style=\"color: #000000;\"><span style=\"font-family: Arial, sans-serif;\"><span style=\"font-size: medium;\">La protection de l&rsquo;article 10 s&rsquo;applique pour la production de la presse mais aussi pour ses m\u00e9thodes. Ce proc\u00e8s est celui du principe de la libert\u00e9 d&rsquo;expression. En r\u00e9alit\u00e9, on attaque la production de mes clients sans le dire et vous ne pouvez pas les condamner car, d&rsquo;une part, les conditions d&rsquo;ing\u00e9rences ne sont pas r\u00e9unies, d&rsquo;autre part, l&rsquo;article 10 prime sur les r\u00e8gles de droit et le Code p\u00e9nal belges<\/span><\/span><\/span><\/em><em><span style=\"color: #000000;\"><span style=\"font-family: Arial, sans-serif;\"><span style=\"font-size: medium;\">\u00a0<\/span><\/span><\/span><\/em><span style=\"color: #000000;\"><span style=\"font-family: Arial, sans-serif;\"><span style=\"font-size: medium;\">\u00bb<\/span><\/span><\/span><em><span style=\"color: #000000;\"><span style=\"font-family: Arial, sans-serif;\"><span style=\"font-size: medium;\">.<\/span><\/span><\/span><\/em><\/p>\n<p align=\"JUSTIFY\"><em><span style=\"color: #000000;\"><span style=\"font-family: Arial, sans-serif;\"><span style=\"font-size: medium;\">\u00a0<\/span><\/span><\/span><\/em><\/p>\n<p align=\"CENTER\"><strong><span style=\"color: #000000;\"><span style=\"font-family: Arial, sans-serif;\"><span style=\"font-size: medium;\">\u00ab<\/span><\/span><\/span><em><span style=\"color: #000000;\"><span style=\"font-family: Arial, sans-serif;\"><span style=\"font-size: medium;\">\u00a0<\/span><\/span><\/span><span style=\"color: #000000;\"><span style=\"font-family: Arial, sans-serif;\"><span style=\"font-size: medium;\">Une peine qui n&rsquo;est pas s\u00e9v\u00e8re<\/span><\/span><\/span><span style=\"color: #000000;\"><span style=\"font-family: Arial, sans-serif;\"><span style=\"font-size: medium;\">\u00a0<\/span><\/span><\/span><\/em><span style=\"color: #000000;\"><span style=\"font-family: Arial, sans-serif;\"><span style=\"font-size: medium;\">\u00bb<\/span><\/span><\/span><\/strong><\/p>\n<p align=\"JUSTIFY\"><span style=\"color: #000000;\"><span style=\"font-family: Arial, sans-serif;\"><span style=\"font-size: medium;\">Pour la substitut du Procureur,\u00a0<\/span><\/span><\/span><span style=\"color: #000000;\"><span style=\"font-family: Arial, sans-serif;\"><span style=\"font-size: medium;\"><b>Julie Feld<\/b><\/span><\/span><\/span><span style=\"color: #000000;\"><span style=\"font-family: Arial, sans-serif;\"><span style=\"font-size: medium;\">, la violation de<\/span><\/span><\/span><span style=\"color: #000000;\"><span style=\"font-family: Arial, sans-serif;\"><span style=\"font-size: medium;\">\u00a0la loi prot\u00e9geant la vie priv\u00e9e n&rsquo;est pas \u00e9tablie. Elle a donc demand\u00e9 l&rsquo;acquittement des pr\u00e9venus sur ce point.\u00a0<\/span><\/span><\/span><span style=\"color: #000000;\"><span style=\"font-family: Arial, sans-serif;\"><span style=\"font-size: medium;\">En revanche, le magistrat constate que leurs \u00ab\u00a0<\/span><\/span><\/span><em style=\"line-height: 1.5em;\"><span style=\"color: #000000;\"><span style=\"font-family: Arial, sans-serif;\"><span style=\"font-size: medium;\">arguments ne r\u00e9sistent pas \u00e0 l&rsquo;analyse\u00a0<\/span><\/span><\/span><\/em><span style=\"color: #000000;\"><span style=\"font-family: Arial, sans-serif;\"><span style=\"font-size: medium;\">\u00bb<\/span><\/span><\/span><em style=\"line-height: 1.5em;\"><span style=\"color: #000000;\"><span style=\"font-family: Arial, sans-serif;\"><span style=\"font-size: medium;\">\u00a0<\/span><\/span><\/span><\/em><span style=\"color: #000000;\"><span style=\"font-family: Arial, sans-serif;\"><span style=\"font-size: medium;\">et se range du c\u00f4t\u00e9 de Me Courtoy concernant l&rsquo;infraction\u00a0\u00ab<\/span><\/span><\/span><em style=\"line-height: 1.5em;\"><span style=\"color: #000000;\"><span style=\"font-family: Arial, sans-serif;\"><span style=\"font-size: medium;\">\u00a0\u00e9vidente\u00a0<\/span><\/span><\/span><\/em><span style=\"color: #000000;\"><span style=\"font-family: Arial, sans-serif;\"><span style=\"font-size: medium;\">\u00bb\u00a0<\/span><\/span><\/span><span style=\"color: #000000;\"><span style=\"font-family: Arial, sans-serif;\"><span style=\"font-size: medium;\">d<\/span><\/span><\/span><span style=\"color: #000000;\"><span style=\"font-family: Arial, sans-serif;\"><span style=\"font-size: medium;\">e l&rsquo;article 231 du Code p\u00e9nal relatif au<\/span><\/span><\/span><em style=\"line-height: 1.5em;\"><span style=\"color: #000000;\"><span style=\"font-family: Arial, sans-serif;\"><span style=\"font-size: medium;\">\u00a0<\/span><\/span><\/span><\/em><span style=\"color: #000000;\"><span style=\"font-family: Arial, sans-serif;\"><span style=\"font-size: medium;\">\u00ab\u00a0<\/span><\/span><\/span><em style=\"line-height: 1.5em;\"><span style=\"color: #000000;\"><span style=\"font-family: Arial, sans-serif;\"><span style=\"font-size: medium;\">port public de faux nom\u00a0<\/span><\/span><\/span><\/em><span style=\"color: #000000; font-family: Arial, sans-serif; font-size: medium; line-height: 1.5em;\">\u00bb.<\/span><\/p>\n<p align=\"JUSTIFY\"><span style=\"font-size: medium; font-family: Arial, sans-serif; color: #000000; line-height: 1.5em;\">D&rsquo;un point de vue journalistique, la substitut va ensuite mettre s\u00e9rieusement dans les cordes le duo autoproclam\u00e9 de l&rsquo;investigation.\u00a0Partant des deux grandes r\u00e8gles d\u00e9ontologiques qui encadrent l&rsquo;exercice du journalisme masqu\u00e9 &#8211; r\u00e9v\u00e9ler une info d&rsquo;importance et significative pour la soci\u00e9t\u00e9 ; n&rsquo;avoir aucun autre recours pour informer -, Julie Feld se montre cat\u00e9gorique :\u00a0<\/span><\/p>\n<p align=\"JUSTIFY\"><span style=\"line-height: 1.5em; color: #000000; font-family: Arial, sans-serif; font-size: medium;\">\u00ab<\/span><em><span style=\"line-height: 1.5em; color: #000000; font-family: Arial, sans-serif; font-size: medium;\">Les conditions n&rsquo;\u00e9taient pas remplies pour une &lsquo;undercover&rsquo;, car il y avait d&rsquo;autres moyens, d&rsquo;autres informations \u00e0 travailler, pour savoir si Tonnelier mentait sur ses intentions politiques\u00bb.\u00a0<\/span><\/em><span style=\"line-height: 1.5em; color: #000000; font-family: Arial, sans-serif; font-size: medium;\">Et le minist\u00e8re public d&rsquo;enfoncer le clou\u00a0<\/span><em><span style=\"line-height: 1.5em; color: #000000; font-family: Arial, sans-serif; font-size: medium;\">: \u00abIls ont utilis\u00e9 une m\u00e9thode qui est une infraction p\u00e9nale pour prouver une opinion, or, cette derni\u00e8re n&rsquo;est pas ill\u00e9gale. Ensuite, y avait-il un int\u00e9r\u00eat public suffisant ? Prouver que Tonnelier reste actif politiquement n&rsquo;est pas d&rsquo;int\u00e9r\u00eat public ! Et peut-on commettre une infraction p\u00e9nale pour prouver une appartenance politique ? Non !\u00a0<\/span><\/em><span style=\"color: #000000;\"><span style=\"font-family: Arial, sans-serif;\"><span style=\"font-size: medium;\">\u00bb<\/span><\/span><\/span><em style=\"line-height: 1.5em;\"><span style=\"color: #000000;\"><span style=\"font-family: Arial, sans-serif;\"><span style=\"font-size: medium;\"><em>.<\/em>\u00a0\u00a0<\/span><\/span><\/span><\/em><\/p>\n<p align=\"JUSTIFY\"><a href=\"https:\/\/bruxelles-pantheres.be\/wp-content\/uploads\/2014\/04\/Abra-sur-RTBF.jpg\"><img decoding=\"async\" class=\"size-full wp-image-1928 aligncenter\" alt=\"Abra sur RTBF\" src=\"https:\/\/bruxelles-pantheres.be\/wp-content\/uploads\/2014\/04\/Abra-sur-RTBF.jpg\" width=\"295\" height=\"171\" \/><\/a><\/p>\n<p align=\"JUSTIFY\"><span style=\"color: #000000;\"><span style=\"font-family: Arial, sans-serif;\"><span style=\"font-size: medium;\">Pour autant, la substitut du Procureur estime qu&rsquo;on peut voir les choses sous un autre jour :\u00a0<\/span><\/span><\/span><\/p>\n<p align=\"JUSTIFY\"><span style=\"color: #000000;\"><span style=\"font-family: Arial, sans-serif;\"><span style=\"font-size: medium;\">\u00ab\u00a0<\/span><\/span><\/span><span style=\"color: #000000;\"><span style=\"font-family: Arial, sans-serif;\"><span style=\"font-size: medium;\"><em style=\"color: #333333; font-family: Georgia, 'Times New Roman', 'Bitstream Charter', Times, serif; font-size: 14px; line-height: 1.5em;\"><span style=\"line-height: 1.5em; color: #000000;\"><span style=\"font-family: Arial, sans-serif;\"><span style=\"font-size: medium;\">Ce n&rsquo;est pas le proc\u00e8s de resistances.be, ni celui de la libert\u00e9 de la presse ou celui du combat contre l&rsquo;extr\u00eame-droite mais celui de deux hommes victimes de l\u2019acharnement proc\u00e9durier de Tonnelier ! Mais ce n&rsquo;est pas parce qu&rsquo;on combat l&rsquo;extr\u00eame-droite qu&rsquo;on peut tout faire. Les r\u00e8gles doivent \u00eatre respect\u00e9es par tous. Je vous demande, Madame la pr\u00e9sidente, une peine qui n&rsquo;est pas s\u00e9v\u00e8re : la suspension du prononc\u00e9\u00a0<\/span><\/span><\/span><\/em><span><span><span>\u00bb.<\/span><\/span><\/span>\u00a0Autrement dit : la condamnation d&rsquo;Abramowicz et de Maquestiau sans que celle-ci ne figure sur leurs casiers judiciaires respectifs.<\/span><\/span><\/span><\/p>\n<p align=\"JUSTIFY\"><span style=\"color: #000000;\"><span style=\"font-family: Arial, sans-serif;\"><span style=\"font-size: medium;\">En \u00e9cho, Me S\u00e9bastien Courtoy r\u00e9plique :\u00a0<\/span><\/span><\/span><span style=\"line-height: 1.5em; color: #000000;\"><span style=\"font-family: Arial, sans-serif;\"><span style=\"font-size: medium;\">\u00ab<\/span><\/span><\/span><em style=\"line-height: 1.5em;\"><span style=\"line-height: 1.5em; color: #000000;\"><span style=\"font-family: Arial, sans-serif;\"><span style=\"font-size: medium;\">\u00a0<\/span><\/span><\/span><span style=\"line-height: 1.5em; color: #000000;\"><span style=\"font-family: Arial, sans-serif;\"><span style=\"font-size: medium;\">Cela fait 10 ans que mon client est pers\u00e9cut\u00e9 par Manuel Abramowicz. \u00c7a va trop loin, Madame la pr\u00e9sidente ! Tonnelier, r\u00e9cemment dipl\u00f4m\u00e9 en Droit, in\u00e9ligible et qui a jusqu&rsquo;ici rat\u00e9 sa vie, est un gar\u00e7on fragile. Il va finir par se suicider\u00a0: \u00e0 cause de tous les articles, les pi\u00e8ges et les campagnes d\u2019Abramowicz contre lui ; depuis 10 ans, il n\u2019arrive pas \u00e0 trouver d\u2019emploi ni de petite amie et il en souffre terriblement\u00a0<\/span><\/span><\/span><\/em><span style=\"line-height: 1.5em; color: #000000;\"><span style=\"font-family: Arial, sans-serif;\"><span style=\"font-size: medium;\">\u00bb<\/span><\/span><\/span><span style=\"color: #000000;\"><span style=\"font-family: Arial, sans-serif;\"><span style=\"font-size: medium;\"><em>.<\/em>\u00a0<\/span><\/span><\/span><\/p>\n<p align=\"CENTER\"><span style=\"color: #000000;\"><span style=\"font-family: Arial, sans-serif;\"><span style=\"font-size: medium;\"><b>Anti-journalisme<\/b><\/span><\/span><\/span><\/p>\n<p align=\"JUSTIFY\"><span style=\"color: #000000;\"><span style=\"font-family: Arial, sans-serif;\"><span style=\"font-size: medium;\"><span style=\"line-height: 1.5em; color: #000000;\"><span style=\"font-family: Arial, sans-serif;\"><span style=\"font-size: medium;\">Au lendemain du proc\u00e8s, les trois articles de presse quotidienne (<\/span><\/span><\/span><em><span style=\"line-height: 1.5em; color: #000000;\"><span style=\"font-family: Arial, sans-serif;\"><span style=\"font-size: medium;\">Le Soir<\/span><\/span><\/span><span style=\"line-height: 1.5em; color: #000000;\"><span style=\"font-family: Arial, sans-serif;\"><span style=\"font-size: medium;\">,\u00a0<\/span><\/span><\/span><span style=\"line-height: 1.5em; color: #000000;\"><span style=\"font-family: Arial, sans-serif;\"><span style=\"font-size: medium;\">La Libre<\/span><\/span><\/span><span style=\"line-height: 1.5em; color: #000000;\"><span style=\"font-family: Arial, sans-serif;\"><span style=\"font-size: medium;\">\u00a0et\u00a0<\/span><\/span><\/span><span style=\"line-height: 1.5em; color: #000000;\"><span style=\"font-family: Arial, sans-serif;\"><span style=\"font-size: medium;\">l&rsquo;Avenir<\/span><\/span><\/span><\/em><span style=\"line-height: 1.5em; color: #000000;\"><span style=\"font-family: Arial, sans-serif;\"><span style=\"font-size: medium;\">) ne sont pas favorables aux th\u00e8ses des pr\u00e9venus.\u00a0<\/span><\/span><\/span>Ces productions sont essentiellement construites autour de la demande de condamnation du substitut du Procureur &#8230; En revanche, les trois auteurs des articles reconnaissent et pr\u00e9sentent les deux pr\u00e9venus comme des confr\u00e8res, des journalistes. Or, nous allons le voir, il n&rsquo;y a rien de plus faux.\u00a0<\/span><\/span><\/span><\/p>\n<p align=\"JUSTIFY\"><span style=\"line-height: 1.5em; color: #000000;\"><span style=\"font-family: Arial, sans-serif;\"><span style=\"font-size: medium;\">Ayant couvert l&rsquo;affaire,\u00a0<\/span><\/span><\/span><em><span style=\"line-height: 1.5em; color: #000000;\"><span style=\"font-family: Arial, sans-serif;\"><span style=\"font-size: medium;\">in tempore<\/span><\/span><\/span><\/em><em style=\"line-height: 1.5em;\"><span style=\"line-height: 1.5em; color: #000000;\"><span style=\"font-family: Arial, sans-serif;\"><span style=\"font-size: medium;\"> non suspecto<\/span><\/span><\/span><\/em><span style=\"line-height: 1.5em; color: #000000;\"><span style=\"font-family: Arial, sans-serif;\"><span style=\"font-size: medium;\">, et en sa qualit\u00e9 de journaliste professionnel, il nous a sembl\u00e9 \u00ab\u00a0<\/span><\/span><\/span><em style=\"line-height: 1.5em;\"><span style=\"line-height: 1.5em; color: #000000;\"><span style=\"font-family: Arial, sans-serif;\"><span style=\"font-size: medium;\">d&rsquo;int\u00e9r\u00eat public\u00a0<\/span><\/span><\/span><\/em><span style=\"line-height: 1.5em; color: #000000;\"><span style=\"font-family: Arial, sans-serif;\"><span style=\"font-size: medium;\">\u00bb d&rsquo;interviewer Pascal Lorent. De savoir ce qu&rsquo;il pensait du fond du dossier mais \u00e9galement de conna\u00eetre sa r\u00e9action suite aux all\u00e9gations d&rsquo;Abramowicz d\u00e9clarant \u00eatre \u00e0 l&rsquo;origine de son \u00ab\u00a0<\/span><\/span><\/span><em style=\"line-height: 1.5em;\"><span style=\"line-height: 1.5em; color: #000000;\"><span style=\"font-family: Arial, sans-serif;\"><span style=\"font-size: medium;\">d\u00e9placement\u00a0<\/span><\/span><\/span><\/em><span style=\"line-height: 1.5em; color: #000000;\"><span style=\"font-family: Arial, sans-serif;\"><span style=\"font-size: medium;\">\u00bb au\u00a0<\/span><\/span><\/span><em style=\"line-height: 1.5em;\"><span style=\"line-height: 1.5em; color: #000000;\"><span style=\"font-family: Arial, sans-serif;\"><span style=\"font-size: medium;\">Soir<\/span><\/span><\/span><span style=\"line-height: 1.5em; color: #000000;\"><span style=\"font-family: Arial, sans-serif;\"><span style=\"font-size: medium;\">\u00a0<\/span><\/span><\/span><\/em><span style=\"line-height: 1.5em; color: #000000;\"><span style=\"font-family: Arial, sans-serif;\"><span style=\"font-size: medium;\">pour cause &#8230; \u00ab\u00a0d&rsquo;anti-journalisme\u00a0\u00bb<\/span><\/span><\/span><em style=\"line-height: 1.5em;\"><span style=\"line-height: 1.5em; color: #000000;\"><span style=\"font-family: Arial, sans-serif;\"><span style=\"font-size: medium;\"> ?<\/span><\/span><\/span><\/em><\/p>\n<figure id=\"attachment_1932\" aria-describedby=\"caption-attachment-1932\" style=\"width: 190px\" class=\"wp-caption aligncenter\"><a href=\"https:\/\/bruxelles-pantheres.be\/wp-content\/uploads\/2014\/04\/Pascal-Lorent-def.jpg\"><img decoding=\"async\" class=\"size-medium wp-image-1932\" alt=\"Pascal Lorent\" src=\"https:\/\/bruxelles-pantheres.be\/wp-content\/uploads\/2014\/04\/Pascal-Lorent-def-320x479.jpg\" width=\"200\" height=\"300\" \/><\/a><figcaption id=\"caption-attachment-1932\" class=\"wp-caption-text\">Pascal Lorent<\/figcaption><\/figure>\n<p align=\"JUSTIFY\"><span style=\"line-height: 1.5em; color: #000000;\"><span style=\"font-family: Arial, sans-serif;\"><span style=\"font-size: medium;\">\u00ab<\/span><\/span><\/span><em style=\"line-height: 1.5em;\"><span style=\"line-height: 1.5em; color: #000000;\"><span style=\"font-family: Arial, sans-serif;\"><span style=\"font-size: medium;\">C&rsquo;est R\u00e9sistances qui a contact\u00e9 Le Soir et j&rsquo;ai \u00e9t\u00e9 charg\u00e9 de l&rsquo;article.\u00a0\u00bb,\u00a0<\/span><\/span><\/span><\/em><span style=\"line-height: 1.5em; color: #000000;\"><span style=\"font-family: Arial, sans-serif;\"><span style=\"font-size: medium;\">se souvient Pascal Lorent<\/span><\/span><\/span><span style=\"line-height: 1.5em; color: #000000;\"><span style=\"font-family: Arial, sans-serif;\"><span style=\"font-size: medium;\">.\u00a0<\/span><\/span><\/span><em style=\"line-height: 1.5em;\"><span style=\"line-height: 1.5em; color: #000000;\"><span style=\"font-family: Arial, sans-serif;\"><span style=\"font-size: medium;\">\u00ab\u00a0<\/span><\/span><\/span><span style=\"line-height: 1.5em; color: #000000;\"><span style=\"font-family: Arial, sans-serif;\"><span style=\"font-size: medium;\">J&rsquo;ai relat\u00e9 les faits dans un premier papier et, deux jours plus tard, j<\/span><\/span><\/span><span style=\"line-height: 1.5em; color: #000000;\"><span style=\"font-family: Arial, sans-serif;\"><span style=\"font-size: medium;\">&lsquo;ai publi\u00e9 un commentaire. Pourquoi ? Parce que d\u00e8s le d\u00e9but quelque chose me d\u00e9rangeait.<\/span><\/span><\/span><span style=\"line-height: 1.5em; color: #000000;\"><span style=\"font-family: Arial, sans-serif;\"><span style=\"font-size: medium;\">\u00a0R\u00e9sumons l&rsquo;affaire : on se dissimule pour faire avouer \u00e0 quelqu&rsquo;un ses opinions. Cela me pose probl\u00e8me. Je tiens d&rsquo;abord \u00e0 souligner que je suis antiraciste, pour l&rsquo;\u00e9galit\u00e9 entre les hommes et le plus \u00e9loign\u00e9 possible des th\u00e8ses d&rsquo;extr\u00eame-droite. Pour autant, les garanties de droit sont essentielles en d\u00e9mocratie.\u00a0<\/span><\/span><\/span><\/em><span style=\"line-height: 1.5em; color: #000000;\"><span style=\"font-family: Arial, sans-serif;\"><span style=\"font-size: medium;\">\u00bb<\/span><\/span><\/span><\/p>\n<p align=\"JUSTIFY\"><span style=\"line-height: 1.5em; color: #000000;\"><span style=\"font-family: Arial, sans-serif;\"><span style=\"font-size: medium;\">Chevronn\u00e9 par pr\u00e8s de 20 ans d&rsquo;exp\u00e9riences professionnelles dont 13 au Soir, le journaliste ajoute<\/span><\/span><\/span><em style=\"line-height: 1.5em;\"><span style=\"line-height: 1.5em; color: #000000;\"><span style=\"font-family: Arial, sans-serif;\"><span style=\"font-size: medium;\">\u00a0:\u00a0<\/span><\/span><\/span><\/em><span style=\"line-height: 1.5em; color: #000000;\"><span style=\"font-family: Arial, sans-serif;\"><span style=\"font-size: medium;\">\u00ab\u00a0<\/span><\/span><\/span><em style=\"line-height: 1.5em;\"><span style=\"line-height: 1.5em; color: #000000;\"><span style=\"font-family: Arial, sans-serif;\"><span style=\"font-size: medium;\">Que Tonnelier appartienne \u00e0 l&rsquo;extr\u00eame-droite ou non est un \u00e9l\u00e9ment qui ne pr\u00e9occupe finalement que R\u00e9sistances. La taille groupusculaire de l&rsquo;extr\u00eame-droite en Communaut\u00e9 fran\u00e7aise est telle que de savoir si Tonnelier se r\u00e9unit dans l&rsquo;arri\u00e8re-salle d&rsquo;un caf\u00e9 avec 4 autres sbires ne me semble pas d&rsquo;une importance d\u00e9cisive. Je l&rsquo;ai \u00e9crit dans mon troisi\u00e8me et dernier papier : &lsquo;<\/span><\/span><\/span><\/em><span style=\"line-height: 1.5em; color: #000000;\"><span style=\"font-family: Arial, sans-serif;\"><span style=\"font-size: medium;\">C&rsquo;est prendre un bazooka pour \u00e9craser une mouche&rsquo;<\/span><\/span><\/span><em style=\"line-height: 1.5em;\"><span style=\"line-height: 1.5em; color: #000000;\"><span style=\"font-family: Arial, sans-serif;\"><span style=\"font-size: medium;\">. C&rsquo;\u00e9tait donc disproportionn\u00e9 mais aussi dangereux ! Imaginez qu&rsquo;on applique de telles m\u00e9thodes envers l&rsquo;extr\u00eame-gauche, envers des syndicalistes, des loges ma\u00e7onniques ou des organismes religieux. L&rsquo;appartenance seule ne suffit pas ! Il faut expliquer en quoi celle-ci peut \u00eatre dangereuse pour la collectivit\u00e9 ?\u00a0<\/span><\/span><\/span><\/em><span style=\"line-height: 1.5em; color: #000000;\"><span style=\"font-family: Arial, sans-serif;\"><span style=\"font-size: medium;\">\u00bb.<\/span><\/span><\/span><em style=\"line-height: 1.5em;\"><span style=\"color: #000000;\"><span style=\"font-family: Arial, sans-serif;\"><span style=\"font-size: medium;\">\u00a0<\/span><\/span><\/span><\/em><\/p>\n<figure id=\"attachment_2156\" aria-describedby=\"caption-attachment-2156\" style=\"width: 670px\" class=\"wp-caption aligncenter\"><a href=\"https:\/\/bruxelles-pantheres.be\/wp-content\/uploads\/2014\/04\/2009-07-11-Utiliser-Facebook-contre-le-FN1.jpg\"><img decoding=\"async\" class=\"size-large wp-image-2156\" alt=\"Le &quot;face-\u00e0-face&quot; entre le militant Julien Maquestiau et le journaliste Pascal Lorent (2009). \" src=\"https:\/\/bruxelles-pantheres.be\/wp-content\/uploads\/2014\/04\/2009-07-11-Utiliser-Facebook-contre-le-FN1-1024x705.jpg\" width=\"680\" height=\"468\" \/><\/a><figcaption id=\"caption-attachment-2156\" class=\"wp-caption-text\">Le \u00ab\u00a0face-\u00e0-face\u00a0\u00bb entre le militant Julien Maquestiau et le journaliste Pascal Lorent (2009).<\/figcaption><\/figure>\n<p align=\"JUSTIFY\"><span style=\"line-height: 1.5em; color: #000000;\"><span style=\"font-family: Arial, sans-serif;\"><span style=\"font-size: medium;\">Quant \u00e0 l&rsquo;imp\u00e9rieuse n\u00e9cessit\u00e9 journalistique de \u00ab<\/span><\/span><\/span><em style=\"line-height: 1.5em;\"><span style=\"line-height: 1.5em; color: #000000;\"><span style=\"font-family: Arial, sans-serif;\"><span style=\"font-size: medium;\">\u00a0<\/span><\/span><\/span><span style=\"line-height: 1.5em; color: #000000;\"><span style=\"font-family: Arial, sans-serif;\"><span style=\"font-size: medium;\">d\u00e9noncer<\/span><\/span><\/span><span style=\"line-height: 1.5em; color: #000000;\"><span style=\"font-family: Arial, sans-serif;\"><span style=\"font-size: medium;\">\u00a0<\/span><\/span><\/span><\/em><span style=\"line-height: 1.5em; color: #000000;\"><span style=\"font-family: Arial, sans-serif;\"><span style=\"font-size: medium;\">\u00bb Tonnelier via une\u00a0<\/span><\/span><\/span><span style=\"line-height: 1.5em; color: #000000;\"><span style=\"font-family: Arial, sans-serif;\"><span style=\"font-size: medium;\">undercover<\/span><\/span><\/span><span style=\"line-height: 1.5em; color: #000000;\"><span style=\"font-family: Arial, sans-serif;\"><span style=\"font-size: medium;\">, voil\u00e0 ce qu&rsquo;en dit Lorent cinq ans plus tard : \u00ab\u00a0<\/span><\/span><\/span><em style=\"line-height: 1.5em;\"><span style=\"line-height: 1.5em; color: #000000;\"><span style=\"font-family: Arial, sans-serif;\"><span style=\"font-size: medium;\">Je ne me prononce pas sur le fait de savoir si Tonnelier appartient toujours \u00e0 l&rsquo;extr\u00eame droite. En r\u00e9alit\u00e9, on s&rsquo;en fout et \u00e7a n&rsquo;a aucun int\u00e9r\u00eat. Par contre, Manuel Abramowicz se trompe lorsqu&rsquo;il parle de &lsquo;journalisme undercover&rsquo; pour justifier son op\u00e9ration. Les mots ont leur importance et je conteste le choix de ces termes pour qualifier ce qu&rsquo;il a fait avec Maquestiau. J&rsquo;ajoute qu&rsquo;au d\u00e9part de cette affaire jusqu&rsquo;\u00e0 aujourd&rsquo;hui, il n&rsquo;y a, \u00e0 mon sens, pas de menace pour la libert\u00e9 de la presse\u00a0<\/span><\/span><\/span><\/em><span style=\"line-height: 1.5em; color: #000000;\"><span style=\"font-family: Arial, sans-serif;\"><span style=\"font-size: medium;\">\u00bb<\/span><\/span><\/span><em style=\"line-height: 1.5em;\"><span style=\"line-height: 1.5em; color: #000000;\"><span style=\"font-family: Arial, sans-serif;\"><span style=\"font-size: medium;\">.<\/span><\/span><\/span><\/em><\/p>\n<p align=\"JUSTIFY\"><span style=\"color: #000000;\"><span style=\"font-family: Arial, sans-serif;\"><span style=\"font-size: medium;\">Mais, selon Abramowicz, les sup\u00e9rieurs du journaliste n&rsquo;ont pas \u00e9t\u00e9 de l&rsquo;avis de leur employ\u00e9. D&rsquo;ailleurs, suite \u00e0 une intervention t\u00e9l\u00e9phonique de l&rsquo;actuel pr\u00e9venu, \u00ab\u00a0l&rsquo;incomp\u00e9tent Lorent\u00a0\u00bb aurait \u00e9t\u00e9 mut\u00e9 vers un autre service ? \u00ab<\/span><\/span><\/span><em style=\"line-height: 1.5em;\"><span style=\"color: #000000;\"><span style=\"font-family: Arial, sans-serif;\"><span style=\"font-size: medium;\">\u00a0<\/span><\/span><\/span><span style=\"color: #000000;\"><span style=\"font-family: Arial, sans-serif;\"><span style=\"font-size: medium;\">Si mon d\u00e9placement vers le Service \u00c9conomie du Soir est une &lsquo;sanction&rsquo; alors, nombre de salari\u00e9s sanctionn\u00e9s doivent r\u00eaver de l&rsquo;\u00eatre de la sorte !\u00a0<\/span><\/span><\/span><\/em><span style=\"color: #000000;\"><span style=\"font-family: Arial, sans-serif;\"><span style=\"font-size: medium;\">\u00bb<\/span><\/span><\/span><em style=\"line-height: 1.5em;\"><span style=\"color: #000000;\"><span style=\"font-family: Arial, sans-serif;\"><span style=\"font-size: medium;\">,\u00a0<\/span><\/span><\/span><\/em><span style=\"color: #000000;\"><span style=\"font-family: Arial, sans-serif;\"><span style=\"font-size: medium;\">rigole Pascal Lorent<\/span><\/span><\/span><span style=\"color: #000000;\"><span style=\"font-family: Arial, sans-serif;\"><span style=\"font-size: medium;\">.<\/span><\/span><\/span><\/p>\n<p align=\"JUSTIFY\"><span style=\"color: #000000;\"><span style=\"font-family: Arial, sans-serif;\"><span style=\"font-size: medium;\">\u00ab<\/span><\/span><\/span><em><span style=\"color: #000000;\"><span style=\"font-family: Arial, sans-serif;\"><span style=\"font-size: medium;\">Soyons s\u00e9rieux : \u00e0 aucun moment, Abramowicz n&rsquo;a \u00e9t\u00e9 \u00e0 l&rsquo;origine de mon changement de Service au Soir. C&rsquo;est moi-m\u00eame qui l&rsquo;ai demand\u00e9 ! Apr\u00e8s 4 ans de couverture des mati\u00e8res politiques et \u00e0 l&rsquo;occasion de la nomination du nouveau r\u00e9dacteur en chef,\u00a0<\/span><\/span><\/span><span style=\"color: #000000;\"><span style=\"font-family: Arial, sans-serif;\"><span style=\"font-size: medium;\"><b>Christophe Berti<\/b><\/span><\/span><\/span><span style=\"color: #000000;\"><span style=\"font-family: Arial, sans-serif;\"><span style=\"font-size: medium;\">, j&rsquo;ai d\u00e9pos\u00e9 un projet pour cr\u00e9er une &lsquo;cellule consommation&rsquo;, conjointement \u00e0 un coll\u00e8gue qui a propos\u00e9 une &lsquo;cellule alimentation&rsquo;. Tout cela a abouti \u00e0 mon transfert vers l\u2019\u00c9conomie, \u00e0 partir de septembre 2013, et j&rsquo;ai une s\u00e9rie d&rsquo;\u00e9changes de mails pour le prouver. Bref, ce d\u00e9placement n&rsquo;a rien avoir avec mes articles publi\u00e9s en 2009 &#8230; Manuel Abramowicz est persuad\u00e9 de l&rsquo;utilit\u00e9 de ce qu&rsquo;il fait et je ne veux en aucun cas la lui retirer. N\u00e9anmoins, il ferait bien de revenir \u00e0 un peu plus d&rsquo;humilit\u00e9 : il n&rsquo;a pas encore le pouvoir de faire changer d&rsquo;affection les journalistes du Soir\u00a0<\/span><\/span><\/span><\/em><span style=\"color: #000000;\"><span style=\"font-family: Arial, sans-serif;\"><span style=\"font-size: medium;\">\u00bb<\/span><\/span><\/span><em><span style=\"color: #000000;\"><span style=\"font-family: Arial, sans-serif;\"><span style=\"font-size: medium;\">. \u00a0<\/span><\/span><\/span><\/em><\/p>\n<p align=\"JUSTIFY\"><span style=\"color: #000000; font-family: Arial, sans-serif; font-size: medium; line-height: 24px;\">Confirmant les appels t\u00e9l\u00e9phoniques d&rsquo;Abramowicz, re\u00e7us \u00e0 l&rsquo;\u00e9poque de ses articles comme apr\u00e8s l&rsquo;audience du 25 mars 2014, Pascal Lorent ne qualifie pas ceux-ci de \u00ab\u00a0pressions\u00a0\u00bb<\/span><span style=\"color: #000000; font-family: Arial, sans-serif; font-size: medium; line-height: 24px;\">.<\/span><em style=\"line-height: 1.5em;\"><span style=\"color: #000000; font-family: Arial, sans-serif; font-size: medium; line-height: 24px;\">\u00a0<\/span><\/em><span style=\"color: #000000; font-family: Arial, sans-serif; font-size: medium; line-height: 24px;\">Mais s&rsquo;interroge\u00a0<\/span><span style=\"color: #000000; font-family: Arial, sans-serif; font-size: medium; line-height: 24px;\">:\u00a0<\/span><span style=\"color: #000000; font-family: Arial, sans-serif; font-size: medium; line-height: 24px;\">\u00ab<\/span><em style=\"line-height: 1.5em;\"><span style=\"color: #000000; font-family: Arial, sans-serif; font-size: medium; line-height: 24px;\">\u00a0<\/span><span style=\"color: #000000; font-family: Arial, sans-serif; font-size: medium; line-height: 24px;\">Non, il n&rsquo;a pas exerc\u00e9 de pressions directement sur moi. Mais a-t-il appel\u00e9 d&rsquo;autres personnes comme ma R\u00e9dactrice en chef de l&rsquo;\u00e9poque,\u00a0<\/span><b style=\"color: #000000; font-family: Arial, sans-serif; font-size: medium; line-height: 24px;\">B\u00e9atrice Delvaux<\/b><span style=\"color: #000000; font-family: Arial, sans-serif; font-size: medium; line-height: 24px;\">, ou le Directeur g\u00e9n\u00e9ral,\u00a0<\/span><b style=\"color: #000000; font-family: Arial, sans-serif; font-size: medium; line-height: 24px;\">Didier Hamann<\/b><span style=\"color: #000000; font-family: Arial, sans-serif; font-size: medium; line-height: 24px;\">\u00a0? Je n&rsquo;en sais rien. Il faudrait leur demander &#8230; En tout cas, je n&rsquo;ai jamais \u00e9t\u00e9 averti d&rsquo;une telle chose par ma direction<\/span><span style=\"color: #000000; font-family: Arial, sans-serif; font-size: medium; line-height: 24px;\">.\u00a0<\/span><\/em><span style=\"color: #000000; font-family: Arial, sans-serif; font-size: medium; line-height: 24px;\">\u00bb<\/span><\/p>\n<p align=\"CENTER\"><span style=\"color: #000000;\"><span style=\"font-family: Arial, sans-serif;\"><span style=\"font-size: medium;\"><b>Pressions et menace sur FDC <\/b><\/span><\/span><\/span><\/p>\n<p align=\"JUSTIFY\"><span style=\"line-height: 1.5em; color: #000000;\"><span style=\"font-family: Arial, sans-serif;\"><span style=\"font-size: medium;\">Contacter les dirigeants du\u00a0<\/span><\/span><\/span><em><span style=\"line-height: 1.5em; color: #000000;\"><span style=\"font-family: Arial, sans-serif;\"><span style=\"font-size: medium;\">Soir<\/span><\/span><\/span><span style=\"line-height: 1.5em; color: #000000;\"><span style=\"font-family: Arial, sans-serif;\"><span style=\"font-size: medium;\">\u00a0<\/span><\/span><\/span><\/em><span style=\"line-height: 1.5em; color: #000000;\"><span style=\"font-family: Arial, sans-serif;\"><span style=\"font-size: medium;\">ne sera pas n\u00e9cessaire. Manuel Abramowicz s&rsquo;est charg\u00e9 lui-m\u00eame de pulv\u00e9riser nos derniers doutes &#8230; Et l\u00e0 encore, il nous a sembl\u00e9 d&rsquo;int\u00e9r\u00eat public de r\u00e9v\u00e9ler ce \u00e0 quoi il s&rsquo;est livr\u00e9 48 heures apr\u00e8s la fin de son proc\u00e8s.<\/span><\/span><\/span><\/p>\n<p align=\"JUSTIFY\"><span style=\"line-height: 1.5em; color: #000000;\"><span style=\"font-family: Arial, sans-serif;\"><span style=\"font-size: medium;\"><span style=\"color: #000000;\"><span style=\"font-family: Arial, sans-serif;\"><span style=\"font-size: medium;\"><span style=\"font-family: Georgia, 'Times New Roman', 'Bitstream Charter', Times, serif; font-size: 14px; line-height: 1.5em;\"><span style=\"font-family: Arial, sans-serif;\"><span style=\"font-size: medium;\">Le 27 mars 2014, en messagerie priv\u00e9e sur Facebook, le vaillant \u00ab\u00a0journaliste d&rsquo;investigation\u00a0\u00bb\u00a0<\/span><\/span><\/span><\/span><\/span><\/span><\/span><\/span><\/span><span style=\"line-height: 1.5em; color: #000000; font-family: Arial, sans-serif; font-size: medium;\"><span style=\"font-family: Georgia, 'Times New Roman', 'Bitstream Charter', Times, serif; font-size: 14px; line-height: 1.5em;\"><span style=\"font-family: Arial, sans-serif;\"><span style=\"font-size: medium;\">a mis sous pression et menac\u00e9 l&rsquo;une des collaboratrices de<\/span><\/span><\/span><\/span><em style=\"line-height: 1.5em;\"><span style=\"line-height: 1.5em; color: #000000; font-family: Arial, sans-serif; font-size: medium;\"><span style=\"font-family: Georgia, 'Times New Roman', 'Bitstream Charter', Times, serif; font-size: 14px; line-height: 1.5em;\"><span style=\"font-family: Arial, sans-serif;\"><span style=\"font-size: medium;\">\u00a0<\/span><\/span><\/span><span style=\"font-family: Georgia, 'Times New Roman', 'Bitstream Charter', Times, serif; font-size: 14px; line-height: 1.5em;\"><span style=\"font-family: Arial, sans-serif;\"><span style=\"font-size: medium;\">FDC<\/span><\/span><\/span><span style=\"font-family: Georgia, 'Times New Roman', 'Bitstream Charter', Times, serif; font-size: 14px; line-height: 1.5em;\"><span style=\"font-family: Arial, sans-serif;\"><span style=\"font-size: medium;\">\u00a0<\/span><\/span><\/span><\/span><span style=\"line-height: 1.5em; color: #000000; font-family: Arial, sans-serif; font-size: medium;\"><span style=\"font-family: Georgia, 'Times New Roman', 'Bitstream Charter', Times, serif; font-size: 14px; line-height: 1.5em;\"><span style=\"font-family: Arial, sans-serif;\"><span style=\"font-size: medium;\">(<a href=\"http:\/\/www.femmesdechambre.be\/\">www.femmesdechambre.be<\/a>).\u00a0<\/span><\/span><\/span><\/span><\/em><\/p>\n<p align=\"JUSTIFY\"><em style=\"line-height: 1.5em;\"><span style=\"line-height: 1.5em; color: #000000; font-family: Arial, sans-serif; font-size: medium;\"><span style=\"font-family: Georgia, 'Times New Roman', 'Bitstream Charter', Times, serif; font-size: 14px; line-height: 1.5em;\"><span style=\"font-family: Arial, sans-serif;\"><span style=\"font-size: medium;\">\u00a0<\/span><\/span><\/span>\u00a0<\/span><span style=\"line-height: 1.5em; color: #000000; font-family: Arial, sans-serif; font-size: medium;\">\u00a0<a href=\"https:\/\/bruxelles-pantheres.be\/wp-content\/uploads\/2014\/04\/Logo-FDC-proc\u00e8s-Abra.jpg\"><img decoding=\"async\" class=\"size-medium wp-image-1934 aligncenter\" alt=\"Logo FDC proc\u00e8s Abra\" src=\"https:\/\/bruxelles-pantheres.be\/wp-content\/uploads\/2014\/04\/Logo-FDC-proc\u00e8s-Abra-320x320.jpg\" width=\"300\" height=\"300\" srcset=\"https:\/\/bruxelles-pantheres.be\/wp-content\/uploads\/2014\/04\/Logo-FDC-proc\u00e8s-Abra-320x320.jpg 320w, https:\/\/bruxelles-pantheres.be\/wp-content\/uploads\/2014\/04\/Logo-FDC-proc\u00e8s-Abra-150x150.jpg 150w, https:\/\/bruxelles-pantheres.be\/wp-content\/uploads\/2014\/04\/Logo-FDC-proc\u00e8s-Abra-50x50.jpg 50w, https:\/\/bruxelles-pantheres.be\/wp-content\/uploads\/2014\/04\/Logo-FDC-proc\u00e8s-Abra-540x540.jpg 540w, https:\/\/bruxelles-pantheres.be\/wp-content\/uploads\/2014\/04\/Logo-FDC-proc\u00e8s-Abra.jpg 850w\" sizes=\"(max-width: 300px) 100vw, 300px\" \/><\/a><\/span><\/em><\/p>\n<p align=\"JUSTIFY\"><span style=\"line-height: 1.5em; color: #000000;\"><span style=\"font-family: Arial, sans-serif;\"><span style=\"font-size: medium;\">Avec un tel succ\u00e8s que l&rsquo;\u00e9quipe de ce site d&rsquo;informations belge a exig\u00e9 de censurer une partie significative de notre article &#8230; Je m&rsquo;y suis refus\u00e9. Jugeant ce choix inacceptable et en totale contradiction avec la charte d\u00e9ontologique de\u00a0<\/span><\/span><\/span><em style=\"line-height: 1.5em;\"><span style=\"line-height: 1.5em; color: #000000;\"><span style=\"font-family: Arial, sans-serif;\"><span style=\"font-size: medium;\">FDC\u00a0<\/span><\/span><\/span><\/em><span style=\"line-height: 1.5em; color: #000000;\"><span style=\"font-family: Arial, sans-serif;\"><span style=\"font-size: medium;\">!\u00a0<\/span><\/span><\/span><span style=\"line-height: 1.5em; color: #000000;\"><span style=\"font-family: Arial, sans-serif;\"><span style=\"font-size: medium;\">Sollicit\u00e9 en urgence, le site\u00a0<\/span><\/span><\/span><em><span style=\"line-height: 1.5em; color: #000000;\"><span style=\"font-family: Arial, sans-serif;\"><span style=\"font-size: medium;\">Bruxelles-Panth\u00e8re<\/span><\/span><\/span><\/em><span style=\"line-height: 1.5em; color: #000000;\"><span style=\"font-family: Arial, sans-serif;\"><span style=\"font-size: medium;\">\u00a0a accept\u00e9 de diffuser l&rsquo;int\u00e9gralit\u00e9 de ma production journalistique.<\/span><\/span><\/span><\/p>\n<p align=\"JUSTIFY\"><span style=\"color: #000000;\"><span style=\"font-family: Arial, sans-serif;\"><span style=\"font-size: medium;\">Voici donc ce qu&rsquo;a envoy\u00e9 Abramowicz \u00e0 cette journaliste ind\u00e9pendante et que le site FDC a voulu censurer. Un extrait qui se caract\u00e9rise aussi par un concentr\u00e9 de diffamations haineuses envers l&rsquo;auteur de ces lignes :<\/span><\/span><\/span><\/p>\n<p align=\"JUSTIFY\"><span style=\"line-height: 1.5em; color: #000000;\"><span style=\"font-family: Arial, sans-serif;\"><span style=\"font-size: medium;\">\u00ab<\/span><\/span><\/span><em style=\"line-height: 1.5em;\"><span style=\"line-height: 1.5em; color: #000000;\"><span style=\"font-family: Arial, sans-serif;\"><span style=\"font-size: medium;\">\u00a0<\/span><\/span><\/span><span style=\"line-height: 1.5em; color: #000000;\"><span style=\"font-family: Arial, sans-serif;\"><span style=\"font-size: medium;\">Pas tr\u00e8s s\u00e9rieux pour une journaliste. Tu couvres donc\u00a0<\/span><\/span><\/span><span style=\"line-height: 1.5em; color: #000000;\"><span style=\"font-family: Arial, sans-serif;\"><span style=\"font-size: medium;\"><b>Olivier Mukuna<\/b><\/span><\/span><\/span><span style=\"line-height: 1.5em; color: #000000;\"><span style=\"font-family: Arial, sans-serif;\"><span style=\"font-size: medium;\">, c&rsquo;est normal, vous \u00eates des potes. Ah, la subjectivit\u00e9&#8230;\u00a0<\/span><\/span><\/span><span style=\"line-height: 1.5em; font-family: Arial, sans-serif; color: #000000;\"><span style=\"font-size: medium;\">Nous, pour notre part, nous allons le d\u00e9noncer comme le nouveau collabo de l&rsquo;extr\u00eame droite belge et \u00e9videment retracer son parcours et sa d\u00e9rive&#8230; En \u00e9voquant tous ses mensonges, dont les vraies raisons pour lesquelles il ne peut plus \u00e9crire dans la presse belge (tu connais sa r\u00e9putation de gros paresseux dans les m\u00e9dias ?). D\u00e8s lors, nous r\u00e9v\u00e9lerons, avec des t\u00e9moignages d\u00e9j\u00e0 recueillis, ses manipulations&#8230;<\/span><\/span><\/em><\/p>\n<p align=\"JUSTIFY\"><span style=\"color: #000000;\"><em><span style=\"font-family: Arial, sans-serif;\"><span style=\"font-size: medium;\">Nous aborderons aussi sans doute l&rsquo;histoire de l&rsquo;\u00e9criture de son m\u00e9moire \u00e0 l&rsquo;ULB en journalisme, avec l&rsquo;aide d&rsquo;un &lsquo;vrai n\u00e8gre&rsquo; (une bonne connaissance \u00e0 moi )&#8230; Cela sera notre sp\u00e9ciale r\u00e9ponse au vrai faussaire qu&rsquo;il est, Olivier (pourtant c&rsquo;est lui qui m&rsquo;avait qualifi\u00e9 de &lsquo;faussaire&rsquo;), et nous \u00e9voquerons aussi, c&rsquo;est normal, qu&rsquo;il est le cofondateur du site d&rsquo;informations Femmes de chambre&#8230; avec toi. Un site d\u00e8s lors co-anim\u00e9 par un collabo d&rsquo;extr\u00eame droite.<\/span><\/span><\/em><\/span><\/p>\n<p align=\"JUSTIFY\"><em><span style=\"color: #000000;\"><span style=\"font-family: Arial, sans-serif;\"><span style=\"font-size: medium;\"><span style=\"color: #000000; font-size: 14px; line-height: 1.5em;\"><span style=\"font-size: medium;\">Je sais, c&rsquo;est dur de savoir qu&rsquo;un de tes supers amis est un super menteur et qu&rsquo;il t&rsquo;a manipul\u00e9e de A \u00e0 Z. (Ce message est une conversation priv\u00e9e&#8230; si tu le diffuses, je te colle une plainte qui d\u00e9bouchera sur un proc\u00e8s).<\/span><\/span><span style=\"color: #333333; font-size: 14px; line-height: 1.5em;\"><span style=\"font-size: medium;\">\u00a0<\/span><\/span><\/span><\/span><\/span><\/em><span style=\"color: #000000;\"><span style=\"font-family: Arial, sans-serif;\"><span style=\"font-size: medium;\"><span style=\"font-family: Georgia, 'Times New Roman', 'Bitstream Charter', Times, serif; font-size: 14px; line-height: 1.5em;\"><span style=\"font-family: Arial, sans-serif;\"><span style=\"font-size: medium;\">\u00bb<\/span><\/span><\/span><\/span><\/span><\/span><em><span style=\"color: #000000;\"><span style=\"font-family: Arial, sans-serif;\"><span style=\"font-size: medium;\">\u00a0<\/span><\/span><\/span><span style=\"line-height: 1.5em; color: #000000;\"><span style=\"font-family: Arial, sans-serif;\"><span style=\"font-size: medium;\">\u00a0<\/span><\/span><\/span><span style=\"color: #000000;\"><span style=\"font-family: Arial, sans-serif;\"><span style=\"font-size: medium;\">\u00a0<\/span><\/span><\/span><\/em><em style=\"line-height: 1.5em;\"><span style=\"color: #000000;\"><span style=\"font-family: Arial, sans-serif;\"><span style=\"font-size: medium;\">\u00a0<\/span><\/span><\/span><\/em><\/p>\n<p align=\"JUSTIFY\"><span style=\"line-height: 1.5em; color: #000000;\"><span style=\"font-family: Arial, sans-serif;\"><span style=\"font-size: medium;\">Devant tant de \u00ab vocation \u00bb pour le respect d&rsquo;autrui et la libert\u00e9 de la presse, notre cons\u0153ur a r\u00e9pondu, elle, en journaliste authentique : \u00ab<\/span><\/span><\/span><em style=\"line-height: 1.5em;\"><span style=\"line-height: 1.5em; color: #000000;\"><span style=\"font-family: Arial, sans-serif;\"><span style=\"font-size: medium;\">\u00a0<\/span><\/span><\/span><span style=\"line-height: 1.5em; color: #000000;\"><span style=\"font-family: Arial, sans-serif;\"><span style=\"font-size: medium;\">Je ne suis pas sensible aux menaces.<\/span><\/span><\/span><span style=\"line-height: 1.5em; color: #000000;\"><span style=\"font-family: Arial, sans-serif;\"><span style=\"font-size: medium;\">\u00a0<\/span><\/span><\/span><\/em><span style=\"line-height: 1.5em; color: #000000;\"><span style=\"font-family: Arial, sans-serif;\"><span style=\"font-size: medium;\">\u00bb\u00a0<\/span><\/span><\/span><span style=\"line-height: 1.5em; color: #000000;\"><span style=\"font-family: Arial, sans-serif;\"><span style=\"font-size: medium;\">Et l&rsquo;actuel pr\u00e9venu de lui r\u00e9pondre tel un militant d&rsquo;extr\u00eame-droite :\u00a0<\/span><\/span><\/span><span style=\"line-height: 1.5em; color: #000000;\"><span style=\"font-family: Arial, sans-serif;\"><span style=\"font-size: medium;\">\u00ab<\/span><\/span><\/span><em style=\"line-height: 1.5em;\"><span style=\"line-height: 1.5em; color: #000000;\"><span style=\"font-family: Arial, sans-serif;\"><span style=\"font-size: medium;\">\u00a0<\/span><\/span><\/span><span style=\"line-height: 1.5em; color: #000000;\"><span style=\"font-family: Arial, sans-serif;\"><span style=\"font-size: medium;\">Ce n&rsquo;est pas une menace, juste un &lsquo;rappel \u00e0 l&rsquo;ordre&rsquo;. Bisous tout de m\u00eame et \u00e0 la prochaine\u00a0<\/span><\/span><\/span><\/em><span style=\"line-height: 1.5em; color: #000000;\"><span style=\"font-family: Arial, sans-serif;\"><span style=\"font-size: medium;\">\u00bb.<\/span><\/span><\/span><em style=\"line-height: 1.5em;\"><span style=\"line-height: 1.5em; color: #000000;\"><span style=\"font-family: Arial, sans-serif;\"><span style=\"font-size: medium;\">\u00a0<\/span><\/span><\/span><span style=\"line-height: 1.5em; color: #000000;\"><span style=\"font-family: Arial, sans-serif;\"><span style=\"font-size: medium;\">\u00a0\u00a0<\/span><\/span><\/span><span style=\"line-height: 1.5em; color: #000000;\"><span style=\"font-family: Arial, sans-serif;\"><span style=\"font-size: medium;\">\u00a0<\/span><\/span><\/span><span style=\"line-height: 1.5em; color: #000000;\"><span style=\"font-family: Arial, sans-serif;\"><span style=\"font-size: medium;\">\u00a0<\/span><\/span><\/span><span style=\"color: #000000;\"><span style=\"font-family: Arial, sans-serif;\"><span style=\"font-size: medium;\">\u00a0<\/span><\/span><\/span><\/em><\/p>\n<p align=\"JUSTIFY\"><span style=\"line-height: 1.5em; color: #000000;\"><span style=\"font-family: Arial, sans-serif;\"><span style=\"font-size: medium;\"><em>\u00a0<\/em><\/span><\/span><\/span><\/p>\n","protected":false},"excerpt":{"rendered":"<p>Devant le Tribunal correctionnel de Bruxelles s&rsquo;est d\u00e9roul\u00e9e, le 25 mars, la derni\u00e8re \u00e9tape du proc\u00e8s opposant Georges-Pierre Tonnelier \u00e0 Manuel Abramowicz et Julien Maquestiau. Les militants de l&rsquo;asbl R\u00e9sistances sont accus\u00e9s de \u00ab\u00a0port public de faux nom, faux et usage de faux et violation de la vie priv\u00e9e\u00a0\u00bb. Une audience tendue mais passionnante qui &#8230; <a title=\"Proc\u00e8s Abramowicz : le faussaire bient\u00f4t condamn\u00e9 ?\" class=\"read-more\" href=\"https:\/\/bruxelles-pantheres.be\/?p=1968\" aria-label=\"En savoir plus sur Proc\u00e8s Abramowicz : le faussaire bient\u00f4t condamn\u00e9 ?\">Lire la suite<\/a><\/p>\n","protected":false},"author":2,"featured_media":1928,"comment_status":"open","ping_status":"open","sticky":false,"template":"","format":"standard","meta":{"footnotes":""},"categories":[18],"tags":[],"class_list":["post-1968","post","type-post","status-publish","format-standard","has-post-thumbnail","hentry","category-resistance-bruxelles"],"_links":{"self":[{"href":"https:\/\/bruxelles-pantheres.be\/index.php?rest_route=\/wp\/v2\/posts\/1968","targetHints":{"allow":["GET"]}}],"collection":[{"href":"https:\/\/bruxelles-pantheres.be\/index.php?rest_route=\/wp\/v2\/posts"}],"about":[{"href":"https:\/\/bruxelles-pantheres.be\/index.php?rest_route=\/wp\/v2\/types\/post"}],"author":[{"embeddable":true,"href":"https:\/\/bruxelles-pantheres.be\/index.php?rest_route=\/wp\/v2\/users\/2"}],"replies":[{"embeddable":true,"href":"https:\/\/bruxelles-pantheres.be\/index.php?rest_route=%2Fwp%2Fv2%2Fcomments&post=1968"}],"version-history":[{"count":202,"href":"https:\/\/bruxelles-pantheres.be\/index.php?rest_route=\/wp\/v2\/posts\/1968\/revisions"}],"predecessor-version":[{"id":2184,"href":"https:\/\/bruxelles-pantheres.be\/index.php?rest_route=\/wp\/v2\/posts\/1968\/revisions\/2184"}],"wp:featuredmedia":[{"embeddable":true,"href":"https:\/\/bruxelles-pantheres.be\/index.php?rest_route=\/wp\/v2\/media\/1928"}],"wp:attachment":[{"href":"https:\/\/bruxelles-pantheres.be\/index.php?rest_route=%2Fwp%2Fv2%2Fmedia&parent=1968"}],"wp:term":[{"taxonomy":"category","embeddable":true,"href":"https:\/\/bruxelles-pantheres.be\/index.php?rest_route=%2Fwp%2Fv2%2Fcategories&post=1968"},{"taxonomy":"post_tag","embeddable":true,"href":"https:\/\/bruxelles-pantheres.be\/index.php?rest_route=%2Fwp%2Fv2%2Ftags&post=1968"}],"curies":[{"name":"wp","href":"https:\/\/api.w.org\/{rel}","templated":true}]}}