{"id":212,"date":"2013-07-18T23:55:10","date_gmt":"2013-07-18T22:55:10","guid":{"rendered":"https:\/\/bruxelles-pantheres.be\/?p=212"},"modified":"2013-11-09T23:57:15","modified_gmt":"2013-11-09T22:57:15","slug":"journee-mondiale-de-soutien-aux-victimes-de-torture","status":"publish","type":"post","link":"https:\/\/bruxelles-pantheres.be\/?p=212","title":{"rendered":"\u00ab Journ\u00e9e Mondiale de Soutien aux Victimes de Torture \u00bb"},"content":{"rendered":"<address><b>Journ\u00e9e mondiale contre la torture\u00a0: rassemblement pour les prisonniers belges, tortur\u00e9s au Maroc. <\/b><\/address>\n<p>Le 26 juin a \u00e9t\u00e9 proclam\u00e9 par l\u2019ONU \u00ab\u00a0<i><b>Journ\u00e9e Mondiale de Soutien aux Victimes de Torture<\/b><\/i>\u00a0\u00bb afin d\u2019assurer l\u2019application de la Convention contre la torture du 10 d\u00e9cembre 1984.<!--more--><\/p>\n<p>A cette occasion, le Comit\u00e9 des familles des d\u00e9tenus europ\u00e9ens au Maroc ( <a href=\"http:\/\/prisonnierseuropeensaumaroc.blogspot.be\/\" target=\"_blank\" rel=\"nofollow\">http:\/\/<wbr \/>prisonnierseuropeensaumaroc.<wbr \/>blogspot.be\/<\/a> ) a organiser un rassemblement le mercredi 26 juin de 12 \u00e0 15 heures devant le Minist\u00e8re des Affaires \u00e9trang\u00e8res, Rue des Petits Carmes 15 \u00e0 1000 Bruxelles.<br \/>\n<iframe src=\"\/\/www.youtube.com\/embed\/euvaQ586Ioo\" height=\"315\" width=\"560\" allowfullscreen=\"\" frameborder=\"0\"><\/iframe><\/p>\n<p style=\"text-align: justify;\">Ce fut le huiti\u00e8me rassemblement du Comit\u00e9, qui demande la fin du refus syst\u00e9matique du Ministre des Affaires \u00e9trang\u00e8res Didier Reynders de recevoir les familles Aarrass, Belliraj, R\u2019ha, Zemmouri, Bekhti, Bouhali Zriouil ou autres familles des d\u00e9tenus belgo-marocains au Maroc. Le Comit\u00e9 demande d\u2019\u00eatre re\u00e7u et d\u2019obtenir une protection consulaire pour les prisonniers belges au Maroc.<\/p>\n<p style=\"text-align: justify;\">Le Comit\u00e9 pr\u00e9sentera au Ministre Reynders le Rapport, rendu public le 31 mai 2013, du Rapporteur sp\u00e9cial des Nations-Unies contre la torture, Juan Mendez, sur la torture du Belgo-Marocain Ali Aarrass.<\/p>\n<p style=\"text-align: justify;\">Jusqu\u2019\u00e0 ce jour, le Minist\u00e8re des Affaires \u00e9trang\u00e8res a toujours ni\u00e9 l\u2019existence de la torture au Maroc.<\/p>\n<p style=\"text-align: justify;\">Si la Belgique pouvait jusqu\u2019ici\u00a0\u00a0 se voiler la face en all\u00e9guant qu\u2019Ali Aarrass n\u2019avait pas rapport\u00e9 la preuve de la torture encourue, tel n\u2019est plus le cas aujourd\u2019hui.<\/p>\n<p>L\u2019interdiction de la torture est une norme du droit international imp\u00e9rative, de sorte qu\u2019elle oblige la Belgique \u00e0 intervenir.<\/p>\n<p>Contact\u00a0: Luk Vervaet<\/p>\n","protected":false},"excerpt":{"rendered":"<p>Journ\u00e9e mondiale contre la torture\u00a0: rassemblement pour les prisonniers belges, tortur\u00e9s au Maroc. Le 26 juin a \u00e9t\u00e9 proclam\u00e9 par l\u2019ONU \u00ab\u00a0Journ\u00e9e Mondiale de Soutien aux Victimes de Torture\u00a0\u00bb afin d\u2019assurer l\u2019application de la Convention contre la torture du 10 d\u00e9cembre 1984.<\/p>\n","protected":false},"author":1,"featured_media":163,"comment_status":"open","ping_status":"open","sticky":false,"template":"","format":"standard","meta":{"footnotes":""},"categories":[24,4,8],"tags":[],"class_list":["post-212","post","type-post","status-publish","format-standard","has-post-thumbnail","hentry","category-belgique-maroc","category-islamophobie","category-prisons"],"_links":{"self":[{"href":"https:\/\/bruxelles-pantheres.be\/index.php?rest_route=\/wp\/v2\/posts\/212","targetHints":{"allow":["GET"]}}],"collection":[{"href":"https:\/\/bruxelles-pantheres.be\/index.php?rest_route=\/wp\/v2\/posts"}],"about":[{"href":"https:\/\/bruxelles-pantheres.be\/index.php?rest_route=\/wp\/v2\/types\/post"}],"author":[{"embeddable":true,"href":"https:\/\/bruxelles-pantheres.be\/index.php?rest_route=\/wp\/v2\/users\/1"}],"replies":[{"embeddable":true,"href":"https:\/\/bruxelles-pantheres.be\/index.php?rest_route=%2Fwp%2Fv2%2Fcomments&post=212"}],"version-history":[{"count":1,"href":"https:\/\/bruxelles-pantheres.be\/index.php?rest_route=\/wp\/v2\/posts\/212\/revisions"}],"predecessor-version":[{"id":213,"href":"https:\/\/bruxelles-pantheres.be\/index.php?rest_route=\/wp\/v2\/posts\/212\/revisions\/213"}],"wp:featuredmedia":[{"embeddable":true,"href":"https:\/\/bruxelles-pantheres.be\/index.php?rest_route=\/wp\/v2\/media\/163"}],"wp:attachment":[{"href":"https:\/\/bruxelles-pantheres.be\/index.php?rest_route=%2Fwp%2Fv2%2Fmedia&parent=212"}],"wp:term":[{"taxonomy":"category","embeddable":true,"href":"https:\/\/bruxelles-pantheres.be\/index.php?rest_route=%2Fwp%2Fv2%2Fcategories&post=212"},{"taxonomy":"post_tag","embeddable":true,"href":"https:\/\/bruxelles-pantheres.be\/index.php?rest_route=%2Fwp%2Fv2%2Ftags&post=212"}],"curies":[{"name":"wp","href":"https:\/\/api.w.org\/{rel}","templated":true}]}}