{"id":214,"date":"2013-07-16T23:58:55","date_gmt":"2013-07-16T22:58:55","guid":{"rendered":"https:\/\/bruxelles-pantheres.be\/?p=214"},"modified":"2013-11-09T23:59:54","modified_gmt":"2013-11-09T22:59:54","slug":"nordin-benallal-un-message-de-solidarite-pour-ali-aarrass","status":"publish","type":"post","link":"https:\/\/bruxelles-pantheres.be\/?p=214","title":{"rendered":"Nordin Benallal : un message de solidarit\u00e9 pour Ali Aarrass"},"content":{"rendered":"<p>&nbsp;<\/p>\n<div>\n<div><a href=\"http:\/\/4.bp.blogspot.com\/-eTM6klxxaQc\/Uc_y5c9YFLI\/AAAAAAAACIw\/WHgcuefds44\/s700\/Nordin+Benallal+II.jpg\"><img decoding=\"async\" alt=\"\" src=\"https:\/\/lh3.ggpht.com\/-eTM6klxxaQc\/Uc_y5c9YFLI\/AAAAAAAACIw\/WHgcuefds44\/s320\/Nordin+Benallal+II.jpg\" width=\"320\" height=\"228\" border=\"0\" \/><\/a><\/div>\n<div align=\"JUSTIFY\">Je suis scandalis\u00e9 par l\u2019attitude de Didier Reynders vis \u00e0 vis du cas horriblement inhumain et abject du dossier Ali Aarrass.<\/div>\n<div align=\"JUSTIFY\">Cet homme s\u2019est fait torturer au Maroc. Cet homme est un ressortissant belge. Cet homme a effectu\u00e9 son service militaire en Belgique, donc cet homme \u00e9tait pr\u00eat \u00e0 se battre pour son pays la BELGIQUE.<\/div>\n<div align=\"JUSTIFY\">Et son pays le laisse tomber comme une vieille chaussette. Honteux, honteux Monsieur Reynder.<!--more-->Comment pouvez-vous encore vous regarder dans une glace sachant que l\u2019un de vos compatriotes, innocent s\u2019est fait torturer \u00e0 2400 km de chez nous.<\/div>\n<div align=\"JUSTIFY\">Le pire c\u2019est que vous, en votre qualit\u00e9 de Ministre des affaires \u00e9trang\u00e8res, vous avez les moyens de r\u00e9agir et de faire cesser tout cela.<\/div>\n<div align=\"JUSTIFY\">Au pire vous pouvez toujours demander que la peine d\u2019Ali soit effectu\u00e9 ici, en Belgique, dans son pays, pays dans lequel il payait ses imp\u00f4ts comme tout citoyen honn\u00eate.<\/div>\n<div align=\"JUSTIFY\">Non, monsieur Reynders, vous, vous pr\u00e9f\u00e9rez venir en aide \u00e0 un Belge de souche, condamn\u00e9 \u00e0 Cuba pour atteinte \u00e0 la pudeur sur mineurs, plut\u00f4t qu\u2019\u00e0 un innocent coupable de rien au Maroc.<\/div>\n<div><a href=\"http:\/\/2.bp.blogspot.com\/-XFRTOVYBpQM\/Uc_0GqOTaMI\/AAAAAAAACJA\/RJFOfE5KXOE\/s620\/You%27ll+never+walk+alone.jpg\"><img decoding=\"async\" alt=\"\" src=\"https:\/\/lh3.ggpht.com\/-XFRTOVYBpQM\/Uc_0GqOTaMI\/AAAAAAAACJA\/RJFOfE5KXOE\/s320\/You%27ll+never+walk+alone.jpg\" width=\"320\" height=\"180\" border=\"0\" \/><\/a><\/div>\n<p>&nbsp;<\/p>\n<div align=\"JUSTIFY\">Je disais dans un pr\u00e9c\u00e8dent texte que le parcours d\u2019int\u00e9gration \u00e9tait un \u00e9chec, car vous n\u2019avez toujours pas int\u00e9gr\u00e9 dans votre esprit qu\u2019\u00eatre belge n\u2019est pas une question de couleur ou de peau, mais simplement une question d\u2019\u00e9tat d\u2019esprit et de valeurs. Valeurs qui doivent rassembler tous le monde, sans faire aucune discrimination au sein de ses compatriotes. Or, vous, par votre silence, vous nous prouvez une fois de plus que nous les Arabes, les blacks, les Pakistanais et tous ceux qui ne r\u00e9pondent pas a vos crit\u00e8res de bons Belges, seront toujours consid\u00e9r\u00e9s comme des citoyens de seconde zone.<\/div>\n<div align=\"JUSTIFY\">Moi m\u00eame lorsque j\u2019\u00e9tais incarc\u00e9r\u00e9 dans un camp de d\u00e9tention aux Pays-Bas. J\u2019ai eu la na\u00efvet\u00e9 de demander de l\u2019aide \u00e0 notre ambassade pour vous faire part des traitements inhumains et d\u00e9gradants que je subissais \u00e0 moins de 15 Km de la fronti\u00e8re de mon pays.<\/div>\n<div align=\"JUSTIFY\">Mais malheureusement je me suis pris une grosse giffle lorsqu\u2019une personne venue de la part de l\u2019ambassade belge, situ\u00e9e \u00e0 Den Haag m\u2019a dit qu\u2019elle ne pouvait rien faire pour moi.<\/div>\n<div align=\"JUSTIFY\">Pire, les autorit\u00e9s Belge ont d\u00e9lib\u00e9r\u00e9ment envoy\u00e9 des informations fausses au gouvernement hollandais.<\/div>\n<div align=\"JUSTIFY\">Informations, qui stipulaient que moi Nordin Benallal \u00e9tait tr\u00e8s bien connu des autorit\u00e9s belges comme \u00e9tant une personne impliqu\u00e9e dans plusieurs dossiers de vols avec violences, mais aussi dans plusieurs dossiers d\u2019homicides et qu\u2019en cons\u00e9quence ils recommandaient \u00e0 leur homologue de la justice hollandaise de ne pas faire d\u2019\u00e9tat d\u2019\u00e2me dans la gestion de mon dossier.<\/div>\n<div align=\"JUSTIFY\">Plus tard le procureur de Bruxelles a m\u00eame voulu s\u2019immiscer dans le dossier p\u00e9nal en demandant \u00e0 la justice hollandaise de me consid\u00e9rer comme un d\u00e9linquant r\u00e9cidiviste, chose qui avait \u00e0 l\u2019\u00e9poque tr\u00e8s ennuy\u00e9 le juge du tribunal de Den Haag.<\/div>\n<div align=\"JUSTIFY\">Comment ces gens du politique qui ne font que nous m\u00e9priser depuis des d\u00e9cennies osent-ils aujourd\u2019hui dire que nous sommes pas int\u00e9gr\u00e9s\u00a0?<\/div>\n<div align=\"JUSTIFY\">Je n\u2019ai qu\u2019une phrase \u00e0 leur dire et c\u2019est celle d\u2019 Abraham Lincoln<\/div>\n<div align=\"JUSTIFY\">\u00ab\u00a0We are all slaves till every one is free\u00a0\u00bb<\/div>\n<div><a href=\"http:\/\/1.bp.blogspot.com\/-_tVohxAGhxI\/Uc_zU0_7nvI\/AAAAAAAACI4\/neGkkrl8Bmw\/s877\/Free+Ali+Aarrass+now+20+km.jpg\"><img decoding=\"async\" alt=\"\" src=\"https:\/\/lh3.ggpht.com\/-_tVohxAGhxI\/Uc_zU0_7nvI\/AAAAAAAACI4\/neGkkrl8Bmw\/s320\/Free+Ali+Aarrass+now+20+km.jpg\" width=\"320\" height=\"226\" border=\"0\" \/><\/a><\/div>\n<p>&nbsp;<\/p>\n<div align=\"JUSTIFY\">En ce qui concerne Ali je ne peux que lui souhaiter beaucoup de courage.<\/div>\n<div align=\"JUSTIFY\">Benallal Nordin<\/div>\n<\/div>\n","protected":false},"excerpt":{"rendered":"<p>&nbsp; Je suis scandalis\u00e9 par l\u2019attitude de Didier Reynders vis \u00e0 vis du cas horriblement inhumain et abject du dossier Ali Aarrass. Cet homme s\u2019est fait torturer au Maroc. Cet homme est un ressortissant belge. Cet homme a effectu\u00e9 son service militaire en Belgique, donc cet homme \u00e9tait pr\u00eat \u00e0 se battre pour son pays &#8230; <a title=\"Nordin Benallal : un message de solidarit\u00e9 pour Ali Aarrass\" class=\"read-more\" href=\"https:\/\/bruxelles-pantheres.be\/?p=214\" aria-label=\"En savoir plus sur Nordin Benallal : un message de solidarit\u00e9 pour Ali Aarrass\">Lire la suite<\/a><\/p>\n","protected":false},"author":1,"featured_media":66,"comment_status":"open","ping_status":"open","sticky":false,"template":"","format":"standard","meta":{"footnotes":""},"categories":[24,8,18],"tags":[],"class_list":["post-214","post","type-post","status-publish","format-standard","has-post-thumbnail","hentry","category-belgique-maroc","category-prisons","category-resistance-bruxelles"],"_links":{"self":[{"href":"https:\/\/bruxelles-pantheres.be\/index.php?rest_route=\/wp\/v2\/posts\/214","targetHints":{"allow":["GET"]}}],"collection":[{"href":"https:\/\/bruxelles-pantheres.be\/index.php?rest_route=\/wp\/v2\/posts"}],"about":[{"href":"https:\/\/bruxelles-pantheres.be\/index.php?rest_route=\/wp\/v2\/types\/post"}],"author":[{"embeddable":true,"href":"https:\/\/bruxelles-pantheres.be\/index.php?rest_route=\/wp\/v2\/users\/1"}],"replies":[{"embeddable":true,"href":"https:\/\/bruxelles-pantheres.be\/index.php?rest_route=%2Fwp%2Fv2%2Fcomments&post=214"}],"version-history":[{"count":1,"href":"https:\/\/bruxelles-pantheres.be\/index.php?rest_route=\/wp\/v2\/posts\/214\/revisions"}],"predecessor-version":[{"id":215,"href":"https:\/\/bruxelles-pantheres.be\/index.php?rest_route=\/wp\/v2\/posts\/214\/revisions\/215"}],"wp:featuredmedia":[{"embeddable":true,"href":"https:\/\/bruxelles-pantheres.be\/index.php?rest_route=\/wp\/v2\/media\/66"}],"wp:attachment":[{"href":"https:\/\/bruxelles-pantheres.be\/index.php?rest_route=%2Fwp%2Fv2%2Fmedia&parent=214"}],"wp:term":[{"taxonomy":"category","embeddable":true,"href":"https:\/\/bruxelles-pantheres.be\/index.php?rest_route=%2Fwp%2Fv2%2Fcategories&post=214"},{"taxonomy":"post_tag","embeddable":true,"href":"https:\/\/bruxelles-pantheres.be\/index.php?rest_route=%2Fwp%2Fv2%2Ftags&post=214"}],"curies":[{"name":"wp","href":"https:\/\/api.w.org\/{rel}","templated":true}]}}