{"id":2177,"date":"2014-04-15T19:28:55","date_gmt":"2014-04-15T18:28:55","guid":{"rendered":"https:\/\/bruxelles-pantheres.be\/?p=2177"},"modified":"2014-04-15T19:28:55","modified_gmt":"2014-04-15T18:28:55","slug":"roms-et-riverains-une-politique-municipale-de-la-race","status":"publish","type":"post","link":"https:\/\/bruxelles-pantheres.be\/?p=2177","title":{"rendered":"\u00ab Roms et riverains : une politique municipale de la race"},"content":{"rendered":"<p><i style=\"mso-bidi-font-style: normal;\"><span style=\"font-size: 14.0pt; font-family: 'Helvetica','sans-serif'; mso-bidi-font-family: Helvetica; mso-bidi-font-weight: bold;\">Un \u00ab\u00a0r\u00e9gime n\u00e9olib\u00e9ral de la race\u00a0\u00bb est appliqu\u00e9 aux Roms par une gauche qui a trahi ses engagements et ses militants. <span style=\"mso-spacerun: yes;\">\u00a0<\/span><\/span><\/i><span style=\"font-size: 12.0pt; font-family: 'Helvetica','sans-serif'; mso-bidi-font-family: Helvetica;\">C\u2019est la th\u00e8se qui est d\u00e9fendue \u00e0 quatre mains par le politologue Eric Fassin, les journalistes Carine Fouteau (Mediapart) et Aur\u00e9lie Windels (Cette France-l\u00e0) et le militant associatif Serge Guichard dans un livre intitul\u00e9 \u00ab\u00a0Roms et Riverains \u2013 Une politique municipale de la race\u00a0\u00bb, publi\u00e9 chez La fabrique, la maison d\u2019\u00e9dition d\u2019Eric Hazan. <!--more--><\/span><\/p>\n<p class=\"MsoNormal\" style=\"margin-bottom: 0.0001pt; line-height: normal;\"><span style=\"font-size: 12.0pt; font-family: 'Helvetica','sans-serif'; mso-bidi-font-family: Helvetica;\">\u00a0<a href=\"http:\/\/www.depechestsiganes.fr\/wp-content\/uploads\/2014\/03\/Roms_Riverains.jpg\"><img decoding=\"async\" class=\"size-thumbnail wp-image-8917 alignleft\" alt=\"Roms_Riverains\" src=\"http:\/\/www.depechestsiganes.fr\/wp-content\/uploads\/2014\/03\/Roms_Riverains-273x290.jpg\" width=\"273\" height=\"290\" \/><\/a><\/span><span style=\"font-size: 12.0pt; font-family: 'Helvetica','sans-serif'; mso-bidi-font-family: Helvetica;\">Dans un premier chapitre qui est le plus coh\u00e9rent et le plus dense, Eric Fassin d\u00e9crypte la fabrication de la \u00ab\u00a0question rom\u00a0\u00bb \u00e0 travers notamment un processus de d\u00e9shumanisation des populations concern\u00e9es, puis de d\u00e9politisation et la cr\u00e9ation d\u2019une nouvelle \u00ab\u00a0figure du peuple\u00a0\u00bb, le \u00ab\u00a0riverain\u00a0\u00bb, toujours \u00ab\u00a0exc\u00e9d\u00e9\u00a0\u00bb, vers qui tous les micros se tendent. Et ce tandis que les nombreux voisins solidaires sont superbement ignor\u00e9s par les politiques comme par les m\u00e9dias.<span style=\"mso-spacerun: yes;\">\u00a0 <\/span><\/span><\/p>\n<p class=\"MsoNormal\" style=\"margin-bottom: .0001pt; text-align: justify; text-justify: inter-ideograph; line-height: normal; mso-pagination: none; tab-stops: 28.3pt 56.65pt 85.0pt 113.35pt 141.7pt 170.05pt 198.4pt 226.75pt 255.1pt 283.45pt 311.8pt 340.15pt; mso-layout-grid-align: none; text-autospace: none;\"><span style=\"font-size: 12.0pt; font-family: 'Helvetica','sans-serif'; mso-bidi-font-family: Helvetica;\">\u00a0<\/span><\/p>\n<p class=\"MsoNormal\" style=\"margin-bottom: .0001pt; text-align: justify; text-justify: inter-ideograph; line-height: normal; mso-pagination: none; tab-stops: 28.3pt 56.65pt 85.0pt 113.35pt 141.7pt 170.05pt 198.4pt 226.75pt 255.1pt 283.45pt 311.8pt 340.15pt; mso-layout-grid-align: none; text-autospace: none;\"><span style=\"font-size: 12.0pt; font-family: 'Helvetica','sans-serif'; mso-bidi-font-family: Helvetica;\">Il rappelle que ce processus \u00e9labor\u00e9 sous la droite a \u00e9t\u00e9 amplifi\u00e9 sous la gauche de Fran\u00e7ois Holande qui, d\u00e8s son arriv\u00e9e au pouvoir, a reni\u00e9 ses promesses dans ce domaine comme dans tant d\u2019autres. Une gauche qui, entre autres, n\u2019a pas h\u00e9sit\u00e9 \u00e0 appliquer cette \u00ab\u00a0politique de la race\u00a0\u00bb aux Roms alors qu\u2019elle se pr\u00e9sentait jusque l\u00e0 comme \u00ab\u00a0antiraciste\u00a0\u00bb. \u00ab\u00a0En 2010, \u00e0 entendre les protestations de l\u2019opposition, on pouvait encore croire que la politique \u00e0 l\u2019\u00e9gard des Roms tra\u00e7ait une fronti\u00e8re entre la droite et la gauche\u00a0\u00bb, \u00e9crit Eric Fassin, professeur \u00e0 Paris 8.\u00a0\u00bb Mais \u00ab\u00a0peu apr\u00e8s l\u2019\u00e9lection de mai 2012, on a vu ressurgir le m\u00eame langage et la m\u00eame gestion \u00e0 l\u2019endroit des m\u00eames populations. C\u2019est le nouveau ministre de l\u2019Int\u00e9rieur, Manuel Valls, qui incarne d\u00e8s lors la politique qu\u2019il d\u00e9non\u00e7ait en 2010. Et en 2012, c\u2019est \u00e0 nouveau au coeur de l\u2019\u00e9t\u00e9 que se sont multipli\u00e9s les d\u00e9mant\u00e8lements de bidonvilles donn\u00e9s en spectacle \u00e0 l\u2019opinion, comme pour c\u00e9l\u00e9brer l\u2019anniversaire du discours de Grenoble\u00a0\u00bb prononc\u00e9 par Nicolas Sarkozy. <\/span><\/p>\n<p class=\"MsoNormal\" style=\"margin-bottom: .0001pt; text-align: justify; text-justify: inter-ideograph; line-height: normal; mso-pagination: none; tab-stops: 28.3pt 56.65pt 85.0pt 113.35pt 141.7pt 170.05pt 198.4pt 226.75pt 255.1pt 283.45pt 311.8pt 340.15pt; mso-layout-grid-align: none; text-autospace: none;\"><span style=\"font-size: 12.0pt; font-family: 'Helvetica','sans-serif'; mso-bidi-font-family: Helvetica;\">\u00a0<\/span><\/p>\n<p class=\"MsoNormal\" style=\"margin-bottom: .0001pt; text-align: justify; text-justify: inter-ideograph; line-height: normal; mso-pagination: none; tab-stops: 28.3pt 56.65pt 85.0pt 113.35pt 141.7pt 170.05pt 198.4pt 226.75pt 255.1pt 283.45pt 311.8pt 340.15pt; mso-layout-grid-align: none; text-autospace: none;\"><span style=\"font-size: 12.0pt; font-family: 'Helvetica','sans-serif'; mso-bidi-font-family: Helvetica;\">Seul signe d\u2019une politique qui pourrait \u00eatre moins brutale que sous la droite, la circulaire interminist\u00e9rielle du 26 ao\u00fbt 2012 \u00ab\u00a0n\u2019a pas \u00e9t\u00e9 appliqu\u00e9e par le gouvernement qui l\u2019a \u00e9mise, et qui continue de s\u2019en r\u00e9clamer\u00a0\u00bb, rappelle-t-il. <\/span><\/p>\n<p class=\"MsoNormal\" style=\"margin-bottom: .0001pt; text-align: justify; text-justify: inter-ideograph; line-height: normal; mso-pagination: none; tab-stops: 28.3pt 56.65pt 85.0pt 113.35pt 141.7pt 170.05pt 198.4pt 226.75pt 255.1pt 283.45pt 311.8pt 340.15pt; mso-layout-grid-align: none; text-autospace: none;\"><span style=\"font-size: 12.0pt; font-family: 'Helvetica','sans-serif'; mso-bidi-font-family: Helvetica;\">\u00a0<\/span><\/p>\n<p class=\"MsoNormal\" style=\"margin-bottom: .0001pt; text-align: justify; text-justify: inter-ideograph; line-height: normal; mso-pagination: none; tab-stops: 28.3pt 56.65pt 85.0pt 113.35pt 141.7pt 170.05pt 198.4pt 226.75pt 255.1pt 283.45pt 311.8pt 340.15pt; mso-layout-grid-align: none; text-autospace: none;\"><span style=\"font-size: 12.0pt; font-family: 'Helvetica','sans-serif'; mso-bidi-font-family: Helvetica;\">La continuit\u00e9 est bien l\u00e0: \u00ab\u00a0Les Roms auraient +vocation+, selon le terme que Manuel Valls emprunte \u00e0 Nicolas Sarkozy et ses ministres Brice Hortefeux, Eric Besson et Claude Gu\u00e9ant, \u00e0 rentrer en Roumanie ou en Bulgarie \u2013 conform\u00e9ment \u00e0 leur culture\u00a0\u00bb.<span style=\"mso-spacerun: yes;\">\u00a0 <\/span><\/span><\/p>\n<p class=\"MsoNormal\" style=\"margin-bottom: .0001pt; text-align: justify; text-justify: inter-ideograph; line-height: normal; mso-pagination: none; tab-stops: 28.3pt 56.65pt 85.0pt 113.35pt 141.7pt 170.05pt 198.4pt 226.75pt 255.1pt 283.45pt 311.8pt 340.15pt; mso-layout-grid-align: none; text-autospace: none;\"><span style=\"font-size: 12.0pt; font-family: 'Helvetica','sans-serif'; mso-bidi-font-family: Helvetica;\">\u00a0<\/span><\/p>\n<p class=\"MsoNormal\" style=\"margin-bottom: .0001pt; text-align: justify; text-justify: inter-ideograph; line-height: normal; mso-pagination: none; tab-stops: 28.3pt 56.65pt 85.0pt 113.35pt 141.7pt 170.05pt 198.4pt 226.75pt 255.1pt 283.45pt 311.8pt 340.15pt; mso-layout-grid-align: none; text-autospace: none;\"><span style=\"font-size: 12.0pt; font-family: 'Helvetica','sans-serif'; mso-bidi-font-family: Helvetica;\">\u00ab\u00a0Depuis l\u2019\u00e9t\u00e9 2012, la gauche (revenue au gouvernement) reprend \u00e0 son compte la politique de stigmatisation des Roms, sans rencontrer de r\u00e9sistance sur sa droite \u2013 mais aussi sans provoquer en r\u00e9action de mobilisation importante\u00a0\u00bb, rel\u00e8ve le chercheur. \u00ab\u00a0On assiste ainsi \u00e0 l\u2019effacement successif de trois clivages: entre l\u2019extr\u00eame droite et la droite en 2010, entre la droite et la gauche gouvernementales en 2012, et enfin, en 2013, entre les ailes droite et gauche du gouvernement. C\u2019est la condition de possibilit\u00e9 de la constitution d\u2019une v\u00e9ritable +question rom+, soit une politique fond\u00e9e sur l\u2019effacement de son caract\u00e8re politique\u00a0\u00bb.<\/span><\/p>\n<p class=\"MsoNormal\" style=\"margin-bottom: .0001pt; text-align: justify; text-justify: inter-ideograph; line-height: normal; mso-pagination: none; tab-stops: 28.3pt 56.65pt 85.0pt 113.35pt 141.7pt 170.05pt 198.4pt 226.75pt 255.1pt 283.45pt 311.8pt 340.15pt; mso-layout-grid-align: none; text-autospace: none;\"><span style=\"font-size: 12.0pt; font-family: 'Helvetica','sans-serif'; mso-bidi-font-family: Helvetica;\">\u00a0<\/span><\/p>\n<p class=\"MsoNormal\" style=\"margin-bottom: .0001pt; text-align: justify; text-justify: inter-ideograph; line-height: normal; mso-pagination: none; tab-stops: 28.3pt 56.65pt 85.0pt 113.35pt 141.7pt 170.05pt 198.4pt 226.75pt 255.1pt 283.45pt 311.8pt 340.15pt; mso-layout-grid-align: none; text-autospace: none;\"><span style=\"font-size: 12.0pt; font-family: 'Helvetica','sans-serif'; mso-bidi-font-family: Helvetica;\">\u00ab\u00a0Le culturalisme de nos gouvernants s\u2019accompagne souvent d\u2019une compl\u00e8te ignorance de la r\u00e9alit\u00e9 culturelle, qui pourtant ne les r\u00e9duit nullement au silence\u00a0\u00bb, note l\u2019universitaire. \u00ab\u00a0C\u2019est ainsi que de nombreux responsables politiques et administratifs continuent d\u2019invoquer le pr\u00e9tendu nomadisme des Roms\u00a0\u00bb et \u00e0 les confondre all\u00e8grement avec les gens du voyage, Fran\u00e7ais \u00e0 95%, souvent depuis des g\u00e9n\u00e9rations, et itin\u00e9rants ou semi-itin\u00e9rants. <\/span><\/p>\n<p class=\"MsoNormal\" style=\"margin-bottom: .0001pt; text-align: justify; text-justify: inter-ideograph; line-height: normal; mso-pagination: none; tab-stops: 28.3pt 56.65pt 85.0pt 113.35pt 141.7pt 170.05pt 198.4pt 226.75pt 255.1pt 283.45pt 311.8pt 340.15pt; mso-layout-grid-align: none; text-autospace: none;\"><span style=\"font-size: 12.0pt; font-family: 'Helvetica','sans-serif'; mso-bidi-font-family: Helvetica;\">Or selon Eric Fassin, les Roms ne se d\u00e9finissent pas par une pr\u00e9tendue culture ou origine commune mais avant tout \u00ab\u00a0par l\u2019exp\u00e9rience de la discrimination\u00a0\u00bb. \u00ab\u00a0Cette politique de la race men\u00e9e en France aujourd\u2019hui par la gauche gouvernementale, comme hier sous un gouvernement de droite\u2026justifie de traiter des \u00eatres humains de mani\u00e8re inhumaine sans pour autant se sentir moins humain\u00a0\u00bb. <\/span><\/p>\n<p class=\"MsoNormal\" style=\"margin-bottom: .0001pt; text-align: justify; text-justify: inter-ideograph; line-height: normal; mso-pagination: none; tab-stops: 28.3pt 56.65pt 85.0pt 113.35pt 141.7pt 170.05pt 198.4pt 226.75pt 255.1pt 283.45pt 311.8pt 340.15pt; mso-layout-grid-align: none; text-autospace: none;\"><span style=\"font-size: 12.0pt; font-family: 'Helvetica','sans-serif'; mso-bidi-font-family: Helvetica;\">\u00a0<\/span><\/p>\n<p class=\"MsoNormal\" style=\"margin-bottom: .0001pt; text-align: justify; text-justify: inter-ideograph; line-height: normal; mso-pagination: none; tab-stops: 28.3pt 56.65pt 85.0pt 113.35pt 141.7pt 170.05pt 198.4pt 226.75pt 255.1pt 283.45pt 311.8pt 340.15pt; mso-layout-grid-align: none; text-autospace: none;\"><span style=\"font-size: 12.0pt; font-family: 'Helvetica','sans-serif'; mso-bidi-font-family: Helvetica;\">Pour d\u00e9politiser la pr\u00e9sence ou l\u2019avenir des Roms en France, la question n\u2019est abord\u00e9e le plus souvent que sur le plan local \u2013 au niveau de la municipalit\u00e9 ou de l\u2019agglom\u00e9ration. Selon la pr\u00e9sentation qui en est faite par les gouvernants comme par la plupart des m\u00e9dias, lors des expulsions \u00e0 r\u00e9p\u00e9tition de bidonvilles, \u00ab\u00a0l\u2019Etat ne ferait que r\u00e9pondre \u00e0 la demande des \u00e9lus locaux, qui sont eux-m\u00eames le relais des +riverains+\u00a0\u00bb. \u00ab\u00a0Le +riverain+ est une figure politique embl\u00e9matique des ann\u00e9es 2000 qui doit beaucoup \u00e0 Nicolas Sarkozy\u00a0\u00bb, une sorte de<span style=\"mso-spacerun: yes;\">\u00a0 <\/span>\u00ab\u00a0nouvelle figure du +peuple+\u00a0\u00bb, explique Eric Fassin. L\u2019exasp\u00e9ration de ce riverain invent\u00e9 ou fantasm\u00e9 \u00ab\u00a0devient ainsi le fondement d\u2019une politique populiste de droite qu\u2019entreprend de copier la gauche gouvernementale\u00a0\u00bb. Dans un processus qui n\u2019a rien de spontan\u00e9 un maire \u2013 de droite comme de gauche &#8211;<span style=\"mso-spacerun: yes;\">\u00a0 <\/span>\u00ab\u00a0peut marquer sa compr\u00e9hension bienveillante \u00e0 des +riverains+ dont il a encourag\u00e9 voire suscit\u00e9 la protestation parfois virulente, pour r\u00e9pondre ensuite \u00e0 une exasp\u00e9ration populaire dont il est l\u2019instigateur.\u00a0\u00bb<\/span><\/p>\n<p class=\"MsoNormal\" style=\"margin-bottom: .0001pt; text-align: justify; text-justify: inter-ideograph; line-height: normal; mso-pagination: none; tab-stops: 28.3pt 56.65pt 85.0pt 113.35pt 141.7pt 170.05pt 198.4pt 226.75pt 255.1pt 283.45pt 311.8pt 340.15pt; mso-layout-grid-align: none; text-autospace: none;\"><span style=\"font-size: 12.0pt; font-family: 'Helvetica','sans-serif'; mso-bidi-font-family: Helvetica;\">\u00a0<\/span><\/p>\n<p class=\"MsoNormal\" style=\"margin-bottom: .0001pt; text-align: justify; text-justify: inter-ideograph; line-height: normal; mso-pagination: none; tab-stops: 28.3pt 56.65pt 85.0pt 113.35pt 141.7pt 170.05pt 198.4pt 226.75pt 255.1pt 283.45pt 311.8pt 340.15pt; mso-layout-grid-align: none; text-autospace: none;\"><span style=\"font-size: 12.0pt; font-family: 'Helvetica','sans-serif'; mso-bidi-font-family: Helvetica;\">Les \u00ab\u00a0riverains\u00a0\u00bb ne sont plus de simples voisins mais d\u00e9signent \u00ab\u00a0les principaux opposants aux Roms\u00a0\u00bb, assure Aur\u00e9lie Windels, dans le second chapitre, d\u00e9di\u00e9 \u00e0 ce th\u00e8me . \u00ab\u00a0Il y a pourtant parmi ces voisins, des citoyens qui, loin d\u2019\u00eatre +exc\u00e9d\u00e9s+ par la pr\u00e9sence des Roms, ne comprennent ni ne cautionnent l\u2019acharnement que ces derniers subissent. Toutefois ces riverains-l\u00e0 ne sont pas reconnus comme tels: faute de confirmer le sens commun, ils se voient priv\u00e9s de toute visibilit\u00e9 m\u00e9diatique. A l\u2019inverse, certains qui n\u2019ont pas de Roms pour voisins mais manifestent avec v\u00e9h\u00e9mence leur d\u00e9sapprobation\u2026se voient gratifi\u00e9s du label +riverains en col\u00e8re+. Une large tribune leur est aussit\u00f4t offerte o\u00f9 ils ont le loisir de d\u00e9rouler la liste de leurs id\u00e9es re\u00e7ues sur cette population qu\u2019ils ne c\u00f4toient pourtant pas.\u00a0\u00bb<\/span><\/p>\n<p class=\"MsoNormal\" style=\"margin-bottom: .0001pt; text-align: justify; text-justify: inter-ideograph; line-height: normal; mso-pagination: none; tab-stops: 28.3pt 56.65pt 85.0pt 113.35pt 141.7pt 170.05pt 198.4pt 226.75pt 255.1pt 283.45pt 311.8pt 340.15pt; mso-layout-grid-align: none; text-autospace: none;\"><span style=\"font-size: 12.0pt; font-family: 'Helvetica','sans-serif'; mso-bidi-font-family: Helvetica;\">\u00a0<\/span><\/p>\n<p class=\"MsoNormal\" style=\"margin-bottom: .0001pt; text-align: justify; text-justify: inter-ideograph; line-height: normal; mso-pagination: none; tab-stops: 28.3pt 56.65pt 85.0pt 113.35pt 141.7pt 170.05pt 198.4pt 226.75pt 255.1pt 283.45pt 311.8pt 340.15pt; mso-layout-grid-align: none; text-autospace: none;\"><span style=\"font-size: 12.0pt; font-family: 'Helvetica','sans-serif'; mso-bidi-font-family: Helvetica;\">D\u00e8s qu\u2019il s\u2019agit de pseudo-riverains, on entend surtout des phrases qui brillent aussi bien par leur originalit\u00e9 que par leur intelligence, comme \u00ab\u00a0on n\u2019est pas raciste mais ces gens-l\u00e0, moins on les voit, mieux on se porte\u00a0\u00bb. Mais dans la r\u00e9alit\u00e9, le monde est plus complexe ou moins manich\u00e9en, souligne Eric Fassin: \u00ab\u00a0les voisins s\u2019av\u00e8rent partag\u00e9s: si certains sont exasp\u00e9r\u00e9s par les bidonvilles, d\u2019autres manifestent une solidarit\u00e9 exemplaire\u00a0\u00bb, apportant nourriture, v\u00eatements, aidant dans les d\u00e9marches administratives ou assumant le ramassage scolaire des enfants roms. Mais la col\u00e8re de ces voisins solidaires n\u2019est quasiment jamais relay\u00e9e car elle vise les pouvoirs publics et non les Roms.<span style=\"mso-spacerun: yes;\">\u00a0 <\/span>Et les exp\u00e9riences de solidarit\u00e9 allant jusqu\u2019\u00e0 la colocation, d\u00e9crites par Carine Fouteau ou Aur\u00e9lie Windels, tombent \u00e9galement dans les oubliettes politico-m\u00e9diatiques.<\/span><\/p>\n<p class=\"MsoNormal\" style=\"margin-bottom: .0001pt; text-align: justify; text-justify: inter-ideograph; line-height: normal; mso-pagination: none; tab-stops: 28.3pt 56.65pt 85.0pt 113.35pt 141.7pt 170.05pt 198.4pt 226.75pt 255.1pt 283.45pt 311.8pt 340.15pt; mso-layout-grid-align: none; text-autospace: none;\"><span style=\"font-size: 12.0pt; font-family: 'Helvetica','sans-serif'; mso-bidi-font-family: Helvetica;\">\u00a0<\/span><\/p>\n<p class=\"MsoNormal\" style=\"margin-bottom: .0001pt; text-align: justify; text-justify: inter-ideograph; line-height: normal; mso-pagination: none; tab-stops: 28.3pt 56.65pt 85.0pt 113.35pt 141.7pt 170.05pt 198.4pt 226.75pt 255.1pt 283.45pt 311.8pt 340.15pt; mso-layout-grid-align: none; text-autospace: none;\"><span style=\"font-size: 12.0pt; font-family: 'Helvetica','sans-serif'; mso-bidi-font-family: Helvetica;\">Au del\u00e0 du d\u00e9cryptage de l\u2019instrumentalisation de la \u00ab\u00a0question Rom\u00a0\u00bb, le livre a le m\u00e9rite d\u2019aborder \u00e0 travers le r\u00e9cit autobiographique de Serge Guichard un sujet dont on entend finalement peu parler depuis l\u2019arriv\u00e9e au pouvoir de Fran\u00e7ois Hollande: l\u2019isolement, le d\u00e9couragement et la d\u00e9pression de militants de gauche qui ont lutt\u00e9 pendant des ann\u00e9es contre la politique de Nicolas Sarkozy et se retrouvent seuls \u00e0 faire front face \u00e0 un gouvernement qui poursuit voire accentue les politiques en question. \u00ab\u00a0Tout se passe comme si, au retrait de l\u2019Etat, correspondait un retrait comparable des appareils nationaux, qu\u2019ils soient politiques, associatifs ou religieux\u00a0\u00bb, observe Eric Fassin. \u00ab\u00a0On voit par exemple se mobiliser des militants communistes, plut\u00f4t que le Parti communiste; ils peuvent d\u2019ailleurs se retrouver en tension, en particulier en Seine-Saint-Denis, avec des \u00e9lus locaux du Front de gauche.\u00a0\u00bb \u00ab\u00a0La souffrance ne r\u00e9sulte pas uniquement du deuil d\u2019une politique de gauche\u2026Le plus difficile sans doute dans ce combat, c\u2019est de persister \u00e0 se penser comme sujet politique quand les discours officiels convergent pour d\u00e9nier le caract\u00e8re politique de la +question rom+, r\u00e9duite \u00e0 la simple gestion technique ou bien \u00e0 une d\u00e9marche purement humanitaire. D\u00e8s lors chacun est laiss\u00e9 seul avec son engagement \u2013 sans relais institutionnel ou presque\u00a0\u00bb, poursuit le politologue. <\/span><\/p>\n<p class=\"MsoNormal\" style=\"margin-bottom: .0001pt; text-align: justify; text-justify: inter-ideograph; line-height: normal; mso-pagination: none; tab-stops: 28.3pt 56.65pt 85.0pt 113.35pt 141.7pt 170.05pt 198.4pt 226.75pt 255.1pt 283.45pt 311.8pt 340.15pt; mso-layout-grid-align: none; text-autospace: none;\"><span style=\"font-size: 12.0pt; font-family: 'Helvetica','sans-serif'; mso-bidi-font-family: Helvetica;\">\u00a0<\/span><\/p>\n<p class=\"MsoNormal\" style=\"margin-bottom: .0001pt; text-align: justify; text-justify: inter-ideograph; line-height: normal; mso-pagination: none; tab-stops: 28.3pt 56.65pt 85.0pt 113.35pt 141.7pt 170.05pt 198.4pt 226.75pt 255.1pt 283.45pt 311.8pt 340.15pt; mso-layout-grid-align: none; text-autospace: none;\"><span style=\"font-size: 12.0pt; font-family: 'Helvetica','sans-serif'; mso-bidi-font-family: Helvetica;\">Le t\u00e9moignage de Serge Guichard, membre fondateur de l\u2019Association de solidarit\u00e9 en Essonne avec les familles roumaines roms (Asefrr) est courageux. Il d\u00e9clenchera peut-\u00eatre une forme de \u00ab\u00a0th\u00e9rapie collective\u00a0\u00bb dirig\u00e9e vers l\u2019action de milliers de militants de gauche qui, comme lui, ont \u00e9t\u00e9 litt\u00e9ralement \u00ab\u00a0sid\u00e9r\u00e9s\u00a0\u00bb par les trahisons de Fran\u00e7ois Hollande et de son gouvernement. Pour Serge Guichard, c\u2019est \u00ab\u00a0le d\u00e9cha\u00eenement de l\u2019\u00e9t\u00e9 2012\u2033 sous forme de d\u00e9clarations minist\u00e9rielles haineuses \u00e0 l\u2019\u00e9gard des Roms et d\u2019expulsions \u00e0 r\u00e9p\u00e9tition de bidonvilles accentuant \u00e0 chaque fois la pr\u00e9carit\u00e9 des familles qui a \u00e9t\u00e9 \u00e0 l\u2019origine de cet \u00e9tat. \u00ab\u00a0Nous attendions un apaisement; l\u2019aggravation nous a pris par surprise\u00a0\u00bb, avoue-t-il. \u00ab\u00a0Les expulsions mais aussi la mani\u00e8re d\u2019expulser, le tout assorti de d\u00e9clarations humanitaires: c\u2019est pour leur bien qu\u2019on les expulse ! Et la circulaire interminist\u00e9rielle d\u2019ao\u00fbt 2012 vient l\u00e9gitimer cette hypocrisie. Personnellement, malgr\u00e9 l\u2019\u00e9puisement, je n\u2019arrive plus \u00e0 dormir. La peur s\u2019est install\u00e9e en moi, devant le spectacle d\u2019une soci\u00e9t\u00e9 qui part \u00e0 la d\u00e9rive. Le sentiment de g\u00e2chis, d\u2019\u00e9chec, d\u2019impasse est terrible. Parler de sid\u00e9ration, c\u2019est dire qu\u2019il y a non seulement l\u2019indignation mais aussi l\u2019impuissance \u2013 au risque de la paralysie\u00a0\u00bb, analyse avec lucidit\u00e9 ce militant personnellement harcel\u00e9 et poursuivi pour son engagement aupr\u00e8s de familles Roms. <\/span><\/p>\n<p class=\"MsoNormal\" style=\"margin-bottom: .0001pt; text-align: justify; text-justify: inter-ideograph; line-height: normal; mso-pagination: none; tab-stops: 28.3pt 56.65pt 85.0pt 113.35pt 141.7pt 170.05pt 198.4pt 226.75pt 255.1pt 283.45pt 311.8pt 340.15pt; mso-layout-grid-align: none; text-autospace: none;\"><span style=\"font-size: 12.0pt; font-family: 'Helvetica','sans-serif'; mso-bidi-font-family: Helvetica;\">\u00a0<\/span><\/p>\n<p class=\"MsoNormal\" style=\"margin-bottom: .0001pt; text-align: justify; text-justify: inter-ideograph; line-height: normal; mso-pagination: none; tab-stops: 28.3pt 56.65pt 85.0pt 113.35pt 141.7pt 170.05pt 198.4pt 226.75pt 255.1pt 283.45pt 311.8pt 340.15pt; mso-layout-grid-align: none; text-autospace: none;\"><span style=\"font-size: 12.0pt; font-family: 'Helvetica','sans-serif'; mso-bidi-font-family: Helvetica;\">Mais pourquoi les politiques fran\u00e7ais, \u00e0 l\u2019instar de certains de leurs voisins europ\u00e9ens comme les Italiens ou les allemands accordent-ils tant d\u2019importance \u00e0 la \u00ab\u00a0question rom\u00a0\u00bb ?, s\u2019interrogent les auteurs.<span style=\"mso-spacerun: yes;\">\u00a0 <\/span>\u00ab\u00a0Rien ne permet de penser que la +question Rom+ soit la pr\u00e9occupation principale des \u00e9lecteurs, qui ont bien d\u2019autres soucis\u00a0\u00bb, r\u00e9pond Eric Fassin. Mais \u00ab\u00a0on met le projecteur sur l\u2019accessoire pour mieux laisser dans l\u2019ombre l\u2019essentiel\u00a0\u00bb. Ce serait selon lui une bonne mani\u00e8re pour Fran\u00e7ois Hollande et ceux qui le soutiennent de faire oublier une s\u00e9rie de reniements en \u00ab\u00a0jetant +les Roms+ en p\u00e2ture\u00a0\u00bb aux classes populaires qui sont les principales victimes du violent virage n\u00e9olib\u00e9ral op\u00e9r\u00e9 par le pr\u00e9sident socialiste. Dans ce \u00ab\u00a0r\u00e9gime n\u00e9olib\u00e9ral de la race\u00a0\u00bb qui consiste \u00e0 \u00ab\u00a0ne pas laisser vivre, sans pour autant faire mourir\u00a0\u00bb, la \u00ab\u00a0vocation\u00a0\u00bb des Roms, en France et au del\u00e0 dans \u00ab\u00a0l\u2019Europe n\u00e9olib\u00e9rale\u00a0\u00bb serait donc d\u2019\u00eatre \u00ab\u00a0entre d\u00e9chet \u00e9conomique et rebut politique\u00a0\u00bb. <\/span><\/p>\n<p class=\"MsoNormal\" style=\"margin-bottom: .0001pt; text-align: justify; text-justify: inter-ideograph; line-height: normal; mso-pagination: none; tab-stops: 28.3pt 56.65pt 85.0pt 113.35pt 141.7pt 170.05pt 198.4pt 226.75pt 255.1pt 283.45pt 311.8pt 340.15pt; mso-layout-grid-align: none; text-autospace: none;\"><span style=\"font-size: 12.0pt; font-family: 'Helvetica','sans-serif'; mso-bidi-font-family: Helvetica;\">\u00a0<\/span><\/p>\n<p class=\"MsoNormal\" style=\"margin-bottom: .0001pt; text-align: justify; text-justify: inter-ideograph; line-height: normal; mso-pagination: none; tab-stops: 28.3pt 56.65pt 85.0pt 113.35pt 141.7pt 170.05pt 198.4pt 226.75pt 255.1pt 283.45pt 311.8pt 340.15pt; mso-layout-grid-align: none; text-autospace: none;\"><span style=\"font-size: 12.0pt; font-family: 'Helvetica','sans-serif'; mso-bidi-font-family: Helvetica;\">L\u2019ouvrage collectif ne laisse pas le dernier mot aux politiques mais aux principaux int\u00e9ress\u00e9s, les Roms, que l\u2019on entend finalement si peu directement. En faisant parler les familles vivant une hostilit\u00e9 croissante allant jusqu\u2019\u00e0 l\u2019agression sur les trottoirs de la place de la R\u00e9publique, que la municipalit\u00e9 parisienne a r\u00e9nov\u00e9e r\u00e9cemment et veut donc garder \u00ab\u00a0propre\u00a0\u00bb, Carine Fouteau et Aur\u00e9lie Windels soulignent \u00e0 quel point \u00ab\u00a0leur mis\u00e8re est v\u00e9cue comme une provocation, une remise en cause de l\u2019ordre \u00e9tabli. Elle fait revivre les taudis des ann\u00e9es 1960, dont les habitants \u2013 principalement alg\u00e9riens \u2013 \u00e9taient accus\u00e9s de ne pas vouloir s\u2019int\u00e9grer\u00a0\u00bb. D\u00e9j\u00e0. <\/span><\/p>\n<p class=\"MsoNormal\" style=\"margin-bottom: .0001pt; text-align: justify; text-justify: inter-ideograph; line-height: normal; mso-pagination: none; tab-stops: 28.3pt 56.65pt 85.0pt 113.35pt 141.7pt 170.05pt 198.4pt 226.75pt 255.1pt 283.45pt 311.8pt 340.15pt; mso-layout-grid-align: none; text-autospace: none;\"><span style=\"font-size: 12.0pt; font-family: 'Helvetica','sans-serif'; mso-bidi-font-family: Helvetica;\">\u00a0<\/span><\/p>\n<p class=\"MsoNormal\" style=\"margin-bottom: .0001pt; text-align: justify; text-justify: inter-ideograph; line-height: normal; mso-pagination: none; tab-stops: 28.3pt 56.65pt 85.0pt 113.35pt 141.7pt 170.05pt 198.4pt 226.75pt 255.1pt 283.45pt 311.8pt 340.15pt; mso-layout-grid-align: none; text-autospace: none;\"><span style=\"font-size: 12.0pt; font-family: 'Helvetica','sans-serif'; mso-bidi-font-family: Helvetica;\">A Lille, Gabriela, une jeune m\u00e8re, exprime en peu de mots l\u2019intensit\u00e9 du racisme institutionnalis\u00e9 que tant de Roms vivent au quotidien: Gabriela est brune et a d\u00fb se r\u00e9soudre \u00e0 raser les cheveux blonds de sa fille Valentina pour que la police, l\u2019administration et les passants cessent de l\u2019accuser d\u2019\u00eatre une voleuse d\u2019enfant. Et aussi pour qu\u2019une quadrag\u00e9naire ais\u00e9e arr\u00eate de la harceler en lui proposant avec insistance d\u2019acheter la fillette. \u00ab\u00a0Les gens sont fous\u00a0\u00bb, conclut Gabriela, renvoyant effectivement \u00e0 leurs d\u00e9lires racistes les Etats et les individus qui agissent selon des logiques aussi toxiques pour la soci\u00e9t\u00e9 tout enti\u00e8re.<span style=\"mso-spacerun: yes;\">\u00a0 <\/span><\/span><\/p>\n<p class=\"MsoNormal\" style=\"margin-bottom: .0001pt; text-align: justify; text-justify: inter-ideograph; line-height: normal; mso-pagination: none; tab-stops: 28.3pt 56.65pt 85.0pt 113.35pt 141.7pt 170.05pt 198.4pt 226.75pt 255.1pt 283.45pt 311.8pt 340.15pt; mso-layout-grid-align: none; text-autospace: none;\"><span style=\"font-size: 12.0pt; font-family: 'Helvetica','sans-serif'; mso-bidi-font-family: Helvetica;\">\u00a0<\/span><\/p>\n<p class=\"MsoNormal\" style=\"margin-bottom: .0001pt; text-align: justify; text-justify: inter-ideograph; line-height: normal; mso-pagination: none; tab-stops: 28.3pt 56.65pt 85.0pt 113.35pt 141.7pt 170.05pt 198.4pt 226.75pt 255.1pt 283.45pt 311.8pt 340.15pt; mso-layout-grid-align: none; text-autospace: none;\"><b><span style=\"font-size: 12.0pt; font-family: 'Helvetica','sans-serif'; mso-bidi-font-family: Helvetica;\">Isabelle Ligner<\/span><\/b><\/p>\n<p class=\"MsoNormal\" style=\"margin-bottom: .0001pt; text-align: justify; text-justify: inter-ideograph; line-height: normal; mso-pagination: none; tab-stops: 28.3pt 56.65pt 85.0pt 113.35pt 141.7pt 170.05pt 198.4pt 226.75pt 255.1pt 283.45pt 311.8pt 340.15pt; mso-layout-grid-align: none; text-autospace: none;\"><b><span style=\"font-size: 12.0pt; font-family: 'Helvetica','sans-serif'; mso-bidi-font-family: Helvetica;\">\u00a0<\/span><\/b><\/p>\n<p class=\"MsoNormal\" style=\"margin-bottom: .0001pt; text-align: justify; text-justify: inter-ideograph; line-height: normal; mso-pagination: none; tab-stops: 28.3pt 56.65pt 85.0pt 113.35pt 141.7pt 170.05pt 198.4pt 226.75pt 255.1pt 283.45pt 311.8pt 340.15pt; mso-layout-grid-align: none; text-autospace: none;\"><b><span style=\"font-size: 12.0pt; font-family: 'Helvetica','sans-serif'; mso-bidi-font-family: Helvetica;\">\u00a0<\/span><\/b><\/p>\n<p class=\"MsoNormal\" style=\"margin-bottom: .0001pt; text-align: justify; text-justify: inter-ideograph; line-height: normal;\"><span style=\"mso-fareast-font-family: 'Times New Roman'; mso-fareast-language: EN-US;\"><a href=\"http:\/\/www.fnasat.asso.fr\/\"><span style=\"font-size: 12.0pt; font-family: 'Times New Roman','serif'; mso-fareast-font-family: 'Times New Roman'; mso-fareast-theme-font: minor-fareast; color: windowtext; mso-fareast-language: FR; text-decoration: none; text-underline: none;\">\u00ab\u00a0Roms et riverains. Une politique municipale de la race\u00a0\u00bb<\/span><\/a><\/span><\/p>\n<p class=\"MsoNormal\" style=\"margin-bottom: .0001pt; text-align: justify; text-justify: inter-ideograph; line-height: normal;\"><span style=\"font-size: 12.0pt; font-family: 'Times New Roman','serif';\"><a href=\"http:\/\/www.fnasat.asso.fr\/\"><span style=\"color: windowtext; text-decoration: none; text-underline: none;\">\u00c9ric Fassin,<span style=\"mso-spacerun: yes;\">\u00a0 <\/span>Carine Fouteau, Aur\u00e9lie Windels et Serge Guichard<\/span><\/a><\/span><\/p>\n<p class=\"MsoNormal\" style=\"margin-bottom: .0001pt; text-align: justify; text-justify: inter-ideograph; line-height: normal;\"><span style=\"font-size: 12.0pt; font-family: 'Times New Roman','serif';\"><a href=\"http:\/\/www.fnasat.asso.fr\/\"><span style=\"color: windowtext; text-decoration: none; text-underline: none;\">la Fabrique \u00e9ditions. 2014 <\/span><\/a><\/span><\/p>\n<p><span style=\"mso-fareast-font-family: 'Times New Roman'; mso-fareast-language: EN-US;\"><a href=\"http:\/\/www.fnasat.asso.fr\/\"><span style=\"color: windowtext; text-decoration: none; text-underline: none;\">\u00a0<\/span><\/a><\/span><\/p>\n<p style=\"text-align: right;\"><a href=\"http:\/\/www.depechestsiganes.fr\/?p=8916\">Source<\/a><\/p>\n","protected":false},"excerpt":{"rendered":"<p>Un \u00ab\u00a0r\u00e9gime n\u00e9olib\u00e9ral de la race\u00a0\u00bb est appliqu\u00e9 aux Roms par une gauche qui a trahi ses engagements et ses militants. \u00a0C\u2019est la th\u00e8se qui est d\u00e9fendue \u00e0 quatre mains par le politologue Eric Fassin, les journalistes Carine Fouteau (Mediapart) et Aur\u00e9lie Windels (Cette France-l\u00e0) et le militant associatif Serge Guichard dans un livre intitul\u00e9 &#8230; <a title=\"\u00ab Roms et riverains : une politique municipale de la race\" class=\"read-more\" href=\"https:\/\/bruxelles-pantheres.be\/?p=2177\" aria-label=\"En savoir plus sur \u00ab Roms et riverains : une politique municipale de la race\">Lire la suite<\/a><\/p>\n","protected":false},"author":1,"featured_media":181,"comment_status":"open","ping_status":"open","sticky":false,"template":"","format":"standard","meta":{"footnotes":""},"categories":[22,25,36,20,28,37,40,5],"tags":[31,32,23,19,54,15],"class_list":["post-2177","post","type-post","status-publish","format-standard","has-post-thumbnail","hentry","category-emploi","category-enseignement","category-europe","category-logement","category-racismes","category-romophobie","category-transport","category-violence-policiere","tag-belgique","tag-culture","tag-discrimination","tag-pauvrete","tag-police","tag-resistance"],"_links":{"self":[{"href":"https:\/\/bruxelles-pantheres.be\/index.php?rest_route=\/wp\/v2\/posts\/2177","targetHints":{"allow":["GET"]}}],"collection":[{"href":"https:\/\/bruxelles-pantheres.be\/index.php?rest_route=\/wp\/v2\/posts"}],"about":[{"href":"https:\/\/bruxelles-pantheres.be\/index.php?rest_route=\/wp\/v2\/types\/post"}],"author":[{"embeddable":true,"href":"https:\/\/bruxelles-pantheres.be\/index.php?rest_route=\/wp\/v2\/users\/1"}],"replies":[{"embeddable":true,"href":"https:\/\/bruxelles-pantheres.be\/index.php?rest_route=%2Fwp%2Fv2%2Fcomments&post=2177"}],"version-history":[{"count":1,"href":"https:\/\/bruxelles-pantheres.be\/index.php?rest_route=\/wp\/v2\/posts\/2177\/revisions"}],"predecessor-version":[{"id":2178,"href":"https:\/\/bruxelles-pantheres.be\/index.php?rest_route=\/wp\/v2\/posts\/2177\/revisions\/2178"}],"wp:featuredmedia":[{"embeddable":true,"href":"https:\/\/bruxelles-pantheres.be\/index.php?rest_route=\/wp\/v2\/media\/181"}],"wp:attachment":[{"href":"https:\/\/bruxelles-pantheres.be\/index.php?rest_route=%2Fwp%2Fv2%2Fmedia&parent=2177"}],"wp:term":[{"taxonomy":"category","embeddable":true,"href":"https:\/\/bruxelles-pantheres.be\/index.php?rest_route=%2Fwp%2Fv2%2Fcategories&post=2177"},{"taxonomy":"post_tag","embeddable":true,"href":"https:\/\/bruxelles-pantheres.be\/index.php?rest_route=%2Fwp%2Fv2%2Ftags&post=2177"}],"curies":[{"name":"wp","href":"https:\/\/api.w.org\/{rel}","templated":true}]}}