{"id":2195,"date":"2014-05-13T19:48:58","date_gmt":"2014-05-13T18:48:58","guid":{"rendered":"https:\/\/bruxelles-pantheres.be\/?p=2195"},"modified":"2014-05-13T19:48:58","modified_gmt":"2014-05-13T18:48:58","slug":"islamophobes-de-gauche-musulmans-de-gauche","status":"publish","type":"post","link":"https:\/\/bruxelles-pantheres.be\/?p=2195","title":{"rendered":"Islamophobes de gauche, musulmans de gauche"},"content":{"rendered":"<div class=\"cartouche\">\n<div class=\"surlignable\">\n<address class=\"crayon article-titre-1607 entry-title\"><a href=\"https:\/\/bruxelles-pantheres.be\/wp-content\/uploads\/2013\/11\/we_can_do_it__too_by_tuffix-d5efu7f.jpg\"><img decoding=\"async\" class=\"aligncenter wp-image-19 size-medium\" src=\"https:\/\/bruxelles-pantheres.be\/wp-content\/uploads\/2013\/11\/we_can_do_it__too_by_tuffix-d5efu7f-255x300.jpg\" alt=\"we_can_do_it__too_by_tuffix-d5efu7f\" width=\"255\" height=\"300\" srcset=\"https:\/\/bruxelles-pantheres.be\/wp-content\/uploads\/2013\/11\/we_can_do_it__too_by_tuffix-d5efu7f-255x300.jpg 255w, https:\/\/bruxelles-pantheres.be\/wp-content\/uploads\/2013\/11\/we_can_do_it__too_by_tuffix-d5efu7f-768x903.jpg 768w, https:\/\/bruxelles-pantheres.be\/wp-content\/uploads\/2013\/11\/we_can_do_it__too_by_tuffix-d5efu7f.jpg 800w\" sizes=\"(max-width: 255px) 100vw, 255px\" \/><\/a><\/address>\n<address class=\"crayon article-titre-1607 entry-title\">Islamophobes de gauche, musulmans de gauche<\/address>\n<\/div>\n<p class=\"date\"><abbr class=\"published\" title=\"2014-04-22T16:15:08Z\">mardi 22 avril 2014<\/abbr>, par Alain Gresh<\/p>\n<\/div>\n<div class=\"surlignable\">\n<div class=\"crayon article-texte-1607 texte entry-content\">\n<p>On trouvera une traduction en arabe du texte <a class=\"spip_out\" href=\"http:\/\/www.akhbarboom.com\/archives\/75100\" rel=\"external\">ici<\/a>.<\/p>\n<p>Hasard du calendrier, le rapport produit cette ann\u00e9e par la Commission nationale consultative des droits de l\u2019homme (CNCDH), <a class=\"spip_out\" href=\"http:\/\/www.cncdh.fr\/fr\/travaux-en-cours\/rapport-racisme-2013\" rel=\"external\"><i>La lutte contre le racisme, l\u2019antis\u00e9mitisme et la x\u00e9nophobie. Ann\u00e9e 2013<\/i><\/a>, a \u00e9t\u00e9 remis le jour o\u00f9 le nouveau premier ministre Manuel Valls prenait ses fonctions (le texte int\u00e9gral est <a class=\"spip_out\" href=\"http:\/\/www.mediapart.fr\/files\/CNCDHrapport2013.pdf\" rel=\"external\">t\u00e9l\u00e9chargeable<\/a> sur M\u00e9diapart). Celui-l\u00e0 m\u00eame qui a tenu des propos indignes sur les Roms (\u00ab\u00a0<a class=\"spip_out\" href=\"http:\/\/www.liberation.fr\/societe\/2013\/09\/24\/pour-valls-seule-une-minorite-de-roms-veulent-s-integrer-en-france_934265\" rel=\"external\">Pour Valls, \u201cles Roms ont vocation \u00e0 rentrer en Roumanie ou en Bulgarie\u201d<\/a>\u00a0\u00bb, <i>Lib\u00e9ration<\/i>, 24\u00a0septembre\u00a02013). Le rapport note d\u2019ailleurs les propos de personnalit\u00e9s politiques qui ont pris part aux attaques contre les Roms et n\u2019ont <i>\u00ab\u00a0gu\u00e8re arrang\u00e9 les choses\u00a0\u00bb<\/i>, dont Christian Estrosi, Eric Ciotti, Nathalie Kosciusko-Morizet, et\u2026 Manuel Valls qui d\u00e9clarait, le 24\u00a0septembre 2013, que <i>\u00ab\u00a0les Roms sont des populations qui ont des modes de vie extr\u00eamement diff\u00e9rents des n\u00f4tres et qui sont \u00e9videmment en confrontation\u00a0\u00bb<\/i>.<\/p>\n<p>Par son action politique, l\u2019ancien ministre de l\u2019int\u00e9rieur a contribu\u00e9, autant que la droite (et <a class=\"spip_in\" href=\"http:\/\/blog.mondediplo.net\/2012-05-16-Vous-avez-aime-Claude-Gueant-Vous-adorerez-Manuel\">Claude Gu\u00e9ant<\/a>), \u00e0 la mont\u00e9e de l\u2019intol\u00e9rance et surtout de l\u2019islamophobie, devenue, pour une partie de la gauche, une opinion respectable. Faisons le v\u0153u, sans trop y croire, que Manuel Valls prendra le temps de se plonger dans les centaines de pages de cette \u00e9tude et d\u2019en tirer les cons\u00e9quences.<\/p>\n<p>On peut en douter, non seulement parce que le pass\u00e9 de ce personnage n\u2019incite gu\u00e8re \u00e0 l\u2019optimisme, mais aussi parce que, loin de provoquer un d\u00e9bat, le rapport a \u00e9t\u00e9 rapidement \u00e9voqu\u00e9 dans la presse, puis oubli\u00e9. On attend le moment o\u00f9 Patrick Cohen, sur France Inter, invitera la pr\u00e9sidente du CNCDH, Christine Lazerges, et l\u2019interrogera sur les r\u00e9sultats de cet immense travail, qui s\u2019inscrit en faux contre l\u2019islamophobie rampante du journaliste de la radio publique.<\/p>\n<p>La nouveaut\u00e9 essentielle de ce rapport, soulign\u00e9e dans l\u2019introduction, est le fait que, pour la premi\u00e8re fois et apr\u00e8s un large d\u00e9bat interne, la CNCDH a d\u00e9cid\u00e9 d\u2019adopter le terme d\u2019islamophobie. Celui-ci est entr\u00e9 au <i>Petit Robert<\/i> comme au <i>Larousse<\/i>, il a \u00e9t\u00e9 adopt\u00e9 d\u00e8s 1998 par la Commission des droits de l\u2019homme des Nations unies et par l\u2019Observatoire europ\u00e9en des ph\u00e9nom\u00e8nes racistes et x\u00e9nophobes de Vienne, mais il continue \u00e0 susciter des r\u00e9ticences parmi les partis politiques et au sein des institutions fran\u00e7aises. Certes, pr\u00e9cise le texte, il s\u2019agit d\u2019une <i>\u00ab\u00a0terminologie imparfaite\u00a0\u00bb<\/i>, susceptible de critiques (peut-on vraiment parler de phobie\u00a0? ne risque-t-on pas de voir le terme instrumentalis\u00e9 par tous ceux qui refusent la critique de l\u2019islam comme religion\u00a0?) \u2014 reproche qui peut aussi viser le terme d\u2019antis\u00e9mitisme, le mot \u00ab\u00a0s\u00e9mite\u00a0\u00bb ayant pratiquement disparu, et qui pourtant recouvre une r\u00e9alit\u00e9. Par ailleurs, les autres termes propos\u00e9s (racisme antimusulmans ou musulmanophobie) sont encore plus contestables.<\/p>\n<p><i>\u00ab\u00a0Le racisme,<\/i> notent les rapporteurs<i>, a subi un profond changement de paradigme dans les ann\u00e9es post-coloniales, avec un glissement d\u2019un racisme biologique vers un racisme culturel. Se cachant derri\u00e8re ce nouvel habillage, le terme d\u2019\u201cislamophobie\u201d a \u00e9t\u00e9 utilis\u00e9 par les groupes politiques pour f\u00e9d\u00e9rer un \u00e9lectorat plus large et revendiquer la d\u00e9testation de la religion musulmane et du musulman. Plus inqui\u00e9tant encore, une certaine frange radicale franchit le pas du discours aux actes.\u00a0\u00bb<\/i><\/p>\n<p>Et, de ce point de vue, le bilan dress\u00e9 par le rapport sur les violences racistes est accablant. Alors que, de mani\u00e8re globale, ces actes sont en nette diminution (de 1\u00a0542 \u00e0 1\u00a0274 par an, soit une baisse de pr\u00e8s de 20\u00a0points), de m\u00eame que les actes antis\u00e9mites (31\u00a0% de moins), les actes antimusulmans progressent pour la troisi\u00e8me ann\u00e9e cons\u00e9cutive\u00a0: ils ont augment\u00e9 de 11,3\u00a0% en 2013, apr\u00e8s avoir s\u2019\u00eatre accrus de 30\u00a0% en 2011 et 28\u00a0% en\u00a02012.<\/p>\n<p>Dans ces conditions, le terme islamophobie <i>\u00ab\u00a0pr\u00e9sente de nombreux atouts dans la perspective de la lutte contre les discriminations. Le terme pr\u00e9sente un fort potentiel \u00e9vocateur, il est incisif et clair. La puissance du mot rend visible un ph\u00e9nom\u00e8ne grave.<\/i> (\u2026) <i>Si cette terminologie a investi progressivement et de mani\u00e8re importante le langage courant et institutionnel, c\u2019est bien pour reconna\u00eetre l\u2019acuit\u00e9 de cette hostilit\u00e9 grandissante et fortement ressentie, construisant un \u201cprobl\u00e8me musulman\u201d en France\u00a0\u00bb<\/i>. (\u2026)<\/p>\n<p><i>\u00ab\u00a0La CNCDH est d\u2019avis qu\u2019il convient de nommer ce que l\u2019on d\u00e9nonce et souhaite combattre. C\u2019est pourquoi, sans pour autant faire fi des impropri\u00e9t\u00e9s s\u00e9mantiques ni occulter les risques d\u2019instrumentalisation, elle a pris pour parti de d\u00e9signer par le terme \u201cislamophobie\u201d ce ph\u00e9nom\u00e8ne rampant, dangereux, qui menace le \u201cvivre ensemble\u201d et appelle \u00e0 toutes les vigilances.\u00a0\u00bb<\/i><\/p>\n<p>Analysant le rapport, Elise Vincent \u00e9crit dans <i>Le Monde<\/i> du 1er\u00a0avril 2014 (\u00ab\u00a0<a class=\"spip_out\" href=\"http:\/\/www.lemonde.fr\/societe\/article\/2014\/04\/01\/l-intolerance-et-l-inquietude-a-l-egard-des-minorites-ne-cessent-de-s-accroitre_4393374_3224.html\" rel=\"external\">Les Fran\u00e7ais sont de moins en moins tol\u00e9rants<\/a>\u00a0\u00bb)\u00a0:<\/p>\n<p><i>\u00ab\u00a0Le ch\u00f4mage et la crise \u00e9conomique restent largement en t\u00eate des pr\u00e9occupations des Fran\u00e7ais. Mais ils sont de plus en plus nombreux \u00e0 penser que l\u2019int\u00e9gration des \u00e9trangers \u201cfonctionne mal\u201d. 63\u00a0% des sond\u00e9s sont de cet avis, soit une hausse de 7\u00a0points par rapport \u00e0 2012. De m\u00eame, 68\u00a0% des personnes interrog\u00e9es pensent que ce sont avant tout les personnes d\u2019origine \u00e9trang\u00e8re \u201cqui ne se donnent pas les moyens de s\u2019int\u00e9grer\u201d, soit une augmentation de 8\u00a0points.<\/i><\/p>\n<p><i>Globalement, la \u201ctol\u00e9rance\u201d des Fran\u00e7ais aurait ainsi baiss\u00e9 de 12\u00a0points depuis 2009, selon un indice construit par une \u00e9quipe de chercheurs de Sciences Po partenaire de la CNCDH. \u201cCette baisse touche d\u00e9sormais toutes les minorit\u00e9s et est exprim\u00e9e par toutes les sensibilit\u00e9s politiques\u201d, pr\u00e9vient-on \u00e0 la commission. En clair, l\u2019intol\u00e9rance gagne aujourd\u2019hui les sond\u00e9s de droite comme de gauche.\u00a0\u00bb<\/i><\/p>\n<p>Une d\u00e9rive \u00e0 gauche que souligne aussi Carine Fouteau sur <i>Mediapart<\/i> (\u00ab\u00a0<a class=\"spip_out\" href=\"http:\/\/www.mediapart.fr\/journal\/france\/010414\/la-cncdh-denonce-un-racisme-brutal-et-biologisant?page_article=1\" rel=\"external\">La CNCDH d\u00e9nonce un racisme \u201cbrutal et biologisant\u201d<\/a>\u00a0\u00bb)\u00a0:<\/p>\n<p><i>\u00ab\u00a0Tous les groupes sociopolitiques sont d\u00e9sormais concern\u00e9s\u00a0: les dipl\u00f4mes immunisent de moins en moins contre la peur de l\u2019autre. Plus surprenant encore\u00a0: les \u00e9lecteurs de gauche basculent \u00e0 leur tour. \u201cM\u00eame dans le camp id\u00e9ologique o\u00f9 les valeurs d\u2019ouverture sont les plus fortes, o\u00f9 pour beaucoup elles font partie int\u00e9grante de leur identit\u00e9 politique, les digues sont en train de se fissurer\u201d, notent-ils, remarquant un rejet sp\u00e9cifique de l\u2019islam.\u00a0\u00bb<\/i><\/p>\n<p>En fait, depuis plusieurs ann\u00e9es, les rapports soulignent la mont\u00e9e d\u2019une islamophobie de gauche\u00a0: \u00e9lecteurs du Front de gauche, ou m\u00eame des Verts qui, tout en \u00e9tant ouverts envers l\u2019immigration et favorables au droit de vote des immigr\u00e9s, souffrent d\u2019une v\u00e9ritable phobie concernant l\u2019islam, souvent au nom d\u2019une la\u00efcit\u00e9 mal comprise et qui n\u2019a rien \u00e0 voir avec la la\u00efcit\u00e9 des fondateurs, celle d\u2019Aristide Briand et de Jean Jaur\u00e8s (Lire \u00ab\u00a0<a class=\"spip_in\" href=\"http:\/\/blog.mondediplo.net\/2012-03-31-Oui-a-Briand-et-a-Jaures-non-Gueant-et-a-Valls-I\">Oui \u00e0 Briand et Jaur\u00e8s, non \u00e0 Gu\u00e9ant et \u00e0 Valls (I)<\/a>\u00a0\u00bb).<\/p>\n<p>Comme le note le rapport de la CNCDH, le mot la\u00efcit\u00e9 est devenu <i>\u00ab\u00a0un mot valise\u00a0\u00bb<\/i>, qui recouvre des r\u00e9alit\u00e9s diff\u00e9rentes, mais qui s\u2019identifie de plus en plus \u00e0 l\u2019hostilit\u00e9 au seul islam. Il est important de rappeler, par exemple, que si l\u2019\u00e9galit\u00e9 entre hommes et femmes est un principe de la R\u00e9publique qu\u2019il faut mettre en \u0153uvre, il n\u2019a rien \u00e0 voir avec la la\u00efcit\u00e9\u00a0: la la\u00efcit\u00e9 de la IIIe, de la IVe et de la Ve\u00a0R\u00e9publique s\u2019est longtemps accommod\u00e9e de l\u2019absence de droit de vote des femmes, de leur statut de mineures, et, encore aujourd\u2019hui, des nombreuses in\u00e9galit\u00e9s. La la\u00efcit\u00e9 d\u00e9finit les rapports entre les Eglises et l\u2019Etat, et rien d\u2019autre.<\/p>\n<p>La diff\u00e9rence fondamentale entre le racisme et l\u2019islamophobie, c\u2019est que la seconde peut \u00eatre brandie par des personnes de gauche qui se croient \u00e0 l\u2019abri de l\u2019accusation de racisme. Mais le racisme culturel est devenu, dans notre soci\u00e9t\u00e9, \u00e0 l\u2019\u00e9gard des musulmans (mais aussi des Roms), le racisme dominant.<\/p>\n<p>Quelques jours avant la publication du rapport de la CNCDH, le 20\u00a0mars 2014, la Fondation Jean Jaur\u00e8s, proche du Parti socialiste, a publi\u00e9 une \u00e9tude de son directeur g\u00e9n\u00e9ral Gilles Finchelstein, <a class=\"spip_out\" href=\"http:\/\/www.jean-jaures.org\/Publications\/Notes\/Des-musulmans-de-gauche\/%28language%29\/fre-FR\" rel=\"external\"><i>Des musulmans de gauche\u00a0?<\/i><\/a><\/p>\n<p>Cette \u00e9tude porte seulement sur la r\u00e9gion parisienne. <i>\u00ab\u00a0Le r\u00e9sultat, en l\u2019esp\u00e8ce, vient conforter un certain nombre de st\u00e9r\u00e9otypes\u00a0: il y a, dans la r\u00e9gion Ile-de-France, des \u201cbobos\u201d de gauche, des \u201cmondialis\u00e9s lib\u00e9raux\u201d et des \u201cconservateurs assum\u00e9s\u201d de droite, des \u201canxieux\u201d d\u2019extr\u00eame droite. Mais il y a aussi un groupe nouveau \u2013 repr\u00e9sentant 12\u00a0% de l\u2019ensemble \u2013 qui a \u00e9t\u00e9 mis au jour par cette typologie\u00a0: ce groupe, \u201cn\u00e9o-traditionnaliste\u201d, pourrait aussi \u00eatre appel\u00e9 le groupe des \u201cmusulmans de gauche\u201d \u2013 par r\u00e9f\u00e9rence aux \u201ccatholiques de gauche\u201d \u2013 et c\u2019est sur lui que se concentre cette note. Soyons plus pr\u00e9cis encore d\u2019embl\u00e9e pour que la lecture de ce qui suit ne soit pas biais\u00e9e. D\u00e8s lors que le crit\u00e8re de constitution des groupes est la coh\u00e9rence id\u00e9ologique, il est naturel qu\u2019aucun groupe ne soit sociologiquement ou politiquement uniforme. Ainsi, d\u2019une part, ce groupe n\u2019est constitu\u00e9 qu\u2019\u00e0 moiti\u00e9 par des musulmans et tous les musulmans ne sont pas dans ce groupe.\u00a0\u00bb<\/i><\/p>\n<p>Ces d\u00e9finitions portent \u00e9videmment \u00e0 controverse, et quelle signification accorder \u00e0 un groupe dit \u00ab\u00a0musulman\u00a0\u00bb dont un nombre important n\u2019est pas musulman\u00a0? Pourtant, l\u2019\u00e9tude contient des \u00e9l\u00e9ments int\u00e9ressants.<\/p>\n<p><i>\u00ab\u00a0S\u2019agissant des valeurs \u00e9conomiques et sociales, ce groupe est proche de la figure traditionnelle de la gauche \u2013 il aspire \u00e0 davantage d\u2019\u00e9galit\u00e9 \u2013 et de la gauche fran\u00e7aise en particulier \u2013 il attend beaucoup de l\u2019Etat. <\/i>(\u2026)<i> A l\u2019inverse, ce sont des valeurs culturelles plus conservatrices, et parfois m\u00eame tr\u00e8s conservatrices, qui pr\u00e9valent dans le groupe des musulmans de gauche \u2013 les \u00e9loignant sur ce point radicalement d\u2019autres groupes de gauche de cette typologie.\u00a0\u00bb<\/i><\/p>\n<p>Et ce groupe n\u2019est pas du tout en rupture avec la soci\u00e9t\u00e9 fran\u00e7aise\u00a0:<\/p>\n<p>(\u2026) Il <i>\u00ab\u00a0veut s\u2019ins\u00e9rer dans la soci\u00e9t\u00e9 \u2013 il est d\u2019ailleurs moins critique sur son fonctionnement que bien d\u2019autres et souhaite simplement y trouver sa place. Et ces musulmans de gauche restent optimistes. Presque aussi optimistes que la moyenne des Franciliens pour eux-m\u00eames\u00a0: 71\u00a0% d\u2019entre eux (contre 79\u00a0%) d\u00e9clarent, s\u2019agissant de l\u2019avenir, qu\u2019ils vont \u201carriver \u00e0 s\u2019en sortir\u201d. Plus optimistes \u2013 ou moins pessimistes \u2013 pour leurs enfants\u00a0: ils sont 39\u00a0% (contre 26\u00a0% pour la moyenne des Franciliens) \u00e0 penser que leurs enfants vivront mieux qu\u2019eux.\u00a0\u00bb<\/i><\/p>\n<p>C\u2019est un d\u00e9fi, note l\u2019auteur, pour le Parti socialiste. Car comment se situe ce groupe sur l\u2019\u00e9chiquier politique\u00a0?<\/p>\n<p><i>\u00ab\u00a0Avant m\u00eame d\u2019\u00eatre \u201cde gauche\u201d, ce groupe se d\u00e9finit avant tout n\u00e9gativement\u00a0: il n\u2019est pas \u201cde droite\u201d. Au second tour de l\u2019\u00e9lection pr\u00e9sidentielle de 2012, seuls 28\u00a0% de leurs suffrages exprim\u00e9s se sont port\u00e9s sur Nicolas Sarkozy. En termes de pr\u00e9f\u00e9rence partisane, seuls 14\u00a0% d\u2019entre eux se r\u00e9clament de la droite dans son acception la plus large (UDI, UMP, FN).<\/i><\/p>\n<p><i>Est-il pour autant de gauche\u00a0? On pourrait faire une r\u00e9ponse balanc\u00e9e. Oui, si l\u2019on s\u2019en tient aux valeurs \u00e9conomiques et sociales ou aux valeurs sur l\u2019identit\u00e9 et l\u2019immigration \u2014 on l\u2019a vu. Oui encore, si l\u2019on regarde les derniers comportements \u00e9lectoraux \u2014 72\u00a0% en faveur de Fran\u00e7ois Hollande. Non, si l\u2019on s\u2019attache aux valeurs culturelles. L\u2019essentiel est pourtant ailleurs. Ce qui caract\u00e9rise ce groupe \u2014 et l\u00e0 r\u00e9side le d\u00e9fi \u00e9lectoral pour la gauche\u00a0\u2014, c\u2019est son rapport pour le moins distanci\u00e9 \u00e0 la politique. 61\u00a0% d\u00e9clarent \u201cne pas s\u2019y int\u00e9resser\u201d, dont 37\u00a0% \u201cpas du tout\u201d (+19 points). 32\u00a0% se sont abstenus ou ont vot\u00e9 blanc le 6\u00a0mai 2012.\u00a0\u00bb<\/i><\/p>\n<p>Quoi qu\u2019il en soit, les musulmans, qu\u2019ils soient relativement \u00ab\u00a0int\u00e9gr\u00e9s\u00a0\u00bb socialement comme ceux-l\u00e0, qu\u2019ils appartiennent \u00e0 une classe ouvri\u00e8re paup\u00e9ris\u00e9e ou qu\u2019ils soient des \u00ab\u00a0jeunes de banlieue\u00a0\u00bb, posent un d\u00e9fi \u00e0 la gauche fran\u00e7aise, qu\u2019elle semble bien incapable de relever. L\u2019\u00e9chec du Parti communiste \u00e0 Bagnolet offre \u00e0 cet \u00e9gard un enseignement int\u00e9ressant (lire Aya Ramadan, \u00ab\u00a0<a class=\"spip_out\" href=\"http:\/\/indigenes-republique.fr\/bobigny-2014-quand-les-arabes-et-les-noirs-font-campagne-pour-la-droite-blanche\/\" rel=\"external\">Bobigny 2014\u00a0: quand les Arabes et les Noirs font campagne pour la droite blanche<\/a>\u00a0\u00bb, 2\u00a0avril\u00a02014).<\/p>\n<p><a href=\"http:\/\/blog.mondediplo.net\/2014-04-22-Islamophobes-de-gauche-musulmans-de-gauche\">Source<\/a><\/p>\n<\/div>\n<\/div>\n","protected":false},"excerpt":{"rendered":"<p>Islamophobes de gauche, musulmans de gauche mardi 22 avril 2014, par Alain Gresh On trouvera une traduction en arabe du texte ici. Hasard du calendrier, le rapport produit cette ann\u00e9e par la Commission nationale consultative des droits de l\u2019homme (CNCDH), La lutte contre le racisme, l\u2019antis\u00e9mitisme et la x\u00e9nophobie. Ann\u00e9e 2013, a \u00e9t\u00e9 remis le &#8230; <a title=\"Islamophobes de gauche, musulmans de gauche\" class=\"read-more\" href=\"https:\/\/bruxelles-pantheres.be\/?p=2195\" aria-label=\"En savoir plus sur Islamophobes de gauche, musulmans de gauche\">Lire la suite<\/a><\/p>\n","protected":false},"author":1,"featured_media":205,"comment_status":"open","ping_status":"open","sticky":false,"template":"","format":"standard","meta":{"footnotes":""},"categories":[22,25,36,4,20,28],"tags":[],"class_list":["post-2195","post","type-post","status-publish","format-standard","has-post-thumbnail","hentry","category-emploi","category-enseignement","category-europe","category-islamophobie","category-logement","category-racismes"],"_links":{"self":[{"href":"https:\/\/bruxelles-pantheres.be\/index.php?rest_route=\/wp\/v2\/posts\/2195","targetHints":{"allow":["GET"]}}],"collection":[{"href":"https:\/\/bruxelles-pantheres.be\/index.php?rest_route=\/wp\/v2\/posts"}],"about":[{"href":"https:\/\/bruxelles-pantheres.be\/index.php?rest_route=\/wp\/v2\/types\/post"}],"author":[{"embeddable":true,"href":"https:\/\/bruxelles-pantheres.be\/index.php?rest_route=\/wp\/v2\/users\/1"}],"replies":[{"embeddable":true,"href":"https:\/\/bruxelles-pantheres.be\/index.php?rest_route=%2Fwp%2Fv2%2Fcomments&post=2195"}],"version-history":[{"count":1,"href":"https:\/\/bruxelles-pantheres.be\/index.php?rest_route=\/wp\/v2\/posts\/2195\/revisions"}],"predecessor-version":[{"id":2196,"href":"https:\/\/bruxelles-pantheres.be\/index.php?rest_route=\/wp\/v2\/posts\/2195\/revisions\/2196"}],"wp:featuredmedia":[{"embeddable":true,"href":"https:\/\/bruxelles-pantheres.be\/index.php?rest_route=\/wp\/v2\/media\/205"}],"wp:attachment":[{"href":"https:\/\/bruxelles-pantheres.be\/index.php?rest_route=%2Fwp%2Fv2%2Fmedia&parent=2195"}],"wp:term":[{"taxonomy":"category","embeddable":true,"href":"https:\/\/bruxelles-pantheres.be\/index.php?rest_route=%2Fwp%2Fv2%2Fcategories&post=2195"},{"taxonomy":"post_tag","embeddable":true,"href":"https:\/\/bruxelles-pantheres.be\/index.php?rest_route=%2Fwp%2Fv2%2Ftags&post=2195"}],"curies":[{"name":"wp","href":"https:\/\/api.w.org\/{rel}","templated":true}]}}