{"id":2200,"date":"2014-05-22T15:45:02","date_gmt":"2014-05-22T14:45:02","guid":{"rendered":"https:\/\/bruxelles-pantheres.be\/?p=2200"},"modified":"2014-05-22T15:47:59","modified_gmt":"2014-05-22T14:47:59","slug":"pourquoi-les-habitants-de-banlieue-ne-sont-jamais-invites-sur-le-plateau-du-jt","status":"publish","type":"post","link":"https:\/\/bruxelles-pantheres.be\/?p=2200","title":{"rendered":"Pourquoi les habitants de banlieue ne sont jamais invit\u00e9s sur le plateau du JT ?"},"content":{"rendered":"<p><a href=\"https:\/\/bruxelles-pantheres.be\/wp-content\/uploads\/2013\/11\/RacismPoliceRepression.jpeg\"><img decoding=\"async\" class=\"size-full wp-image-460 aligncenter\" src=\"https:\/\/bruxelles-pantheres.be\/wp-content\/uploads\/2013\/11\/RacismPoliceRepression.jpeg\" alt=\"RacismPoliceRepression\" width=\"582\" height=\"600\" srcset=\"https:\/\/bruxelles-pantheres.be\/wp-content\/uploads\/2013\/11\/RacismPoliceRepression.jpeg 582w, https:\/\/bruxelles-pantheres.be\/wp-content\/uploads\/2013\/11\/RacismPoliceRepression-291x300.jpeg 291w\" sizes=\"(max-width: 582px) 100vw, 582px\" \/><\/a><\/p>\n<p>Pourquoi les habitants de banlieue ne sont jamais invit\u00e9s sur le plateau du JT ?<\/p>\n<p style=\"text-align: justify;\"><strong>Les crimes racistes et s\u00e9curitaires ont une longue histoire mais leur traitement par le Journal T\u00e9l\u00e9vis\u00e9 reste invariablement calqu\u00e9 sur les m\u00eames mod\u00e8les. Micro-trottoirs faits \u00e0 la va-vite et lecture \u00e0 voix haute des communiqu\u00e9s fournis par les sources polici\u00e8res. Pourquoi ne pas donner plus longuement la parole aux habitants des quartiers populaires sur les plateaux t\u00e9l\u00e9vis\u00e9s ? Un d\u00e9but de r\u00e9ponse. Comme le rel\u00e8ve <a href=\"http:\/\/www.editions-libertalia.com\/librairie\/product_info.php?products_id=104\" target=\"_blank\">Mogniss H. Abdallah dans son livre \u00ab\u00a0Rengainez, on arrive !\u00a0\u00bb<\/a>, les rares fois o\u00f9 la parole des habitants de banlieue et des enfants d\u2019immigr\u00e9s a pu s\u2019exprimer librement dans le JT, l\u2019\u00e9change a tourn\u00e9 rapidement \u00e0 l\u2019avantage de ces derniers, au d\u00e9triment des journalistes. Ce fut le cas notamment sur le plateau d\u2019Antenne 2 o\u00f9 un jeune habitant de Vitry remet quelques pendules \u00e0 l\u2019heure apr\u00e8s le meurtre d\u2019un de ses camarades.<\/strong><\/p>\n<blockquote><p>&nbsp;<\/p><\/blockquote>\n<p><!--more--><\/p>\n<p style=\"text-align: justify;\">A Vitry-sur-Seine, une virulente campagne contre l\u2019ins\u00e9curit\u00e9 a \u00e9t\u00e9 lanc\u00e9e en 1979, \u00e0 la suite d\u2019une bagarre sur la ligne de bus 182 qui dessert la cit\u00e9 Balzac. La presse titre alors \u00ab\u00a0<em>Chicago sur Seine<\/em>\u00ab\u00a0. Les CRS patrouillent dans la cit\u00e9, mitraillette au poing et la CGT demande que les machinistes soient arm\u00e9s. Des amicales de locataires demandent l\u2019expulsion des \u00ab\u00a0familles trop remuantes\u00a0\u00bb en raison du bruit caus\u00e9 par leurs enfants. Et le maire, en attendant l\u2019ouverture du nouveau commissariat de police qu\u2019il r\u00e9clame \u00e0 cor et \u00e0 cri, incite la population \u00e0 chasser elle-m\u00eame les d\u00e9linquants. \u00ab\u00a0<em>Comment s\u2019\u00e9tonner si un gars a sorti son fusil et a tir\u00e9 ?<\/em>\u00a0\u00bb d\u00e9clarera sans sourciller un adjoint apr\u00e8s la mort d\u2019Abdelkader (<em>le Matin<\/em>, 31 d\u00e9cembre 1980).<\/p>\n<p style=\"text-align: justify;\">Les lascars avaient d\u00e9j\u00e0 commenc\u00e9 \u00e0 alerter l\u2019opinion publique sur les graves cons\u00e9quences que ce climat d\u00e9l\u00e9t\u00e8re allait immanquablement engendrer. A Nanterre ou ailleurs, ils tiennent une chronique de la survie au quotidien sous forme de films super-huit, d\u2019\u00e9missions sur des radios pirates, ou encore de textes et de bandes dessin\u00e9es. \u00ab\u00a0<em>Ma parole, ils nous poussent trop, \u00e7a va mal finir !<\/em>\u00a0\u00bb s\u2019exclame un jeune chez lui devant son bol de caf\u00e9 dans un dessin de Last Siou publi\u00e9 dans <em>Sans Fronti\u00e8re<\/em> \u2013 et qui sera repris en affiche ici ou l\u00e0. Ils publient aussi des articles d\u2019expression spontan\u00e9e, des reportages ou des analyses dans des fanzines lyc\u00e9es, des journaux gauchistes ou \u00e9cologistes, dont <em>La Gueule ouverte<\/em>, ainsi que dans <em>H<\/em>, la revue de l\u2019Union nationale des HLM. Sans oublier les rencards ins\u00e9r\u00e9s dans la rubrique \u00ab\u00a0agit-prop\u00a0\u00bb du quotidien <em>Lib\u00e9ration<\/em>.<\/p>\n<p style=\"text-align: justify;\">Quelques jours apr\u00e8s la mort d\u2019Abdelkader, une manifestation rassemble un millier de personnes. \u00ab\u00a0Ils ont assassin\u00e9 Kader\u00a0\u00bb, \u00e9nonce la banderole de t\u00eate. Ce \u00ab\u00a0ils\u00a0\u00bb d\u00e9signe bien s\u00fbr le gardien \u2013 un ex flic \u2013 et sa femme, mais aussi la campagne s\u00e9curitaire d\u2019incitation \u00e0 la chasse aux jeunes et aux immigr\u00e9s en particulier, men\u00e9e par la municipalit\u00e9, avec l\u2019appui de la police et des m\u00e9dias.<\/p>\n<p style=\"text-align: justify;\">Les jeunes racontent que peu avant le meurtre la t\u00e9l\u00e9vision a diffus\u00e9 <em>Un justicier dans la ville<\/em>, r\u00e9alis\u00e9 par Michael Winner en 1974, dont le titre am\u00e9ricain est autrement plus explicite : Death Wish (\u00ab\u00a0envie de meurtre\u00a0\u00bb). L\u2019acteur Charles Bronson y incarne le r\u00f4le d\u2019un citoyen ordinaire qui, sur fond de d\u00e9solation urbaine, chasse en solitaire les voyous, presque tous noirs, et les massacre un \u00e0 un. Des t\u00e9moins affirment que dans les caf\u00e9s, des \u00ab\u00a0beaufs\u00a0\u00bb ont r\u00eav\u00e9 tout haut de l\u2019imiter. Les lascar reprochent aux journaux t\u00e9l\u00e9vis\u00e9s leur grandiloquence sur la mal-vie dans les grands ensembles, pr\u00e9sent\u00e9e comme excuse pour un \u00ab\u00a0geste imb\u00e9cile\u00a0\u00bb, tandis que leur propre parole est syst\u00e9matiquement tronqu\u00e9e.<\/p>\n<p style=\"text-align: justify;\">Alors, quand les journalistes de t\u00e9l\u00e9vision d\u00e9barquent \u00e0 la cit\u00e9 Couzy, les jeunes refusent de tourner avec eux. Mais ils proposent un deal \u00e0 Antenne 2 : celui de passer un extrait de leur propre film Zone immigr\u00e9e, suivi d\u2019un d\u00e9bat contradictoire en direct. La sc\u00e8ne, sketch d\u2019anthologie des rapports m\u00e9dias \/ jeunes, est elle-m\u00eame film\u00e9e par les jeunes au coeur de l\u2019\u00e9change. Elle r\u00e9v\u00e8le des reporters TV path\u00e9tiques : \u00ab\u00a0On n\u2019est pas des flics ! On est l\u00e0 pour vous aider !\u00a0\u00bb s\u2019exasp\u00e8re une journaliste. Peine perdue : \u00ab\u00a0Il faut qu\u2019on contr\u00f4le le truc\u00a0\u00bb tranche Momo, alors que la discussion s\u2019enlise sur la question de savoir si l\u2019on prend le risque ou pas de coop\u00e9rer. Parmi les rares personnes pr\u00eates \u00e0 laisser faire, il y a un sympathisant communiste, pour qui \u00ab\u00a0<em>la question de la s\u00e9curit\u00e9 \u00e0 Vitry, elle se pose<\/em>\u00ab\u00a0. Il se fait rabrouer par l\u2019assistance.<\/p>\n<h3 style=\"text-align: justify;\">\u00ab\u00a0Et pourquoi t\u2019\u00e9tais pas \u00e0 la manif pour Kader, toi ?\u00a0\u00bb lui lance Mustapha.<\/h3>\n<p style=\"text-align: justify;\">R\u00e9ponse embarrass\u00e9e : \u00ab\u00a0o<em>n n\u2019a pas appel\u00e9 \u00e0 la manif, on n\u2019\u00e9tait pas d\u2019accord avec le mot d\u2019ordre \u00ab\u00a0pas d\u2019ilotiers\u00a0\u00bb. Nous on veut que la police fasse son travail<\/em>\u00ab\u00a0. Un gamin l\u2019apostrophe : \u00ab\u00a0<em>Vous trouvez pas que la police emmerde le monde ?<\/em>\u00ab\u00a0. Mustapha rench\u00e9rit, fustigeant la campagne du PCF pour l\u2019obtention d\u2019un commissariat : \u00ab\u00a0<em>Et vous voulez avoir le pouvoir sur les flics ? T\u2019es fou, toi ! Franchement t\u2019aurais d\u00fb \u00eatre l\u00e0 \u00e0 la manif, au moins par respect<\/em>\u00ab\u00a0.<\/p>\n<p style=\"text-align: justify;\">La direction d\u2019Antenne 2 finit par accepter. Accompagn\u00e9 de trois copains le jeune Mustapha va \u00e9poustoufler son monde sur le plateau du journal de midi du 7 mars 1980. C\u2019est sans doute lui qui \u00e9tait vis\u00e9 par le gardien. Il a en tout cas re\u00e7u dans les bras le corps d\u2019Abdelkader mourant. Ecorch\u00e9 vif, il rudoie les animateurs qui, pensant bien faire, tentent de l\u2019amener sur le terrain du racisme. \u00ab\u00a0C<em>e n\u2019est pas que du racisme,<\/em> r\u00e9plique-t-il. L<em>e pouvoir, de droite ou de gauche, ceux qui sont au-dessus, ils sont bien organis\u00e9s pour que \u00e7a parte en vrille entre les ouvriers, ils dressent les Fran\u00e7ais contre les immigr\u00e9s, les vieux contre le jeunes<\/em>\u00ab\u00a0.<\/p>\n<p style=\"text-align: justify;\">Aussit\u00f4t le PCF d\u00e9nonce derri\u00e8re \u00ab\u00a0l\u2019exploitation \u00e9hont\u00e9e du drame\u00a0\u00bb une \u00ab\u00a0op\u00e9ration anticommuniste\u00a0\u00bb, le \u00ab\u00a0tout encadr\u00e9 par les propos d\u2019un \u00ab\u00a0loubard\u00a0\u00bb curieusement ap\u00f4tre de sa marginalit\u00e9\u00a0\u00bb. \u00ab\u00a0Agression t\u00e9l\u00e9vis\u00e9e\u00a0\u00bb titre un article du journal L\u2019Humanit\u00e9. La municipalit\u00e9 de Vitry plancarde dans la ville une affiche appelant \u00e0 protester contre Antenne 2. Et la pression redouble sur les familles : intimid\u00e9s, les parents de Mustapha craquent. Ils d\u00e9cident de rentrer au Maroc.<\/p>\n<p><iframe src=\"\/\/www.youtube.com\/embed\/t1GQrZAcFjo\" width=\"420\" height=\"315\" frameborder=\"0\" allowfullscreen=\"allowfullscreen\"><\/iframe><\/p>\n<p style=\"text-align: center;\"><em>JT d\u2019Antenne 2 du 7 mars 1980. D\u00e9but du d\u00e9bat \u00e0 20:36<\/em><\/p>\n<p style=\"text-align: justify;\">Les copains de Kader ne baissent pas les bras pour autant. En attendant le proc\u00e8s du meurtrier, ils r\u00e9clament la fin de l\u2019intimidation et du quadrillage policiers, s\u2019occupent de la d\u00e9fense de leurs potes poursuivis ou emprisonn\u00e9s pour des \u00ab\u00a0conneries\u00a0\u00bb et envisagent des actions en solidarit\u00e9 avec les habitants sur des questions de transport, de logement, ou encore pour des lieux de vie dans les cit\u00e9s, malgr\u00e9 l\u2019engrenage qui les pousse \u00e0 partir. (\u2026.) Les lascars assument tel un manifeste politico-culturel leur droit de s\u2019amuser, de circuler dans la ville, d\u2019aller et venir, de s\u2019organiser comme bon leur semble. Sans autres ressources que la d\u00e9merde, ils organiseront notamment \u00e0 Couzy et \u00e0 Balzac, puis \u00e0 Nanterre et dans une vingtaine d\u2019autres villes, des concerts Rock Against Police (RAP) avec des chanteurs des et des groupes de musique locaux (\u2026)<\/p>\n<p style=\"text-align: justify;\"><a class=\"cboxElement\" href=\"http:\/\/terrainsdeluttes.ouvaton.org\/wp-content\/uploads\/2014\/05\/Rengainez-on-arrive.jpg\"><img decoding=\"async\" class=\"aligncenter size-medium wp-image-3490\" src=\"http:\/\/terrainsdeluttes.ouvaton.org\/wp-content\/uploads\/2014\/05\/Rengainez-on-arrive-200x300.jpg\" alt=\"Rengainez-on-arrive\" width=\"200\" height=\"300\" \/><\/a><\/p>\n<p><a href=\"http:\/\/www.editions-libertalia.com\/librairie\/product_info.php?products_id=104\" target=\"_blank\">Extrait de Mogniss H. Abdallah, Rengainez, on arrive ! aux \u00e9ditions Libertalia<\/a><\/p>\n<p><a href=\"http:\/\/terrainsdeluttes.ouvaton.org\/?p=3486\">Source<\/a><\/p>\n","protected":false},"excerpt":{"rendered":"<p>Pourquoi les habitants de banlieue ne sont jamais invit\u00e9s sur le plateau du JT ? Les crimes racistes et s\u00e9curitaires ont une longue histoire mais leur traitement par le Journal T\u00e9l\u00e9vis\u00e9 reste invariablement calqu\u00e9 sur les m\u00eames mod\u00e8les. Micro-trottoirs faits \u00e0 la va-vite et lecture \u00e0 voix haute des communiqu\u00e9s fournis par les sources polici\u00e8res. &#8230; <a title=\"Pourquoi les habitants de banlieue ne sont jamais invit\u00e9s sur le plateau du JT ?\" class=\"read-more\" href=\"https:\/\/bruxelles-pantheres.be\/?p=2200\" aria-label=\"En savoir plus sur Pourquoi les habitants de banlieue ne sont jamais invit\u00e9s sur le plateau du JT ?\">Lire la suite<\/a><\/p>\n","protected":false},"author":1,"featured_media":691,"comment_status":"open","ping_status":"open","sticky":false,"template":"","format":"standard","meta":{"footnotes":""},"categories":[4,7,18,28,5],"tags":[31,14,23,54],"class_list":["post-2200","post","type-post","status-publish","format-standard","has-post-thumbnail","hentry","category-islamophobie","category-negrophobie","category-resistance-bruxelles","category-racismes","category-violence-policiere","tag-belgique","tag-bruxelles","tag-discrimination","tag-police"],"_links":{"self":[{"href":"https:\/\/bruxelles-pantheres.be\/index.php?rest_route=\/wp\/v2\/posts\/2200","targetHints":{"allow":["GET"]}}],"collection":[{"href":"https:\/\/bruxelles-pantheres.be\/index.php?rest_route=\/wp\/v2\/posts"}],"about":[{"href":"https:\/\/bruxelles-pantheres.be\/index.php?rest_route=\/wp\/v2\/types\/post"}],"author":[{"embeddable":true,"href":"https:\/\/bruxelles-pantheres.be\/index.php?rest_route=\/wp\/v2\/users\/1"}],"replies":[{"embeddable":true,"href":"https:\/\/bruxelles-pantheres.be\/index.php?rest_route=%2Fwp%2Fv2%2Fcomments&post=2200"}],"version-history":[{"count":3,"href":"https:\/\/bruxelles-pantheres.be\/index.php?rest_route=\/wp\/v2\/posts\/2200\/revisions"}],"predecessor-version":[{"id":2203,"href":"https:\/\/bruxelles-pantheres.be\/index.php?rest_route=\/wp\/v2\/posts\/2200\/revisions\/2203"}],"wp:featuredmedia":[{"embeddable":true,"href":"https:\/\/bruxelles-pantheres.be\/index.php?rest_route=\/wp\/v2\/media\/691"}],"wp:attachment":[{"href":"https:\/\/bruxelles-pantheres.be\/index.php?rest_route=%2Fwp%2Fv2%2Fmedia&parent=2200"}],"wp:term":[{"taxonomy":"category","embeddable":true,"href":"https:\/\/bruxelles-pantheres.be\/index.php?rest_route=%2Fwp%2Fv2%2Fcategories&post=2200"},{"taxonomy":"post_tag","embeddable":true,"href":"https:\/\/bruxelles-pantheres.be\/index.php?rest_route=%2Fwp%2Fv2%2Ftags&post=2200"}],"curies":[{"name":"wp","href":"https:\/\/api.w.org\/{rel}","templated":true}]}}