{"id":221,"date":"2013-07-12T00:06:21","date_gmt":"2013-07-11T23:06:21","guid":{"rendered":"https:\/\/bruxelles-pantheres.be\/?p=221"},"modified":"2013-11-10T00:08:25","modified_gmt":"2013-11-09T23:08:25","slug":"pour-quune-chaine-de-television-publique-belge-diffuse-le-film-le-message-pendant-le-mois-de-ramadan","status":"publish","type":"post","link":"https:\/\/bruxelles-pantheres.be\/?p=221","title":{"rendered":"Pour qu\u2019une chaine de t\u00e9l\u00e9vision publique belge diffuse le film \u00ab Le Message \u00bb pendant le mois de Ramadan"},"content":{"rendered":"<header><\/header>\n<div>\n<p><img decoding=\"async\" class=\"alignright\" alt=\"http:\/\/islammedia.free.fr\/image\/affiche_film.jpg\" src=\"http:\/\/islammedia.free.fr\/image\/affiche_film.jpg\" \/><\/p>\n<p>Luc Trullemans, le Monsieur M\u00e9t\u00e9o de RTL-TVi, a provoqu\u00e9 une v\u00e9ritable temp\u00eate de toute part en Belgique\u00a0 pour avoir publi\u00e9 sur sa page Facebook un texte raciste et islamophobe apr\u00e8s une altercation entre automobilistes.<!--more--><\/p>\n<p>Il a \u00e9t\u00e9 licenci\u00e9 sur le champ par RTL, qui trouve ses propos incompatibles avec la d\u00e9ontologie de la firme.<\/p>\n<p>Depuis, toute la discussion se concentre sur la question de la libert\u00e9 d\u2019expression de monsieur Trullemans. Du pain b\u00e9ni pour une partie de la droite (le MR), l\u2019extr\u00eame droite (Nation, le PP..) et autres Karima qui se sont imm\u00e9diatement rang\u00e9s \u00e0 ses c\u00f4t\u00e9s, utilisant des tags sur la fa\u00e7ade de RTL, des p\u00e9titions, une plainte par un avocat fasciste pr\u00e9sentant Luc Trullemans comme une nouvelle victime de l\u2019islamisation de nos soci\u00e9t\u00e9s o\u00f9 les blancs autotochtones sont assi\u00e9g\u00e9s dans leur propre pays.<\/p>\n<p>Selon eux, a-t-il le droit de penser et de dire ce qu\u2019il pense et ce que pense la majorit\u00e9 du peuple ? En tant que personne publique, a-t-il encore une vie priv\u00e9e sur Facebook ? La police des m\u0153urs, en la personne du Centre pour l\u2019 Egalit\u00e9 des chances ou le MRAX, pr\u00e9tendent que non.<\/p>\n<p>Bien s\u00fbr ce que dit L.Trullemans est scandaleux mais RTL a-t-elle agi de la meilleure mani\u00e8re en prenant le droit de le licencier ?<\/p>\n<p><strong>Pour nous, il y a deux questions.<\/strong><\/p>\n<p><strong>Dans tout ce d\u00e9bat, on n\u2019entend pas une r\u00e9ponse sur la vraie question qui est celle du \u00ab renvoi des immigr\u00e9s non-int\u00e9gr\u00e9s dans leur propre pays \u00bb. C\u2019est l\u00e0 que le b\u00e2t blesse.<\/strong> Parce que l\u00e0, \u00e0 part quelques \u00e9cologistes, toute la classe politique est d\u2019accord sur ce point et cette politique est devenue une politique d\u2019\u00e9tat. La question de la nationalit\u00e9 et le renvoi sont devenus des armes politiques et une politique judiciaire de double peine.<\/p>\n<p>Depuis 2009, et ce pour la premi\u00e8re fois depuis la fin de la deuxi\u00e8me guerre mondiale, la justice belge a commenc\u00e9 \u00e0 enlever la nationalit\u00e9 belge \u00e0 des personnes, accus\u00e9es de terrorisme. Ainsi Tarek Maroufi, d\u2019origine tunisienne et belge depuis la fin de l\u2019ann\u00e9e 1993 s\u2019est vu d\u00e9choir de sa nationalit\u00e9 le 26 janvier 2009. Le jeune Mohamed R\u2019ha\u00a0 a perdu sa nationalit\u00e9 \u00e0 son tour en novembre 2010.<\/p>\n<p>Aussi, depuis le 1er mai 2011, la Belgique peut extrader vers le Maroc les d\u00e9tenus marocains pour qu\u2019ils purgent leur peine dans les prisons marocaines. A ce jour, quelques 25 personnes ont \u00e9t\u00e9 transf\u00e9r\u00e9es vers l\u2019enfer des prisons marocaines. Ces personnes, qui n\u2019ont pas la nationalit\u00e9 belge, ont pourtant v\u00e9cu la plupart du temps et grandi en Belgique.<\/p>\n<p>Pour Sharia4Belgium, c\u2019est la m\u00eame politique. Non seulement, on les met en prison pour leurs opinions, mais l\u00e0 aussi, le renvoi et la d\u00e9ch\u00e9ance de la nationalit\u00e9 sont \u00e0 l\u2019ordre du jour.<\/p>\n<p>Le refus de Reynders de recevoir des familles belgo-marocaines parce qu\u2019elles ne sont pas consid\u00e9r\u00e9es comme de vrais Belges, mais bien comme des citoyens de seconde cat\u00e9gorie est encore un signal au citoyens pour leur montrer qu\u2019ils ne sont pas vraiment chez eux.<\/p>\n<p>Comment se plaindre des propos b\u00eates et stupides dans les caf\u00e9s autour d\u2019une pinte ou sur Facebook si la politique officielle leur inspire et leur donne raison ?<\/p>\n<p><strong>La deuxi\u00e8me question est celle de l\u2019\u00e9ducation positive.<\/strong><\/p>\n<p><strong>La vocation d\u2019une chaine n\u2019est-elle pas aussi d\u2019\u00eatre p\u00e9dagogique ?<\/strong><\/p>\n<p>Certes, les propos de Trullemans sont inacceptables mais ce n\u2019est pas en lui enlevant son job qu\u2019on r\u00e9sous quoi que ce soit. Son licenciement ne fera certainement pas reculer le racisme des personnes, qui sont d\u2019accord avec lui.<\/p>\n<p>Une vraie sanction pourrait \u00eatre de donner une vraie place aux minorit\u00e9s en Belgique, pour donner le signal qu\u2019elles font dor\u00e9navant partie int\u00e9grante de cette soci\u00e9t\u00e9. En mettant une femme voil\u00e9e pour pr\u00e9senter la m\u00e9t\u00e9o ? Ou pourquoi pas une rencontre avec des artistes de confession musulmane autour de la table sur ce sujet.<\/p>\n<p><strong>Une seconde proposition tr\u00e8s concr\u00e8te, serait\u00a0 que la t\u00e9l\u00e9vision publique diffuse le film \u00ab\u00a0Le message\u00a0\u00bb\u00a0 pendant le mois de ramadan.<\/strong> Le film \u00ab\u00a0Le Message\u00a0\u00bb a \u00e9t\u00e9 r\u00e9alis\u00e9 par Moustapha Akkad en 1976. Il d\u00e9crit la vie du proph\u00e8te de l\u2019islam, Mohammed ;\u00a0 celui-ci n\u2019est jamais repr\u00e9sent\u00e9, il est simplement sugg\u00e9r\u00e9 par la technique de la cam\u00e9ra subjective.<\/p>\n<p>Moustapha Akkad voulait r\u00e9aliser un film qui soit un \u00ab pont \u00bb entre la civilisation musulmane et la civilisation occidentale. Il disait \u00e0 l\u2019\u00e9poque \u00ab J\u2019ai fait ce film car il repr\u00e9sente un enjeu personnel. En outre, sa production est int\u00e9ressante, il y a une histoire, une intrigue, une force dramatique. En tant que musulman vivant en Occident, je consid\u00e8re que c\u2019est mon devoir de dire la v\u00e9rit\u00e9 sur l\u2019islam. C\u2019est une religion qui comporte 700 millions de fid\u00e8les, et pourtant, on en sait si peu \u00e0 son propos que c\u2019en est surprenant. J\u2019ai pens\u00e9 que raconter cette histoire pouvait cr\u00e9er un pont avec l\u2019Occident. \u00bb<\/p>\n<p>Malgr\u00e9 la qualit\u00e9 du film et la pr\u00e9sence d\u2019acteurs de renomm\u00e9e mondiale (Ir\u00e8ne Papas, Anthony Quinn), sa derni\u00e8re diffusion sur une chaine fran\u00e7aise date de 1979, dans l\u2019\u00e9mission d\u2019Antenne 2 \u00ab Les Dossiers de l\u2019\u00e9cran \u00bb.<\/p>\n<p>En Belgique, la population musulmane est nombreuse et l\u2019Islam est consid\u00e9r\u00e9 comme la deuxi\u00e8me religion du pays. Il paraitrait normal et juste de diffuser ce film sur le service public durant le mois de Ramadan et ce pour plusieurs raisons :<\/p>\n<p>\u00b7\u00a0\u00a0\u00a0\u00a0\u00a0\u00a0\u00a0\u00a0 Premi\u00e8rement, cela repr\u00e9senterait un signal fort de reconnaissance pour les Belges de confession musulmane.<\/p>\n<p>\u00b7\u00a0\u00a0\u00a0\u00a0\u00a0\u00a0\u00a0\u00a0 Deuxi\u00e8mement, cela permettrait aux non musulmans de comprendre davantage la religion de leurs concitoyens, \u00e9veillerait chez eux la curiosit\u00e9, et cr\u00e9erait les conditions du dialogue, de l\u2019\u00e9change et de la compr\u00e9hension mutuelle,<\/p>\n<p>\u00b7\u00a0\u00a0\u00a0\u00a0\u00a0\u00a0\u00a0\u00a0 Enfin, cela mettrait fin aux pr\u00e9jug\u00e9s, aux peurs et aux crispations de toutes sortes, et constituerait une v\u00e9ritable opportunit\u00e9 de recr\u00e9er de la coh\u00e9sion sociale dans notre pays.<\/p>\n<p><strong>Pour qu\u2019une chaine de t\u00e9l\u00e9vision publique belge diffuse le film \u00ab Le Message \u00bb pendant le mois de Ramadan, signez cette p\u00e9tition et faites tourner au maximum l\u2019information !!<\/strong><\/p>\n<p>[emailpetition id=\u00a0\u00bb2&Prime;]<br \/>\n[signaturelist id=\u00a0\u00bb2&Prime;]<\/p>\n<p>Amina Amadel membre du Groupe Hydra<\/p>\n<p>J\u00e9r\u00e9mie Piolat, philosophe, artiste membre du groupe Hydra<\/p>\n<p>Mohamed Ouachen, Com\u00e9dien et R\u00e9alisateur<\/p>\n<p>Oussama Escobar, Artiste et Com\u00e9dien<br \/>\nAbdel Scene d\u2019up, Com\u00e9dien<\/p>\n<p>Dhalsime Out Rage, Artiste, Guillotine Record<\/p>\n<p>Ibn Mohamed, Artiste<\/p>\n<p>Yaicine Hard, Artiste<\/p>\n<p>DEMA, Artiste Calligraphe<\/p>\n<p>Issam Akel, Artiste Com\u00e9dien<\/p>\n<p>Code Rouge, Artiste<\/p>\n<p>Boucif Mourad, R\u00e9alisateur<\/p>\n<p>Bendriss Amine, Artiste Photographe<\/p>\n<p>Mounir Labreg, Artiste membre du groupe Orient\u00e9<br \/>\nMesbahi Mohamed, Auteur, compositeur &amp; chanteur<\/p>\n<p>Stan Les Autres, Artiste \u00e0 Stan\u2019ding Ovation<\/p>\n<p>Julie Jaroszewski, Chanteuse &amp; Com\u00e9dienne<\/p>\n<p>Mc Youn\u2019s, Artiste Slam<\/p>\n<p>James Deano, James Deano, Rappeur, Com\u00e9dien et Humoriste<br \/>\nMoussa Sah, Artiste R\u00e9alisateur<\/p>\n<p>David Marolito, Artiste Musicien<\/p>\n<p>Zaki Ch, Artiste Com\u00e9dien<\/p>\n<p>In\u00e8s Make up Artist, Maquilleuse In\u00e8s plikable,<\/p>\n<p>Hachmi Fouad, Artiste Graffeur HMI<\/p>\n<p>Redouane La D\u00e9glingue, Artiste Rap<\/p>\n<p>Phar Red,\u00a0 Producteur &amp; Editeur<\/p>\n<p>Eric Pecher, Militant Culturel<\/p>\n<p>Sarra Bny, Artiste Photographe<\/p>\n<p>Ibrazik, Artiste Rap poisse\u2019art prod.<\/p>\n<p>Mediane Tv, M\u00e9dia alternatif<\/p>\n<\/div>\n","protected":false},"excerpt":{"rendered":"<p>Luc Trullemans, le Monsieur M\u00e9t\u00e9o de RTL-TVi, a provoqu\u00e9 une v\u00e9ritable temp\u00eate de toute part en Belgique\u00a0 pour avoir publi\u00e9 sur sa page Facebook un texte raciste et islamophobe apr\u00e8s une altercation entre automobilistes.<\/p>\n","protected":false},"author":1,"featured_media":222,"comment_status":"open","ping_status":"open","sticky":false,"template":"","format":"standard","meta":{"footnotes":""},"categories":[4,18,28],"tags":[],"class_list":["post-221","post","type-post","status-publish","format-standard","has-post-thumbnail","hentry","category-islamophobie","category-resistance-bruxelles","category-racismes"],"_links":{"self":[{"href":"https:\/\/bruxelles-pantheres.be\/index.php?rest_route=\/wp\/v2\/posts\/221","targetHints":{"allow":["GET"]}}],"collection":[{"href":"https:\/\/bruxelles-pantheres.be\/index.php?rest_route=\/wp\/v2\/posts"}],"about":[{"href":"https:\/\/bruxelles-pantheres.be\/index.php?rest_route=\/wp\/v2\/types\/post"}],"author":[{"embeddable":true,"href":"https:\/\/bruxelles-pantheres.be\/index.php?rest_route=\/wp\/v2\/users\/1"}],"replies":[{"embeddable":true,"href":"https:\/\/bruxelles-pantheres.be\/index.php?rest_route=%2Fwp%2Fv2%2Fcomments&post=221"}],"version-history":[{"count":1,"href":"https:\/\/bruxelles-pantheres.be\/index.php?rest_route=\/wp\/v2\/posts\/221\/revisions"}],"predecessor-version":[{"id":223,"href":"https:\/\/bruxelles-pantheres.be\/index.php?rest_route=\/wp\/v2\/posts\/221\/revisions\/223"}],"wp:featuredmedia":[{"embeddable":true,"href":"https:\/\/bruxelles-pantheres.be\/index.php?rest_route=\/wp\/v2\/media\/222"}],"wp:attachment":[{"href":"https:\/\/bruxelles-pantheres.be\/index.php?rest_route=%2Fwp%2Fv2%2Fmedia&parent=221"}],"wp:term":[{"taxonomy":"category","embeddable":true,"href":"https:\/\/bruxelles-pantheres.be\/index.php?rest_route=%2Fwp%2Fv2%2Fcategories&post=221"},{"taxonomy":"post_tag","embeddable":true,"href":"https:\/\/bruxelles-pantheres.be\/index.php?rest_route=%2Fwp%2Fv2%2Ftags&post=221"}],"curies":[{"name":"wp","href":"https:\/\/api.w.org\/{rel}","templated":true}]}}