{"id":2210,"date":"2014-06-30T11:27:40","date_gmt":"2014-06-30T10:27:40","guid":{"rendered":"https:\/\/bruxelles-pantheres.be\/?p=2210"},"modified":"2014-06-30T11:28:16","modified_gmt":"2014-06-30T10:28:16","slug":"discours-de-patrice-emery-lumumba-prononce-le-30-juin-1960","status":"publish","type":"post","link":"https:\/\/bruxelles-pantheres.be\/?p=2210","title":{"rendered":"Discours de Patrice Emery Lumumba prononc\u00e9 le 30 juin 1960"},"content":{"rendered":"<p><strong>Discours complet de Patrice Lumumba le 30 juin 1960<\/strong><\/p>\n<p><img decoding=\"async\" class=\"decoded alignright\" src=\"http:\/\/enkidoublog.files.wordpress.com\/2013\/07\/lumumba_afrique2.jpg?w=200&amp;h=200\" alt=\"http:\/\/enkidoublog.files.wordpress.com\/2013\/07\/lumumba_afrique2.jpg?w=200&amp;h=200\" \/><br \/>\n<iframe src=\"\/\/www.youtube.com\/embed\/MkXov6_UZ2E\" width=\"420\" height=\"315\" frameborder=\"0\" allowfullscreen=\"allowfullscreen\"><\/iframe><!--more--><\/p>\n<table border=\"0\" width=\"98%\" cellspacing=\"5\" cellpadding=\"2\" align=\"center\">\n<tbody>\n<tr>\n<td width=\"77%\">\n<p align=\"center\"><span style=\"font-family: Verdana,Arial,Helvetica,sans-serif; font-size: small;\">\u00a0\u00bb Congolais et Congolaises, combattants de l&rsquo;ind\u00e9pendance aujourd&rsquo;hui victorieux.A vous tous, mes amis qui avez lutt\u00e9 sans rel\u00e2che \u00e0 nos c\u00f4t\u00e9s, je vous demande de faire de ce 30 juin 1960 une date illustre que vous garderez \u00a0\u00bb ineffa\u00e7ablement \u00a0\u00bb grav\u00e9e dans vos c\u0153urs, une date dont vous enseignerez avec fiert\u00e9 la signification \u00e0 vos enfants, pour que ceux-ci \u00e0 leur tour fassent conna\u00eetre \u00e0 leurs fils et \u00e0 leurs petits-fils l&rsquo;histoire glorieuse de notre lutte pour la libert\u00e9s. <\/span><\/p>\n<p align=\"center\"><span style=\"font-family: Verdana,Arial,Helvetica,sans-serif; font-size: small;\">Car cette ind\u00e9pendance du Congo, si elle est proclam\u00e9e aujourd&rsquo;hui dans l&rsquo;entente avec la Belgique, pays ami avec qui nous traitons d&rsquo;\u00e9gal \u00e0 \u00e9gal, nul Congolais digne de ce nom ne pourra jamais oublier cependant que c&rsquo;est par la lutte qu&rsquo;elle a \u00e9t\u00e9 conquise, une lutte de tous les jours, une lutte ardente et id\u00e9aliste, une lutte dans laquelle nous n&rsquo;avons m\u00e9nag\u00e9 ni nos forces, ni nos privations, ni nos souffrances, ni notre sang. <\/span><\/p>\n<p align=\"center\"><span style=\"font-family: Verdana,Arial,Helvetica,sans-serif; font-size: small;\">C&rsquo;est une lutte qui fut de larmes, de feu et de sang, nous en sommes fiers jusqu&rsquo;au plus profond de nous-m\u00eames, car ce fut une lutte noble et juste, une lutte indispensable pour mettre fin \u00e0 l&rsquo;humiliant esclavage, qui nous \u00e9tait impos\u00e9 par la force. Ce que fut notre sort en 80 ans de r\u00e9gime colonialiste, nos blessures sont trop fra\u00eeches et trop douloureuses encore pour que nous puissions les chasser de notre m\u00e9moire. <\/span><\/p>\n<p align=\"center\"><span style=\"font-family: Verdana,Arial,Helvetica,sans-serif; font-size: small;\">Nous avons connu le travail harassant exig\u00e9 en \u00e9change de salaires qui ne nous permettaient ni de manger \u00e0 notre faim, ni de nous v\u00eatir ou de nous loger d\u00e9cemment, ni d&rsquo;\u00e9lever nos enfants comme des \u00eatres chers. Nous avons connu les ironies, les insultes, les coups que nous devions subir matin, midi et soir, parce que nous \u00e9tions des n\u00e8gres.<br \/>\nQui oubliera qu&rsquo;\u00e0 un noir on disait \u00ab\u00a0Tu\u00a0\u00bb, non certes comme \u00e0 un ami, mais parce que le \u00ab\u00a0Vous\u00a0\u00bb honorable \u00e9tait r\u00e9serv\u00e9 aux seuls blancs ? Nous avons connu nos terres spoli\u00e9es au nom de textes pr\u00e9tendument l\u00e9gaux, qui ne faisaient que reconna\u00eetre le droit du plus fort, nous avons connu que la loi n&rsquo;\u00e9tait jamais la m\u00eame, selon qu&rsquo;il s&rsquo;agissait d&rsquo;un blanc ou d&rsquo;un noir, accommodante pour les uns, cruelle et inhumaine Pour les autres. <\/span><\/p>\n<p align=\"center\"><span style=\"font-family: Verdana,Arial,Helvetica,sans-serif; font-size: small;\">Nous avons connu les souffrances atroces des rel\u00e9gu\u00e9s pour opinions politiques ou, croyances religieuses : exil\u00e9s dans leur propre patrie, leur sort \u00e9tait vraiment pire que la mort m\u00eame. Nous avons connu qu&rsquo;il y avait dans les villes des maisons magnifiques pour les blancs et des paillottes croulantes pour les noirs : qu&rsquo;un noir n&rsquo;\u00e9tait admis ni dans les cin\u00e9mas, ni dans les restaurants, ni dans les magasins dits europ\u00e9ens, qu&rsquo;un noir voyageait \u00e0 m\u00eame la coque des p\u00e9niches au pied du blanc dans sa cabine de luxe. <\/span><\/p>\n<p align=\"center\"><span style=\"font-family: Verdana,Arial,Helvetica,sans-serif; font-size: small;\">Qui oubliera, enfin, les fusillades o\u00f9 p\u00e9rirent tant de nos fr\u00e8res, ou les cachots o\u00f9 furent brutalement jet\u00e9s ceux qui ne voulaient pas se soumettre \u00e0 un r\u00e9gime d&rsquo;injustice ? Tout cela, mes fr\u00e8res, nous en avons profond\u00e9ment souffert, mais tout cela aussi, nous, que le vote de vos repr\u00e9sentants \u00e9lus a agr\u00e9\u00e9s pour diriger notre cher pays, nous qui avons souffert dans notre corps et dans notre coeur de l&rsquo;oppression colonialiste, nous vous le disons, tout cela est d\u00e9sormais fini. <\/span><\/p>\n<p align=\"center\"><span style=\"font-family: Verdana,Arial,Helvetica,sans-serif; font-size: small;\">La R\u00e9publique du Congo a \u00e9t\u00e9 proclam\u00e9e et notre cher pays est maintenant entre les mains de ses propres enfants (&#8230;)\u00a0\u00bb.<\/span><\/p>\n<\/td>\n<\/tr>\n<tr>\n<td width=\"77%\"><i><span style=\"font-family: Verdana,Arial,Helvetica,sans-serif; font-size: small;\">La c\u00e9r\u00e9monie officielle se termine dans la confusion. Le roi Baudouin envisage de rentrer imm\u00e9diatement \u00e0 Bruxelles.<br \/>\n<\/span><\/i><i><span style=\"font-family: Verdana,Arial,Helvetica,sans-serif; font-size: small;\">Geste d&rsquo;apaisement, le Premier ministre Lumumba, prononce l&rsquo;apr\u00e8s-midi, un discours de r\u00e9paration. Les Congolais vont danser tard, tr\u00e8s tard dans la nuit. Mais l&rsquo;incident r\u00e9v\u00e8le d&rsquo;un coup toutes les tensions, tous les malentendus.<br \/>\nCinq jours plus tard, les soldats de la Force publique se mutinent. C&rsquo;est l&rsquo;exode des Europ\u00e9ens. L&rsquo;arm\u00e9e belge intervient. Le Katanga fait s\u00e9cession. Les Casques bleus de l&rsquo;ONU d\u00e9barquent. Le d\u00e9but d&rsquo;une d\u00e9b\u00e2cle de quatre ans. Juillet 60, le Congo se retrouve priv\u00e9 de tous ses cadres. Mais les Congolais reprennent l&rsquo;appareil et r\u00e9ussissent \u00e0 relancer le pays.<br \/>\nCinq ans plus tard, la paix est revenue. Le Congo est uni. <\/span><\/i><\/td>\n<\/tr>\n<tr>\n<td width=\"77%\">Un bilan avec Thomas Kanza<br \/>\n&#8211; L&rsquo;\u00e9chec de la colonisation belge \u00e9tait tr\u00e8s visible, tr\u00e8s palpable, les cinq premi\u00e8res ann\u00e9es d&rsquo;ind\u00e9pendance. Les guerres civiles, les s\u00e9cessions&#8230;<br \/>\nLe manque de cadres, l&rsquo;incompr\u00e9hension mutuelle. Monsieur Mobutu n&rsquo;aura jamais d&rsquo;excuses sur le plan historique. Quand il a pris le pouvoir en 65, c&rsquo;est un pays uni, tr\u00e8s fort. Et ses cinq premi\u00e8res ann\u00e9es au pouvoir, de 65 \u00e0 70, c&rsquo;\u00e9tait les cinq meilleures ann\u00e9es. L\u00e0, quarante apr\u00e8s, Mobutu est plus \u00e0 reprocher que les Belges. Mais avec Mobutu, les Europ\u00e9ens, les Am\u00e9ricains qui \u00e9taient ses complices.<\/p>\n<p align=\"center\"><a href=\"http:\/\/leko2labs.free.fr\/lumumba.htm#haut\"><img decoding=\"async\" src=\"http:\/\/leko2labs.free.fr\/image\/sphertwirl.gif\" alt=\"\" width=\"50\" height=\"50\" border=\"0\" \/><\/a><\/p>\n<\/td>\n<\/tr>\n<\/tbody>\n<\/table>\n<p><strong>La petite histoire du direct<\/strong><\/p>\n<p>Lumumba se l\u00e8ve&#8230;<br \/>\n(Applaudissements) Le reportage en direct d&rsquo;Emile Henceval, RTB, radio belge<br \/>\nVoici maintenant Monsieur Lumumba qui monte devant le bureau pr\u00e9sidentiel.<\/p>\n<p>&#8211; Et vous \u00eates en direct ?<br \/>\n&#8211; Nous sommes en direct avec la population, donc en direct \u00e0 la radio.<br \/>\n&#8211; Toute la ville vous \u00e9coute ?<br \/>\n&#8211; Toute la ville m&rsquo;\u00e9coute et je pense que c&rsquo;\u00e9tait tout le Congo qui m&rsquo;\u00e9coutait aussi.<br \/>\n&#8211; Tout le Congo ?<br \/>\n&#8211; Tout le Congo, ceux qui avaient<br \/>\ndes postes de radio.<\/p>\n<p>Th.Kanza, ministre:<br \/>\nLe Premier ministre me donne le discours. Il \u00e9tait d\u00e9j\u00e0 \u00e9crit, dactylographi\u00e9. Alors ma premi\u00e8re r\u00e9action a \u00e9t\u00e9 de dire :<br \/>\n&#8211; \u00ab\u00a0Monsieur le Premier ministre, c&rsquo;est un excellent discours. C&rsquo;est le genre de discours que vous pouvez prononcer au stade, c&rsquo;est formidable, c&rsquo;est ce qu&rsquo;il faut pour le peuple le jour de l&rsquo;ind\u00e9pendance. Mais le Parlement n&rsquo;\u00e9tait ni l&rsquo;endroit ni l&rsquo;occasion de prononcer ce discours.\u00a0\u00bb<\/p>\n<p>Antoine Lumenganeso raconte<br \/>\n&#8211; Apr\u00e8s le discours du roi Baudouin 1er, c&rsquo;est le chef de l&rsquo;Etat congolais Kasa-Vubu, Joseph Kasa-Vubu qui prend la parole<br \/>\n\u00ab\u00a0A tous ceux qui ont donn\u00e9 sans compter leurs souffrances, leurs privations, et m\u00eame leur vie, pour que se r\u00e9alise enfin leur r\u00eave audacieux d&rsquo;un Congo libre et ind\u00e9pendant.\u00a0\u00bb (Applaudissements)<\/p>\n<p>Thomas Kanza, ministre, raconte<br \/>\nce que lui dit alors le Premier ministre Lumumba<br \/>\n&#8211; \u00ab\u00a0Thomas, je vais parler, parce que le pr\u00e9sident Kasa-Vubu nous a humili\u00e9s. Il va prononcer un discours qu&rsquo;il a montr\u00e9 au gouvernement belge mais qu&rsquo;il ne nous a pas montr\u00e9\u00a0\u00bb.<br \/>\nTout ce que je te demande: revois un peu ce discours, att\u00e9nue \u00e0 gauche, \u00e0 droite, les passages que toi, tu penses \u00eatre un peu extr\u00e9mistes\u00a0\u00bb.<\/p>\n<p>Thomas Kanza: Et quand nous arriverons au Parlement, je rencontrerai le Premier ministre Eyskens et le ministre des Affaires \u00e9trang\u00e8res Wigny. Je leur dirai personnellement: \u00ab\u00a0Messieurs les Ministres, je crois que nous avons int\u00e9r\u00eat \u00e0 reporter, ne serait-ce que d&rsquo;une heure, la s\u00e9ance de la proclamation de l&rsquo;ind\u00e9pendance pour vous donner le temps de n\u00e9gocier avec le Premier ministre Lumumba, parce qu&rsquo;il va parler.\u00a0\u00bb Mais ils \u00e9taient tellement s\u00fbrs que Lumumba ne parlerait pas qu&rsquo;ils n&rsquo;ont pas voulu accepter ma suggestion.<\/p>\n<p>&#8211; Tout le temps, quand Sa Majest\u00e9 le roi Baudouin parlait, m\u00eame quand le pr\u00e9sident Kasa-Vubu parlait, Monsieur Lumumba corrigeait son manuscrit.<\/p>\n<p>&#8211; Et mes yeux croisaient tout le temps les yeux de Monsieur Eyskens et de Monsieur Wigny.<br \/>\n&#8211; Qui savaient ce qui allait se passer?<br \/>\n&#8211; Ils commen\u00e7aient \u00e0 se demander, est-ce que, ce que je leur avais dit, pourrait se r\u00e9aliser ? Je leur avais dit : \u00ab\u00a0Qui emp\u00eacherait Monsieur Kasongo, qui pr\u00e9sidait la s\u00e9ance, de donner la parole au Premier ministre ?\u00a0\u00bb.<\/p>\n<p>Voici maintenant Monsieur Lumumba qui monte devant le bureau pr\u00e9sidentiel.<br \/>\nPatrice Lumumba<br \/>\n\u00a0\u00bb Congolais et Congolaises, combattants de l&rsquo;ind\u00e9pendance aujourd&rsquo;hui victorieux,&#8230;\u00a0\u00bb<br \/>\nThomas Kanza<br \/>\n&#8211; M\u00eame Sa Majest\u00e9 le roi Baudouin s&rsquo;est tourn\u00e9 vers le Pr\u00e9sident Kasa-Vubu pour demander : \u00ab\u00a0Qu&rsquo;est-ce qui se passe?\u00a0\u00bb Lumumba a parl\u00e9. Vous connaissez le discours. La salle \u00e9tait vraiment silencieuse mais dehors&#8230;<br \/>\nparce que le discours \u00e9tait retransmis par des haut-parleurs, dehors, c&rsquo;\u00e9taient des applaudissements, des acclamations&#8230;<br \/>\n&#8211; Vous entendiez ce qui se passait dehors ?<br \/>\n&#8211; Oui, on entendait ce qui se passait dehors parce que nous, on \u00e9tait vraiment dans un silence, un silence inqui\u00e9tant parce que les gens se demandaient: \u00ab\u00a0Comment est-ce que Lumumba a os\u00e9 d&rsquo;abord parler puisque ce n&rsquo;\u00e9tait pas pr\u00e9vu?\u00a0\u00bb Chacun de nous avait l&rsquo;ordre du jour&#8230;<br \/>\n&#8211; Et puis ce qu&rsquo;il dit ?<br \/>\n&#8211; Et puis ce qu&rsquo;il disait!<br \/>\nPatrice Lumumba<br \/>\n\u00ab\u00a0Nous avons connu que la loi n&rsquo;\u00e9tait jamais la m\u00eame, selon qu&rsquo;il s&rsquo;agissait d&rsquo;un Blanc ou d&rsquo;un Noir, accommodante pour les uns, cruelle et inhumaine pour les autres. Nous allons revoir toutes les lois d&rsquo;autrefois et en faire de nouvelles, qui seront justes et nobles.\u00a0\u00bb<\/p>\n","protected":false},"excerpt":{"rendered":"<p>Discours complet de Patrice Lumumba le 30 juin 1960<\/p>\n","protected":false},"author":1,"featured_media":2211,"comment_status":"open","ping_status":"open","sticky":false,"template":"","format":"standard","meta":{"footnotes":""},"categories":[1,21,36,7,28,17],"tags":[31,80,23,45,72,15],"class_list":["post-2210","post","type-post","status-publish","format-standard","has-post-thumbnail","hentry","category-non-classe","category-anti-imperialisme","category-europe","category-negrophobie","category-racismes","category-video","tag-belgique","tag-congo","tag-discrimination","tag-lumumba","tag-patrice-lumumba","tag-resistance"],"_links":{"self":[{"href":"https:\/\/bruxelles-pantheres.be\/index.php?rest_route=\/wp\/v2\/posts\/2210","targetHints":{"allow":["GET"]}}],"collection":[{"href":"https:\/\/bruxelles-pantheres.be\/index.php?rest_route=\/wp\/v2\/posts"}],"about":[{"href":"https:\/\/bruxelles-pantheres.be\/index.php?rest_route=\/wp\/v2\/types\/post"}],"author":[{"embeddable":true,"href":"https:\/\/bruxelles-pantheres.be\/index.php?rest_route=\/wp\/v2\/users\/1"}],"replies":[{"embeddable":true,"href":"https:\/\/bruxelles-pantheres.be\/index.php?rest_route=%2Fwp%2Fv2%2Fcomments&post=2210"}],"version-history":[{"count":2,"href":"https:\/\/bruxelles-pantheres.be\/index.php?rest_route=\/wp\/v2\/posts\/2210\/revisions"}],"predecessor-version":[{"id":2213,"href":"https:\/\/bruxelles-pantheres.be\/index.php?rest_route=\/wp\/v2\/posts\/2210\/revisions\/2213"}],"wp:featuredmedia":[{"embeddable":true,"href":"https:\/\/bruxelles-pantheres.be\/index.php?rest_route=\/wp\/v2\/media\/2211"}],"wp:attachment":[{"href":"https:\/\/bruxelles-pantheres.be\/index.php?rest_route=%2Fwp%2Fv2%2Fmedia&parent=2210"}],"wp:term":[{"taxonomy":"category","embeddable":true,"href":"https:\/\/bruxelles-pantheres.be\/index.php?rest_route=%2Fwp%2Fv2%2Fcategories&post=2210"},{"taxonomy":"post_tag","embeddable":true,"href":"https:\/\/bruxelles-pantheres.be\/index.php?rest_route=%2Fwp%2Fv2%2Ftags&post=2210"}],"curies":[{"name":"wp","href":"https:\/\/api.w.org\/{rel}","templated":true}]}}