{"id":2225,"date":"2014-07-23T00:35:29","date_gmt":"2014-07-22T23:35:29","guid":{"rendered":"https:\/\/bruxelles-pantheres.be\/?p=2225"},"modified":"2014-07-29T21:35:36","modified_gmt":"2014-07-29T20:35:36","slug":"iftar-en-lhonneur-de-la-palestine-a-lambassade-de-bolivie-a-bruxelles","status":"publish","type":"post","link":"https:\/\/bruxelles-pantheres.be\/?p=2225","title":{"rendered":"Iftar en l\u2019honneur de la Palestine \u00e0 l\u2019ambassade de Bolivie \u00e0 Bruxelles"},"content":{"rendered":"<p>L\u2019ambassade de Bolivie \u00e0 Bruxelles organise un iftar en l\u2019honneur de la Palestine, vendredi 25 juillet 2014 \u00e0 Bruxelles (voir lettre d\u2019invitation). Les Panth\u00e8res de Bruxelles et le PIR y sont cordialement invit\u00e9s. Nous recevons cette invitation avec beaucoup d\u2019honneur et sommes particuli\u00e8rement touch\u00e9s par le geste de l\u2019ambassadeur bolivien envers le peuple palestinien martyr et r\u00e9sistant. Un iftar qui va nous changer des ruptures de je\u00fbne avec l\u2019ambassade des \u00c9tats-Unis et la mairie (socialiste) de Paris o\u00f9 se bousculent, h\u00e9las, nombre de musulmans.<\/p>\n<p>Seront pr\u00e9sents, les ambassadeurs de l\u2019\u00c9quateur et du Nicaragua.<\/p>\n<p>Vive le peuple palestinien, vive le peuple bolivien!<\/p>\n<p><a href=\"https:\/\/bruxelles-pantheres.be\/wp-content\/uploads\/2014\/07\/invitation-ambassade-bolivie.jpg\"><img decoding=\"async\" class=\"size-full wp-image-2227 aligncenter\" src=\"https:\/\/bruxelles-pantheres.be\/wp-content\/uploads\/2014\/07\/invitation-ambassade-bolivie.jpg\" alt=\"invitation-ambassade-bolivie\" width=\"508\" height=\"720\" srcset=\"https:\/\/bruxelles-pantheres.be\/wp-content\/uploads\/2014\/07\/invitation-ambassade-bolivie.jpg 508w, https:\/\/bruxelles-pantheres.be\/wp-content\/uploads\/2014\/07\/invitation-ambassade-bolivie-212x300.jpg 212w\" sizes=\"(max-width: 508px) 100vw, 508px\" \/><\/a><\/p>\n<blockquote><p>Vendredi 27 Ramadan 1435,<\/p>\n<p>As-salamou &lsquo;alaykoum wa Rahmatoullah wa barakatouh,<br \/>\nPuisse la paix de Dieu \u00eatre sur vous, ainsi que sa mis\u00e9ricorde et ses b\u00e9n\u00e9dictions,<\/p>\n<p>Ce 27 i\u00e8me jour de Ramadan restera grav\u00e9 \u00e0 jamais dans ma m\u00e9moire, tellement ce fut symbolique, j&rsquo;ai rompu mon je\u00fbne chez un h\u00f4te d&rsquo;exception, l&rsquo;ambassadeur de Bolivie<\/p>\n<p>Pour rappel: nous sommes au.Dix-huiti\u00e8me jour de l\u2019offensive militaire isra\u00e9lienne sur la bande de Gaza.<br \/>\nDans l&rsquo;apr\u00e8s midi, nous avons manifest\u00e9 notre solidarit\u00e9 au peuple de Palestine avec une longue marche sur Bruxelles et nous avons termin\u00e9 notre journ\u00e9e autour d&rsquo;un iftar qui r\u00e9unissait des personnes au grand coeur.<\/p>\n<p>L&rsquo;ambassadeur de Bolivie, un homme d&rsquo;une simplicit\u00e9 troublante, d&rsquo;une gentillesse hors norme, d&rsquo;une g\u00e9n\u00e9rosit\u00e9 indescriptible nous a accueillis sans protocole ou plut\u00f4t sans chichi.<\/p>\n<p>Il commen\u00e7a par nous souhaiter la bienvenue dans une grande salle o\u00f9 des tables avaient \u00e9t\u00e9 dress\u00e9es pour le repas.<br \/>\nMonsieur l&rsquo;ambassadeur commen\u00e7a par une minute de silence pour le peuple palestinien, pour tous nos morts et pour nos fr\u00e8res opprim\u00e9s de Gaza.<br \/>\nEnsuite, il pronon\u00e7a un discours sur la situation \u00e0 Gaza, en langue espagnole.<br \/>\nPlusieurs intervenants, lui succ\u00e9d\u00e8rent pour \u00e0 leur tour t\u00e9moigner de la situation dramatique que vivent nos fr\u00e8res palestiniens.<\/p>\n<p>Ceux qui prirent la parole, remerci\u00e8rent la Bolivie pour son soutien inconditionnel \u00e0 la Palestine, cela fait chaud au coeur car triste est de constater le silence complice de la communaut\u00e9 internationale, face au g\u00e9nocide perp\u00e9tr\u00e9 \u00e0 Gaza.<\/p>\n<p>Puis vint l&rsquo;heure de l&rsquo;adhan, l&rsquo;ambassadeur nous invita \u00e0 rompre notre je\u00fbne en partageant le modeste repas.<\/p>\n<p>Une table frugale et tellement riche \u00e0 la fois, nous avait \u00e9t\u00e9 dress\u00e9e avec des mets sans opulence aucune.<br \/>\nDes dattes, des figues s\u00e8ches, des ol\u00e9agineux, des fruits frais de saison, chebakiya marocaine et turque,des oeufs durs, notre traditionnelle Harira, du pain makla, du smoothie, de l&rsquo;eau, deux sortes de quinoa, du quinoa nature et quinoa rouge accompagn\u00e9 chacun de tomate, coriandre, raisins secs et assaisonnement divin&#8230;Succulents mets!!!<\/p>\n<p>Apr\u00e8s maghrib, nous p\u00fbmes aller prier, dans une pi\u00e8ce \u00e0 l&rsquo;\u00e9tage, bravo pour la tol\u00e9rance!!!!<\/p>\n<p>Nous termin\u00e2mes le repas avec un digestif, un bon th\u00e9 \u00e0 la menthe pour enfin immortaliser le moment tous ensemble.<\/p>\n<p>Les indig\u00e8nes de la r\u00e9publique avaient \u00e9galement fait le d\u00e9placement depuis Paris, j&rsquo;en fus heureuse, ils nous ont honor\u00e9s de leur pr\u00e9sence.<\/p>\n<p>Je terminerai par des remerciements:<\/p>\n<p>Merci monsieur l&rsquo;ambassadeur pour votre g\u00e9n\u00e9rosit\u00e9!!<br \/>\nMerci La Bolivie!!<br \/>\nMerci l&rsquo;ambassadeur du Nicaragua!!<br \/>\nMerci Nordine Saidi.<br \/>\nMerci Nathalie Preudhomme<br \/>\nMerci Khalid Derouich<br \/>\nMerci le Parti des Indig\u00e8nes de la R\u00e9publique<\/p>\n<p>Ce fut un grand honneur que d&rsquo;\u00eatre parmi vous.<br \/>\nFree Free Palestine!!<\/p>\n<p>Naima Gharbi<\/p><\/blockquote>\n<p>&nbsp;<\/p>\n<div class=\"userContentWrapper aboveUnitContent\" data-ft=\"{&quot;tn&quot;:&quot;K&quot;}\">\n<div class=\"_wk mbm\">\n<blockquote>\n<div id=\"id_53d802e0430b13640944780\" class=\"text_exposed_root\">Pendant que certaines mosqu\u00e9es de la banlieue de Paris ouvraient leurs portes au tr\u00e8s pro-sioniste, Manuel Valls, l&rsquo;ambassade de Bolivie \u00e0 Bruxelles ouvrait les siennes \u00e0 des antisionistes convaincus. En effet, vendredi 25 juillet 2014,<span class=\"userContent\">l&rsquo;a<span class=\"text_exposed_show\">mbassadeur de Bolivie a tenu \u00e0 rendre hommage \u00e0 la lutte palestinienne en organisant un iftar en pr\u00e9sence de l&rsquo;ambassadeur du Nicaragua, des Panth\u00e8res de Bruxelles, de Podemos et du PIR. Il a prononc\u00e9 un discours \u00e9mouvant et sans ambages sur la l\u00e9gitime et h\u00e9ro\u00efque r\u00e9sistance palestinienne face \u00e0 l&rsquo;occupant sioniste. Il a soulign\u00e9 le lien \u00e9troit entre toutes les luttes anti imp\u00e9rialistes et notamment celles d&rsquo;Am\u00e9rique du Sud et de Palestine. D&rsquo;autres orateurs se sont succ\u00e9d\u00e9 dont Nordine Saidi, porte-parole des Panth\u00e8res de Bruxelles et Abdelkrim Aichi, porte-parole du PIR qui ont tous deux apport\u00e9 leur total soutien \u00e0 la lutte du peuple palestinien.<br \/>\nIci, quelques photos de Pavel Ilich Pavelic Jofre et Hassan Kodak Macmez<\/span><\/span><\/div>\n<div class=\"text_exposed_root\"><\/div>\n<div class=\"text_exposed_root\"><a id=\"js_4\" href=\"https:\/\/www.facebook.com\/pages\/Parti-des-Indig%C3%A8nes-de-la-R%C3%A9publique\/116242968414933?fref=photo\" data-hovercard=\"\/ajax\/hovercard\/page.php?id=116242968414933\">Parti des Indig\u00e8nes de la R\u00e9publique<\/a><\/div>\n<div class=\"text_exposed_root\"><\/div>\n<\/blockquote>\n<div class=\"text_exposed_root\">\n<div id='gallery-1' class='gallery galleryid-2225 gallery-columns-3 gallery-size-thumbnail'><figure class='gallery-item'>\n\t\t\t<div class='gallery-icon landscape'>\n\t\t\t\t<a href='https:\/\/bruxelles-pantheres.be\/?attachment_id=2230#main'><img decoding=\"async\" width=\"150\" height=\"150\" src=\"https:\/\/bruxelles-pantheres.be\/wp-content\/uploads\/2014\/07\/10919_741961579176399_466650236581853936_n-150x150.jpg\" class=\"attachment-thumbnail size-thumbnail\" alt=\"\" srcset=\"https:\/\/bruxelles-pantheres.be\/wp-content\/uploads\/2014\/07\/10919_741961579176399_466650236581853936_n-150x150.jpg 150w, https:\/\/bruxelles-pantheres.be\/wp-content\/uploads\/2014\/07\/10919_741961579176399_466650236581853936_n-50x50.jpg 50w\" sizes=\"(max-width: 150px) 100vw, 150px\" \/><\/a>\n\t\t\t<\/div><\/figure><figure class='gallery-item'>\n\t\t\t<div class='gallery-icon landscape'>\n\t\t\t\t<a href='https:\/\/bruxelles-pantheres.be\/?attachment_id=2231#main'><img decoding=\"async\" width=\"150\" height=\"150\" src=\"https:\/\/bruxelles-pantheres.be\/wp-content\/uploads\/2014\/07\/10373519_741961569176400_6742047536096950223_n-150x150.jpg\" class=\"attachment-thumbnail size-thumbnail\" alt=\"\" srcset=\"https:\/\/bruxelles-pantheres.be\/wp-content\/uploads\/2014\/07\/10373519_741961569176400_6742047536096950223_n-150x150.jpg 150w, https:\/\/bruxelles-pantheres.be\/wp-content\/uploads\/2014\/07\/10373519_741961569176400_6742047536096950223_n-50x50.jpg 50w\" sizes=\"(max-width: 150px) 100vw, 150px\" \/><\/a>\n\t\t\t<\/div><\/figure><figure class='gallery-item'>\n\t\t\t<div class='gallery-icon landscape'>\n\t\t\t\t<a href='https:\/\/bruxelles-pantheres.be\/?attachment_id=2232#main'><img decoding=\"async\" width=\"150\" height=\"150\" src=\"https:\/\/bruxelles-pantheres.be\/wp-content\/uploads\/2014\/07\/10440857_741961655843058_5050793621313733973_n-150x150.jpg\" class=\"attachment-thumbnail size-thumbnail\" alt=\"\" srcset=\"https:\/\/bruxelles-pantheres.be\/wp-content\/uploads\/2014\/07\/10440857_741961655843058_5050793621313733973_n-150x150.jpg 150w, https:\/\/bruxelles-pantheres.be\/wp-content\/uploads\/2014\/07\/10440857_741961655843058_5050793621313733973_n-50x50.jpg 50w\" sizes=\"(max-width: 150px) 100vw, 150px\" \/><\/a>\n\t\t\t<\/div><\/figure><figure class='gallery-item'>\n\t\t\t<div class='gallery-icon landscape'>\n\t\t\t\t<a href='https:\/\/bruxelles-pantheres.be\/?attachment_id=2233#main'><img decoding=\"async\" width=\"150\" height=\"150\" src=\"https:\/\/bruxelles-pantheres.be\/wp-content\/uploads\/2014\/07\/10450145_741961512509739_4687112121222278141_n-150x150.jpg\" class=\"attachment-thumbnail size-thumbnail\" alt=\"\" aria-describedby=\"gallery-1-2233\" srcset=\"https:\/\/bruxelles-pantheres.be\/wp-content\/uploads\/2014\/07\/10450145_741961512509739_4687112121222278141_n-150x150.jpg 150w, https:\/\/bruxelles-pantheres.be\/wp-content\/uploads\/2014\/07\/10450145_741961512509739_4687112121222278141_n-50x50.jpg 50w\" sizes=\"(max-width: 150px) 100vw, 150px\" \/><\/a>\n\t\t\t<\/div>\n\t\t\t\t<figcaption class='wp-caption-text gallery-caption' id='gallery-1-2233'>\n\t\t\t\tDiscours de S.E. l&rsquo;ambassadeur du Nicaragua Lautaro Sandino Montes\n\t\t\t\t<\/figcaption><\/figure><figure class='gallery-item'>\n\t\t\t<div class='gallery-icon landscape'>\n\t\t\t\t<a href='https:\/\/bruxelles-pantheres.be\/?attachment_id=2234#main'><img decoding=\"async\" width=\"150\" height=\"150\" src=\"https:\/\/bruxelles-pantheres.be\/wp-content\/uploads\/2014\/07\/10485412_741961509176406_135154618029825824_n-150x150.jpg\" class=\"attachment-thumbnail size-thumbnail\" alt=\"\" srcset=\"https:\/\/bruxelles-pantheres.be\/wp-content\/uploads\/2014\/07\/10485412_741961509176406_135154618029825824_n-150x150.jpg 150w, https:\/\/bruxelles-pantheres.be\/wp-content\/uploads\/2014\/07\/10485412_741961509176406_135154618029825824_n-50x50.jpg 50w\" sizes=\"(max-width: 150px) 100vw, 150px\" \/><\/a>\n\t\t\t<\/div><\/figure><figure class='gallery-item'>\n\t\t\t<div class='gallery-icon portrait'>\n\t\t\t\t<a href='https:\/\/bruxelles-pantheres.be\/?attachment_id=2235#main'><img decoding=\"async\" width=\"150\" height=\"150\" src=\"https:\/\/bruxelles-pantheres.be\/wp-content\/uploads\/2014\/07\/10499462_741961475843076_3949990246398691690_o-150x150.jpg\" class=\"attachment-thumbnail size-thumbnail\" alt=\"\" srcset=\"https:\/\/bruxelles-pantheres.be\/wp-content\/uploads\/2014\/07\/10499462_741961475843076_3949990246398691690_o-150x150.jpg 150w, https:\/\/bruxelles-pantheres.be\/wp-content\/uploads\/2014\/07\/10499462_741961475843076_3949990246398691690_o-50x50.jpg 50w\" sizes=\"(max-width: 150px) 100vw, 150px\" \/><\/a>\n\t\t\t<\/div><\/figure><figure class='gallery-item'>\n\t\t\t<div class='gallery-icon landscape'>\n\t\t\t\t<a href='https:\/\/bruxelles-pantheres.be\/?attachment_id=2236#main'><img decoding=\"async\" width=\"150\" height=\"150\" src=\"https:\/\/bruxelles-pantheres.be\/wp-content\/uploads\/2014\/07\/10506696_741961479176409_6565746947419069115_o-150x150.jpg\" class=\"attachment-thumbnail size-thumbnail\" alt=\"\" aria-describedby=\"gallery-1-2236\" srcset=\"https:\/\/bruxelles-pantheres.be\/wp-content\/uploads\/2014\/07\/10506696_741961479176409_6565746947419069115_o-150x150.jpg 150w, https:\/\/bruxelles-pantheres.be\/wp-content\/uploads\/2014\/07\/10506696_741961479176409_6565746947419069115_o-50x50.jpg 50w\" sizes=\"(max-width: 150px) 100vw, 150px\" \/><\/a>\n\t\t\t<\/div>\n\t\t\t\t<figcaption class='wp-caption-text gallery-caption' id='gallery-1-2236'>\n\t\t\t\tAvec S.E. l&rsquo;ambassadeur de Bolivie Ren\u00e9 Ernesto Fernandez Revollo\n\t\t\t\t<\/figcaption><\/figure><figure class='gallery-item'>\n\t\t\t<div class='gallery-icon landscape'>\n\t\t\t\t<a href='https:\/\/bruxelles-pantheres.be\/?attachment_id=2237#main'><img decoding=\"async\" width=\"150\" height=\"150\" src=\"https:\/\/bruxelles-pantheres.be\/wp-content\/uploads\/2014\/07\/10527313_741961582509732_5624229385650430185_n-150x150.jpg\" class=\"attachment-thumbnail size-thumbnail\" alt=\"\" srcset=\"https:\/\/bruxelles-pantheres.be\/wp-content\/uploads\/2014\/07\/10527313_741961582509732_5624229385650430185_n-150x150.jpg 150w, https:\/\/bruxelles-pantheres.be\/wp-content\/uploads\/2014\/07\/10527313_741961582509732_5624229385650430185_n-50x50.jpg 50w\" sizes=\"(max-width: 150px) 100vw, 150px\" \/><\/a>\n\t\t\t<\/div><\/figure><figure class='gallery-item'>\n\t\t\t<div class='gallery-icon landscape'>\n\t\t\t\t<a href='https:\/\/bruxelles-pantheres.be\/?attachment_id=2238#main'><img decoding=\"async\" width=\"150\" height=\"150\" src=\"https:\/\/bruxelles-pantheres.be\/wp-content\/uploads\/2014\/07\/10544416_741961645843059_654976826006436007_n-150x150.jpg\" class=\"attachment-thumbnail size-thumbnail\" alt=\"\" aria-describedby=\"gallery-1-2238\" srcset=\"https:\/\/bruxelles-pantheres.be\/wp-content\/uploads\/2014\/07\/10544416_741961645843059_654976826006436007_n-150x150.jpg 150w, https:\/\/bruxelles-pantheres.be\/wp-content\/uploads\/2014\/07\/10544416_741961645843059_654976826006436007_n-50x50.jpg 50w\" sizes=\"(max-width: 150px) 100vw, 150px\" \/><\/a>\n\t\t\t<\/div>\n\t\t\t\t<figcaption class='wp-caption-text gallery-caption' id='gallery-1-2238'>\n\t\t\t\tLes Panth\u00e8res de Bruxelles!\n\t\t\t\t<\/figcaption><\/figure><figure class='gallery-item'>\n\t\t\t<div class='gallery-icon landscape'>\n\t\t\t\t<a href='https:\/\/bruxelles-pantheres.be\/?attachment_id=2239#main'><img decoding=\"async\" width=\"150\" height=\"150\" src=\"https:\/\/bruxelles-pantheres.be\/wp-content\/uploads\/2014\/07\/10550885_741961632509727_4939660369857322371_n-150x150.jpg\" class=\"attachment-thumbnail size-thumbnail\" alt=\"\" aria-describedby=\"gallery-1-2239\" srcset=\"https:\/\/bruxelles-pantheres.be\/wp-content\/uploads\/2014\/07\/10550885_741961632509727_4939660369857322371_n-150x150.jpg 150w, https:\/\/bruxelles-pantheres.be\/wp-content\/uploads\/2014\/07\/10550885_741961632509727_4939660369857322371_n-50x50.jpg 50w\" sizes=\"(max-width: 150px) 100vw, 150px\" \/><\/a>\n\t\t\t<\/div>\n\t\t\t\t<figcaption class='wp-caption-text gallery-caption' id='gallery-1-2239'>\n\t\t\t\tde G \u00e0 D : Avec S.E. l&rsquo;ambassadeur de Bolivie Ren\u00e9 Ernesto Fernandez Revollo en belgique, S.E. l&rsquo;ambassadeur du Nicaragua Lautaro Sandino Montes, Houria Bouteldja\n\t\t\t\t<\/figcaption><\/figure><figure class='gallery-item'>\n\t\t\t<div class='gallery-icon landscape'>\n\t\t\t\t<a href='https:\/\/bruxelles-pantheres.be\/?attachment_id=2240#main'><img decoding=\"async\" width=\"150\" height=\"150\" src=\"https:\/\/bruxelles-pantheres.be\/wp-content\/uploads\/2014\/07\/10553419_741961725843051_2097369461723859936_n-150x150.jpg\" class=\"attachment-thumbnail size-thumbnail\" alt=\"\" aria-describedby=\"gallery-1-2240\" srcset=\"https:\/\/bruxelles-pantheres.be\/wp-content\/uploads\/2014\/07\/10553419_741961725843051_2097369461723859936_n-150x150.jpg 150w, https:\/\/bruxelles-pantheres.be\/wp-content\/uploads\/2014\/07\/10553419_741961725843051_2097369461723859936_n-50x50.jpg 50w\" sizes=\"(max-width: 150px) 100vw, 150px\" \/><\/a>\n\t\t\t<\/div>\n\t\t\t\t<figcaption class='wp-caption-text gallery-caption' id='gallery-1-2240'>\n\t\t\t\tPanth\u00e8res de Bruxelles et Podemos\n\t\t\t\t<\/figcaption><\/figure><figure class='gallery-item'>\n\t\t\t<div class='gallery-icon landscape'>\n\t\t\t\t<a href='https:\/\/bruxelles-pantheres.be\/?attachment_id=2241#main'><img decoding=\"async\" width=\"150\" height=\"150\" src=\"https:\/\/bruxelles-pantheres.be\/wp-content\/uploads\/2014\/07\/10553478_741961525843071_8555086794702487295_n-150x150.jpg\" class=\"attachment-thumbnail size-thumbnail\" alt=\"\" srcset=\"https:\/\/bruxelles-pantheres.be\/wp-content\/uploads\/2014\/07\/10553478_741961525843071_8555086794702487295_n-150x150.jpg 150w, https:\/\/bruxelles-pantheres.be\/wp-content\/uploads\/2014\/07\/10553478_741961525843071_8555086794702487295_n-50x50.jpg 50w\" sizes=\"(max-width: 150px) 100vw, 150px\" \/><\/a>\n\t\t\t<\/div><\/figure><figure class='gallery-item'>\n\t\t\t<div class='gallery-icon landscape'>\n\t\t\t\t<a href='https:\/\/bruxelles-pantheres.be\/?attachment_id=2242#main'><img decoding=\"async\" width=\"150\" height=\"150\" src=\"https:\/\/bruxelles-pantheres.be\/wp-content\/uploads\/2014\/07\/10584028_741961472509743_3609818894863180277_n-150x150.jpg\" class=\"attachment-thumbnail size-thumbnail\" alt=\"\" aria-describedby=\"gallery-1-2242\" srcset=\"https:\/\/bruxelles-pantheres.be\/wp-content\/uploads\/2014\/07\/10584028_741961472509743_3609818894863180277_n-150x150.jpg 150w, https:\/\/bruxelles-pantheres.be\/wp-content\/uploads\/2014\/07\/10584028_741961472509743_3609818894863180277_n-50x50.jpg 50w\" sizes=\"(max-width: 150px) 100vw, 150px\" \/><\/a>\n\t\t\t<\/div>\n\t\t\t\t<figcaption class='wp-caption-text gallery-caption' id='gallery-1-2242'>\n\t\t\t\tDiscours d&rsquo;Abdelkarim A\u00efchi du PIR\n\t\t\t\t<\/figcaption><\/figure><figure class='gallery-item'>\n\t\t\t<div class='gallery-icon landscape'>\n\t\t\t\t<a href='https:\/\/bruxelles-pantheres.be\/?attachment_id=2244#main'><img decoding=\"async\" width=\"150\" height=\"150\" src=\"https:\/\/bruxelles-pantheres.be\/wp-content\/uploads\/2014\/07\/10553419_741961725843051_2097369461723859936_n1-150x150.jpg\" class=\"attachment-thumbnail size-thumbnail\" alt=\"\" srcset=\"https:\/\/bruxelles-pantheres.be\/wp-content\/uploads\/2014\/07\/10553419_741961725843051_2097369461723859936_n1-150x150.jpg 150w, https:\/\/bruxelles-pantheres.be\/wp-content\/uploads\/2014\/07\/10553419_741961725843051_2097369461723859936_n1-50x50.jpg 50w\" sizes=\"(max-width: 150px) 100vw, 150px\" \/><\/a>\n\t\t\t<\/div><\/figure>\n\t\t<\/div>\n\n<\/div>\n<\/div>\n<\/div>\n","protected":false},"excerpt":{"rendered":"<p>L\u2019ambassade de Bolivie \u00e0 Bruxelles organise un iftar en l\u2019honneur de la Palestine, vendredi 25 juillet 2014 \u00e0 Bruxelles (voir lettre d\u2019invitation). Les Panth\u00e8res de Bruxelles et le PIR y sont cordialement invit\u00e9s. Nous recevons cette invitation avec beaucoup d\u2019honneur et sommes particuli\u00e8rement touch\u00e9s par le geste de l\u2019ambassadeur bolivien envers le peuple palestinien martyr &#8230; <a title=\"Iftar en l\u2019honneur de la Palestine \u00e0 l\u2019ambassade de Bolivie \u00e0 Bruxelles\" class=\"read-more\" href=\"https:\/\/bruxelles-pantheres.be\/?p=2225\" aria-label=\"En savoir plus sur Iftar en l\u2019honneur de la Palestine \u00e0 l\u2019ambassade de Bolivie \u00e0 Bruxelles\">Lire la suite<\/a><\/p>\n","protected":false},"author":1,"featured_media":639,"comment_status":"open","ping_status":"open","sticky":false,"template":"","format":"standard","meta":{"footnotes":""},"categories":[35,21,36,18],"tags":[31,14,32,12,13,15],"class_list":["post-2225","post","type-post","status-publish","format-standard","has-post-thumbnail","hentry","category-amerique-du-sud","category-anti-imperialisme","category-europe","category-resistance-bruxelles","tag-belgique","tag-bruxelles","tag-culture","tag-gaza","tag-nordine-saidi","tag-resistance"],"_links":{"self":[{"href":"https:\/\/bruxelles-pantheres.be\/index.php?rest_route=\/wp\/v2\/posts\/2225","targetHints":{"allow":["GET"]}}],"collection":[{"href":"https:\/\/bruxelles-pantheres.be\/index.php?rest_route=\/wp\/v2\/posts"}],"about":[{"href":"https:\/\/bruxelles-pantheres.be\/index.php?rest_route=\/wp\/v2\/types\/post"}],"author":[{"embeddable":true,"href":"https:\/\/bruxelles-pantheres.be\/index.php?rest_route=\/wp\/v2\/users\/1"}],"replies":[{"embeddable":true,"href":"https:\/\/bruxelles-pantheres.be\/index.php?rest_route=%2Fwp%2Fv2%2Fcomments&post=2225"}],"version-history":[{"count":4,"href":"https:\/\/bruxelles-pantheres.be\/index.php?rest_route=\/wp\/v2\/posts\/2225\/revisions"}],"predecessor-version":[{"id":2246,"href":"https:\/\/bruxelles-pantheres.be\/index.php?rest_route=\/wp\/v2\/posts\/2225\/revisions\/2246"}],"wp:featuredmedia":[{"embeddable":true,"href":"https:\/\/bruxelles-pantheres.be\/index.php?rest_route=\/wp\/v2\/media\/639"}],"wp:attachment":[{"href":"https:\/\/bruxelles-pantheres.be\/index.php?rest_route=%2Fwp%2Fv2%2Fmedia&parent=2225"}],"wp:term":[{"taxonomy":"category","embeddable":true,"href":"https:\/\/bruxelles-pantheres.be\/index.php?rest_route=%2Fwp%2Fv2%2Fcategories&post=2225"},{"taxonomy":"post_tag","embeddable":true,"href":"https:\/\/bruxelles-pantheres.be\/index.php?rest_route=%2Fwp%2Fv2%2Ftags&post=2225"}],"curies":[{"name":"wp","href":"https:\/\/api.w.org\/{rel}","templated":true}]}}