{"id":2248,"date":"2014-08-26T21:09:14","date_gmt":"2014-08-26T20:09:14","guid":{"rendered":"https:\/\/bruxelles-pantheres.be\/?p=2248"},"modified":"2014-08-26T21:13:53","modified_gmt":"2014-08-26T20:13:53","slug":"le-fplp-salue-la-lutte-noire-aux-etats-unis-lempire-seffondrera-de-linterieur","status":"publish","type":"post","link":"https:\/\/bruxelles-pantheres.be\/?p=2248","title":{"rendered":"Le FPLP salue la lutte Noire aux \u00c9tats-Unis : L&#8217;empire s&rsquo;effondrera de l&rsquo;int\u00e9rieur"},"content":{"rendered":"<header><time>24 Ao\u00fbt 2014<\/time><\/header>\n<div class=\"entry\">\n<div class=\"ob-section ob-section-html\">\n<p style=\"margin-bottom: 0cm; text-align: justify;\"><span style=\"color: #000000;\"><em>D\u00e9claration du FPLP. Fond\u00e9 en 1967 sous la direction de Georges Habache et Ahmed Jibril, le Front Populaire de Lib\u00e9ration de la Palestine est une organisation palestinienne r\u00e9volutionnaire combattant le sionisme et le capitalisme.<\/em><\/span><\/p>\n<p style=\"margin-bottom: 0cm; text-align: justify;\"><span style=\"color: #000000;\">Le 19 ao\u00fbt 2014<\/span><\/p>\n<p style=\"margin-bottom: 0cm; text-align: justify;\"><span style=\"color: #000000;\">Traduit par les Editions Premiers Matins de Novembre<\/span><\/p>\n<p style=\"margin-bottom: 0cm; text-align: justify;\"><span style=\"color: #000000;\">pmneditions@<span class=\"skimlinks-unlinked\">gmail.com<\/span><\/span><\/p>\n<p style=\"margin-bottom: 0cm; text-align: center;\"><strong><span style=\"color: #000000;\">Le FPLP salue la lutte Noire aux <span style=\"font-family: Times New Roman,serif;\">\u00c9<\/span>tats-Unis\u00a0: L&#8217;empire s&rsquo;effondrera de l&rsquo;int\u00e9rieur<\/span><\/strong><\/p>\n<p id=\"yui_3_5_0_1_1408890204274_11401\" style=\"margin-bottom: 0cm; text-align: justify;\"><span style=\"color: #000000;\"><span style=\"font-family: Times New Roman,serif;\">\u00c0<\/span> la lumi\u00e8re de l&rsquo;assassinat par la police du martyr Michael Brown et de la lutte en cours \u00e0 Ferguson, dans le Missouri, aux Etats-Unis, le Front Populaire de Lib\u00e9ration de la Palestine salue et soutient fermement la lutte incessante des Noirs et de toutes les communaut\u00e9s opprim\u00e9es aux <span style=\"font-family: Times New Roman,serif;\">\u00c9<\/span>tats -Unis.<\/span><\/p>\n<p style=\"margin-bottom: 0cm; text-align: justify;\"><span style=\"color: #000000;\">Lors d&rsquo;un entretien avec les m\u00e9dias du FPLP, le camarade Khaled Barakat a d\u00e9clar\u00e9 que \u00ab\u00a0la brutalit\u00e9 polici\u00e8re, l&rsquo;oppression et le meurtre dirig\u00e9s contre le peuple Noir aux <span style=\"font-family: Times New Roman,serif;\">\u00c9<\/span>tats-Unis, et contre les Latinos, les Arabes et les Musulmans, les gens de couleur et les pauvres n&rsquo;ont jamais \u00e9t\u00e9 de simples \u00ab\u00a0erreurs\u00a0\u00bb ou des \u00ab\u00a0violations des droits individuels\u00a0\u00bb mais font plut\u00f4t partie int\u00e9grante d&rsquo;un racisme int\u00e9gral et syst\u00e9matique qui refl\u00e8te la nature du syst\u00e8me politique \u00e9tats-unien\u00a0.\u00a0\u00bb<\/span><\/p>\n<p style=\"margin-bottom: 0cm; text-align: justify;\"><span style=\"color: #000000;\">\u00abChaque fois qu&rsquo;un crime est commis contre le peuple Noir, il est expliqu\u00e9 qu&rsquo;il s&rsquo;agit d&rsquo;un\u00ab incident isol\u00e9 \u00bb, mais quand vous voyez le nombre consid\u00e9rable d&rsquo;\u00ab incidents isol\u00e9s \u00bb la r\u00e9alit\u00e9 ne peut plus \u00eatre occult\u00e9e\u00a0: il s&rsquo;agit d&rsquo;une politique ininterrompue qui demeure violemment raciste et oppressive . L&#8217;empire am\u00e9ricain a \u00e9t\u00e9 construit sur \u200b\u200ble dos des esclaves Noirs et le g\u00e9nocide du peuple Noir- ainsi que sur la colonisation et le g\u00e9nocide des peuples indig\u00e8nes \u00bb, a ajout\u00e9 Barakat. \u00abLes habitants de Ferguson r\u00e9sistent, h\u00e9ritiers d&rsquo;une longue tradition de r\u00e9sistance Noire, et nous soutenons leur r\u00e9sistance l\u00e9gitime \u00e0 l&rsquo;oppression raciste.\u00a0\u00bb<\/span><\/p>\n<p style=\"margin-bottom: 0cm; text-align: justify;\"><span style=\"color: #000000;\">\u00ab\u00a0De m\u00eame que les peuples d&rsquo;Afrique, d&rsquo;Asie, d&rsquo;Am\u00e9rique latine et du monde Arabe sont les t\u00e9moins de la brutalit\u00e9 des \u00c9tats-Unis en dehors de ses fronti\u00e8res, ces communaut\u00e9s sont confront\u00e9es \u00e0 l&rsquo;oppression raciste et coloniale \u00e0 l&rsquo;int\u00e9rieur des ses fronti\u00e8res. Ces deux ph\u00e9nom\u00e8nes sont inextricablement li\u00e9s\u00bb, a d\u00e9clar\u00e9 Barakat. \u00ab\u00a0Nous voyons \u00e9galement l&rsquo;exploitation et le pillage par les <span style=\"font-family: Times New Roman,serif;\">\u00c9<\/span><span style=\"font-family: Times New Roman,serif;\">tats-Unis<\/span> des ressources des peuples \u00e0 travers le monde. Et aux \u00c9tats-Unis, les Africains, les Latinos, les Philippins, les Afghans, les Arabes qui ont subi la guerre et l&rsquo;imp\u00e9rialisme des mains des \u00c9tats-Unis en dehors de leurs fronti\u00e8res sont les m\u00eames communaut\u00e9s qui font face \u00e0 la criminalisation, la brutalit\u00e9, l&rsquo;exploitation, l&rsquo;isolement, les meurtres et les assassinats des mains de l&rsquo;<span style=\"font-family: Times New Roman,serif;\">\u00c9<\/span>tat. Nous voyons la chasse aux migrants et aux r\u00e9fugi\u00e9s \u00e0 l&rsquo;int\u00e9rieur des \u00c9tats-Unis apr\u00e8s que leurs pays ont \u00e9t\u00e9 ravag\u00e9s par l&rsquo;imp\u00e9rialisme, la guerre et l&rsquo;exploitation par les m\u00eames forces dirigeantes \u00ab\u00a0.<\/span><\/p>\n<p style=\"margin-bottom: 0cm; text-align: justify;\"><span style=\"color: #000000;\">Barakat a soulign\u00e9 que \u00ab\u00a0l&#8217;emprisonnement de masse et l&rsquo;incarc\u00e9ration ont \u00e9t\u00e9 un outil central du contr\u00f4le raciste aux <span style=\"font-family: Times New Roman,serif;\">\u00c9<\/span>tats-Unis. Un homme Noir sur trois y sera emprisonn\u00e9; toutes les vingt-huit heures, une personne Noire est tu\u00e9e par l&rsquo;<span style=\"font-family: Times New Roman,serif;\">\u00c9<\/span>tat ou par une personne prot\u00e9g\u00e9e par l&rsquo;<span style=\"font-family: Times New Roman,serif;\">\u00c9<\/span>tat. Les Palestiniens connaissent bien l&rsquo;utilisation de l&#8217;emprisonnement de masse pour maintenir la domination raciste et l&rsquo;oppression. Briser les structures racistes de l&#8217;emprisonnement est crucial pour notre mouvement de lib\u00e9ration. Nous saluons Mumia Abu-Jamal<\/span><a class=\"sdfootnoteanc\" href=\"http:\/\/couppourcoup31.over-blog.com\/2014\/08\/le-fplp-salue-la-lutte-noire-aux-etats-unis-l-empire-s-effondrera-de-l-interieur.html#sdfootnote1sym\" name=\"sdfootnote1anc\"><span style=\"color: #000000;\"><sup>1<\/sup><\/span><\/a><span style=\"color: #000000;\"> et tous les prisonniers politiques du mouvement de lib\u00e9ration Noire dans les prisons am\u00e9ricaines et nous appelons \u00e0 leur lib\u00e9ration imm\u00e9diate \u00ab\u00a0.<\/span><\/p>\n<p style=\"margin-bottom: 0cm; text-align: justify;\"><span style=\"color: #000000;\">Barakat a de plus ajout\u00e9 que \u00abdepuis les premiers temps du mouvement Noir aux <span style=\"font-family: Times New Roman,serif;\">\u00c9<\/span>tats-Unis, des esclaves en r\u00e9volte pour la libert\u00e9 jusqu&rsquo;au mouvement pour les droits civiques et au-del\u00e0, le peuple, les organisations et les mouvements Noirs ont \u00e9t\u00e9 confront\u00e9s \u00e0 une impitoyable r\u00e9pression \u00e9tatique, au ciblage, \u00e0 l&rsquo;incarc\u00e9ration et aux meurtres des mains de l&rsquo;Etat. Les agences de renseignement int\u00e9rieur am\u00e9ricaines telles que le FBI, qui dirigent la r\u00e9pression d&rsquo;<span style=\"font-family: Times New Roman,serif;\">\u00c9<\/span>tat contre les communaut\u00e9s Palestiniennes et Arabes, ont eu pendant des ann\u00e9es pour objectif principal l&rsquo;attaque des mouvements, des dirigeants et des communaut\u00e9s Noirs\u00a0\u00bb.<\/span><\/p>\n<p style=\"margin-bottom: 0cm; text-align: justify;\"><span style=\"color: #000000;\">Le racisme, la pauvret\u00e9 et l&rsquo;oppression sont les r\u00e9alit\u00e9s premi\u00e8res rencontr\u00e9es par les nations et les communaut\u00e9s opprim\u00e9es aux \u00c9tats-Unis. Le peuple Noir aux \u00c9tats-Unis est en fait en \u00e9tat de si\u00e8ge. Et de la m\u00eame fa\u00e7on que nous exigeons la fin du si\u00e8ge pour notre peuple palestinien, \u00e0 Gaza et partout ailleurs, nous exigeons la fin du si\u00e8ge du racisme et de l&rsquo;oppression institutionnalis\u00e9s dans l&rsquo;\u00e9ducation, le travail, les services sociaux et tous les domaines de la vie, et nous soutenons les mouvements Noirs en lutte pour mettre fin \u00e0 ce si\u00e8ge.<\/span><\/p>\n<p style=\"margin-bottom: 0cm; text-align: justify;\"><span style=\"color: #000000;\">\u00ab\u00a0Quand nous voyons aujourd&rsquo;hui les images qui parviennent de Ferguson, nous voyons une autre Intifada \u00e9merger dans la longue lign\u00e9e des Intifadas et des luttes qui ont \u00e9t\u00e9 men\u00e9es par le peuple Noir aux \u00c9tats-Unis et au niveau international. Le mouvement de lib\u00e9ration nationale Palestinien salue le mouvement de lib\u00e9ration Noir, et a beaucoup appris des exp\u00e9riences de Malcolm X<\/span><a class=\"sdfootnoteanc\" href=\"http:\/\/couppourcoup31.over-blog.com\/2014\/08\/le-fplp-salue-la-lutte-noire-aux-etats-unis-l-empire-s-effondrera-de-l-interieur.html#sdfootnote2sym\" name=\"sdfootnote2anc\"><span style=\"color: #000000;\"><sup>2<\/sup><\/span><\/a><span style=\"color: #000000;\">, Martin Luther King<\/span><a class=\"sdfootnoteanc\" href=\"http:\/\/couppourcoup31.over-blog.com\/2014\/08\/le-fplp-salue-la-lutte-noire-aux-etats-unis-l-empire-s-effondrera-de-l-interieur.html#sdfootnote3sym\" name=\"sdfootnote3anc\"><span style=\"color: #000000;\"><sup>3<\/sup><\/span><\/a><span style=\"color: #000000;\">, Frederick Douglass<\/span><a class=\"sdfootnoteanc\" href=\"http:\/\/couppourcoup31.over-blog.com\/2014\/08\/le-fplp-salue-la-lutte-noire-aux-etats-unis-l-empire-s-effondrera-de-l-interieur.html#sdfootnote4sym\" name=\"sdfootnote4anc\"><span style=\"color: #000000;\"><sup>4<\/sup><\/span><\/a><span style=\"color: #000000;\">, des <i><b>Black Panthers<\/b><\/i>, de Sojourner Truth<\/span><a class=\"sdfootnoteanc\" href=\"http:\/\/couppourcoup31.over-blog.com\/2014\/08\/le-fplp-salue-la-lutte-noire-aux-etats-unis-l-empire-s-effondrera-de-l-interieur.html#sdfootnote5sym\" name=\"sdfootnote5anc\"><span style=\"color: #000000;\"><sup>5<\/sup><\/span><\/a><span style=\"color: #000000;\">, et des g\u00e9n\u00e9rations de r\u00e9volutionnaires Noirs qui ont ouvert la voie dans la lutte pour la lib\u00e9ration et l&rsquo;autod\u00e9termination \u00ab\u00a0, a d\u00e9clar\u00e9 Barakat.<\/span><\/p>\n<p style=\"margin-bottom: 0cm; text-align: justify;\"><span style=\"color: #000000;\">\u00ab\u00a0La lutte au sein m\u00eame des \u00c9tats-Unis fait int\u00e9grante de la lutte contre l&rsquo;imp\u00e9rialisme \u2013 et plus, il s&rsquo;agit d&rsquo;une lutte centrale, car elle se d\u00e9roule dans le ventre de la b\u00eate. C&rsquo;est aussi le cas de la lutte des peuples Indig\u00e8nes et des nations d&rsquo;Am\u00e9rique du Nord, o\u00f9 les pouvoirs du coloniaux se sont construits \u00e0 la fois par le vol des terres et par le g\u00e9nocide, mais o\u00f9 les peuples Indig\u00e8nes ont toujours r\u00e9sist\u00e9 et continuent de r\u00e9sister encore aujourd&rsquo;hui \u00ab\u00a0, a t-il dit.<\/span><\/p>\n<p style=\"margin-bottom: 0cm; text-align: justify;\"><span style=\"color: #000000;\">\u00ab\u00a0Chaque victoire \u00e0 l&rsquo;int\u00e9rieur des \u00c9tats-Unis et chaque conqu\u00eate politique par des mouvements populaires et des luttes de lib\u00e9ration est une victoire pour la Palestine et une victoire pour un monde de la lib\u00e9ration des Hommes. Ceux qui pensent que le destin des peuples aux \u00c9tats-Unis est li\u00e9 aux partis de la classe dirigeante, les R\u00e9publicains et les D\u00e9mocrates, et ce jusqu&rsquo;\u00e0 la fin des temps, ceux-l\u00e0 vivent dans l&rsquo;illusion. De m\u00eame, que ceux qui croient que la Palestine peut conqu\u00e9rir sa libert\u00e9 en recherchant des alliances ou des garanties de la part de ceux qui oppriment le peuple Noir \u00ab\u00a0, a d\u00e9clar\u00e9 Barakat.<\/span><\/p>\n<p style=\"margin-bottom: 0cm; text-align: justify;\"><span style=\"color: #000000;\">\u00ab\u00a0La lutte Noire conduit le monde vers la lutte pour un syst\u00e8me politique alternatif qui m\u00e8nera l&#8217;empire am\u00e9ricain \u00e0 la d\u00e9faite. Nous savons que cela n&rsquo;arrivera que par la lutte, par l&rsquo;organisation du peuple, \u00e9mergeant \u00e0 travers les soul\u00e8vements et la col\u00e8re des communaut\u00e9s contre l&rsquo;injustice\u00a0\u00bb a d\u00e9clar\u00e9 Barakat.<\/span><\/p>\n<p style=\"margin-bottom: 0cm; text-align: justify;\"><span style=\"color: #000000;\">\u00ab\u00a0Le mouvement anti-raciste et le mouvement anti-sioniste ne sont pas et ne peuvent pas \u00eatre s\u00e9par\u00e9s. Se battre contre le racisme signifie se battre contre le capitalisme; se battre contre le capitalisme, c&rsquo;est se battre pour le socialisme \u00ab\u00a0, a d\u00e9clar\u00e9 Barakat.<\/span><\/p>\n<p style=\"margin-bottom: 0cm; text-align: justify;\"><span style=\"color: #000000;\">\u00ab\u00a0Le Front encourage tous les Palestiniens, et en particulier notre communaut\u00e9 palestinienne aux <span style=\"font-family: Times New Roman,serif;\">\u00c9<\/span>tats-Unis, \u00e0 poursuivre et \u00e0 intensifier leurs efforts en faveur du mouvement de lib\u00e9ration Noir, \u00e0 se joindre aux actions de soutien \u00e0 Ferguson et en l&rsquo;honneur de Michael Brown, \u00e0 maintenir \u00e0 long terme une lutte commune et une solidarit\u00e9 mutuelle avec le mouvement Noir. Il existe une longue histoire de cette \u0153uvre commune, et il est essentiel pour l&rsquo;ensemble de nos communaut\u00e9s d&rsquo;\u00e9largir et d&rsquo;approfondir nos liens de lutte et de solidarit\u00e9.<\/span><\/p>\n<p style=\"margin-bottom: 0cm; text-align: justify;\"><span style=\"color: #000000;\">Le FPLP envoie ses salutations r\u00e9volutionnaires, son message de solidarit\u00e9 et ses saluts au peuple de Ferguson en lutte, sur les lignes de front s&rsquo;opposant \u00e0 l&#8217;empire am\u00e9ricain, et aux g\u00e9n\u00e9rations successives de la lutte Noire. Notre mouvement de lib\u00e9ration de la Palestine et le mouvement de lib\u00e9ration Noir font partie d&rsquo;une seule et m\u00eame lutte. Cela a \u00e9t\u00e9 une position de principe pour le Front depuis sa fondation; nous r\u00e9affirmons cette position aujourd&rsquo;hui et nous le ferons jusqu&rsquo;\u00e0 ce que nos deux peuples &#8211; et notre monde &#8211; soient lib\u00e9r\u00e9s.<\/span><\/p>\n<div id=\"sdfootnote1\">\n<p class=\"sdfootnote\" style=\"text-align: justify;\"><span style=\"font-size: 12px;\"><a class=\"sdfootnotesym\" href=\"http:\/\/couppourcoup31.over-blog.com\/2014\/08\/le-fplp-salue-la-lutte-noire-aux-etats-unis-l-empire-s-effondrera-de-l-interieur.html#sdfootnote1anc\" name=\"sdfootnote1sym\"><span style=\"color: #000000;\">1<\/span><\/a><span style=\"color: #000000;\">Mumia Abu Jamal, prisonnier politique noir am\u00e9ricain emprisonn\u00e9 depuis 1981, ancien membre du Black Panthers Party. Son combat s&rsquo;inscrit toujours dans la lutte anti-carc\u00e9ral et de lib\u00e9ration noire.<\/span><\/span><\/p>\n<\/div>\n<div id=\"sdfootnote2\">\n<p class=\"sdfootnote\" style=\"text-align: justify;\"><span style=\"font-size: 12px;\"><a class=\"sdfootnotesym\" href=\"http:\/\/couppourcoup31.over-blog.com\/2014\/08\/le-fplp-salue-la-lutte-noire-aux-etats-unis-l-empire-s-effondrera-de-l-interieur.html#sdfootnote2anc\" name=\"sdfootnote2sym\"><span style=\"color: #000000;\">2<\/span><\/a><span style=\"color: #000000;\">Malcom X, noir am\u00e9ricain militant du mouvements pour les droits civiques aux \u00c9tats-Unis, assassin\u00e9 en 1965.<\/span><\/span><\/p>\n<\/div>\n<div id=\"sdfootnote3\">\n<p class=\"sdfootnote\" style=\"text-align: justify;\"><span style=\"font-size: 12px;\"><a class=\"sdfootnotesym\" href=\"http:\/\/couppourcoup31.over-blog.com\/2014\/08\/le-fplp-salue-la-lutte-noire-aux-etats-unis-l-empire-s-effondrera-de-l-interieur.html#sdfootnote3anc\" name=\"sdfootnote3sym\"><span style=\"color: #000000;\">3<\/span><\/a><span style=\"color: #000000;\">Martin Luther King, pasteur militant pacifiste du mouvement pour les droits civiques, assassin\u00e9 en 1968.<\/span><\/span><\/p>\n<\/div>\n<div id=\"sdfootnote4\">\n<p class=\"sdfootnote\" style=\"text-align: justify;\"><span style=\"font-size: 12px;\"><a class=\"sdfootnotesym\" href=\"http:\/\/couppourcoup31.over-blog.com\/2014\/08\/le-fplp-salue-la-lutte-noire-aux-etats-unis-l-empire-s-effondrera-de-l-interieur.html#sdfootnote4anc\" name=\"sdfootnote4sym\"><span style=\"color: #000000;\">4<\/span><\/a><span style=\"color: #000000;\">Fr\u00e9derick Douglass, homme politique et \u00e9crivain noir am\u00e9ricain, n\u00e9 esclave, militant abolitionniste, mort 1895.<\/span><\/span><\/p>\n<\/div>\n<div id=\"sdfootnote5\">\n<p style=\"margin-bottom: 0cm; text-align: justify;\"><span style=\"font-size: 12px;\"><a class=\"sdfootnotesym\" href=\"http:\/\/couppourcoup31.over-blog.com\/2014\/08\/le-fplp-salue-la-lutte-noire-aux-etats-unis-l-empire-s-effondrera-de-l-interieur.html#sdfootnote5anc\" name=\"sdfootnote5sym\"><span style=\"color: #000000;\">5<\/span><\/a><span style=\"color: #000000;\"> Sojourner Truth, militante abolitionniste noire am\u00e9ricaine, n\u00e9e esclave, morte en 1883.<\/span><\/span><\/p>\n<\/div>\n<\/div>\n<div class=\"ob-section ob-section-images ob-default\">\n<div class=\"ob-row-1-col\"><a class=\"ob-link-img\" href=\"http:\/\/img.over-blog-kiwi.com\/0\/63\/88\/53\/20140824\/ob_1265b8_mike-mohammed.jpg\" rel=\"fancybox\"><img decoding=\"async\" class=\"ob-cell ob-img ob-media\" src=\"http:\/\/img.over-blog-kiwi.com\/0\/63\/88\/53\/20140824\/ob_1265b8_mike-mohammed.jpg\" alt=\"Le FPLP salue la lutte Noire aux \u00c9tats-Unis\u00a0: L'empire s'effondrera de l'int\u00e9rieur\" \/><\/a><\/div>\n<div class=\"ob-row-1-col\"><a href=\"http:\/\/couppourcoup31.over-blog.com\/2014\/08\/le-fplp-salue-la-lutte-noire-aux-etats-unis-l-empire-s-effondrera-de-l-interieur.html\">Source<\/a><\/div>\n<\/div>\n<section class=\"item-tags\"><\/section>\n<\/div>\n","protected":false},"excerpt":{"rendered":"<p>24 Ao\u00fbt 2014 D\u00e9claration du FPLP. Fond\u00e9 en 1967 sous la direction de Georges Habache et Ahmed Jibril, le Front Populaire de Lib\u00e9ration de la Palestine est une organisation palestinienne r\u00e9volutionnaire combattant le sionisme et le capitalisme. Le 19 ao\u00fbt 2014 Traduit par les Editions Premiers Matins de Novembre pmneditions@gmail.com Le FPLP salue la lutte &#8230; <a title=\"Le FPLP salue la lutte Noire aux \u00c9tats-Unis : L&#8217;empire s&rsquo;effondrera de l&rsquo;int\u00e9rieur\" class=\"read-more\" href=\"https:\/\/bruxelles-pantheres.be\/?p=2248\" aria-label=\"En savoir plus sur Le FPLP salue la lutte Noire aux \u00c9tats-Unis : L&#8217;empire s&rsquo;effondrera de l&rsquo;int\u00e9rieur\">Lire la suite<\/a><\/p>\n","protected":false},"author":1,"featured_media":1769,"comment_status":"open","ping_status":"open","sticky":false,"template":"","format":"standard","meta":{"footnotes":""},"categories":[21,36,4,7,6,28,5],"tags":[84,23,12,54,15,49],"class_list":["post-2248","post","type-post","status-publish","format-standard","has-post-thumbnail","hentry","category-anti-imperialisme","category-europe","category-islamophobie","category-negrophobie","category-palestine-moyen-orient","category-racismes","category-violence-policiere","tag-black-power","tag-discrimination","tag-gaza","tag-police","tag-resistance","tag-usa"],"_links":{"self":[{"href":"https:\/\/bruxelles-pantheres.be\/index.php?rest_route=\/wp\/v2\/posts\/2248","targetHints":{"allow":["GET"]}}],"collection":[{"href":"https:\/\/bruxelles-pantheres.be\/index.php?rest_route=\/wp\/v2\/posts"}],"about":[{"href":"https:\/\/bruxelles-pantheres.be\/index.php?rest_route=\/wp\/v2\/types\/post"}],"author":[{"embeddable":true,"href":"https:\/\/bruxelles-pantheres.be\/index.php?rest_route=\/wp\/v2\/users\/1"}],"replies":[{"embeddable":true,"href":"https:\/\/bruxelles-pantheres.be\/index.php?rest_route=%2Fwp%2Fv2%2Fcomments&post=2248"}],"version-history":[{"count":2,"href":"https:\/\/bruxelles-pantheres.be\/index.php?rest_route=\/wp\/v2\/posts\/2248\/revisions"}],"predecessor-version":[{"id":2250,"href":"https:\/\/bruxelles-pantheres.be\/index.php?rest_route=\/wp\/v2\/posts\/2248\/revisions\/2250"}],"wp:featuredmedia":[{"embeddable":true,"href":"https:\/\/bruxelles-pantheres.be\/index.php?rest_route=\/wp\/v2\/media\/1769"}],"wp:attachment":[{"href":"https:\/\/bruxelles-pantheres.be\/index.php?rest_route=%2Fwp%2Fv2%2Fmedia&parent=2248"}],"wp:term":[{"taxonomy":"category","embeddable":true,"href":"https:\/\/bruxelles-pantheres.be\/index.php?rest_route=%2Fwp%2Fv2%2Fcategories&post=2248"},{"taxonomy":"post_tag","embeddable":true,"href":"https:\/\/bruxelles-pantheres.be\/index.php?rest_route=%2Fwp%2Fv2%2Ftags&post=2248"}],"curies":[{"name":"wp","href":"https:\/\/api.w.org\/{rel}","templated":true}]}}