{"id":2258,"date":"2014-09-05T13:03:04","date_gmt":"2014-09-05T12:03:04","guid":{"rendered":"https:\/\/bruxelles-pantheres.be\/?p=2258"},"modified":"2014-09-05T13:13:29","modified_gmt":"2014-09-05T12:13:29","slug":"rencontre-autour-du-livre-de-luk-vervaet-guantanamo-chez-nous","status":"publish","type":"post","link":"https:\/\/bruxelles-pantheres.be\/?p=2258","title":{"rendered":"Rencontre autour du livre de Luk Vervaet \u00ab\u00a0Guantanamo chez nous ? \u00a0\u00bb"},"content":{"rendered":"<div class=\"_5pbx userContent\" data-ft=\"{&quot;tn&quot;:&quot;K&quot;}\">\n<p>Pr\u00e9sentation du livre <a class=\"profileLink\" href=\"https:\/\/www.facebook.com\/pages\/Guantanamo-chez-nous-Un-livre-de-Luk-Vervaet\/748646755178237\" data-hovercard=\"\/ajax\/hovercard\/page.php?id=748646755178237\">Guantanamo chez nous ? Un livre de Luk Vervaet<\/a> au Pianofabriek le 19 septembre \u00e0 19 heures avec la participation d&rsquo;Oum Maryam, la femme de Nizar Trabelsi.<\/p>\n<\/div>\n<div>\n<div data-ft=\"{&quot;tn&quot;:&quot;H&quot;}\">\n<div class=\"mtm\">\n<div class=\"_5cq3\" data-ft=\"{&quot;tn&quot;:&quot;E&quot;}\">\n<div id=\"u_jsonp_35_6\" class=\"_46-h _4-ep\" style=\"width: 274px; height: 394px;\"><a href=\"https:\/\/bruxelles-pantheres.be\/wp-content\/uploads\/2014\/09\/10660316_10204467860597184_3527257146551211100_n.jpg\"><img decoding=\"async\" class=\"alignnone size-full wp-image-2259\" src=\"https:\/\/bruxelles-pantheres.be\/wp-content\/uploads\/2014\/09\/10660316_10204467860597184_3527257146551211100_n.jpg\" alt=\"10660316_10204467860597184_3527257146551211100_n\" width=\"584\" height=\"836\" srcset=\"https:\/\/bruxelles-pantheres.be\/wp-content\/uploads\/2014\/09\/10660316_10204467860597184_3527257146551211100_n.jpg 584w, https:\/\/bruxelles-pantheres.be\/wp-content\/uploads\/2014\/09\/10660316_10204467860597184_3527257146551211100_n-210x300.jpg 210w, https:\/\/bruxelles-pantheres.be\/wp-content\/uploads\/2014\/09\/10660316_10204467860597184_3527257146551211100_n-540x773.jpg 540w\" sizes=\"(max-width: 584px) 100vw, 584px\" \/><\/a><\/div>\n<div class=\"_46-h _4-ep\" style=\"width: 274px; height: 394px;\"><\/div>\n<p>&nbsp;<\/p>\n<p>Pour avoir planifi\u00e9 un attentat contre la base militaire de Kleine Brogel en 2001, Nizar Trabelsi a \u00e9t\u00e9 condamn\u00e9 \u00e0 des peines draconiennes : dix ans de prison ferme en Belgique et vingt-cinq ans de prison par un tribunal militaire dans la Tunisie de Ben Ali. Le r\u00e9gime carc\u00e9ral auquel Nizar Trabelsi a \u00e9t\u00e9 soumis n\u2019a pas d\u2019\u00e9gal dans l\u2019histoire carc\u00e9rale belge&#8230; Lire la suite : Antidote<\/p>\n<p>Voici un extrait (pages 78-79) :<\/p>\n<p>\u00ab\u00a0&#8230;A ceux qui disent que la Belgique n\u2019a quand m\u00eame pas construit un endroit hors la loi comme les Am\u00e9ricains l\u2019ont fait \u00e0 Guantanamo, nous disons qu\u2019elle a install\u00e9 ses propres Guantanamo au Maroc. C\u2019est l\u00e0, dans ce pays de non-droit, que la Belgique rejette, hors de son territoire, les \u00ab<br \/>\nd\u00e9chets humains \u00bb dont elle veut se d\u00e9barrasser. Comme nous le verrons plus loin, la Belgique sait pertinemment que des d\u00e9tenus belgo-marocains &#8211; comme Ali Aarrass, Mohamed R\u2019ha, Ahmed Zemmouri, Abdelkader Belliraj et d\u2019autres &#8211; y ont \u00e9t\u00e9 tortur\u00e9s alors qu\u2019ils \u00e9taient en garde \u00e0 vue. Que ces personnes ont eu droit \u00e0 des proc\u00e8s iniques. Qu\u2019elles sont maltrait\u00e9es dans les infernales prisons marocaines. Pourtant, notre gouvernement a, jusqu\u2019\u00e0 pr\u00e9sent, refus\u00e9 d\u2019en dire un mot. Ce gouvernement utilise \u00e9galement le Maroc pour se d\u00e9barrasser de ses \u00e9vad\u00e9s de droit commun de la prison de Bruges, comme Ashraf Sekkaki ou Mohamed Johri. Depuis le 1er mai 2012, il y extrade ses d\u00e9tenus de nationalit\u00e9 marocaine, contre leur gr\u00e9, m\u00eame si ceux-ci ont pass\u00e9 leur vie ici et n\u2019ont rien \u00e0 voir avec le Maroc. Et Bart De Wever, le pr\u00e9sident du plus grand parti de Belgique, ne plaide-t-il pas pour construire une grande prison belge sur le sol marocain ? Cette fois-ci pour y enfermer, non seulement les d\u00e9tenus marocains en Belgique, mais aussi les d\u00e9tenus belges ayant la double nationalit\u00e9 ? Ce qui est devenu acceptable pour les terroristes, \u00ab les pires parmi les pires \u00bb, l\u2019est ainsi devenu \u00e9galement par la suite pour les d\u00e9tenus de droit commun&#8230;\u00a0\u00bb<\/p>\n<p>Pour en savoir plus : Luk Vervaet : Guantanamo chez nous ?<br \/>\nSur le Web : Antidote.be \/\/ Sur Facebook : Guantanamo chez nous ?<\/p>\n<\/div>\n<\/div>\n<\/div>\n<\/div>\n","protected":false},"excerpt":{"rendered":"<p>Pr\u00e9sentation du livre Guantanamo chez nous ? Un livre de Luk Vervaet au Pianofabriek le 19 septembre \u00e0 19 heures avec la participation d&rsquo;Oum Maryam, la femme de Nizar Trabelsi. &nbsp; Pour avoir planifi\u00e9 un attentat contre la base militaire de Kleine Brogel en 2001, Nizar Trabelsi a \u00e9t\u00e9 condamn\u00e9 \u00e0 des peines draconiennes : &#8230; <a title=\"Rencontre autour du livre de Luk Vervaet \u00ab\u00a0Guantanamo chez nous ? \u00a0\u00bb\" class=\"read-more\" href=\"https:\/\/bruxelles-pantheres.be\/?p=2258\" aria-label=\"En savoir plus sur Rencontre autour du livre de Luk Vervaet \u00ab\u00a0Guantanamo chez nous ? \u00a0\u00bb\">Lire la suite<\/a><\/p>\n","protected":false},"author":1,"featured_media":2259,"comment_status":"open","ping_status":"open","sticky":false,"template":"","format":"standard","meta":{"footnotes":""},"categories":[21,24,25,36,4,18,5],"tags":[53,31,14,23,26,38,30,15,29,49],"class_list":["post-2258","post","type-post","status-publish","format-standard","has-post-thumbnail","hentry","category-anti-imperialisme","category-belgique-maroc","category-enseignement","category-europe","category-islamophobie","category-resistance-bruxelles","category-violence-policiere","tag-ali-aarrass","tag-belgique","tag-bruxelles","tag-discrimination","tag-extradition","tag-guerre","tag-maroc","tag-resistance","tag-torture","tag-usa"],"_links":{"self":[{"href":"https:\/\/bruxelles-pantheres.be\/index.php?rest_route=\/wp\/v2\/posts\/2258","targetHints":{"allow":["GET"]}}],"collection":[{"href":"https:\/\/bruxelles-pantheres.be\/index.php?rest_route=\/wp\/v2\/posts"}],"about":[{"href":"https:\/\/bruxelles-pantheres.be\/index.php?rest_route=\/wp\/v2\/types\/post"}],"author":[{"embeddable":true,"href":"https:\/\/bruxelles-pantheres.be\/index.php?rest_route=\/wp\/v2\/users\/1"}],"replies":[{"embeddable":true,"href":"https:\/\/bruxelles-pantheres.be\/index.php?rest_route=%2Fwp%2Fv2%2Fcomments&post=2258"}],"version-history":[{"count":3,"href":"https:\/\/bruxelles-pantheres.be\/index.php?rest_route=\/wp\/v2\/posts\/2258\/revisions"}],"predecessor-version":[{"id":2263,"href":"https:\/\/bruxelles-pantheres.be\/index.php?rest_route=\/wp\/v2\/posts\/2258\/revisions\/2263"}],"wp:featuredmedia":[{"embeddable":true,"href":"https:\/\/bruxelles-pantheres.be\/index.php?rest_route=\/wp\/v2\/media\/2259"}],"wp:attachment":[{"href":"https:\/\/bruxelles-pantheres.be\/index.php?rest_route=%2Fwp%2Fv2%2Fmedia&parent=2258"}],"wp:term":[{"taxonomy":"category","embeddable":true,"href":"https:\/\/bruxelles-pantheres.be\/index.php?rest_route=%2Fwp%2Fv2%2Fcategories&post=2258"},{"taxonomy":"post_tag","embeddable":true,"href":"https:\/\/bruxelles-pantheres.be\/index.php?rest_route=%2Fwp%2Fv2%2Ftags&post=2258"}],"curies":[{"name":"wp","href":"https:\/\/api.w.org\/{rel}","templated":true}]}}