{"id":2265,"date":"2014-09-16T10:46:54","date_gmt":"2014-09-16T09:46:54","guid":{"rendered":"https:\/\/bruxelles-pantheres.be\/?p=2265"},"modified":"2014-09-16T10:48:19","modified_gmt":"2014-09-16T09:48:19","slug":"des-quartiers-a-la-prison-de-lesclavage-a-lincarceration-de-masse-a-woodfox-parle","status":"publish","type":"post","link":"https:\/\/bruxelles-pantheres.be\/?p=2265","title":{"rendered":"Des quartiers \u00e0 la prison, de l\u2019esclavage \u00e0 l\u2019incarc\u00e9ration de masse : A. Woodfox parle"},"content":{"rendered":"<header class=\"content\"><\/header>\n<div class=\"main fix sidebar-right\">\n<div class=\"content-part\">\n<article id=\"entry-7641\" class=\"post-7641 post type-post status-publish format-image has-post-thumbnail hentry category-articles-2 category-black-america-2 category-repression-justice tag-black-america tag-black-panther-party tag-malcolm-x tag-prison entry fix\">\n<div class=\"entry-format image fix\">\n<div class=\"image-container\"><img decoding=\"async\" class=\"attachment-size-format wp-post-image\" src=\"http:\/\/www.etatdexception.net\/wp-content\/uploads\/2014\/09\/a3mural-622x424.jpg\" alt=\"a3mural\" width=\"622\" height=\"424\" \/><\/div>\n<\/div>\n<div class=\"pad fix\">\n<div class=\"text\">\n<div>\n<header class=\"content\">\n<div class=\"pad fix\">\n<ul class=\"entry-meta fix\">\n<li class=\"entry-date\">septembre 2, 2014 by Albert Woodfox<\/li>\n<\/ul>\n<\/div>\n<\/header>\n<\/div>\n<div><strong>Albert Woodfox<\/strong> est, avec <strong>Robert King<\/strong> et <strong>Herman Wallace<\/strong>, l\u2019un des \u00ab Trois d\u2019Angola \u00bb : trois prisonniers politiques Noirs incarc\u00e9r\u00e9s en 1971 dans la prison d\u2019Angola, prison de l\u2019\u00c9tat de Louisiane aux \u00c9tats-Unis, apr\u00e8s une condamnation pour vol \u00e0 main arm\u00e9e.<\/div>\n<div><\/div>\n<div>Pendant son proc\u00e8s, Albert Woodfox s\u2019\u00e9vade et rejoint les rangs du Black Panther Party. Une fois rattrap\u00e9 et r\u00e9incarc\u00e9r\u00e9, il poursuit son activisme et monte avec Wallace et King une section du Black Panther Party \u00e0 l\u2019int\u00e9rieur de la prison d\u2019Angola, symbole du syst\u00e8me industrialo-carc\u00e9ral raciste nord-am\u00e9ricain et de l\u2019esclavage moderne, situ\u00e9 sur les lieux m\u00eames d\u2019une ancienne plantation de coton.<\/div>\n<div><\/div>\n<div>En 1972, Woodfox et Wallace furent reconnus coupables du meurtre d\u2019un gardien blanc de la prison. King, qui n\u2019\u00e9tait pas directement accus\u00e9 du meurtre, fut d\u00e9clar\u00e9 complice et les \u00ab Trois d\u2019Angola \u00bb furent plac\u00e9s \u00e0 l\u2019isolement.<\/div>\n<div><\/div>\n<div>Robert King est rest\u00e9 en cellule d\u2019isolement 23h sur 24h jusqu\u2019en 2001, Herman Wallace jusqu\u2019en octobre 2013, avant de mourir d\u2019un cancer trois jours apr\u00e8s sa lib\u00e9ration.<\/div>\n<div><\/div>\n<div>Albert Woodfox, lui, y croupit toujours, refusant de renier son engagement politique pour l\u2019organisation des prisonniers Noirs, la r\u00e9sistance \u00e0 l\u2019esclavage moderne des prisons, la d\u00e9fense des droits des prisonniers, et affirmant son innocence. Les autorit\u00e9s p\u00e9nitentiaires refusent de le lib\u00e9rer et de mettre fin \u00e0 son isolement malgr\u00e9 le fait que son proc\u00e8s ait \u00e9t\u00e9 d\u00e9j\u00e0 invalid\u00e9 trois fois pour discrimination raciale.<\/div>\n<div><\/div>\n<div>Reflet de l\u2019organisation populaire port\u00e9e par le Black Panther Party, la vie d\u2019Albert Woodfox t\u00e9moigne de la lutte populaire et politique pour l\u2019auto-d\u00e9fense et la lib\u00e9ration de la communaut\u00e9 Noire s\u2019attaquant \u00e0 toutes les r\u00e9alit\u00e9s de l\u2019oppression raciale et \u00e9conomique du peuple Noir : des quartiers \u00e0 la prison, de la traite n\u00e9gri\u00e8re \u00e0 l\u2019esclavage industriel du travail carc\u00e9ral, de l\u2019ali\u00e9nation culturelle et mentale \u00e0 l\u2019\u00e9crasement institutionnel.<\/div>\n<div><\/div>\n<div>Dans ce court texte publi\u00e9 le 23 avril 2014, Woodfox s\u2019adresse \u00e0 un psychologue envoy\u00e9 par l\u2019institution judiciaire ayant le pouvoir de l\u00e9gitimer un isolement de plus de quarante ann\u00e9es. Il lui r\u00e9pond \u00e0 quel point seul quelqu\u2019un comprenant le sens de la lutte pour l\u2019autod\u00e9termination et la r\u00e9sistance \u00e0 l\u2019oppression peut appr\u00e9hender une telle sentence, non pas dans le sens d\u2019une \u00ab peine \u00bb, mais comme une r\u00e9alit\u00e9 historique et politique : le point central de l\u2019oppression du peuple Noir, de la domination capitaliste et dans le m\u00eame temps le point de d\u00e9part d\u2019une prise de conscience de soi et de sa puissance d\u2019agir.<\/div>\n<div><\/div>\n<div>C\u2019est la force politique de cette r\u00e9sistance et l\u2019h\u00e9ritage de combattants r\u00e9volutionnaires qui ont fait tenir Albert Woodfox durant ces 42 ann\u00e9es d\u2019isolement, et ce sont eux qui doivent alimenter la campagne de solidarit\u00e9 internationale pour sa lib\u00e9ration et contre le syst\u00e8me oppressif raciste des prisons \u00e9tats-uniennes.<\/div>\n<div><\/div>\n<div><\/div>\n<div>\n<div>Pour lui \u00e9crire :<\/div>\n<div>Albert Woodfox<\/div>\n<div>#72148<\/div>\n<div>David Wade Correctional Center, N1 A3<\/div>\n<div>670 Bell Hill Rd.<\/div>\n<div>Homer, LA 71040<\/div>\n<div><\/div>\n<div>Pour lui apporter un soutien financier :<\/div>\n<div>www.jpay.com (#00072148)<\/div>\n<\/div>\n<div><\/div>\n<div><strong>Texte traduit et pr\u00e9sent\u00e9 par les \u00c9ditions Premiers Matins de Novembre<\/strong><\/div>\n<div><strong>pmneditions@gmail.com<\/strong><\/div>\n<div><\/div>\n<div><a href=\"http:\/\/www.etatdexception.net\/wp-content\/uploads\/2014\/09\/Sized-Web_Hero.png\"><img decoding=\"async\" class=\"aligncenter size-full wp-image-7650\" src=\"http:\/\/www.etatdexception.net\/wp-content\/uploads\/2014\/09\/Sized-Web_Hero.png\" alt=\"Sized-Web_Hero\" width=\"624\" height=\"213\" \/><\/a><\/div>\n<div>Quand je me rem\u00e9more certaines choses que j\u2019ai faites \u00e9tant plus jeune, lorsque j\u2019apprenais \u00e0 survivre dans le quartier de Six Ward Highsteppers \u00e0 la Nouvelle-Orl\u00e9ans, je r\u00e9alise que la soci\u00e9t\u00e9 m\u2019enseignait \u00e0 \u00eatre l\u2019ennemi des pauvres, des ignorants et m\u00eame celui de mon propre peuple. Je d\u00e9plore certaines choses que j\u2019ai faites \u00e0 l\u2019\u00e9poque. Et parfois, je me demande ce que je serai devenu si rien de tout cela ne s\u2019\u00e9tait pass\u00e9 de cette mani\u00e8re.<\/div>\n<div><\/div>\n<div>Mais mon engagement au sein du Black Panther Party lorsque j\u2019\u00e9tais \u00e0 New York, m\u2019a offert une autre possibilit\u00e9 de survie. Cet engagement a chang\u00e9 la donne. Les Black Panthers \u00e9taient les premiers Noirs que je n\u2019ai jamais vu avoir peur. En les regardant, en leur parlant et en apprenant d\u2019eux, ma vie a chang\u00e9 \u00e0 jamais. C\u2019\u00e9tait la premi\u00e8re fois que j\u2019entendais une voix plus forte que celle de la rue. Et quand je retournai en Louisiane et que je fus envoy\u00e9 \u00e0 Angola, le programme en dix points du Black Panther Party m\u2019accompagna.<\/div>\n<div><\/div>\n<div>Le programme en dix points parlait d\u2019autod\u00e9termination, d\u2019assumer ses responsabilit\u00e9s en mati\u00e8re de prise de d\u00e9cision personnelle, s\u2019agissant de ta vie, de ta communaut\u00e9. C\u2019est alors que j\u2019ai commenc\u00e9 \u00e0 r\u00e9aliser que je pouvais modifier le cours des choses. Que je voulais le faire et que j\u2019\u00e9tais en col\u00e8re. J\u2019\u00e9tais de toutes les radicalit\u00e9s et absolument convaincu que des changements sociaux majeurs en Am\u00e9rique \u00e9taient \u00e0 port\u00e9e de main.<\/div>\n<div><\/div>\n<div>Quand Brent Miller a \u00e9t\u00e9 assassin\u00e9 et qu\u2019ils nous ont rafl\u00e9 [Herman Wallace] et moi, et jet\u00e9 au trou, il ne m\u2019a jamais travers\u00e9 l\u2019esprit que j\u2019allais passer les quatre prochaines d\u00e9cennies suivantes enferm\u00e9 23 heures par jour dans une cellule de deux m\u00e8tres sur trois. Il ne m\u2019est pas venu \u00e0 l\u2019id\u00e9e que nous serions condamn\u00e9s. Nous \u00e9tions innocents ! J\u2019\u00e9tais optimiste, pensant que le peuple \u2013 nos fr\u00e8res et s\u0153urs \u00e0 l\u2019ext\u00e9rieur \u2013 se dresseraient, s\u2019organiseraient et les emp\u00eacheraient de nous avoir.<\/div>\n<div><\/div>\n<div>Puis, alors qu\u2019ils nous emmenaient afin d\u2019\u00eatre pr\u00e9sent\u00e9s devant un tribunal, un des fr\u00e8res de Brent Miller nous coupa la route avec un camion. Il d\u00e9rapa et s\u2019arr\u00eata pr\u00e8s de la camionnette dans laquelle nous \u00e9tions, et il bondit avec un fusil \u00e0 pompe en hurlant : \u00ab <em>O\u00f9 sont ces n\u00e9gros ? Laissez-les moi ! Je vais tuer ces fils de putes !<\/em> \u00bb Soudain, tout devint s\u00e9rieux. \u00c0 ce moment-l\u00e0, je fus submerg\u00e9 par la prise de conscience que nos vies \u00e9taient en jeu et que la loi ne pourrait pas nous prot\u00e9ger.<\/div>\n<div><\/div>\n<div>Aujourd\u2019hui, apr\u00e8s toutes ces ann\u00e9es, l\u2019audience au civil concernant notre isolement prolong\u00e9 approche. Si bien qu\u2019ils ont envoy\u00e9 ce psychiatre me questionner. Bien \u00e9videmment, il a essay\u00e9 de me faire dire que quarante ans d\u2019isolement n\u2019ont en d\u00e9finitive pas \u00e9t\u00e9 une si mauvaise chose. \u00ab <em>Vous avez l\u2019air de vous \u00eatre tr\u00e8s bien adapt\u00e9<\/em> \u00bb m\u2019a-t-il dit.<\/div>\n<div><\/div>\n<div>Je lui ai r\u00e9pondu qu\u2019\u00e0 moins de s\u2019\u00eatre retrouv\u00e9 boucl\u00e9 dans une cellule 23 heures par jour pendant quarante ans, il n\u2019avait aucune id\u00e9e de ce dont il parlait. Je lui ai dit : \u00ab <em>Vous voulez savoir de quoi j\u2019ai peur ? J\u2019ai peur de commencer \u00e0 crier et ne pas \u00eatre en mesure d\u2019arr\u00eater. J\u2019ai peur de me transformer en b\u00e9b\u00e9, de me recroqueviller en position f\u0153tale et de g\u00e9sir ainsi tous les jours du reste de ma vie. J\u2019ai peur de m\u2019en prendre \u00e0 mon propre corps, de peut-\u00eatre me couper les couilles et les jeter \u00e0 travers les barreaux comme que j\u2019ai vu d\u2019autres le faire quand ils n\u2019en pouvaient plus<\/em>. \u00bb<\/div>\n<div><\/div>\n<div>Ni la t\u00e9l\u00e9vision, ni aucun loisir, magazine ou quoi que ce soit d\u2019autre que vous appelez vous-m\u00eame \u00ab autoris\u00e9s \u00bb ne peuvent att\u00e9nuer le cauchemar de cet enfer que vous aidez \u00e0 cr\u00e9er \u00e0 et maintenir.<\/div>\n<div><\/div>\n<div>J\u2019ai \u00e9t\u00e9 soutenu dans ma lutte par trois hommes. Nelson Mandela m\u2019a appris que si vous poursuivez une noble cause vous pouvez porter le poids du monde sur vos \u00e9paules. Malcolm X m\u2019a appris que l\u2019endroit o\u00f9 vous commencez n\u2019a peu d\u2019importance, seul compte l\u2019endroit o\u00f9 vous finissez. Et Georges Jackson m\u2019a appris que si vous n\u2019\u00eates pas pr\u00eat \u00e0 mourir pour ce en quoi vous croyez, c\u2019est que vous ne croyez en rien.<\/div>\n<div><\/div>\n<div>Je sais que vous faites seulement votre travail, Doc. Vous avez votre travail et j\u2019ai le mien. Je suis un professeur. Et je suis la preuve vivante que nous pouvons survivre au pire en nous changeant nous-m\u00eames et en changeant notre monde, peu importe o\u00f9 nous vivons. Je ne veux pas mourir dans cette cellule, mais si cela doit se produire pour que cette le\u00e7on soit tout \u00e0 fait claire, alors je suis pr\u00eat \u00e0 le faire.<\/div>\n<div><\/div>\n<div>Albert Woodfox, prison d&rsquo;Angola (Louisiane), 23 avril 2014<\/div>\n<div><a href=\"http:\/\/www.etatdexception.net\/?p=7641\">Source<\/a><\/div>\n<\/div>\n<\/div>\n<\/article>\n<\/div>\n<\/div>\n<p><!--more--><\/p>\n<p>&nbsp;<\/p>\n<p>&nbsp;<\/p>\n<p>&nbsp;<\/p>\n","protected":false},"excerpt":{"rendered":"<p>septembre 2, 2014 by Albert Woodfox Albert Woodfox est, avec Robert King et Herman Wallace, l\u2019un des \u00ab Trois d\u2019Angola \u00bb : trois prisonniers politiques Noirs incarc\u00e9r\u00e9s en 1971 dans la prison d\u2019Angola, prison de l\u2019\u00c9tat de Louisiane aux \u00c9tats-Unis, apr\u00e8s une condamnation pour vol \u00e0 main arm\u00e9e. Pendant son proc\u00e8s, Albert Woodfox s\u2019\u00e9vade et &#8230; <a title=\"Des quartiers \u00e0 la prison, de l\u2019esclavage \u00e0 l\u2019incarc\u00e9ration de masse : A. Woodfox parle\" class=\"read-more\" href=\"https:\/\/bruxelles-pantheres.be\/?p=2265\" aria-label=\"En savoir plus sur Des quartiers \u00e0 la prison, de l\u2019esclavage \u00e0 l\u2019incarc\u00e9ration de masse : A. Woodfox parle\">Lire la suite<\/a><\/p>\n","protected":false},"author":1,"featured_media":1709,"comment_status":"open","ping_status":"open","sticky":false,"template":"","format":"standard","meta":{"footnotes":""},"categories":[21,7,8,28,5],"tags":[117,116,84,23,54,15,29,49],"class_list":["post-2265","post","type-post","status-publish","format-standard","has-post-thumbnail","hentry","category-anti-imperialisme","category-negrophobie","category-prisons","category-racismes","category-violence-policiere","tag-albert-woodfox","tag-black-panther-party","tag-black-power","tag-discrimination","tag-police","tag-resistance","tag-torture","tag-usa"],"_links":{"self":[{"href":"https:\/\/bruxelles-pantheres.be\/index.php?rest_route=\/wp\/v2\/posts\/2265","targetHints":{"allow":["GET"]}}],"collection":[{"href":"https:\/\/bruxelles-pantheres.be\/index.php?rest_route=\/wp\/v2\/posts"}],"about":[{"href":"https:\/\/bruxelles-pantheres.be\/index.php?rest_route=\/wp\/v2\/types\/post"}],"author":[{"embeddable":true,"href":"https:\/\/bruxelles-pantheres.be\/index.php?rest_route=\/wp\/v2\/users\/1"}],"replies":[{"embeddable":true,"href":"https:\/\/bruxelles-pantheres.be\/index.php?rest_route=%2Fwp%2Fv2%2Fcomments&post=2265"}],"version-history":[{"count":1,"href":"https:\/\/bruxelles-pantheres.be\/index.php?rest_route=\/wp\/v2\/posts\/2265\/revisions"}],"predecessor-version":[{"id":2266,"href":"https:\/\/bruxelles-pantheres.be\/index.php?rest_route=\/wp\/v2\/posts\/2265\/revisions\/2266"}],"wp:featuredmedia":[{"embeddable":true,"href":"https:\/\/bruxelles-pantheres.be\/index.php?rest_route=\/wp\/v2\/media\/1709"}],"wp:attachment":[{"href":"https:\/\/bruxelles-pantheres.be\/index.php?rest_route=%2Fwp%2Fv2%2Fmedia&parent=2265"}],"wp:term":[{"taxonomy":"category","embeddable":true,"href":"https:\/\/bruxelles-pantheres.be\/index.php?rest_route=%2Fwp%2Fv2%2Fcategories&post=2265"},{"taxonomy":"post_tag","embeddable":true,"href":"https:\/\/bruxelles-pantheres.be\/index.php?rest_route=%2Fwp%2Fv2%2Ftags&post=2265"}],"curies":[{"name":"wp","href":"https:\/\/api.w.org\/{rel}","templated":true}]}}