{"id":2288,"date":"2014-10-28T21:39:03","date_gmt":"2014-10-28T20:39:03","guid":{"rendered":"https:\/\/bruxelles-pantheres.be\/?p=2288"},"modified":"2014-10-27T21:41:11","modified_gmt":"2014-10-27T20:41:11","slug":"melvin-et-jeane-la-revolte-et-lexil","status":"publish","type":"post","link":"https:\/\/bruxelles-pantheres.be\/?p=2288","title":{"rendered":"Melvin et Jeane, la r\u00e9volte et l&rsquo;exil"},"content":{"rendered":"<p>31 juillet 1972, le vol 841 de la compagnie Delta Airlines d\u00e9colle de l\u2019a\u00e9roport de D\u00e9troit en direction de Miami. \u00e0 son bord deux jeunes couples\u00a0: Melvin et Jeane McNair, ainsi que Joyce Tillerson et George Brown.<br \/>\n<iframe src=\"\/\/www.dailymotion.com\/embed\/video\/x1od07q\" width=\"480\" height=\"270\" frameborder=\"0\" allowfullscreen=\"allowfullscreen\"><\/iframe><br \/>\n<a href=\"http:\/\/www.dailymotion.com\/video\/x1od07q_docs-ad-hoc-melvin-et-jeane-la-revolte-et-l-exil_news\" target=\"_blank\">Docs ad Hoc : Melvin et Jeane, la r\u00e9volte et l&#8230;<\/a> <i>par <a href=\"http:\/\/www.dailymotion.com\/LCP\" target=\"_blank\">LCP<\/a><\/i><\/p>\n","protected":false},"excerpt":{"rendered":"<p>31 juillet 1972, le vol 841 de la compagnie Delta Airlines d\u00e9colle de l\u2019a\u00e9roport de D\u00e9troit en direction de Miami. \u00e0 son bord deux jeunes couples\u00a0: Melvin et Jeane McNair, ainsi que Joyce Tillerson et George Brown. Docs ad Hoc : Melvin et Jeane, la r\u00e9volte et l&#8230; par LCP<\/p>\n","protected":false},"author":1,"featured_media":1711,"comment_status":"open","ping_status":"open","sticky":false,"template":"","format":"standard","meta":{"footnotes":""},"categories":[21,36,28,17],"tags":[84,15],"class_list":["post-2288","post","type-post","status-publish","format-standard","has-post-thumbnail","hentry","category-anti-imperialisme","category-europe","category-racismes","category-video","tag-black-power","tag-resistance"],"_links":{"self":[{"href":"https:\/\/bruxelles-pantheres.be\/index.php?rest_route=\/wp\/v2\/posts\/2288","targetHints":{"allow":["GET"]}}],"collection":[{"href":"https:\/\/bruxelles-pantheres.be\/index.php?rest_route=\/wp\/v2\/posts"}],"about":[{"href":"https:\/\/bruxelles-pantheres.be\/index.php?rest_route=\/wp\/v2\/types\/post"}],"author":[{"embeddable":true,"href":"https:\/\/bruxelles-pantheres.be\/index.php?rest_route=\/wp\/v2\/users\/1"}],"replies":[{"embeddable":true,"href":"https:\/\/bruxelles-pantheres.be\/index.php?rest_route=%2Fwp%2Fv2%2Fcomments&post=2288"}],"version-history":[{"count":1,"href":"https:\/\/bruxelles-pantheres.be\/index.php?rest_route=\/wp\/v2\/posts\/2288\/revisions"}],"predecessor-version":[{"id":2289,"href":"https:\/\/bruxelles-pantheres.be\/index.php?rest_route=\/wp\/v2\/posts\/2288\/revisions\/2289"}],"wp:featuredmedia":[{"embeddable":true,"href":"https:\/\/bruxelles-pantheres.be\/index.php?rest_route=\/wp\/v2\/media\/1711"}],"wp:attachment":[{"href":"https:\/\/bruxelles-pantheres.be\/index.php?rest_route=%2Fwp%2Fv2%2Fmedia&parent=2288"}],"wp:term":[{"taxonomy":"category","embeddable":true,"href":"https:\/\/bruxelles-pantheres.be\/index.php?rest_route=%2Fwp%2Fv2%2Fcategories&post=2288"},{"taxonomy":"post_tag","embeddable":true,"href":"https:\/\/bruxelles-pantheres.be\/index.php?rest_route=%2Fwp%2Fv2%2Ftags&post=2288"}],"curies":[{"name":"wp","href":"https:\/\/api.w.org\/{rel}","templated":true}]}}