{"id":2290,"date":"2014-10-27T21:50:56","date_gmt":"2014-10-27T20:50:56","guid":{"rendered":"https:\/\/bruxelles-pantheres.be\/?p=2290"},"modified":"2014-10-27T21:50:56","modified_gmt":"2014-10-27T20:50:56","slug":"le-terrorisme-utile","status":"publish","type":"post","link":"https:\/\/bruxelles-pantheres.be\/?p=2290","title":{"rendered":"Le terrorisme utile"},"content":{"rendered":"<h2 class=\"post-title\" style=\"text-align: center;\"><a href=\"https:\/\/bruxelles-pantheres.be\/wp-content\/uploads\/2014\/10\/terrorisme.gif\"><img decoding=\"async\" class=\"alignnone size-full wp-image-2291\" src=\"https:\/\/bruxelles-pantheres.be\/wp-content\/uploads\/2014\/10\/terrorisme.gif\" alt=\"terrorisme\" width=\"300\" height=\"291\" \/><\/a><\/h2>\n<h2 class=\"post-title\">Le terrorisme utile<\/h2>\n<div class=\"entry\">\n<p class=\"post-data\">23 octobre 2014 12h26 \u00b7 Marc-Andr\u00e9 Cyr<\/p>\n<p>Lorsqu\u2019un homme enrag\u00e9 a assassin\u00e9 14 femmes, il y a de cela 25 ans maintenant, plusieurs t\u00eates pensantes (enfin, voyez ce qu\u2019on veut dire) \u00a0ont tent\u00e9 de nous convaincre qu\u2019il ne s\u2019agissait pas d\u2019un attentat \u00ab\u00a0antif\u00e9ministe\u00a0\u00bb. Le tueur avait pourtant \u00e9crit une lettre dans laquelle il affirmait vouloir \u00ab\u00a0<i>Envoyer ad patres les f\u00e9ministes qui m\u2019ont toujours g\u00e2ch\u00e9 la vie<\/i>\u00a0\u00bb, une lettre qui fut d\u2019ailleurs censur\u00e9e par les forces de l\u2019ordre. Pire encore\u00a0: au lendemain de cet \u00e9v\u00e9nement tragique, plusieurs chroniqueurs ont mis la faute sur\u2026 le f\u00e9minisme.<\/p>\n<p>D\u00e8s le lendemain, sur les lignes ouvertes, plusieurs hommes affirment \u00ab\u00a0comprendre\u00a0\u00bb le tueur\u2026m\u00eame s\u2019ils condamnent son geste. Jean-Claude Leclerc du <i>Devoir<\/i> soutient que les changements caus\u00e9s par le mouvement f\u00e9ministe \u00ab\u00a0ont cr\u00e9\u00e9 des victimes de sexe masculin\u00a0\u00bb [<i>Le Devoir<\/i>, 11 d\u00e9cembre 1989]\u00a0; F. M. Christensen d\u00e9nonce la suppos\u00e9e tendance des f\u00e9ministes \u00ab extr\u00e9mistes \u00bb \u00e0 ha\u00efr les hommes [<i>Globe and Mail<\/i>, 19 mai 1990]; et Marcel Adam ajoute que \u00ab [d]es sp\u00e9cialistes ont fait remarquer que depuis quelques ann\u00e9es le f\u00e9minisme a engendr\u00e9 beaucoup d\u2019actes de violence \u00e0 l\u2019endroit des femmes, notamment aux \u00c9tats-Unis. Comment en serait-il autrement ?\u00a0\u00bb [<i>La Presse<\/i>, 9 d\u00e9cembre 1989]<\/p>\n<p>Morbide, mais vrai\u00a0: un homme tue 14 femmes au nom de la haine et ce sont celles qui les d\u00e9fendent qui sont mises au banc des accus\u00e9es. En mati\u00e8re de renversement bourreau-victime, on pourrait difficilement faire pire. Aujourd\u2019hui encore, \u00e0 chaque comm\u00e9moration de la tuerie, les chroniqueurs de la Belle province s\u2019empressent de nous rappeler qu\u2019il s\u2019agit d\u2019un \u00ab\u00a0geste isol\u00e9\u00a0\u00bb, \u00ab\u00a0non politique\u00a0\u00bb, foment\u00e9 par un \u00ab\u00a0tireur fou\u00a0\u00bb, etc.<\/p>\n<p>Manifestement, aucun homme d\u2019\u00c9tat ne trouve mati\u00e8re \u00e0 instrumentaliser ce drame \u00e0 ses propres fins\u2026<\/p>\n<p>Quelques ann\u00e9es plus tard, quand Richard Henri Bain tente de mettre fin \u00e0 la vie de l\u2019ancienne premi\u00e8re ministre, Pauline Marois, et assassine Denis Blanchette, un technicien de sc\u00e8ne, on nous parle du geste d\u2019\u00ab\u00a0un amoureux du Canada \u00e0 l\u2019\u00e2me troubl\u00e9e\u00a0\u00bb et d\u2019un \u00ab\u00a0admirateur de C\u00e9line Dion\u00a0\u00bb [<i>La Presse<\/i>, 5 septembre 2012] et la Coalition avenir Qu\u00e9bec, \u00e0 l\u2019instar de plusieurs m\u00e9dias, soutient qu\u2019il s\u2019agit d\u2019un \u00ab\u00a0incident d\u00e9plorable\u00a0\u00bb [<i>Radio Canada<\/i>, 5 septembre 2012]. Quelques jours plus tard, la station CJAD, \u00e0 Montr\u00e9al, pr\u00eate la parole au \u00ab\u00a0principal suspect\u00a0\u00bb afin qu\u2019ils entretiennent l\u2019auditoire sur sa \u00ab\u00a0vision de Montr\u00e9al\u00a0\u00bb [<i>La Presse<\/i>, 19 septembre 2012]. Le Parti conservateur du Qu\u00e9bec ira m\u00eame jusqu\u2019\u00e0 dire que \u00ab\u00a0Mme Marois doit prendre le bl\u00e2me pour cet incident \u00bb [<i>La Presse<\/i>, 5 septembre 2012].<\/p>\n<p>\u00c0 peu pr\u00e8s personne dans l\u2019espace public \u2015 mis \u00e0 part le per\u00e7ant et sagace Claude Poirier \u2015 ne parle de \u00ab\u00a0terrorisme\u00a0\u00bb, et encore moins de terrorisme \u00ab\u00a0f\u00e9d\u00e9raliste\u00a0\u00bb ou \u00ab\u00a0<i>canadian<\/i>\u00a0\u00bb.<\/p>\n<p>Tel n\u2019est \u00e9videmment pas l\u2019\u00ab\u00a0analyse\u00a0\u00bb suintant de nos \u00e9crans et tachant nos doigts en ce qui concerne les attentats de Saint-Jean sur Richelieu et du parlement. Les gestes n\u2019avaient pratiquement m\u00eame pas encore eu lieu que les ministres conservateurs parlaient d\u00e9j\u00e0 d\u2019un attentat \u00ab\u00a0islamiste\u00a0\u00bb. Fait troublant\u00a0: la GRC, visiblement, avait confirm\u00e9 ce \u00ab\u00a0fait\u00a0\u00bb au parti conservateur <i>avant<\/i> de le confirmer au public. Et c\u2019est sans oublier notre tr\u00e8s honorable premier ministre Couillard, qui parlait d\u00e9j\u00e0 d\u2019un attentat foment\u00e9 par le \u00ab\u00a0groupe \u00c9tat islamique\u00a0\u00bb \u00e0 peine quelques heures apr\u00e8s l\u2019\u00e9v\u00e9nement [<i>JdeM<\/i>, 21 octobre 2014].<\/p>\n<p>Tous parlent \u2015 y compris les journalistes \u00ab\u00a0objectifs\u00a0\u00bb \u2015 d\u2019un \u00ab\u00a0attentat islamiste\u00a0\u00bb et de \u00ab\u00a0terrorisme\u00a0\u00bb. Le charismatique Gilles Duceppe voudrait m\u00eame \u00ab\u00a0traduire en justice toute personne qui appuie l\u2019\u00c9tat islamique\u00a0\u00bb [<i>JdeM<\/i>, 21 octobre 2014]. La charmante Denise Bombardier affirme que \u00ab\u00a0Saint-Jean-sur-Richelieu est devenu hier le vestibule du califat qu\u00e9b\u00e9cois\u00a0\u00bb [<i>JdeM<\/i>, 21 octobre 2014]. Et le tr\u00e8s populaire Daniel Girard soutient quant \u00e0 lui que le \u00ab\u00a0terroriste est pr\u00e8s de chez vous\u00a0\u00bb [<i>JdeM<\/i>, 20 octobre 2014].<\/p>\n<p>Les assassinats de L\u00e9pine \u00e9taient irr\u00e9cup\u00e9rables. Celui commis par Bain \u00e9tait d\u00e9rangeant pour la Conf\u00e9d\u00e9ration canadienne, il fallait le tamiser. Cependant, le cas des attentats commis depuis deux jours est diff\u00e9rent, voire fort utile\u2026<\/p>\n<p>Comme des chiens de Pavlov r\u00e9pondant \u00e0 l\u2019appel des cloches de la propagande, les chroniqueurs patent\u00e9s et les politiciens belliqueux marquent les quatre coins de l\u2019espace public en pissant leur habituelle bave s\u00e9curitaire sur le dos lisse de notre incapacit\u00e9 \u00e0 comprendre cette violence extr\u00eame. Ils profitent de la mort et de la <i>peur<\/i> de la mort pour faire avancer leur agenda s\u00e9curitaire, militariste et colonialiste. Incapables de consid\u00e9rer que cette violence repr\u00e9sente la r\u00e9ponse asym\u00e9trique \u00e0 leur arrogance, \u00e0 leurs politiques mercantiles et leur imp\u00e9rialisme, ils pr\u00e9parent constamment le terrain \u00e0 sa reconduction.<\/p>\n<p>Les politiciens belliqueux veulent la guerre, ils <i>veulent<\/i> le terrorisme. Ces attentats pourtant commis par des gens bien de chez nous leur permettront d\u2019ailleurs de bombarder un pays se situant \u00e0 des milliers de kilom\u00e8tres d\u2019ici.<\/p>\n<p>La guerre engendre le terrorisme qui engendre\u2026 la guerre. Il nous faut r\u00e9sister aux cris de ressentiment et de peur qui ne demandent qu\u2019\u00e0 reproduire \u00e9ternellement ce cercle sans fin. C\u2019est l\u00e0 notre seul espoir de vivre enfin en paix.<\/p>\n<p align=\"center\">*<\/p>\n<p style=\"text-align: left;\">Au sujet de la tuerie de la polytechnique\u00a0: M\u00e9lissa Blais, \u00ab<i>J \u2019ha\u00efs les f\u00e9ministes! \u00bbLe 6 d\u00e9cembre 1989 et ses suites<\/i>. Montr\u00e9al, Les \u00c9ditions du remue-m\u00e9nage, 2009, 220 p.<\/p>\n<p><a href=\"http:\/\/voir.ca\/marc-andre-cyr\/2014\/10\/23\/le-terrorisme-utile\/\">Source<\/a><\/p>\n<\/div>\n","protected":false},"excerpt":{"rendered":"<p>Le terrorisme utile 23 octobre 2014 12h26 \u00b7 Marc-Andr\u00e9 Cyr Lorsqu\u2019un homme enrag\u00e9 a assassin\u00e9 14 femmes, il y a de cela 25 ans maintenant, plusieurs t\u00eates pensantes (enfin, voyez ce qu\u2019on veut dire) \u00a0ont tent\u00e9 de nous convaincre qu\u2019il ne s\u2019agissait pas d\u2019un attentat \u00ab\u00a0antif\u00e9ministe\u00a0\u00bb. Le tueur avait pourtant \u00e9crit une lettre dans laquelle &#8230; <a title=\"Le terrorisme utile\" class=\"read-more\" href=\"https:\/\/bruxelles-pantheres.be\/?p=2290\" aria-label=\"En savoir plus sur Le terrorisme utile\">Lire la suite<\/a><\/p>\n","protected":false},"author":1,"featured_media":1651,"comment_status":"open","ping_status":"open","sticky":false,"template":"","format":"standard","meta":{"footnotes":""},"categories":[1],"tags":[],"class_list":["post-2290","post","type-post","status-publish","format-standard","has-post-thumbnail","hentry","category-non-classe"],"_links":{"self":[{"href":"https:\/\/bruxelles-pantheres.be\/index.php?rest_route=\/wp\/v2\/posts\/2290","targetHints":{"allow":["GET"]}}],"collection":[{"href":"https:\/\/bruxelles-pantheres.be\/index.php?rest_route=\/wp\/v2\/posts"}],"about":[{"href":"https:\/\/bruxelles-pantheres.be\/index.php?rest_route=\/wp\/v2\/types\/post"}],"author":[{"embeddable":true,"href":"https:\/\/bruxelles-pantheres.be\/index.php?rest_route=\/wp\/v2\/users\/1"}],"replies":[{"embeddable":true,"href":"https:\/\/bruxelles-pantheres.be\/index.php?rest_route=%2Fwp%2Fv2%2Fcomments&post=2290"}],"version-history":[{"count":1,"href":"https:\/\/bruxelles-pantheres.be\/index.php?rest_route=\/wp\/v2\/posts\/2290\/revisions"}],"predecessor-version":[{"id":2292,"href":"https:\/\/bruxelles-pantheres.be\/index.php?rest_route=\/wp\/v2\/posts\/2290\/revisions\/2292"}],"wp:featuredmedia":[{"embeddable":true,"href":"https:\/\/bruxelles-pantheres.be\/index.php?rest_route=\/wp\/v2\/media\/1651"}],"wp:attachment":[{"href":"https:\/\/bruxelles-pantheres.be\/index.php?rest_route=%2Fwp%2Fv2%2Fmedia&parent=2290"}],"wp:term":[{"taxonomy":"category","embeddable":true,"href":"https:\/\/bruxelles-pantheres.be\/index.php?rest_route=%2Fwp%2Fv2%2Fcategories&post=2290"},{"taxonomy":"post_tag","embeddable":true,"href":"https:\/\/bruxelles-pantheres.be\/index.php?rest_route=%2Fwp%2Fv2%2Ftags&post=2290"}],"curies":[{"name":"wp","href":"https:\/\/api.w.org\/{rel}","templated":true}]}}