{"id":230,"date":"2013-07-10T00:19:34","date_gmt":"2013-07-09T23:19:34","guid":{"rendered":"https:\/\/bruxelles-pantheres.be\/?p=230"},"modified":"2013-11-10T00:22:48","modified_gmt":"2013-11-09T23:22:48","slug":"au-coeur-de-la-prison-de-forest-video","status":"publish","type":"post","link":"https:\/\/bruxelles-pantheres.be\/?p=230","title":{"rendered":"\u00ab Au coeur de la prison de Forest \u00bb (vid\u00e9o)"},"content":{"rendered":"<header><img decoding=\"async\" class=\"aligncenter\" alt=\"affichenordinebenallal\" src=\"http:\/\/www.egalite.be\/wp-content\/uploads\/2013\/06\/affichenordinebenallal.jpg\" width=\"624\" height=\"583\" \/><\/header>\n<p><img decoding=\"async\" class=\"alignright\" alt=\"http:\/\/static1-aka.rtl.be\/rtlutils\/pics\/div\/2013_07_07\/217x_\/unecitation.jpg\" src=\"http:\/\/static1-aka.rtl.be\/rtlutils\/pics\/div\/2013_07_07\/217x_\/unecitation.jpg\" \/><\/p>\n<p>L\u2019une des \u00e9quipes de RTL-TVI a pu se rendre \u00e0 l\u2019int\u00e9rieur de la prison de Forest, \u00e0 Bruxelles. La prison belge o\u00f9 les conditions de d\u00e9tention sont les plus d\u00e9plorables. Un d\u00e9tenu s\u2019y est d\u2019ailleurs suicid\u00e9 ce jeudi. Comment les prisonniers vivent-ils dans cet \u00e9tablissement v\u00e9tuste. \u00ab\u00a0Au c\u0153ur de la prison de Forest\u00a0\u00bb.<!--more--><br \/>\n<iframe src=\"http:\/\/www.rtl.be\/videos\/page\/rtl-video-en-embed\/640.aspx?VideoID=450616\" height=\"338\" width=\"600\" frameborder=\"0\"><\/iframe><br \/>\n<a href=\"http:\/\/www.rtl.be\/videos\/video\/450616.aspx\" target=\"_blank\">Exceptionnel : une de nos \u00e9quipes au coeur de la prison de Forest !<\/a><\/p>\n<p class=\"options\"><span class=\"date\">08 Juillet 2013 <span class=\"time\"> 10h49 <\/span> <\/span><\/p>\n<p>&nbsp;<\/p>\n<p>Une apr\u00e8s-midi de juillet dans les d\u00e9dales de la prison de Forest. Jean-Marc, chef de quartier, sert de guide. Premi\u00e8re \u00e9tape, un trio, soit une cellule de 9 m\u00e8tres carr\u00e9s o\u00f9 la promiscuit\u00e9 r\u00e8gne en ma\u00eetre. A Forest, la surpopulation est telle que des cellules con\u00e7ues pour \u00eatre individuelles au d\u00e9part sont d\u00e9sormais destin\u00e9es \u00e0 accueillir trois personnes, 23 heures sur 24, avec un d\u00e9tenu qui dort \u00e0 terre.<\/p>\n<p>&nbsp;<\/p>\n<p><strong>\u00ab\u00a0On ne change pas de pantalons\u00a0\u00bb<\/strong><\/p>\n<p>L\u2019intimit\u00e9 est nulle et l\u2019hygi\u00e8ne rarement au rendez-vous. <em>\u00ab\u00a0On manque de tout, on ne change pas de draps. On ne change pas de pantalons, on a des douches insalubres. Vous le voyez bien, on est \u00e0 trois par cellule. Il y a souvent des bagarres, des choses qui se passent qui ne devraient pas se passer<\/em>\u00ab\u00a0, a racont\u00e9 un d\u00e9tenu au micro d\u2019Adel Lassouli pour RTL-TVI.<\/p>\n<p>&nbsp;<\/p>\n<p><strong>Des conditions pas conformes aux normes<\/strong><\/p>\n<p>Forest est une maison d\u2019arr\u00eat. Tous les d\u00e9tenus sont en attente d\u2019un jugement. La pr\u00e9ventive, c\u2019est souvent le premier contact avec le milieu carc\u00e9ral. Un contact cru et violent avec un \u00e9tablissement qui date de 1910. Une prison d\u2019un autre \u00e2ge avec une aile o\u00f9 il n\u2019y a pas de toilettes dans les cellules, mais un sceau que le d\u00e9tenu vide dans une pi\u00e8ce d\u2019eau une \u00e0 deux fois par jour. De l\u2019aveu m\u00eame du directeur, les conditions de d\u00e9tention sont inacceptables. Vincent Spronck, directeur de la prison de Forest, s\u2019est exprim\u00e9 sur le sujet: \u00ab\u00a0<em>Je le suis pas le seul \u00e0 le reconna\u00eetre. La Justice l\u2019a dit en 20102: les conditions de d\u00e9tention \u00e0 Forest ne sont pas conformes avec la convention europ\u00e9enne des droits de l\u2019homme. Il suffit de mettre les pieds dans une cellule pour le constater. Cela ne se discute pas<\/em>.\u00a0\u00bb<\/p>\n<p>&nbsp;<\/p>\n<p><strong>\u00ab\u00a0C\u2019est une honte\u00a0\u00bb<\/strong><\/p>\n<p>Seule bouff\u00e9e d\u2019air du d\u00e9tenu le pr\u00e9au. Ici on peut s\u2019a\u00e9rer une heure par jour. Farid est Fran\u00e7ais et attend son proc\u00e8s devant un tribunal correctionnel. Il est d\u00e9j\u00e0 pass\u00e9 dans les prisons de l\u2019hexagone et il n\u2019imaginait pas qu\u2019une prison comme Forest puisse exister. \u00ab\u00a0<em>Pour une capitale europ\u00e9enne, c\u2019est une honte. D\u2019avoir des \u00e9tablissements p\u00e9nitentiaires comme cela, c\u2019est une honte. C\u2019est la Tch\u00e9tch\u00e9nie. \u00c7a devrait plut\u00f4t correspondre \u00e0 celles des pays de l\u2019Est. On fracture les gens et je pense qu\u2019avec une vie fractur\u00e9e c\u2019est un mauvais d\u00e9part. C\u2019est un handicap pour la r\u00e9insertion<\/em>.\u00a0\u00bb<\/p>\n<p>&nbsp;<\/p>\n<p><strong>Fermeture pr\u00e9vue pour 2017<\/strong><\/p>\n<p>r\u00e9vu pour 400 d\u00e9tenus, Forest en compte 600. Apr\u00e8s \u00eatre pass\u00e9 par un pic de 750 l\u2019ann\u00e9e derni\u00e8re.\u00a0 Avec la construction de la future prison de Haren, l\u2019\u00e9tablissement p\u00e9nitentiaire devrait d\u00e9finitivement fermer ses portes en 2017.<br \/>\n<iframe src=\"http:\/\/www.rtl.be\/videos\/page\/rtl-video-en-embed\/640.aspx?VideoID=450615\" height=\"338\" width=\"600\" frameborder=\"0\"><\/iframe><br \/>\n<a href=\"http:\/\/www.rtl.be\/videos\/video\/450615.aspx\" target=\"_blank\">La surpopulation, le vrai mal des prisons en Belgique<\/a><\/p>\n","protected":false},"excerpt":{"rendered":"<p>L\u2019une des \u00e9quipes de RTL-TVI a pu se rendre \u00e0 l\u2019int\u00e9rieur de la prison de Forest, \u00e0 Bruxelles. La prison belge o\u00f9 les conditions de d\u00e9tention sont les plus d\u00e9plorables. Un d\u00e9tenu s\u2019y est d\u2019ailleurs suicid\u00e9 ce jeudi. Comment les prisonniers vivent-ils dans cet \u00e9tablissement v\u00e9tuste. \u00ab\u00a0Au c\u0153ur de la prison de Forest\u00a0\u00bb.<\/p>\n","protected":false},"author":1,"featured_media":40,"comment_status":"open","ping_status":"open","sticky":false,"template":"","format":"standard","meta":{"footnotes":""},"categories":[8,18,28,17,5],"tags":[],"class_list":["post-230","post","type-post","status-publish","format-standard","has-post-thumbnail","hentry","category-prisons","category-resistance-bruxelles","category-racismes","category-video","category-violence-policiere"],"_links":{"self":[{"href":"https:\/\/bruxelles-pantheres.be\/index.php?rest_route=\/wp\/v2\/posts\/230","targetHints":{"allow":["GET"]}}],"collection":[{"href":"https:\/\/bruxelles-pantheres.be\/index.php?rest_route=\/wp\/v2\/posts"}],"about":[{"href":"https:\/\/bruxelles-pantheres.be\/index.php?rest_route=\/wp\/v2\/types\/post"}],"author":[{"embeddable":true,"href":"https:\/\/bruxelles-pantheres.be\/index.php?rest_route=\/wp\/v2\/users\/1"}],"replies":[{"embeddable":true,"href":"https:\/\/bruxelles-pantheres.be\/index.php?rest_route=%2Fwp%2Fv2%2Fcomments&post=230"}],"version-history":[{"count":1,"href":"https:\/\/bruxelles-pantheres.be\/index.php?rest_route=\/wp\/v2\/posts\/230\/revisions"}],"predecessor-version":[{"id":231,"href":"https:\/\/bruxelles-pantheres.be\/index.php?rest_route=\/wp\/v2\/posts\/230\/revisions\/231"}],"wp:featuredmedia":[{"embeddable":true,"href":"https:\/\/bruxelles-pantheres.be\/index.php?rest_route=\/wp\/v2\/media\/40"}],"wp:attachment":[{"href":"https:\/\/bruxelles-pantheres.be\/index.php?rest_route=%2Fwp%2Fv2%2Fmedia&parent=230"}],"wp:term":[{"taxonomy":"category","embeddable":true,"href":"https:\/\/bruxelles-pantheres.be\/index.php?rest_route=%2Fwp%2Fv2%2Fcategories&post=230"},{"taxonomy":"post_tag","embeddable":true,"href":"https:\/\/bruxelles-pantheres.be\/index.php?rest_route=%2Fwp%2Fv2%2Ftags&post=230"}],"curies":[{"name":"wp","href":"https:\/\/api.w.org\/{rel}","templated":true}]}}