{"id":2301,"date":"2014-11-16T23:38:30","date_gmt":"2014-11-16T22:38:30","guid":{"rendered":"https:\/\/bruxelles-pantheres.be\/?p=2301"},"modified":"2014-11-16T23:38:30","modified_gmt":"2014-11-16T22:38:30","slug":"nous-defendons-des-acquis-sociaux","status":"publish","type":"post","link":"https:\/\/bruxelles-pantheres.be\/?p=2301","title":{"rendered":"Nous d\u00e9fendons des acquis sociaux !"},"content":{"rendered":"<p><b>\u00ab\u00a0Je ne comprends pas qu\u2019on puisse se d\u00e9solidariser de ses propres enfants en ne r\u00e9agissant pas aux mesures pr\u00e9vues par le gouvernement f\u00e9d\u00e9ral comme le fait l\u2019auteur de l\u2019opinion \u201cJe n\u2019irai pas manifester ce jeudi\u201d paru dans La Libre du 6 novembre\u00a0\u00bb <i>(voir lien ci-dessous)<\/i>. Une opinion de Sandrine Vancampenhout, citoyenne engag\u00e9e.<\/b><\/p>\n<p><a href=\"https:\/\/bruxelles-pantheres.be\/wp-content\/uploads\/2014\/11\/DSCF5733.jpg\"><img decoding=\"async\" class=\"alignnone size-large wp-image-2302\" src=\"https:\/\/bruxelles-pantheres.be\/wp-content\/uploads\/2014\/11\/DSCF5733-1024x768.jpg\" alt=\"DSCF5733\" width=\"680\" height=\"510\" srcset=\"https:\/\/bruxelles-pantheres.be\/wp-content\/uploads\/2014\/11\/DSCF5733-1024x768.jpg 1024w, https:\/\/bruxelles-pantheres.be\/wp-content\/uploads\/2014\/11\/DSCF5733-300x225.jpg 300w, https:\/\/bruxelles-pantheres.be\/wp-content\/uploads\/2014\/11\/DSCF5733-768x576.jpg 768w, https:\/\/bruxelles-pantheres.be\/wp-content\/uploads\/2014\/11\/DSCF5733-1536x1152.jpg 1536w, https:\/\/bruxelles-pantheres.be\/wp-content\/uploads\/2014\/11\/DSCF5733-2048x1536.jpg 2048w, https:\/\/bruxelles-pantheres.be\/wp-content\/uploads\/2014\/11\/DSCF5733-1320x990.jpg 1320w, https:\/\/bruxelles-pantheres.be\/wp-content\/uploads\/2014\/11\/DSCF5733-540x405.jpg 540w\" sizes=\"(max-width: 680px) 100vw, 680px\" \/><\/a><\/p>\n<p>Chers citoyens, ch\u00e8res citoyennes ulc\u00e9r\u00e9(e)s par les manifestations,<\/p>\n<p>Moi aussi, j\u2019en ai ras-le-bol. D\u2019ailleurs, la coupe a d\u00e9bord\u00e9 depuis quelques semaines. Nommez cette goutte comme bon vous semble, disons Bartchel Jamcken, pour le patronyme. Nous en avons ras-le-bol, mais nous ne nous plaignons pas, nous nous indignons.<\/p>\n<p>Je suis peut-\u00eatre salari\u00e9e, peut-\u00eatre ind\u00e9pendante. J\u2019aurais pu tout aussi bien \u00eatre au ch\u00f4mage, \u00eatre sans-abri\u2026 La fonction n\u2019emp\u00eache pas la conscience sociale.<\/p>\n<p>Oui, nous d\u00e9fendons les droits des travailleurs, mais pas seulement. Nous d\u00e9fendons des acquis sociaux. Nous d\u00e9fendons les luttes ant\u00e9rieures des travailleurs, nous d\u00e9fendons l\u2019avenir de nos enfants, et des v\u00f4tres. De nos petits-enfants, et des v\u00f4tres. Personne ne vous a oblig\u00e9 \u00e0 descendre avec nous dans la rue. A votre grand dam, je tiens \u00e0 vous signaler que des trains roulaient. Des bus, des trams, des m\u00e9tros. Et quand bien m\u00eame si cela n\u2019avait pas \u00e9t\u00e9 le cas, personne ne vous a emp\u00each\u00e9 de prendre vos dispositions pour vous rendre sur votre lieu de travail.<\/p>\n<p>Quant au trou budg\u00e9taire, pensez bien que celui-ci n\u2019a pas attendu les actions de gr\u00e8ve pour pointer le bout de son nez. Le trou budg\u00e9taire a bon dos quand ce sont les citoyens qui doivent le colmater. Le trou budg\u00e9taire, comme vous dites, il y en aurait des alternatives pour y mettre fin. La retraite \u00e0 67 ans nous concerne tous. Si vous \u00eates motiv\u00e9 \u00e0 l\u2019id\u00e9e de travailler jusqu\u2019\u00e0 cet \u00e2ge, grand bien vous fasse, il existe d\u00e9j\u00e0 des bonus \u00e0 la pension, faites-vous plaisir, c\u2019est possible ! Mais tr\u00e8s peu pour moi. Je ne travaillerai pas jusqu\u2019\u00e0 67 ans, et mes enfants non plus, que Bartchel Jamcken se le dise bien, et qu\u2019il se le r\u00e9p\u00e8te jusqu\u2019\u00e0 ce que cela soit bien ancr\u00e9.<\/p>\n<p>Quant \u00e0 vos pertes de revenus suite \u00e0 vos cong\u00e9s, ne vous en faites pas. Les gr\u00e9vistes syndiqu\u00e9s ont, eux aussi, perdu une journ\u00e9e de salaire. Au mieux, ils auront pr\u00e9vu le coup, et auront pris un cong\u00e9 pay\u00e9 pour se rendre \u00e0 la manifestation. Au pire, ils auront pris un cong\u00e9 sans solde, et auront \u00e9t\u00e9 indemnis\u00e9s de dix euros. Comprenez bien que nous pr\u00e9f\u00e9rons perdre une journ\u00e9e de salaire, plut\u00f4t que de nous plaindre dans notre fauteuil sur les derniers acc\u00e8s suicidaires du gouvernement.<\/p>\n<p>Je remarque que bien souvent, les ulc\u00e9r\u00e9s comparent notre situation \u00e0 d\u2019autres syst\u00e8mes, \u201cmoins pires\u201d. Oui, certes, nous sommes mieux lotis que d\u2019autres. Est-ce une raison pour ne pas s\u2019indigner ? Est-ce une raison pour accepter d\u2019\u00eatre d\u00e9pouill\u00e9s de nos acquis de la sorte ? Non, nous n\u2019attendrons pas que le gouvernement fasse ses preuves. Le peu que nous en avons vu suffit pour se forger une id\u00e9e. Je n\u2019ai pas vot\u00e9 pour le MR, et encore moins pour la N-VA. Et je refuse d\u2019\u00eatre gouvern\u00e9e par un gouvernement raciste, fasciste et antisocial (entre autres). Encore une fois, les ulc\u00e9r\u00e9s comparent le gouvernement : avec un autre parti au pouvoir, moins pire ou meilleur devenir ? La r\u00e9ponse est pourtant simple. Qu\u2019importe le nom du parti qui gouverne, de telles mesures ne peuvent pas passer. Je ne pense pas que le PS aurait \u00e9t\u00e9 forc\u00e9ment mieux. Une gauche de droite, tr\u00e8s peu pour moi. Mais une chose est s\u00fbre, c\u2019est toujours moins pire. Et une chose est tout aussi s\u00fbre, si le PS avait mis en place de telles mesures, la r\u00e9action aurait \u00e9t\u00e9 la m\u00eame.<\/p>\n<p>Le p\u00e9trin dans lequel nous nous trouvons n\u2019est pas d\u00fb aux personnes qui subsistent gr\u00e2ce \u00e0 la s\u00e9curit\u00e9 sociale ou \u00e0 l\u2019aide sociale du CPAS. Avec un peu d\u2019imagination et de cr\u00e9ativit\u00e9, nous pourrions d\u2019ailleurs colmater le trou budg\u00e9taire : en r\u00e9duisant les salaires des ministres, en faisant payer plus d\u2019imp\u00f4ts aux grandes entreprises, aux multinationales, en investissant dans l\u2019\u00e9ducation. Evidemment, cela ne plairait pas \u00e0 la classe dirigeante\u2026 Alors sucrons les prol\u00e9taires. On ne change pas une \u00e9quipe qui gagne, n\u2019est-ce pas ? Voyez, les solutions existent.<\/p>\n<p>Pour reprendre votre exemple, ou tout du moins le compl\u00e9ter, voici le tableau : le parent qui, suite \u00e0 un accident ne peut plus travailler, n\u2019aura \u00e0 long terme s\u00fbrement plus d\u2019aide financi\u00e8re octroy\u00e9e par notre \u201csyst\u00e8me social\u201d. Il n\u2019y aura plus de syst\u00e8me social. Il y aurait donc tout int\u00e9r\u00eat \u00e0 ce que les travailleurs luttent pour que soient garanties des allocations ou des indemnit\u00e9s quelconques en cas d\u2019accident. Au-del\u00e0 de l\u2019accident de voiture, le ch\u00f4mage peut \u00eatre consid\u00e9r\u00e9 comme tel. La pension, peut \u00eatre consid\u00e9r\u00e9e comme un droit \u00e0 pouvoir jouir de sa vie un minimum apr\u00e8s avoir travaill\u00e9 pendant plus de 40 ans ! Mettons les vieux \u00e0 l\u2019emploi plus longtemps, \u00e7a r\u00e9duira le ch\u00f4mage des jeunes\u2026<\/p>\n<p>Les pensions ? Rabot\u00e9es. Le ch\u00f4mage ? Rabot\u00e9. Les allocations familiales ? Rabot\u00e9es. Je ne vous parle pas du pouvoir d\u2019achat, de l\u2019index, de la suppression des bar\u00e8mes d\u2019anciennet\u00e9. Les soins de sant\u00e9 ? Rabot\u00e9s. A deux coups, le parent accident\u00e9 de votre exemple ne pourra m\u00eame pas se soigner. Elle n\u2019est pas belle la vie ? Mais ne nous plaignons pas. Il y a les travailleurs de l\u2019Est. Il y a aussi les petits enfants, en Chine, en Inde, en Afrique, qui triment pour gagner un peu d\u2019argent. Il y a aussi des pays o\u00f9 les allocations de ch\u00f4mage, \u00e7a n\u2019existe pas, o\u00f9 la pension est une mis\u00e8re. Il y a des recoins du monde o\u00f9 il n\u2019y a pas d\u2019eau. Alors surtout, ne nous plaignons pas. Il y a plus mal loti, et les exemples ne manquent pas. Faudrait-il alors \u00eatre dans ces situations extr\u00eames pour que vous nous accordiez ENFIN le droit de nous indigner ? Serait-ce alors plus l\u00e9gitime ?<\/p>\n<p>Il n\u2019y a plus de sous dans les caisses de l\u2019Etat ? Disons plut\u00f4t qu\u2019il y a des sous, mais qu\u2019il y a surtout des priorit\u00e9s. Et que nos priorit\u00e9s ne sont pas les m\u00eames que ceux qui nous dirigent. Des solutions, nous en avons \u00e0 la pelle. Mais les riches, ont encore une fois, leurs poches cadenass\u00e9es, et pr\u00e9f\u00e8rent faire porter le chapeau aux gens pr\u00e9caris\u00e9s, aux petits travailleurs. Divisons pour mieux r\u00e9gner : le travailleur r\u00e2le sur le ch\u00f4meur, le ch\u00f4meur r\u00e2le parce que \u201cl\u2019\u00e9tranger\u201d lui pique son boulot, ou parce qu\u2019il \u201cprofite de la S\u00e9cu\u201d (oui ! Les \u201c\u00e9trangers ont le pouvoir de voler le boulot des autres et de gratter la S\u00e9cu et l\u2019aide sociale en m\u00eame temps : ils sont magiciens). Et en attendant, tout ce joli monde se tire dans les pattes. Ha \u00e7a ! \u00c7a en arrange du monde. On regarde vers le bas, jamais vers le haut.<\/p>\n<p>Vous vous \u00eates d\u00e9j\u00e0 vus, assis dans votre fauteuil ? Parce que j\u2019en ai vu, dans leur fauteuil, qui sont aussi compl\u00e8tement saouls. Les gens qui urinent en rue n\u2019ont pas attendu la manifestation, et ne sont pas tous syndiqu\u00e9s, rassurez-vous. Moi ce que je trouve d\u00e9solant, c\u2019est d\u2019avoir permis la mise en place d\u2019un pareil gouvernement.<\/p>\n<p>Une citoyenne qui se demande comment faire entendre notre m\u00e9contentement si ce n\u2019est en descendant dans la rue. Apr\u00e8s r\u00e9flexion, peut-\u00eatre qu\u2019avec un bouquet de fleurs et une jolie carte postale envoy\u00e9e par recommand\u00e9, ils remettraient en question leurs mesures\u2026<\/p>\n","protected":false},"excerpt":{"rendered":"<p>\u00ab\u00a0Je ne comprends pas qu\u2019on puisse se d\u00e9solidariser de ses propres enfants en ne r\u00e9agissant pas aux mesures pr\u00e9vues par le gouvernement f\u00e9d\u00e9ral comme le fait l\u2019auteur de l\u2019opinion \u201cJe n\u2019irai pas manifester ce jeudi\u201d paru dans La Libre du 6 novembre\u00a0\u00bb (voir lien ci-dessous). Une opinion de Sandrine Vancampenhout, citoyenne engag\u00e9e. Chers citoyens, ch\u00e8res &#8230; <a title=\"Nous d\u00e9fendons des acquis sociaux !\" class=\"read-more\" href=\"https:\/\/bruxelles-pantheres.be\/?p=2301\" aria-label=\"En savoir plus sur Nous d\u00e9fendons des acquis sociaux !\">Lire la suite<\/a><\/p>\n","protected":false},"author":1,"featured_media":2303,"comment_status":"open","ping_status":"open","sticky":false,"template":"","format":"standard","meta":{"footnotes":""},"categories":[21,22,18],"tags":[],"class_list":["post-2301","post","type-post","status-publish","format-standard","has-post-thumbnail","hentry","category-anti-imperialisme","category-emploi","category-resistance-bruxelles"],"_links":{"self":[{"href":"https:\/\/bruxelles-pantheres.be\/index.php?rest_route=\/wp\/v2\/posts\/2301","targetHints":{"allow":["GET"]}}],"collection":[{"href":"https:\/\/bruxelles-pantheres.be\/index.php?rest_route=\/wp\/v2\/posts"}],"about":[{"href":"https:\/\/bruxelles-pantheres.be\/index.php?rest_route=\/wp\/v2\/types\/post"}],"author":[{"embeddable":true,"href":"https:\/\/bruxelles-pantheres.be\/index.php?rest_route=\/wp\/v2\/users\/1"}],"replies":[{"embeddable":true,"href":"https:\/\/bruxelles-pantheres.be\/index.php?rest_route=%2Fwp%2Fv2%2Fcomments&post=2301"}],"version-history":[{"count":1,"href":"https:\/\/bruxelles-pantheres.be\/index.php?rest_route=\/wp\/v2\/posts\/2301\/revisions"}],"predecessor-version":[{"id":2304,"href":"https:\/\/bruxelles-pantheres.be\/index.php?rest_route=\/wp\/v2\/posts\/2301\/revisions\/2304"}],"wp:featuredmedia":[{"embeddable":true,"href":"https:\/\/bruxelles-pantheres.be\/index.php?rest_route=\/wp\/v2\/media\/2303"}],"wp:attachment":[{"href":"https:\/\/bruxelles-pantheres.be\/index.php?rest_route=%2Fwp%2Fv2%2Fmedia&parent=2301"}],"wp:term":[{"taxonomy":"category","embeddable":true,"href":"https:\/\/bruxelles-pantheres.be\/index.php?rest_route=%2Fwp%2Fv2%2Fcategories&post=2301"},{"taxonomy":"post_tag","embeddable":true,"href":"https:\/\/bruxelles-pantheres.be\/index.php?rest_route=%2Fwp%2Fv2%2Ftags&post=2301"}],"curies":[{"name":"wp","href":"https:\/\/api.w.org\/{rel}","templated":true}]}}