{"id":2305,"date":"2014-11-19T22:00:44","date_gmt":"2014-11-19T21:00:44","guid":{"rendered":"https:\/\/bruxelles-pantheres.be\/?p=2305"},"modified":"2014-12-08T22:31:05","modified_gmt":"2014-12-08T21:31:05","slug":"journee-internationale-contre-lislamophobie-bruxelles","status":"publish","type":"post","link":"https:\/\/bruxelles-pantheres.be\/?p=2305","title":{"rendered":"Journ\u00e9e internationale contre l&rsquo;islamophobie #Bruxelles"},"content":{"rendered":"<h3><strong>JOURN\u00c9E INTERNATIONALE CONTRE L\u2019ISLAMOPHOBIE<\/strong><\/h3>\n<p>&nbsp;<\/p>\n<h3><strong>Paris, Amsterdam, Londres, Bruxelles\u2026<\/strong><\/h3>\n<h1 style=\"text-align: center;\"><\/h1>\n<h1 style=\"text-align: center;\">Bruxelles le 14 d\u00e9cembre 2014<\/h1>\n<div class=\"clearfix _2ko1\">\n<div class=\"_6a _5v1q rfloat _ohf\">\n<div class=\"_6a _6b\">\n<div class=\"_5v1l _11s4\" style=\"text-align: center;\"><a href=\"https:\/\/www.facebook.com\/events\/755456391156338\/?ref=73&amp;source=1\">BELGISCH FORUM BELGE ISLAMOFOBIE \/PHOBIE<\/a><\/div>\n<\/div>\n<\/div>\n<\/div>\n<p style=\"text-align: center;\">\u00a0 Pianofabriek &#8211; rue du Fortstraat 35, 1060 St Gillis\/Gilles<\/p>\n<div id=\"c22jginlineContent\" class=\"s8inlineContent\" data-reactid=\".0.$SITE_ROOT.$SITE_STRUCTURE.$PAGES_CONTAINER.1.1.$SITE_PAGES.$c22jg.1\">\n<div id=\"i2td6z47\" class=\"s1\" data-reactid=\".0.$SITE_ROOT.$SITE_STRUCTURE.$PAGES_CONTAINER.1.1.$SITE_PAGES.$c22jg.1.$i2td6z47\">\n<h2 class=\"font_2\">2014.12.14<\/h2>\n<h2 class=\"font_2\"><span class=\"color_29\">Forum belge contre l&rsquo;islamophobie<\/span><\/h2>\n<h2 class=\"font_2\">Lieu : Pianofabriek, rue du Fort 35, 1060 Bruxelles<\/h2>\n<p class=\"font_8\">Le constat est alarmant. D\u2019apr\u00e8s les chiffres annuels du Centre interf\u00e9d\u00e9ral pour l\u2019\u00e9galit\u00e9 des chances, les actes islamophobes sont en augmentation de 20% depuis deux ans. Depuis 2012, il y a en Belgique, chaque semaine au moins deux actes islamophobes dont un est clairement en infraction avec la loi anti-discrimination. L\u2019islamophobie se manifeste aussi particuli\u00e8rement sur internet puisqu\u2019en 2013, au moins 50% des dossiers \u00ab m\u00e9dias et cyberhaine \u00bb en lien avec le crit\u00e8re conviction portaient sur les musulmans. Les attaques contre des populations d\u00e9crites comme suspectes, tr\u00e8s souvent de confession musulmane ou suppos\u00e9-e-s comme tel-le-s se multiplient. Elles s\u2019inscrivent dans un climat id\u00e9ologique et m\u00e9diatique qui, au nom de la libert\u00e9, l\u2019\u00e9galit\u00e9, la la\u00efcit\u00e9 et de la neutralit\u00e9, entretiennent la haine contre ceux et celles qui sont d\u00e9crits comme \u00ab\u00e9trangers\u00bb.<br \/>\nDepuis une trentaine d\u2019ann\u00e9es, et singuli\u00e8rement depuis 2001, l\u2019islamophobie est devenue le canal privil\u00e9gi\u00e9 d\u2019expression et m\u00eame de r\u00e9g\u00e9n\u00e9ration d\u2019un racisme d\u2019\u00c9tat. Instrumentalisant de \u00ab nobles principes \u00bb, un redoutable syst\u00e8me d\u2019exclusion se construit jour apr\u00e8s jour, en Belgique comme dans les autres pays europ\u00e9ens. Alors que le continent europ\u00e9en traverse une grave crise \u00e9conomique et sociale, il est particuli\u00e8rement dangereux de d\u00e9signer des boucs \u00e9missaires \u00e0 la vindicte populaire. La d\u00e9saffection des victimes \u00e0 l\u2019\u00e9gard des forces de gauche qui ne les d\u00e9fendent pas, comme la progression fulgurante de l\u2019extr\u00eame droite \u00e0 l\u2019\u00e9chelle continentale, ces derni\u00e8res ann\u00e9es, en t\u00e9moignent.<br \/>\nL\u2019islamophobie trouve aussi ses racines profondes dans le contexte n\u00e9ocolonial g\u00e9opolitique actuel. Il ne fait aucun doute qu\u2019avec la nouvelle croisade contre le terrorisme d\u00e9clench\u00e9e en Irak, Syrie et Palestine, l\u2019islamophobie risque de se r\u00e9pandre davantage en Europe et en Belgique. Les musulmans seront consid\u00e9r\u00e9s comme collectivement responsables de n\u2019importe quelle action men\u00e9e au nom de l\u2019islam.<br \/>\nL\u2019islamophobie ne dispara\u00eetra pas tout seule. Aujourd\u2019hui comme hier, il faut se battre pour faire reculer cette forme particuli\u00e8re de racisme. C\u2019est pourquoi, ce 14 d\u00e9cembre 2014, aura lieu le premier FORUM BELGE SUR L\u2019ISLAMOPHOBIE \u00e0 Bruxelles. Le forum belge travaille en coordination avec d\u2019autres pays europ\u00e9ens mobilis\u00e9s contre l\u2019islamophobie, dont la France, le Royaume-Uni et les Pays-Bas.<\/p>\n<p class=\"font_8\">Avec le soutien de\u00a0<a href=\"https:\/\/www.facebook.com\/LEncreDesVoilees\" target=\"_blank\">L&rsquo;Encre des voil\u00e9es<\/a>, le <a>Mouvement contre le racisme, l&rsquo;antis\u00e9mitisme et la x\u00e9nophobie (Mrax)<\/a>, le <a href=\"https:\/\/www.facebook.com\/islamophobia.ccib.be\" target=\"_blank\">Collectif contre l&rsquo;islamophobie en Belgique (CCIB)<\/a>, <a href=\"http:\/\/www.tayush.com\" target=\"_blank\"><span class=\"color_29\">Tayush<\/span><\/a>, <a href=\"http:\/\/embem.be\" target=\"_blank\">EmBem (Empowering Belgian Muslims)<\/a>,\u00a0<a href=\"http:\/\/www.euroislam.be\" target=\"_blank\">Euroislam<\/a>,\u00a0<a href=\"https:\/\/www.facebook.com\/Hijab.frienfly\" target=\"_blank\">Hijab Friendly<\/a>, E<a href=\"https:\/\/www.facebook.com\/pages\/European-Muslim-Network-EMN\/128498273835676\" target=\"_blank\">uropean Muslim Network (EMN)<\/a>, <a href=\"https:\/\/www.facebook.com\/muslims.rightsbelgium?fref=ts\" target=\"_blank\">Muslims Rights Belgium<\/a>, <a href=\"https:\/\/bruxelles-pantheres.be\" target=\"_blank\">Bruxelles Panth\u00e8res<\/a>, URI, <a href=\"http:\/\/www.halalmonk.com\" target=\"_blank\">Halal Monk<\/a>, <a href=\"http:\/\/www.motief.org\" target=\"_blank\">Motief vzw<\/a>, <a href=\"http:\/\/www.manavzw.be\" target=\"_blank\">Mana vzw<\/a>, <a href=\"http:\/\/www.baasovereigenhoofd.be\" target=\"_blank\">BOEH! (Baas Over Eigen Hoofd)<\/a>, <a href=\"http:\/\/www.kifkif.be\" target=\"_blank\">Kif Kif<\/a>, <a href=\"https:\/\/amdhbelgique.wordpress.com\" target=\"_blank\">Association marocaine des droits humains (AMDH)<\/a>, <a href=\"http:\/\/toutesegalesautravailetalecole.over-blog.com\/categorie-11192296.html\" target=\"_blank\">TETE (Toutes \u00e9gales au travail et \u00e0 l&rsquo;\u00e9cole)<\/a>, <a href=\"http:\/\/www.vrouwendag.be\" target=\"_blank\">Vrouwen Overleg Komitee (VOK)<\/a>, Averroes, <a href=\"http:\/\/moslimexpo.be\" target=\"_blank\">Moslim Expo<\/a>, <a href=\"http:\/\/www.femyso.org\" target=\"_blank\">Femyso<\/a>,\u00a0<a href=\"http:\/\/www.movementx.org\" target=\"_blank\">Movement X<\/a>, <a href=\"http:\/\/www.merhaba.be\/fr\/home\" target=\"_blank\">Merhaba<\/a>, <a href=\"http:\/\/www.pianofabriek.be\" target=\"_blank\">Pianofabriek<\/a>.<\/p>\n<p class=\"font_8\">\n<p class=\"font_8\"><span class=\"color_14\">Programme<\/span><\/p>\n<p class=\"font_8\">\n<p class=\"font_8\">13:00 \u00a0 \u00a0Accueil<\/p>\n<p class=\"font_8\">13:30 \u00a0 \u00a0Pr\u00e9sentation de la journ\u00e9e<\/p>\n<p class=\"font_8\">14:00 \u00a0 \u00a0R\u00e9partition en ateliers<\/p>\n<p class=\"font_8\">\n<p class=\"font_8\">Atelier 1 : enseignement<\/p>\n<p class=\"font_8\">avec Ibrahim Akrouh (avocat, administrateur du Mrax) et Nadine Plateau (Tayush, pr\u00e9sidente<\/p>\n<p class=\"font_8\">de la Commission Enseignement du Conseil des femmes francophones)<\/p>\n<p class=\"font_8\">Animation : Farida Tahar (TETE et CCIB)<\/p>\n<p class=\"font_8\">Atelier 2 : m\u00e9dias<\/p>\n<p class=\"font_8\">avec Hasna Ankal (ex-Het Belang van Limburg), Ricardo Guttierez (\u00e0 confirmer)<\/p>\n<p class=\"font_8\">Animation : Christophe Callewaert<\/p>\n<p class=\"font_8\">Atelier 3 : politique<\/p>\n<p class=\"font_8\">avec Hajib El Hajjaji, Samira Azabar, Corinne Torrekens<\/p>\n<p class=\"font_8\">Animation : Siham Benmammar<\/p>\n<p class=\"font_8\">\n<p class=\"font_8\">16:30 \u00a0 \u00a0Rapports des ateliers<\/p>\n<p class=\"font_8\">17:00 \u00a0 \u00a0Panel international<\/p>\n<p class=\"font_8\">avec Myriam Aouragh, Hatem Bazian, Houria Bouteldja, Thomas Deltombe, Nadia Fadil et Micha\u00ebl Privot<\/p>\n<p class=\"font_8\">18:30 \u00a0 \u00a0Cl\u00f4ture<\/p>\n<p class=\"font_8\">\n<p class=\"font_8\">PAF : 5\u20ac<\/p>\n<p class=\"font_8\">Inscriptions et infos : <a href=\"mailto:forum@islamophobia.be\" target=\"_self\">forum@islamophobia.be<\/a>, 0476\/84.19.69<\/p>\n<p class=\"font_8\">Le forum se d\u00e9roulera en fran\u00e7ais et en n\u00e9erlandais. La traduction sera assur\u00e9e.<\/p>\n<p class=\"font_8\">Le Programme en Pdf: <a href=\"https:\/\/bruxelles-pantheres.be\/wp-content\/uploads\/2014\/11\/forum-islamofobie-FR.pdf\">forum islamofobie FR<\/a><\/p>\n<\/div>\n<\/div>\n<p style=\"text-align: center;\"><a href=\"https:\/\/bruxelles-pantheres.be\/wp-content\/uploads\/2014\/11\/islamophobia-in-europe.jpg\"><img decoding=\"async\" class=\"alignnone size-full wp-image-2306\" src=\"https:\/\/bruxelles-pantheres.be\/wp-content\/uploads\/2014\/11\/islamophobia-in-europe.jpg\" alt=\"islamophobia-in-europe\" width=\"800\" height=\"537\" srcset=\"https:\/\/bruxelles-pantheres.be\/wp-content\/uploads\/2014\/11\/islamophobia-in-europe.jpg 800w, https:\/\/bruxelles-pantheres.be\/wp-content\/uploads\/2014\/11\/islamophobia-in-europe-300x201.jpg 300w, https:\/\/bruxelles-pantheres.be\/wp-content\/uploads\/2014\/11\/islamophobia-in-europe-768x516.jpg 768w, https:\/\/bruxelles-pantheres.be\/wp-content\/uploads\/2014\/11\/islamophobia-in-europe-540x362.jpg 540w\" sizes=\"(max-width: 800px) 100vw, 800px\" \/><\/a><\/p>\n<p><span class=\"fsl\"><span class=\"text_exposed_show\">[FR] Dans le d\u00e9bat public, l&rsquo;id\u00e9e que l&rsquo;Islam et la d\u00e9mocratie sont incompatibles n\u2019est jamais bien loin. Depuis plusieurs d\u00e9cennies, l&rsquo;Islam est per\u00e7ue comme une menace. Certains \u00e9v\u00e9nements, allant du 11\/9 aux combattants en Syrie, ont renforc\u00e9s ce sentiment et ce, avec toutes ses cons\u00e9quences.<\/span><\/span><\/p>\n<p>Plusieurs rapports internationaux ne sont pas tendres envers la politique belge: de plus en plus de musulmans font face au racisme et \u00e0 la discrimination dans l&rsquo;\u00e9ducation, l&#8217;emploi, les m\u00e9dias,&#8230; La Belgique a de mauvaises notes en termes d&rsquo;\u00e9galit\u00e9, en particulier en temps de crise et d\u2019oppression sociale. Les actions du gouvernement &#8211; pour changer cette situation &#8211; sont inexistantes.<\/p>\n<p>Par cons\u00e9quent, il est plus que jamais n\u00e9cessaire de se r\u00e9unir collectivement &#8211; avec des militants, des universitaires, des victimes, &#8230; &#8211; pour partager nos exp\u00e9riences, \u00e9changer notre savoir, \u00e9laborer des strat\u00e9gies et cr\u00e9er une plate-forme pour d\u00e9noncer la situation actuelle. Nous avons d\u00e9lib\u00e9r\u00e9ment choisi de travailler autour des trois axes : \u00e9ducation, m\u00e9dias et politique.<\/p>\n<p>Nous lan\u00e7ons donc une invitation chaleureuse \u00e0 toutes celles et ceux pour qui la lutte contre le racisme et la discrimination est une priorit\u00e9 pour se r\u00e9unir et se renforcer.<\/p>\n<p>Un dimanche plein d&rsquo;espoir donc, avec entre autre Myriam Aouragh, Nadia Fadil , Houria Bouteldja, Farida Tahra, Hasna Ankal, Samira Azabar, Siham Benmammar, Nadine Plateau , Corinne Torrekens, Hatem Bazian , Ibrahim Akrouh, Hajib El Hajjaji, Thomas Deltombe, Michael Privot, Christophe Callewaert.<\/p>\n<p><strong>INFO PRATIQUE<\/strong><\/p>\n<p>Quand? 14 december 2014, 12h30-19h<br \/>\nOu? Pianofabriek, 35 Rue du Fort, 1060 Saint-Gilles<br \/>\nPAF? 5 euro<br \/>\nInscription? forum@islamophobia.be avec avis de votre attention (m\u00e9dias, l&rsquo;\u00e9ducation et la politique)<\/p>\n<p>En collaboration avec L\u2019Encre des Voil\u00e9es, MRAX, Collectif Contre l&rsquo;Islamophobie en Belgique (CCIB), Tayush, EmBem (Empowering Belgian Muslims), EuroIslam, Hijab Friendly, European Muslim Network, <strong>Bruxelles Panth\u00e8res,<\/strong> Muslims Rights Belgium, European Network Against Racism, Halal Monk, Motief vzw, BOEH (Baas over eigen hoofd), Kif Kif, AMDH (Association Marocaine des droits humains), T.E.T.E (Toutes Egales au Travail et \u00e0 l\u2019Ecole), VOK (Vrouwen Overleg Comitee), Averroes, MAP (Moslim Advies Punt), Moslim Expo, FEMYSO, Mouvement X, Merhaba en Pianofabriek<\/p>\n<p style=\"text-align: center;\">\u00a0<a href=\"https:\/\/bruxelles-pantheres.be\/wp-content\/uploads\/2013\/11\/islamophobie.jpg\"><img decoding=\"async\" class=\"alignnone size-full wp-image-222\" src=\"https:\/\/bruxelles-pantheres.be\/wp-content\/uploads\/2013\/11\/islamophobie.jpg\" alt=\"islamophobie\" width=\"610\" height=\"300\" srcset=\"https:\/\/bruxelles-pantheres.be\/wp-content\/uploads\/2013\/11\/islamophobie.jpg 610w, https:\/\/bruxelles-pantheres.be\/wp-content\/uploads\/2013\/11\/islamophobie-300x148.jpg 300w\" sizes=\"(max-width: 610px) 100vw, 610px\" \/><\/a><\/p>\n<p style=\"text-align: left;\"><span class=\"fsl\">Version en Fran\u00e7ais plus haut<\/span><\/p>\n<p>[NL] In het maatschappelijk debat wordt vaak het idee verkondigd dat islam en democratie onverzoenbaar zijn. Sinds enkele decennia wordt islam als gevaar gepercipieerd. Bepaalde gebeurtenissen gaande van 9\/11 tot Syri\u00eb strijders hebben dit gevoel versterkt, met alle gevolgen van dien.<\/p>\n<p>Verschillende internationale rapporten zijn niet mals voor het Belgisch beleid : steeds meer moslims worden geconfronteerd met racisme en discriminatie in het onderwijs, op de arbeidsmarkt, in media, \u2026 Belgi\u00eb scoort slecht wat betreft het cre\u00ebren van gelijkheid, vooral in tijden van crisis en maatschappelijke achteruitstelling. Niettemin blijven de acties vanuit overheid &#8211; om enige verandering tewee<span class=\"text_exposed_show\">g te brengen &#8211; uit.<\/span><\/p>\n<p>Daarom is het meer dan ooit nodig om collectief \u2013 met activisten, academici, slachtoffers, \u2026 &#8211; samen te komen om ervaringen te delen, kennis uit te wisselen, strategie\u00ebn te ontwikkelen en een draagvlak te cre\u00ebren om de huidige situatie aan te klagen. We kozen bewust om te werken rond drie domeinen, onderwijs, media en politiek.<\/p>\n<p>We doen dan ook een warme omroep aan allen die de strijd tegen racisme en discriminatie prioritair vinden om zich te verenigen en elkaar te versterken. Een hoopvolle zondag dus, met onder andere Myriam Aouragh, Nadia Fadil , Houria Bouteldja, Farida Tahra, Hasna Ankal, Samira Azabar, Siham Benmammar, Nadine Plateau , Corinne Torrekens, Hatem Bazian , Ibrahim Akrouh, Hajib El Hajjaji, Thomas Deltombe, Michael Privot, Christophe Callewaert.<\/p>\n<p>PRAKTISCHE INFO<\/p>\n<p>Wanneer? 14 december 2014, 12u30-19u<br \/>\nWaar? Pianofabriek \u2013 Fortstraat 35 \u2013 Sint Gillis<br \/>\nInkom? 5 \u20ac<br \/>\nInschrijven? forum@islamophobia.be met mededeling van uw focus (media, onderwijs of politiek)<\/p>\n<p>Een samenwerking van L\u2019Encre des Voil\u00e9es, MRAX, Collectif Contre l&rsquo;Islamophobie en Belgique (CCIB), Tayush, EmBem (Empowering Belgian Muslims), EuroIslam, Hijab Friendly, European Muslim Network, <strong>Bruxelles Panth\u00e8res<\/strong>, Muslims Rights Belgium, European Network Against Racism, AMDH (Association Marocaine des droits humains), T.E.T.E (Toutes Egales au Travail et \u00e0 l\u2019Ecole), VOK (Vrouwen Overleg Comitee), Averroes, MAP (Moslim Advies Punt), Moslim Expo, FEMYSO, Halal Monk, Motief vzw, BOEH (Baas over eigen hoofd), Kif Kif, Mouvement X, Merhaba en Pianofabriek.<\/p>\n","protected":false},"excerpt":{"rendered":"<p>JOURN\u00c9E INTERNATIONALE CONTRE L\u2019ISLAMOPHOBIE &nbsp; Paris, Amsterdam, Londres, Bruxelles\u2026 Bruxelles le 14 d\u00e9cembre 2014 BELGISCH FORUM BELGE ISLAMOFOBIE \/PHOBIE \u00a0 Pianofabriek &#8211; rue du Fortstraat 35, 1060 St Gillis\/Gilles 2014.12.14 Forum belge contre l&rsquo;islamophobie Lieu : Pianofabriek, rue du Fort 35, 1060 Bruxelles Le constat est alarmant. D\u2019apr\u00e8s les chiffres annuels du Centre interf\u00e9d\u00e9ral pour &#8230; <a title=\"Journ\u00e9e internationale contre l&rsquo;islamophobie #Bruxelles\" class=\"read-more\" href=\"https:\/\/bruxelles-pantheres.be\/?p=2305\" aria-label=\"En savoir plus sur Journ\u00e9e internationale contre l&rsquo;islamophobie #Bruxelles\">Lire la suite<\/a><\/p>\n","protected":false},"author":1,"featured_media":222,"comment_status":"open","ping_status":"open","sticky":false,"template":"","format":"standard","meta":{"footnotes":""},"categories":[22,25,4,18,28],"tags":[31,14,13,15],"class_list":["post-2305","post","type-post","status-publish","format-standard","has-post-thumbnail","hentry","category-emploi","category-enseignement","category-islamophobie","category-resistance-bruxelles","category-racismes","tag-belgique","tag-bruxelles","tag-nordine-saidi","tag-resistance"],"_links":{"self":[{"href":"https:\/\/bruxelles-pantheres.be\/index.php?rest_route=\/wp\/v2\/posts\/2305","targetHints":{"allow":["GET"]}}],"collection":[{"href":"https:\/\/bruxelles-pantheres.be\/index.php?rest_route=\/wp\/v2\/posts"}],"about":[{"href":"https:\/\/bruxelles-pantheres.be\/index.php?rest_route=\/wp\/v2\/types\/post"}],"author":[{"embeddable":true,"href":"https:\/\/bruxelles-pantheres.be\/index.php?rest_route=\/wp\/v2\/users\/1"}],"replies":[{"embeddable":true,"href":"https:\/\/bruxelles-pantheres.be\/index.php?rest_route=%2Fwp%2Fv2%2Fcomments&post=2305"}],"version-history":[{"count":6,"href":"https:\/\/bruxelles-pantheres.be\/index.php?rest_route=\/wp\/v2\/posts\/2305\/revisions"}],"predecessor-version":[{"id":2332,"href":"https:\/\/bruxelles-pantheres.be\/index.php?rest_route=\/wp\/v2\/posts\/2305\/revisions\/2332"}],"wp:featuredmedia":[{"embeddable":true,"href":"https:\/\/bruxelles-pantheres.be\/index.php?rest_route=\/wp\/v2\/media\/222"}],"wp:attachment":[{"href":"https:\/\/bruxelles-pantheres.be\/index.php?rest_route=%2Fwp%2Fv2%2Fmedia&parent=2305"}],"wp:term":[{"taxonomy":"category","embeddable":true,"href":"https:\/\/bruxelles-pantheres.be\/index.php?rest_route=%2Fwp%2Fv2%2Fcategories&post=2305"},{"taxonomy":"post_tag","embeddable":true,"href":"https:\/\/bruxelles-pantheres.be\/index.php?rest_route=%2Fwp%2Fv2%2Ftags&post=2305"}],"curies":[{"name":"wp","href":"https:\/\/api.w.org\/{rel}","templated":true}]}}